{"id":413,"date":"2011-09-17T18:31:22","date_gmt":"2011-09-17T16:31:22","guid":{"rendered":"http:\/\/www.freidenker.org\/fw17\/?p=413"},"modified":"2018-02-18T18:51:44","modified_gmt":"2018-02-18T17:51:44","slug":"den-politischen-streik-durchsetzen","status":"publish","type":"post","link":"https:\/\/www.freidenker.org\/?p=413","title":{"rendered":"Den politischen Streik durchsetzen!"},"content":{"rendered":"<p><em>von Renate M\u00fcnder<\/em><br \/>\n<em>Hinweis: Dieser Artikel ist im <a href=\"https:\/\/www.freidenker.org\/?p=750\">FREIDENKER 3\/2011<\/a> erschienen.<\/em><strong><br \/>\n<\/strong><\/p>\n<p>Die Kollegen der Druckerei des S\u00fcddeutschen Verlags f\u00fchrten jahrelang bei vielen Demonstrationen ein Transparent mit sich: \u201eF\u00fcr den Generalstreik!\u201c Unter dem Eindruck der Streiks in Frankreich, Italien, Griechenland usw. gab es die Stimmung vieler Kolleginnen und Kollegen wieder \u2013 aber eine gro\u00dfe Wirkung hatte das Transparent dennoch nicht. Denn politische Streiks sind keine separate Strategie oder eine besondere Klassenkampfmethode, sie sind nie ein Ziel f\u00fcr sich, sondern sie sind ein Instrument f\u00fcr inhaltliche Ziele, d.h. die Zuspitzung einer breiten Massenmobilisierung eines Kampfes f\u00fcr eine bestimmte Forderung.<\/p>\n<p>Und da liegt der Hase im Pfeffer \u2013 in Deutschland wird am wenigstens gestreikt in Europa: es fielen zwischen 2000 und 2007 im Durchschnitt 5 Arbeitstage j\u00e4hrlich pro Tausend Besch\u00e4ftigten aus. In Frankreich liegt dieser Wert bei 103 Arbeitstagen, in Spanien bei 173. Und es sind auch nur tarifliche Ziele, f\u00fcr die gestreikt wird. Dem politischen Streik wird etwas Aufr\u00fchrerisches angeheftet \u2013\u00a0 er ist ja gegen den Staat, den Gesetzgeber gerichtet. Bis tief in die Gewerkschaften hinein gilt er als illegitim. Er wurde schlie\u00dflich in der Novemberrevolution durchgesetzt, die ohne politische Massenstreiks nicht denkbar war. Und die schon 2 Jahre sp\u00e4ter durch den Generalstreik verteidigt werden musste gegen die Kapp-Putschisten.<\/p>\n<p><strong>Wer entscheidet, was Recht ist?<\/strong><\/p>\n<p>In der Weimarer Republik wurde das Recht auf den politischen Streik nicht grunds\u00e4tzlich in Frage gestellt, und auch nach 1945 war es zun\u00e4chst unumstritten, dass das Streikrecht wie in Frankreich oder Italien universell war. Bis heute ist der politische Streik auch nicht verboten, obwohl im Grundgesetz \u2013 im Gegensatz zu sieben L\u00e4nderverfassungen \u2013 Streik nur f\u00fcr Tariffragen festgehalten ist. Erst 1952 im Zeitungsstreik gegen die reaktion\u00e4ren Pl\u00e4ne der Adenauer-Regierung f\u00fcr ein neues Betriebsverfassungsgesetz wurde das politische Streikrecht angegriffen. Als Hunderttausende protestierten und in den Warnstreik traten, ging aus dieser Bewegung der 48-st\u00fcndige Streik der Drucker und Setzer hervor, zu dem die IG Druck und Papier aufgerufen hatte. Die Kapitalisten erkl\u00e4rten den Streik f\u00fcr illegal und drohten mit Schadenersatzforderungen. Die DGB-F\u00fchrung knickte ein. Alle angerufenen Landesgerichte (au\u00dfer dem in Berlin) erkl\u00e4rten den Streik f\u00fcr illegal. Das Bundesarbeitsgericht \u00fcbernahm diese Rechtsprechung dann \u2013 und gegen diese Arbeitsgerichtsentscheidung gilt es den politischen Streik durchzusetzen.<\/p>\n<p>Detlef Hensche, der fr\u00fchere Vorsitzende der IG Medien, nennt das Staatsverst\u00e4ndnis, das dabei zum Ausdruck kommt, vordemokratisch. Nicht nur die Grundrechte werden eingeschr\u00e4nkt, sondern auch die europ\u00e4ische Menschenrechts- und Sozialcharta sowie das \u00dcbereinkommen der ILO (Internationale Arbeitsorganisation) werden miss-achtet. Der Sachverst\u00e4ndigenausschuss der ILO hat die deutsche Praxis mehrfach ger\u00fcgt, und 1998 forderte sogar das Ministerkomitee des Europarats die Bundesregierung auf, ihr Arbeitskampfrecht zu \u00e4ndern \u2013 vergeblich allerdings. Der Grund f\u00fcr diese R\u00fcge war nicht die Sorge um die deutsche Arbeiterklasse, sondern der Wettbewerbsvorteil, den die \u00c4chtung des politischen Streiks den Kapitalisten hierzulande verschafft. Unser Stillhalten ist Streikbruch gegen\u00fcber den streikenden Kollegen in anderen L\u00e4ndern!<\/p>\n<p><strong>\u201aKampf um Beschl\u00fcsse\u2018<\/strong><\/p>\n<p>In den folgenden Jahrzehnten wurde das Recht auf den politischen Streik immer wieder auf gewerkschaftlichen Konferenzen oder Gewerkschaftstagen gefordert, jedoch jedes Mal abgeschmettert. Es zeigte sich die offene Streikfeindlichkeit der Gewerkschaftsf\u00fchrungen. Der Tenor war stets: \u201eGegen eine demokratisch vom Volk gew\u00e4hlte Regierung\u201c werde die Gewerkschaft nicht streiken. Der IG Metall-Vorsitzende Zwickel bezeichnete 1996 gar \u201edas Gerede \u00fcber Generalstreik als politischen Hirnschiss\u201c. Es ging um die Sparpakete der Regierung, damals noch unter Kohl, der die Proteste der Bonner Gro\u00dfdemonstration \u2013 obwohl sie am Samstag stattfanden \u2013 scharf verurteilte. Politische Streiks seien unzul\u00e4ssig, stand in der Presse. Wieder zuckten die Gewerkschaften vor dieser Drohung zur\u00fcck. Rechtsfragen sind eben Machtfragen!<\/p>\n<p>In den Satzungen der IGM und anderer Gewerkschaften hei\u00dft es, gestreikt werde nur im \u201eNotfall\u201c, wenn die Demokratie in Gefahr sei. Doch der \u201eNotfall\u201c ist l\u00e4ngst eingetreten: die BRD f\u00fchrt Krieg, obwohl sie das laut Grundgesetz nur zur Landesverteidigung darf. Die Regierung demontiert die demokratischen und sozialen Rechte bis zur Unkenntlichkeit. Und selbst 1933 erkannten die sozialdemokratischen Gewerkschaftsf\u00fchrer den \u201eNotfall\u201c nicht \u2013 sie bezahlten das mit der Zerschlagung der Gewerkschaften, pers\u00f6nlich oft mit KZ und mit dem Leben. So geht das in diesem Land seit 1904, als innerhalb der SPD Rosa Luxemburg, Clara Zetkin, Karl Liebknecht, August Bebel u.a. f\u00fcr den Massenstreik eintraten. Seit mehr als 100 Jahren wird dieser Kampf gef\u00fchrt. Die Folgen waren z. B. die Machtergreifung der Faschisten 1933 oder die Notstandsgesetze 1968!<\/p>\n<p>Die versch\u00e4rften Angriffe von Regierung und Kapital haben das Thema f\u00fcr die Arbeiterklasse wieder auf die Tagesordnung gesetzt,\u00a0 und kleine Erfolge wurden immerhin erzielt. Vorreiter ist die IG Bau (Industriegewerkschaft Bauen &#8211; Agrar &#8211; Umwelt), die bei ihrem Gewerkschaftstag 2009 den Politischen Streik als Kampfmittel verabschiedete. Die Delegierten der IG BAU stimmten fast einstimmig der Aufnahme des Politischen Streiks in die Satzung zu und das gegen den hauptamtlichen Bundesvorstand. Die von Klaus Wieseh\u00fcgel geleitete Antragsberatungskommission empfahl vergeb-lich \u201eAblehnung\u201c.<\/p>\n<p>Auch bei ver.di konnte auf dem Bundeskongress 2007 ein entsprechender Antrag durchgesetzt werden. Durchschlagende Wirkung hatte dieser Beschluss (nat\u00fcrlich!) nicht \u2013 er erreichte zwar sein Ziel, dass \u00fcber das Thema diskutiert wurde, und es kamen danach auch bohrende Nachfragen, wie der Beschluss umgesetzt werde, aber der Durchbruch kam erst mit dem Interview von Frank Bsirske im November 2010 (im Hamburger Abendblatt): \u201eIch finde, dass wir auch in Deutschland ein politisches Streikrecht brauchen.\u201c Bsirske verwies auf den Widerstand der Franzosen gegen die geplante Verl\u00e4ngerung der Lebensarbeitszeit. \u201eVon der Protestkultur in Frankreich k\u00f6nnen wir uns eine Scheibe abschneiden\u201c, sagte er. Er erinnerte sogar daran, dass der Kapp-Putsch die Weimarer Republik f\u00fcr einige Jahre rettete.<\/p>\n<p><strong>F\u00fcr eine k\u00e4mpferische Praxis<\/strong><\/p>\n<p>Beschl\u00fcsse allein \u00e4ndern in den K\u00f6pfen viel zu wenig und k\u00f6nnen vor allem kein Handeln durchsetzen. Wir m\u00fcssen \u00fcberlegen, wie wir dem Politischen Streik auf Grundlage dieser Beschl\u00fcsse n\u00e4her kommen. Dazu hat Frank Bsirske vor den Herbstprotesten im letzten Jahr einen bemerkenswerten Vorschlag gemacht. Er verschickte am 6. Juli 2010 einen Rundbrief an alle ver.di-Gliederungen: \u201eAngestrebt wird, dass in diesen Wochen m\u00f6glichst viele Betriebs- und Personalversammlungen stattfinden. Gut w\u00e4re auch, wenn vor Ort \u2013 in den verschiedenen Organisationsbereichen der DGB-Gewerkschaften \u2013 m\u00f6glichst viele Personalversammlungen am selben Tag und zur selben Zeit stattfinden w\u00fcrden, und \u2013 wo m\u00f6glich \u2013 Versammlungen zu einem verabredeten Zeitpunkt an einem gemeinsamen Treffpunkt ihren Abschluss finden w\u00fcrden, um so gemeinsam ein Zeichen zu setzen.\u201c<\/p>\n<p>Eine solche Aktion \u2013 an einem Ort, in einem Bundesland, in der ganzen BRD \u2013 w\u00e4re noch kein politischer Streik, kein Generalstreik. Eine solche Aktion w\u00e4re aber ein wichtiger Schritt vorw\u00e4rts, hin zur gemeinsamen Gegenwehr aller Arbeiter und Angestellten.<\/p>\n<p><strong>In manchen Orten wurde das auch in dieser Form gemacht:<\/strong><\/p>\n<p>In Braunschweig bildeten am 8. September die Besch\u00e4ftigten von Volkswagen am Ende ihrer Betriebsversammlung einen Demonstrationszug in die Innenstadt. Dort trafen sie sich mit Delegationen von anderen Betrieben zum gemeinsamen Protest \u2013 insgesamt 2.500 Menschen.<\/p>\n<p>In Salzgitter-Peine beteiligten sich am 29. September mehr als 6500 Menschen an einer Gro\u00dfkundgebung der IG Metall w\u00e4hrend der Arbeitszeit. Die Arbeit ruhte in vielen Gro\u00dfbetrieben vier Stunden lang, unter anderem bei Volkswagen und im Stahlwerk.<\/p>\n<p>In M\u00fcnchen klappte es nicht: auf der Aktionskonferenz von ver.di wurde der Vorschlag vom ehren- und hauptamtlichen Vorstand abgelehnt \u2013 es sei zu sp\u00e4t zur Umsetzung. Der Grund war jedoch ein anderer: im ver.di-Bereich m\u00fcssen viele Belegschaften \u00fcberhaupt erst an politische Themen und an den Streik herangef\u00fchrt werden.<\/p>\n<p>Ohne die f\u00fchrende Rolle der gro\u00dfen Konzernbelegschaften im Organisationsbereich der\u00a0 IG Metall wird ein politischer oder gar ein Generalstreik nicht stattfinden. In diesen Betrieben k\u00f6nnen die Besch\u00e4ftigten die Kapitalinteressen entscheidend beeintr\u00e4chtigen. Erzieherinnen, Krankenschwestern, Verk\u00e4ufer, Busfahrer und M\u00fcllwerker k\u00f6nnen zwar auch Druck erzeugen, treffen aber nicht das Monopolkapital. Die F\u00fchrung der IG Metall hat sich jedoch f\u00fcr das \u201eB\u00fcndnis f\u00fcr Arbeit\u201c, f\u00fcr die \u201aStandortpolitik\u2018, die Klassenzusammenarbeit entschieden. Bisher hatte sie auch keinen massiven Widerstand zu f\u00fcrchten bei ihrem Kurs. Deshalb sollten wir positive Beispiele wie in Braunschweig oder Salzgitter bekannt machen und nachahmen.<\/p>\n<p>Im letzten Herbst bekr\u00e4ftigte der IG Metall-Vorsitzende Berthold Huber noch einmal seine Ablehnung:<\/p>\n<p>\u201eVon politischen Streiks mit dem Ziel, Teile des Wirtschaftslebens zeitweise lahmzulegen, nahm Huber deutlich Abstand. Nat\u00fcrlich verursachten auch hierzulande Betriebsversammlungen w\u00e4hrend der Arbeitszeit kurzfristige Produktionsausf\u00e4lle. Diese seien jedoch nicht mit den fl\u00e4chendeckenden Ausst\u00e4nden in Frankreich oder Spanien zu vergleichen. Dieser Umgang mit Problemen passe nicht zu Deutschland und liege auch nicht in der Absicht der IG Metall\u201c. (FAZ.NET, 2.11.2010).<\/p>\n<p>D.h., die Durchsetzung des politischen Streiks wird nicht einfach werden: Den politischen Streik kann man nicht einklagen vor Gericht und auch nicht durch Satzungsbeschl\u00fcsse erreichen \u2013 man muss ihn einfach durchf\u00fchren.<\/p>\n<p>Renate M\u00fcnder ist Mitglied des Deutschen Freidenker-Verbandes in M\u00fcnchen<\/p>\n<hr \/>\n<p>Bild: https:\/\/pixabay.com\/de\/users\/benzoufi-45657\/<\/p>\n","protected":false},"excerpt":{"rendered":"<p><strong>Beitrag von Renate M\u00fcnder aus FREIDENKER 3-11<\/strong><br \/>\nDie Kollegen der Druckerei des S\u00fcddeutschen Verlags f\u00fchrten jahrelang bei vielen Demonstrationen ein Transparent mit sich: \u201eF\u00fcr den Generalstreik!\u201c Unter dem Eindruck der Streiks in Frankreich, Italien, Griechenland usw. gab es die Stimmung vieler Kolleginnen und Kollegen wieder \u2013 aber eine gro\u00dfe Wirkung hatte das Transparent dennoch nicht. Denn politische Streiks sind keine separate Strategie oder eine besondere Klassenkampfmethode, sie sind nie ein Ziel f\u00fcr sich, sondern sie sind ein Instrument f\u00fcr inhaltliche Ziele, d.h. die Zuspitzung einer breiten Massenmobilisierung eines Kampfes f\u00fcr eine bestimmte Forderung.<\/p>\n","protected":false},"author":2,"featured_media":414,"comment_status":"closed","ping_status":"closed","sticky":false,"template":"","format":"standard","meta":{"colormag_page_container_layout":"default_layout","colormag_page_sidebar_layout":"default_layout","advanced_seo_description":"","jetpack_seo_html_title":"","jetpack_seo_noindex":false,"jetpack_post_was_ever_published":false,"footnotes":""},"categories":[12],"tags":[1007,848],"class_list":["post-413","post","type-post","status-publish","format-standard","has-post-thumbnail","hentry","category-demokratie-medien-aufklaerung","tag-politischer-streik","tag-streik"],"jetpack_featured_media_url":"https:\/\/i0.wp.com\/www.freidenker.org\/fw17\/wp-content\/uploads\/2016\/08\/Demonstration.jpg?fit=800%2C445&ssl=1","jetpack_shortlink":"https:\/\/wp.me\/p9stpK-6F","jetpack-related-posts":[{"id":6958,"url":"https:\/\/www.freidenker.org\/?p=6958","url_meta":{"origin":413,"position":0},"title":"Das Lied, das Milliard\u00e4ren gef\u00e4hrlich werden wird","author":"Webredaktion","date":"20. Juni 2019","format":false,"excerpt":"Interview mit Ernst \"Ernesto\" Schwarz zum 8. Linken Liedersommer Ich bin seit einem halben Jahrhundert auf der Suche nach und am Sammeln von Arbeiter- und generell revolution\u00e4ren Liedern und Volksliedern. Als es im Vorfeld des Jugoslawienkriegs und der bevorstehenden Verarmungsma\u00dfnahmen der Kriegsparteien CDU, SPD, Gr\u00fcne, FDP keine neuen aktuellen Lieder\u2026","rel":"","context":"In &quot;Kultur &amp; Kunst&quot;","block_context":{"text":"Kultur &amp; Kunst","link":"https:\/\/www.freidenker.org\/?cat=913"},"img":{"alt_text":"","src":"https:\/\/i0.wp.com\/www.freidenker.org\/fw17\/wp-content\/uploads\/2019\/09\/ernesto_liliso-2019_800x445-1.jpg?fit=800%2C445&ssl=1&resize=350%2C200","width":350,"height":200,"srcset":"https:\/\/i0.wp.com\/www.freidenker.org\/fw17\/wp-content\/uploads\/2019\/09\/ernesto_liliso-2019_800x445-1.jpg?fit=800%2C445&ssl=1&resize=350%2C200 1x, https:\/\/i0.wp.com\/www.freidenker.org\/fw17\/wp-content\/uploads\/2019\/09\/ernesto_liliso-2019_800x445-1.jpg?fit=800%2C445&ssl=1&resize=525%2C300 1.5x, https:\/\/i0.wp.com\/www.freidenker.org\/fw17\/wp-content\/uploads\/2019\/09\/ernesto_liliso-2019_800x445-1.jpg?fit=800%2C445&ssl=1&resize=700%2C400 2x"},"classes":[]},{"id":339,"url":"https:\/\/www.freidenker.org\/?p=339","url_meta":{"origin":413,"position":1},"title":"Solidarit\u00e4t mit den streikenden griechischen Stahlarbeitern","author":"Webmaster","date":"16. April 2012","format":false,"excerpt":"Beitrag von Emmanuel Korakis aus FREIDENKER 1-12 Das Griechische Stahlwerk ELLINIKI CHALYVOURGIA ist das gr\u00f6\u00dfte Stahlunternehmen in Griechenland. .. Die Produktion und die Gewinne des Unternehmens steigen in den letzten Jahren stetig. ... Arbeit unter unmenschlichen Bedingungen mit Temperaturen \u00fcber 110 C, Verbrennungen, Ohnmacht, t\u00f6dliche Arbeitsunf\u00e4lle wegen des schlechten Arbeitsschutzes\u2026","rel":"","context":"In &quot;Arbeit &amp; Soziales&quot;","block_context":{"text":"Arbeit &amp; Soziales","link":"https:\/\/www.freidenker.org\/?cat=11"},"img":{"alt_text":"","src":"https:\/\/i0.wp.com\/www.freidenker.org\/fw17\/wp-content\/uploads\/2016\/07\/Stahl.jpg?fit=800%2C445&ssl=1&resize=350%2C200","width":350,"height":200,"srcset":"https:\/\/i0.wp.com\/www.freidenker.org\/fw17\/wp-content\/uploads\/2016\/07\/Stahl.jpg?fit=800%2C445&ssl=1&resize=350%2C200 1x, https:\/\/i0.wp.com\/www.freidenker.org\/fw17\/wp-content\/uploads\/2016\/07\/Stahl.jpg?fit=800%2C445&ssl=1&resize=525%2C300 1.5x, https:\/\/i0.wp.com\/www.freidenker.org\/fw17\/wp-content\/uploads\/2016\/07\/Stahl.jpg?fit=800%2C445&ssl=1&resize=700%2C400 2x"},"classes":[]},{"id":9040,"url":"https:\/\/www.freidenker.org\/?p=9040","url_meta":{"origin":413,"position":2},"title":"Spanien: Amazon infiltriert Streik mit Privatspionen","author":"Webredaktion","date":"19. Dezember 2020","format":false,"excerpt":"Beitrag von Klaus Hartmann - In memoriam Christian Kr\u00e4hling Unser am 10.12.2020 verstorbene Genosse und Streikf\u00fchrer bei Amazon Bad Hersfeld war auch unabl\u00e4ssig aktiv, um die Solidarit\u00e4t der Amazon-Besch\u00e4ftigten international zu organisieren, so auch mit den gewerkschaftlichen Interessenvertretern in Spanien. Jetzt (02.12.2020) ver\u00f6ffentlichte der Business Insider einen Bericht \u00fcber die\u2026","rel":"","context":"In &quot;Arbeit &amp; Soziales&quot;","block_context":{"text":"Arbeit &amp; Soziales","link":"https:\/\/www.freidenker.org\/?cat=11"},"img":{"alt_text":"","src":"https:\/\/i0.wp.com\/www.freidenker.org\/fw17\/wp-content\/uploads\/2020\/12\/christian_kraehling_stangl_800x450.jpg?fit=800%2C450&ssl=1&resize=350%2C200","width":350,"height":200,"srcset":"https:\/\/i0.wp.com\/www.freidenker.org\/fw17\/wp-content\/uploads\/2020\/12\/christian_kraehling_stangl_800x450.jpg?fit=800%2C450&ssl=1&resize=350%2C200 1x, https:\/\/i0.wp.com\/www.freidenker.org\/fw17\/wp-content\/uploads\/2020\/12\/christian_kraehling_stangl_800x450.jpg?fit=800%2C450&ssl=1&resize=525%2C300 1.5x, https:\/\/i0.wp.com\/www.freidenker.org\/fw17\/wp-content\/uploads\/2020\/12\/christian_kraehling_stangl_800x450.jpg?fit=800%2C450&ssl=1&resize=700%2C400 2x"},"classes":[]},{"id":5879,"url":"https:\/\/www.freidenker.org\/?p=5879","url_meta":{"origin":413,"position":3},"title":"\u201eAufruf der ersten Versammlung der Versammlungen der Gelbwesten\u201c","author":"Webredaktion","date":"14. Februar 2019","format":false,"excerpt":"\u201eR\u00fccktritt von Macron! Es lebe die Macht des Volkes, f\u00fcr das Volk und durch das Volk.\u201c Ein Kommentar von Klaus von Raussendorff Der \u201eAufruf der ersten Versammlung der Versammlungen der Gelbwesten\u201c vom 27. Januar 2019 (1) ist ein bemerkenswertes Dokument. Es l\u00e4sst die politische Reife der Frauen und M\u00e4nner erkennen,\u2026","rel":"","context":"In &quot;Arbeit &amp; Soziales&quot;","block_context":{"text":"Arbeit &amp; Soziales","link":"https:\/\/www.freidenker.org\/?cat=11"},"img":{"alt_text":"","src":"https:\/\/i0.wp.com\/www.freidenker.org\/fw17\/wp-content\/uploads\/2019\/02\/gelbwesten01_800x445.jpg?fit=800%2C445&ssl=1&resize=350%2C200","width":350,"height":200,"srcset":"https:\/\/i0.wp.com\/www.freidenker.org\/fw17\/wp-content\/uploads\/2019\/02\/gelbwesten01_800x445.jpg?fit=800%2C445&ssl=1&resize=350%2C200 1x, https:\/\/i0.wp.com\/www.freidenker.org\/fw17\/wp-content\/uploads\/2019\/02\/gelbwesten01_800x445.jpg?fit=800%2C445&ssl=1&resize=525%2C300 1.5x, https:\/\/i0.wp.com\/www.freidenker.org\/fw17\/wp-content\/uploads\/2019\/02\/gelbwesten01_800x445.jpg?fit=800%2C445&ssl=1&resize=700%2C400 2x"},"classes":[]},{"id":5569,"url":"https:\/\/www.freidenker.org\/?p=5569","url_meta":{"origin":413,"position":4},"title":"\u00c0 propos &#8222;Gelbe Westen&#8220;","author":"Webredaktion","date":"29. November 2018","format":false,"excerpt":"Brief eines franz\u00f6sischen Gewerkschaftlers an seine Kollegen der CGT - Beitrag von Diagne Roland, \u00fcbersetzt von Klaus von Raussendorff Seit dem 17. November 2018 protestieren Arbeiter und B\u00fcrger in \"Gelben Westen\" gegen die Anhebung der Treibstoffpreise infolge einer neuen Diesel-Steuer, also gegen einen Angriff, der sich zum x-ten Male gegen\u2026","rel":"","context":"In &quot;Arbeit &amp; Soziales&quot;","block_context":{"text":"Arbeit &amp; Soziales","link":"https:\/\/www.freidenker.org\/?cat=11"},"img":{"alt_text":"","src":"https:\/\/i0.wp.com\/www.freidenker.org\/fw17\/wp-content\/uploads\/2018\/11\/ob_b97d01_ob-668f33-gilet-jaune-camarade-cgt-800x445_v2.jpg?fit=800%2C445&ssl=1&resize=350%2C200","width":350,"height":200,"srcset":"https:\/\/i0.wp.com\/www.freidenker.org\/fw17\/wp-content\/uploads\/2018\/11\/ob_b97d01_ob-668f33-gilet-jaune-camarade-cgt-800x445_v2.jpg?fit=800%2C445&ssl=1&resize=350%2C200 1x, https:\/\/i0.wp.com\/www.freidenker.org\/fw17\/wp-content\/uploads\/2018\/11\/ob_b97d01_ob-668f33-gilet-jaune-camarade-cgt-800x445_v2.jpg?fit=800%2C445&ssl=1&resize=525%2C300 1.5x, https:\/\/i0.wp.com\/www.freidenker.org\/fw17\/wp-content\/uploads\/2018\/11\/ob_b97d01_ob-668f33-gilet-jaune-camarade-cgt-800x445_v2.jpg?fit=800%2C445&ssl=1&resize=700%2C400 2x"},"classes":[]},{"id":23737,"url":"https:\/\/www.freidenker.org\/?p=23737","url_meta":{"origin":413,"position":5},"title":"Schulstreik: Den Kriegstrommlern in Deutschland geht es nicht um Freiheit und Demokratie","author":"Webredaktion","date":"7. Dezember 2025","format":false,"excerpt":"Rede von Reiner Hoffmann auf einer Demonstration gegen die Wehrpflicht am 05.12.2025 in D\u00fcsseldorf Am 5. Dezember 2025 fand ein bundesweiter Schulstreik gegen die Wehrpflicht statt, woran sich viele tausend Jugendliche beteiligten, unter anderem in Hamburg, Berlin, Potsdam, K\u00f6ln, D\u00fcsseldorf, M\u00fcnchen, Dresden und Leipzig. Hintergrund war die an diesem Tag\u2026","rel":"","context":"In &quot;Frieden - Antifaschismus - Solidarit\u00e4t&quot;","block_context":{"text":"Frieden - Antifaschismus - Solidarit\u00e4t","link":"https:\/\/www.freidenker.org\/?cat=13"},"img":{"alt_text":"","src":"https:\/\/i0.wp.com\/www.freidenker.org\/fw17\/wp-content\/uploads\/2025\/12\/Schuelerstreik-Wuppertal-IMG_5307_1600x900.jpg?fit=1200%2C674&ssl=1&resize=350%2C200","width":350,"height":200,"srcset":"https:\/\/i0.wp.com\/www.freidenker.org\/fw17\/wp-content\/uploads\/2025\/12\/Schuelerstreik-Wuppertal-IMG_5307_1600x900.jpg?fit=1200%2C674&ssl=1&resize=350%2C200 1x, https:\/\/i0.wp.com\/www.freidenker.org\/fw17\/wp-content\/uploads\/2025\/12\/Schuelerstreik-Wuppertal-IMG_5307_1600x900.jpg?fit=1200%2C674&ssl=1&resize=525%2C300 1.5x, https:\/\/i0.wp.com\/www.freidenker.org\/fw17\/wp-content\/uploads\/2025\/12\/Schuelerstreik-Wuppertal-IMG_5307_1600x900.jpg?fit=1200%2C674&ssl=1&resize=700%2C400 2x, https:\/\/i0.wp.com\/www.freidenker.org\/fw17\/wp-content\/uploads\/2025\/12\/Schuelerstreik-Wuppertal-IMG_5307_1600x900.jpg?fit=1200%2C674&ssl=1&resize=1050%2C600 3x"},"classes":[]}],"_links":{"self":[{"href":"https:\/\/www.freidenker.org\/index.php?rest_route=\/wp\/v2\/posts\/413","targetHints":{"allow":["GET"]}}],"collection":[{"href":"https:\/\/www.freidenker.org\/index.php?rest_route=\/wp\/v2\/posts"}],"about":[{"href":"https:\/\/www.freidenker.org\/index.php?rest_route=\/wp\/v2\/types\/post"}],"author":[{"embeddable":true,"href":"https:\/\/www.freidenker.org\/index.php?rest_route=\/wp\/v2\/users\/2"}],"replies":[{"embeddable":true,"href":"https:\/\/www.freidenker.org\/index.php?rest_route=%2Fwp%2Fv2%2Fcomments&post=413"}],"version-history":[{"count":0,"href":"https:\/\/www.freidenker.org\/index.php?rest_route=\/wp\/v2\/posts\/413\/revisions"}],"wp:featuredmedia":[{"embeddable":true,"href":"https:\/\/www.freidenker.org\/index.php?rest_route=\/wp\/v2\/media\/414"}],"wp:attachment":[{"href":"https:\/\/www.freidenker.org\/index.php?rest_route=%2Fwp%2Fv2%2Fmedia&parent=413"}],"wp:term":[{"taxonomy":"category","embeddable":true,"href":"https:\/\/www.freidenker.org\/index.php?rest_route=%2Fwp%2Fv2%2Fcategories&post=413"},{"taxonomy":"post_tag","embeddable":true,"href":"https:\/\/www.freidenker.org\/index.php?rest_route=%2Fwp%2Fv2%2Ftags&post=413"}],"curies":[{"name":"wp","href":"https:\/\/api.w.org\/{rel}","templated":true}]}}