{"id":4113,"date":"2018-01-15T01:24:52","date_gmt":"2018-01-15T00:24:52","guid":{"rendered":"http:\/\/www.freidenker.org\/?p=4113"},"modified":"2018-02-25T12:28:21","modified_gmt":"2018-02-25T11:28:21","slug":"galerie-freidenker-auf-der-liebknecht-luxemburg-demo-2018","status":"publish","type":"post","link":"https:\/\/www.freidenker.org\/?p=4113","title":{"rendered":"Galerie: Freidenker auf der Liebknecht-Luxemburg-Demo 2018"},"content":{"rendered":"<p>Vor 99 Jahren wurden Rosa Luxemburg und Karl Liebknecht, die Mitbegr\u00fcnder der Kommunistischen Partei Deutschlands, von der Reaktion ermordet. Aus diesem Anlass demonstrierten\u00a0 mehr als 12.000 Menschen \u2013 Linke verschiedener Str\u00f6mungen \u2013 am 14. Januar 2018 in ihrem Geiste friedlich gegen Kriege und Faschismus \u2013 f\u00fcr eine sozial gerechte, solidarische, von Ausbeutung und Unterdr\u00fcckung befreite Welt.<\/p>\n<div class=\"b-article__text\">\n<p>Verschiedene Parteien, Organisationen und Gruppen waren in\u00a0dem langen Zug vertreten, von der Partei Die Linke \u00fcber die DKP und die MLPD, Gruppen wie die VVN\u00a0\u2014 Bund der Antifaschistinnen und Antifaschisten bis hin zu t\u00fcrkischen und kurdischen Parteien und Organisationen.\u00a0 Neben zahlreichen kapitalismuskritischen Forderungen wurde auch Protest gegen die Russland-Politik der NATO und der deutschen Regierung ge\u00e4u\u00dfert.<\/p>\n<\/div>\n<p>Der Deutsche Freidenker-Verband war auch dieses Jahr mit vielen seiner Mitglieder auf der traditionellen Gedenkkundgebung f\u00fcr Karl und Rosa dabei, u.a. mit einem gut besuchten Infostand.<\/p>\n<p>&nbsp;<\/p>\n<div class=\"tiled-gallery type-rectangular tiled-gallery-unresized\" data-original-width=\"800\" data-carousel-extra='{&quot;blog_id&quot;:1,&quot;permalink&quot;:&quot;https:\\\/\\\/www.freidenker.org\\\/?p=4113&quot;,&quot;likes_blog_id&quot;:139773280}' itemscope itemtype=\"http:\/\/schema.org\/ImageGallery\" > <div class=\"gallery-row\" style=\"width: 800px; height: 357px;\" data-original-width=\"800\" data-original-height=\"357\" > <div class=\"gallery-group images-1\" style=\"width: 534px; height: 357px;\" data-original-width=\"534\" data-original-height=\"357\" > <div class=\"tiled-gallery-item tiled-gallery-item-large\" itemprop=\"associatedMedia\" itemscope itemtype=\"http:\/\/schema.org\/ImageObject\"> <a href=\"https:\/\/i0.wp.com\/www.freidenker.org\/fw17\/wp-content\/uploads\/2018\/01\/LL-Demo_2018_01.jpg?ssl=1\" border=\"0\" itemprop=\"url\"> <meta itemprop=\"width\" content=\"530\"> <meta itemprop=\"height\" content=\"353\"> <img decoding=\"async\" class=\"\" data-attachment-id=\"4121\" data-orig-file=\"https:\/\/www.freidenker.org\/fw17\/wp-content\/uploads\/2018\/01\/LL-Demo_2018_01.jpg\" data-orig-size=\"2048,1365\" data-comments-opened=\"\" data-image-meta=\"{&quot;aperture&quot;:&quot;0&quot;,&quot;credit&quot;:&quot;&quot;,&quot;camera&quot;:&quot;&quot;,&quot;caption&quot;:&quot;&quot;,&quot;created_timestamp&quot;:&quot;0&quot;,&quot;copyright&quot;:&quot;&quot;,&quot;focal_length&quot;:&quot;0&quot;,&quot;iso&quot;:&quot;0&quot;,&quot;shutter_speed&quot;:&quot;0&quot;,&quot;title&quot;:&quot;&quot;,&quot;orientation&quot;:&quot;0&quot;}\" data-image-title=\"LL-Demo_2018_01\" data-image-description=\"\" data-medium-file=\"https:\/\/i0.wp.com\/www.freidenker.org\/fw17\/wp-content\/uploads\/2018\/01\/LL-Demo_2018_01.jpg?fit=300%2C200&#038;ssl=1\" data-large-file=\"https:\/\/i0.wp.com\/www.freidenker.org\/fw17\/wp-content\/uploads\/2018\/01\/LL-Demo_2018_01.jpg?fit=800%2C534&#038;ssl=1\" src=\"https:\/\/i0.wp.com\/www.freidenker.org\/fw17\/wp-content\/uploads\/2018\/01\/LL-Demo_2018_01.jpg?w=530&#038;h=353&#038;ssl=1\" srcset=\"https:\/\/i0.wp.com\/www.freidenker.org\/fw17\/wp-content\/uploads\/2018\/01\/LL-Demo_2018_01.jpg?w=2048&amp;ssl=1 2048w, https:\/\/i0.wp.com\/www.freidenker.org\/fw17\/wp-content\/uploads\/2018\/01\/LL-Demo_2018_01.jpg?resize=300%2C200&amp;ssl=1 300w, https:\/\/i0.wp.com\/www.freidenker.org\/fw17\/wp-content\/uploads\/2018\/01\/LL-Demo_2018_01.jpg?resize=768%2C512&amp;ssl=1 768w, https:\/\/i0.wp.com\/www.freidenker.org\/fw17\/wp-content\/uploads\/2018\/01\/LL-Demo_2018_01.jpg?resize=1024%2C683&amp;ssl=1 1024w, https:\/\/i0.wp.com\/www.freidenker.org\/fw17\/wp-content\/uploads\/2018\/01\/LL-Demo_2018_01.jpg?w=1600&amp;ssl=1 1600w\" width=\"530\" height=\"353\" loading=\"lazy\" data-original-width=\"530\" data-original-height=\"353\" itemprop=\"http:\/\/schema.org\/image\" title=\"LL-Demo_2018_01\" alt=\"Der Demonstrationszug n\u00e4hert sich der Gedenkst\u00e4tte. Mit dabei: Die Freidenker.\" style=\"width: 530px; height: 353px;\" \/> <\/a> <div class=\"tiled-gallery-caption\" itemprop=\"caption description\"> Der Demonstrationszug n\u00e4hert sich der Gedenkst\u00e4tte. Mit dabei: Die Freidenker. <\/div> <\/div> <\/div> <!-- close group --> <div class=\"gallery-group images-2\" style=\"width: 266px; height: 357px;\" data-original-width=\"266\" data-original-height=\"357\" > <div class=\"tiled-gallery-item tiled-gallery-item-large\" itemprop=\"associatedMedia\" itemscope itemtype=\"http:\/\/schema.org\/ImageObject\"> <a href=\"https:\/\/i0.wp.com\/www.freidenker.org\/fw17\/wp-content\/uploads\/2018\/01\/LL-Demo_2018_04.jpg?ssl=1\" border=\"0\" itemprop=\"url\"> <meta itemprop=\"width\" content=\"262\"> <meta itemprop=\"height\" content=\"175\"> <img decoding=\"async\" class=\"\" data-attachment-id=\"4120\" data-orig-file=\"https:\/\/www.freidenker.org\/fw17\/wp-content\/uploads\/2018\/01\/LL-Demo_2018_04.jpg\" data-orig-size=\"2048,1365\" data-comments-opened=\"\" data-image-meta=\"{&quot;aperture&quot;:&quot;0&quot;,&quot;credit&quot;:&quot;&quot;,&quot;camera&quot;:&quot;&quot;,&quot;caption&quot;:&quot;&quot;,&quot;created_timestamp&quot;:&quot;0&quot;,&quot;copyright&quot;:&quot;&quot;,&quot;focal_length&quot;:&quot;0&quot;,&quot;iso&quot;:&quot;0&quot;,&quot;shutter_speed&quot;:&quot;0&quot;,&quot;title&quot;:&quot;&quot;,&quot;orientation&quot;:&quot;0&quot;}\" data-image-title=\"LL-Demo_2018_04\" data-image-description=\"\" data-medium-file=\"https:\/\/i0.wp.com\/www.freidenker.org\/fw17\/wp-content\/uploads\/2018\/01\/LL-Demo_2018_04.jpg?fit=300%2C200&#038;ssl=1\" data-large-file=\"https:\/\/i0.wp.com\/www.freidenker.org\/fw17\/wp-content\/uploads\/2018\/01\/LL-Demo_2018_04.jpg?fit=800%2C534&#038;ssl=1\" src=\"https:\/\/i0.wp.com\/www.freidenker.org\/fw17\/wp-content\/uploads\/2018\/01\/LL-Demo_2018_04.jpg?w=262&#038;h=175&#038;ssl=1\" srcset=\"https:\/\/i0.wp.com\/www.freidenker.org\/fw17\/wp-content\/uploads\/2018\/01\/LL-Demo_2018_04.jpg?w=2048&amp;ssl=1 2048w, https:\/\/i0.wp.com\/www.freidenker.org\/fw17\/wp-content\/uploads\/2018\/01\/LL-Demo_2018_04.jpg?resize=300%2C200&amp;ssl=1 300w, https:\/\/i0.wp.com\/www.freidenker.org\/fw17\/wp-content\/uploads\/2018\/01\/LL-Demo_2018_04.jpg?resize=768%2C512&amp;ssl=1 768w, https:\/\/i0.wp.com\/www.freidenker.org\/fw17\/wp-content\/uploads\/2018\/01\/LL-Demo_2018_04.jpg?resize=1024%2C683&amp;ssl=1 1024w, https:\/\/i0.wp.com\/www.freidenker.org\/fw17\/wp-content\/uploads\/2018\/01\/LL-Demo_2018_04.jpg?w=1600&amp;ssl=1 1600w\" width=\"262\" height=\"175\" loading=\"lazy\" data-original-width=\"262\" data-original-height=\"175\" itemprop=\"http:\/\/schema.org\/image\" title=\"LL-Demo_2018_04\" alt=\"An der Gedenkst\u00e4tte.\" style=\"width: 262px; height: 175px;\" \/> <\/a> <div class=\"tiled-gallery-caption\" itemprop=\"caption description\"> An der Gedenkst\u00e4tte. <\/div> <\/div> <div class=\"tiled-gallery-item tiled-gallery-item-large\" itemprop=\"associatedMedia\" itemscope itemtype=\"http:\/\/schema.org\/ImageObject\"> <a href=\"https:\/\/i0.wp.com\/www.freidenker.org\/fw17\/wp-content\/uploads\/2018\/01\/LL-Demo_2018_03.jpg?ssl=1\" border=\"0\" itemprop=\"url\"> <meta itemprop=\"width\" content=\"262\"> <meta itemprop=\"height\" content=\"174\"> <img decoding=\"async\" class=\"\" data-attachment-id=\"4123\" data-orig-file=\"https:\/\/www.freidenker.org\/fw17\/wp-content\/uploads\/2018\/01\/LL-Demo_2018_03.jpg\" data-orig-size=\"2048,1365\" data-comments-opened=\"\" data-image-meta=\"{&quot;aperture&quot;:&quot;0&quot;,&quot;credit&quot;:&quot;&quot;,&quot;camera&quot;:&quot;&quot;,&quot;caption&quot;:&quot;&quot;,&quot;created_timestamp&quot;:&quot;0&quot;,&quot;copyright&quot;:&quot;&quot;,&quot;focal_length&quot;:&quot;0&quot;,&quot;iso&quot;:&quot;0&quot;,&quot;shutter_speed&quot;:&quot;0&quot;,&quot;title&quot;:&quot;&quot;,&quot;orientation&quot;:&quot;0&quot;}\" data-image-title=\"LL-Demo_2018_03\" data-image-description=\"\" data-medium-file=\"https:\/\/i0.wp.com\/www.freidenker.org\/fw17\/wp-content\/uploads\/2018\/01\/LL-Demo_2018_03.jpg?fit=300%2C200&#038;ssl=1\" data-large-file=\"https:\/\/i0.wp.com\/www.freidenker.org\/fw17\/wp-content\/uploads\/2018\/01\/LL-Demo_2018_03.jpg?fit=800%2C534&#038;ssl=1\" src=\"https:\/\/i0.wp.com\/www.freidenker.org\/fw17\/wp-content\/uploads\/2018\/01\/LL-Demo_2018_03.jpg?w=262&#038;h=174&#038;ssl=1\" srcset=\"https:\/\/i0.wp.com\/www.freidenker.org\/fw17\/wp-content\/uploads\/2018\/01\/LL-Demo_2018_03.jpg?w=2048&amp;ssl=1 2048w, https:\/\/i0.wp.com\/www.freidenker.org\/fw17\/wp-content\/uploads\/2018\/01\/LL-Demo_2018_03.jpg?resize=300%2C200&amp;ssl=1 300w, https:\/\/i0.wp.com\/www.freidenker.org\/fw17\/wp-content\/uploads\/2018\/01\/LL-Demo_2018_03.jpg?resize=768%2C512&amp;ssl=1 768w, https:\/\/i0.wp.com\/www.freidenker.org\/fw17\/wp-content\/uploads\/2018\/01\/LL-Demo_2018_03.jpg?resize=1024%2C683&amp;ssl=1 1024w, https:\/\/i0.wp.com\/www.freidenker.org\/fw17\/wp-content\/uploads\/2018\/01\/LL-Demo_2018_03.jpg?w=1600&amp;ssl=1 1600w\" width=\"262\" height=\"174\" loading=\"lazy\" data-original-width=\"262\" data-original-height=\"174\" itemprop=\"http:\/\/schema.org\/image\" title=\"LL-Demo_2018_03\" alt=\"An der Gedenkst\u00e4tte.\" style=\"width: 262px; height: 174px;\" \/> <\/a> <div class=\"tiled-gallery-caption\" itemprop=\"caption description\"> An der Gedenkst\u00e4tte. <\/div> <\/div> <\/div> <!-- close group --> <\/div> <!-- close row --> <div class=\"gallery-row\" style=\"width: 800px; height: 535px;\" data-original-width=\"800\" data-original-height=\"535\" > <div class=\"gallery-group images-1\" style=\"width: 800px; height: 535px;\" data-original-width=\"800\" data-original-height=\"535\" > <div class=\"tiled-gallery-item tiled-gallery-item-large\" itemprop=\"associatedMedia\" itemscope itemtype=\"http:\/\/schema.org\/ImageObject\"> <a href=\"https:\/\/i0.wp.com\/www.freidenker.org\/fw17\/wp-content\/uploads\/2018\/01\/LL-Demo_2018_02.jpg?ssl=1\" border=\"0\" itemprop=\"url\"> <meta itemprop=\"width\" content=\"796\"> <meta itemprop=\"height\" content=\"531\"> <img decoding=\"async\" class=\"\" data-attachment-id=\"4122\" data-orig-file=\"https:\/\/www.freidenker.org\/fw17\/wp-content\/uploads\/2018\/01\/LL-Demo_2018_02.jpg\" data-orig-size=\"2048,1365\" data-comments-opened=\"\" data-image-meta=\"{&quot;aperture&quot;:&quot;0&quot;,&quot;credit&quot;:&quot;&quot;,&quot;camera&quot;:&quot;&quot;,&quot;caption&quot;:&quot;&quot;,&quot;created_timestamp&quot;:&quot;0&quot;,&quot;copyright&quot;:&quot;&quot;,&quot;focal_length&quot;:&quot;0&quot;,&quot;iso&quot;:&quot;0&quot;,&quot;shutter_speed&quot;:&quot;0&quot;,&quot;title&quot;:&quot;&quot;,&quot;orientation&quot;:&quot;0&quot;}\" data-image-title=\"LL-Demo_2018_02\" data-image-description=\"\" data-medium-file=\"https:\/\/i0.wp.com\/www.freidenker.org\/fw17\/wp-content\/uploads\/2018\/01\/LL-Demo_2018_02.jpg?fit=300%2C200&#038;ssl=1\" data-large-file=\"https:\/\/i0.wp.com\/www.freidenker.org\/fw17\/wp-content\/uploads\/2018\/01\/LL-Demo_2018_02.jpg?fit=800%2C534&#038;ssl=1\" src=\"https:\/\/i0.wp.com\/www.freidenker.org\/fw17\/wp-content\/uploads\/2018\/01\/LL-Demo_2018_02.jpg?w=796&#038;h=531&#038;ssl=1\" srcset=\"https:\/\/i0.wp.com\/www.freidenker.org\/fw17\/wp-content\/uploads\/2018\/01\/LL-Demo_2018_02.jpg?w=2048&amp;ssl=1 2048w, https:\/\/i0.wp.com\/www.freidenker.org\/fw17\/wp-content\/uploads\/2018\/01\/LL-Demo_2018_02.jpg?resize=300%2C200&amp;ssl=1 300w, https:\/\/i0.wp.com\/www.freidenker.org\/fw17\/wp-content\/uploads\/2018\/01\/LL-Demo_2018_02.jpg?resize=768%2C512&amp;ssl=1 768w, https:\/\/i0.wp.com\/www.freidenker.org\/fw17\/wp-content\/uploads\/2018\/01\/LL-Demo_2018_02.jpg?resize=1024%2C683&amp;ssl=1 1024w, https:\/\/i0.wp.com\/www.freidenker.org\/fw17\/wp-content\/uploads\/2018\/01\/LL-Demo_2018_02.jpg?w=1600&amp;ssl=1 1600w\" width=\"796\" height=\"531\" loading=\"lazy\" data-original-width=\"796\" data-original-height=\"531\" itemprop=\"http:\/\/schema.org\/image\" title=\"LL-Demo_2018_02\" alt=\"Der Informationsstand des Deutschen Freidenker-Verbandes mit Klaus Linder und Monique Broquard\" style=\"width: 796px; height: 531px;\" \/> <\/a> <div class=\"tiled-gallery-caption\" itemprop=\"caption description\"> Der Informationsstand des Deutschen Freidenker-Verbandes mit Klaus Linder und Monique Broquard <\/div> <\/div> <\/div> <!-- close group --> <\/div> <!-- close row --> <\/div>\n<hr \/>\n<p>Fotos: Norbert M\u00fcller<\/p>\n","protected":false},"excerpt":{"rendered":"<p>Vor 99 Jahren wurden Rosa Luxemburg und Karl Liebknecht, die Mitbegr\u00fcnder der Kommunistischen Partei Deutschlands, von der Reaktion ermordet. Aus diesem Anlass demonstrierten  mehr als 12.000 Menschen \u2013 Linke verschiedener Str\u00f6mungen \u2013 am 14. Januar 2018 in ihrem Geiste friedlich gegen Kriege und Faschismus \u2013 f\u00fcr eine sozial gerechte, solidarische, von Ausbeutung und Unterdr\u00fcckung befreite Welt. Der Deutsche Freidenker-Verband war auch dieses Jahr mit vielen seiner Mitglieder auf der traditionellen Gedenkkundgebung f\u00fcr Karl und Rosa dabei, u.a. mit einem gut besuchten Infostand.<\/p>\n","protected":false},"author":3,"featured_media":4119,"comment_status":"closed","ping_status":"closed","sticky":false,"template":"","format":"standard","meta":{"colormag_page_container_layout":"default_layout","colormag_page_sidebar_layout":"default_layout","advanced_seo_description":"","jetpack_seo_html_title":"","jetpack_seo_noindex":false,"jetpack_post_was_ever_published":false,"footnotes":""},"categories":[20],"tags":[411,335,438,672],"class_list":["post-4113","post","type-post","status-publish","format-standard","has-post-thumbnail","hentry","category-zentrale-veranstaltungen","tag-demonstration","tag-frieden","tag-liebknecht-luxemburg-demonstration","tag-linke-politik"],"jetpack_featured_media_url":"https:\/\/i0.wp.com\/www.freidenker.org\/fw17\/wp-content\/uploads\/2018\/01\/LL-Demo_2018_800x445.jpg?fit=800%2C445&ssl=1","jetpack_shortlink":"https:\/\/wp.me\/p9stpK-14l","jetpack-related-posts":[{"id":17863,"url":"https:\/\/www.freidenker.org\/?p=17863","url_meta":{"origin":4113,"position":0},"title":"Galerie: Liebknecht-Luxemburg-Demo 2024","author":"Webredaktion","date":"17. Januar 2024","format":false,"excerpt":"Die Demonstration zu Ehren von Rosa Luxemburg und Karl Liebknecht - die vor 105 Jahren von rechten Freikorpssoldaten ermordeten Mitbegr\u00fcnder der Kommunistischen Partei Deutschlands - fand wie im vergangenen Jahr mit etwa 12.000 Teilnehmerinnen und Teilnehmern statt.\u00a0Linke unterschiedlichster Str\u00f6mungen \u2013 darunter auch Freidenker \u2013 haben auf der Demonstration gemeinsam ihre\u2026","rel":"","context":"In &quot;Frieden - Antifaschismus - Solidarit\u00e4t&quot;","block_context":{"text":"Frieden - Antifaschismus - Solidarit\u00e4t","link":"https:\/\/www.freidenker.org\/?cat=13"},"img":{"alt_text":"","src":"https:\/\/i0.wp.com\/www.freidenker.org\/fw17\/wp-content\/uploads\/2024\/01\/Holger_Kranz_DFV_Berlin_800x450.jpg?fit=800%2C450&ssl=1&resize=350%2C200","width":350,"height":200,"srcset":"https:\/\/i0.wp.com\/www.freidenker.org\/fw17\/wp-content\/uploads\/2024\/01\/Holger_Kranz_DFV_Berlin_800x450.jpg?fit=800%2C450&ssl=1&resize=350%2C200 1x, https:\/\/i0.wp.com\/www.freidenker.org\/fw17\/wp-content\/uploads\/2024\/01\/Holger_Kranz_DFV_Berlin_800x450.jpg?fit=800%2C450&ssl=1&resize=525%2C300 1.5x, https:\/\/i0.wp.com\/www.freidenker.org\/fw17\/wp-content\/uploads\/2024\/01\/Holger_Kranz_DFV_Berlin_800x450.jpg?fit=800%2C450&ssl=1&resize=700%2C400 2x"},"classes":[]},{"id":5776,"url":"https:\/\/www.freidenker.org\/?p=5776","url_meta":{"origin":4113,"position":1},"title":"100 Jahre nach der Ermordung \u2013 Luxemburg und Liebknecht bewegen \u00fcber Zehntausend","author":"Webredaktion","date":"15. Januar 2019","format":false,"excerpt":"Bericht von Tilo Gr\u00e4ser von sputniknews.com Menschen aus vielen L\u00e4ndern haben am Sonntag der vor 100 Jahren ermordeten Gr\u00fcnder der Kommunistischen Partei Deutschlands, Rosa Luxemburg und Karl Liebknecht, gedacht. ... Ein Transparent forderte klar: \u201eFrieden mit Russland statt weiter in den dritten Weltkrieg! Deutschland: Raus aus der Nato! Nato: Raus\u2026","rel":"","context":"In &quot;Frieden - Antifaschismus - Solidarit\u00e4t&quot;","block_context":{"text":"Frieden - Antifaschismus - Solidarit\u00e4t","link":"https:\/\/www.freidenker.org\/?cat=13"},"img":{"alt_text":"","src":"https:\/\/i0.wp.com\/www.freidenker.org\/fw17\/wp-content\/uploads\/2019\/01\/LL_100Jahre_sputnik_323576581.jpg?fit=800%2C445&ssl=1&resize=350%2C200","width":350,"height":200,"srcset":"https:\/\/i0.wp.com\/www.freidenker.org\/fw17\/wp-content\/uploads\/2019\/01\/LL_100Jahre_sputnik_323576581.jpg?fit=800%2C445&ssl=1&resize=350%2C200 1x, https:\/\/i0.wp.com\/www.freidenker.org\/fw17\/wp-content\/uploads\/2019\/01\/LL_100Jahre_sputnik_323576581.jpg?fit=800%2C445&ssl=1&resize=525%2C300 1.5x, https:\/\/i0.wp.com\/www.freidenker.org\/fw17\/wp-content\/uploads\/2019\/01\/LL_100Jahre_sputnik_323576581.jpg?fit=800%2C445&ssl=1&resize=700%2C400 2x"},"classes":[]},{"id":1311,"url":"https:\/\/www.freidenker.org\/?p=1311","url_meta":{"origin":4113,"position":2},"title":"Liebknecht Luxemburg-Demo 2018","author":"Webredaktion","date":"1. Januar 2018","format":false,"excerpt":"Aus dem Aufruf zur Teilnahme an der Demonstration im Rahmen der Liebknecht-Luxemburg-Ehrung am 14. Januar 2018: Vor 99 Jahren wurden Rosa Luxemburg, Karl Liebknecht und viele ihrer Weggef\u00e4hrten f\u00fcr ihre Standhaftigkeit gegen Ausbeutung und Krieg von der Reaktion ermordet. Demonstrieren wir - Linke verschiedener Str\u00f6mungen - in ihrem Geiste friedlich\u2026","rel":"","context":"In &quot;Zentrale Veranstaltungen&quot;","block_context":{"text":"Zentrale Veranstaltungen","link":"https:\/\/www.freidenker.org\/?cat=20"},"img":{"alt_text":"","src":"https:\/\/i0.wp.com\/www.freidenker.org\/fw17\/wp-content\/uploads\/2017\/10\/B-Friedrichsfelde_Zentralfriedhof_03-2015_img01_Gedenkstaette_800x445.jpg?fit=800%2C445&ssl=1&resize=350%2C200","width":350,"height":200,"srcset":"https:\/\/i0.wp.com\/www.freidenker.org\/fw17\/wp-content\/uploads\/2017\/10\/B-Friedrichsfelde_Zentralfriedhof_03-2015_img01_Gedenkstaette_800x445.jpg?fit=800%2C445&ssl=1&resize=350%2C200 1x, https:\/\/i0.wp.com\/www.freidenker.org\/fw17\/wp-content\/uploads\/2017\/10\/B-Friedrichsfelde_Zentralfriedhof_03-2015_img01_Gedenkstaette_800x445.jpg?fit=800%2C445&ssl=1&resize=525%2C300 1.5x, https:\/\/i0.wp.com\/www.freidenker.org\/fw17\/wp-content\/uploads\/2017\/10\/B-Friedrichsfelde_Zentralfriedhof_03-2015_img01_Gedenkstaette_800x445.jpg?fit=800%2C445&ssl=1&resize=700%2C400 2x"},"classes":[]},{"id":9205,"url":"https:\/\/www.freidenker.org\/?p=9205","url_meta":{"origin":4113,"position":3},"title":"Trotz alledem: 3000 demonstrieren zu den Gr\u00e4bern von Karl und Rosa","author":"Webredaktion","date":"14. Januar 2021","format":false,"excerpt":"\u201eTrotz alledem!\u201c bedeutete am 10. Januar 2021: Die Demonstration zum Gedenken an die vor 102 Jahren von der Reaktion ermordeten Rosa Luxemburg und Karl Liebknecht musste gegen brutale Polizeigewalt durchgesetzt werden. Die Partei \u201eDie Linke\u201c, die gewohnheitsm\u00e4\u00dfig nicht zur Demonstration, sondern zum \u201eStillen Gedenken\u201c aufruft, hatte auch dieses Gedenken auf\u2026","rel":"","context":"In &quot;Frieden - Antifaschismus - Solidarit\u00e4t&quot;","block_context":{"text":"Frieden - Antifaschismus - Solidarit\u00e4t","link":"https:\/\/www.freidenker.org\/?cat=13"},"img":{"alt_text":"","src":"https:\/\/i0.wp.com\/www.freidenker.org\/fw17\/wp-content\/uploads\/2021\/01\/LL-Demo_2021_800x445.jpg?fit=800%2C450&ssl=1&resize=350%2C200","width":350,"height":200,"srcset":"https:\/\/i0.wp.com\/www.freidenker.org\/fw17\/wp-content\/uploads\/2021\/01\/LL-Demo_2021_800x445.jpg?fit=800%2C450&ssl=1&resize=350%2C200 1x, https:\/\/i0.wp.com\/www.freidenker.org\/fw17\/wp-content\/uploads\/2021\/01\/LL-Demo_2021_800x445.jpg?fit=800%2C450&ssl=1&resize=525%2C300 1.5x, https:\/\/i0.wp.com\/www.freidenker.org\/fw17\/wp-content\/uploads\/2021\/01\/LL-Demo_2021_800x445.jpg?fit=800%2C450&ssl=1&resize=700%2C400 2x"},"classes":[]},{"id":5739,"url":"https:\/\/www.freidenker.org\/?p=5739","url_meta":{"origin":4113,"position":4},"title":"Galerie: Freidenker auf der Liebknecht-Luxemburg-Demo 2019","author":"Webredaktion","date":"14. Januar 2019","format":false,"excerpt":"100 Jahre nach der Ermordung von Rosa Luxemburg und Karl Liebknecht, den Mitbegr\u00fcndern der Kommunistischen Partei Deutschlands, demonstrierten am 13. Januar 2019 in Berlin etwa 15.000 Menschen f\u00fcr eine Welt des Friedens, der Solidarit\u00e4t und des lebenswerten Lebens auf allen Kontinenten. Wie jedes Jahr waren auch wieder viele Freidenker dabei.\u2026","rel":"","context":"In &quot;Zentrale Veranstaltungen&quot;","block_context":{"text":"Zentrale Veranstaltungen","link":"https:\/\/www.freidenker.org\/?cat=20"},"img":{"alt_text":"","src":"https:\/\/i0.wp.com\/www.freidenker.org\/fw17\/wp-content\/uploads\/2019\/01\/LLD_2019_800x445.jpg?fit=800%2C445&ssl=1&resize=350%2C200","width":350,"height":200,"srcset":"https:\/\/i0.wp.com\/www.freidenker.org\/fw17\/wp-content\/uploads\/2019\/01\/LLD_2019_800x445.jpg?fit=800%2C445&ssl=1&resize=350%2C200 1x, https:\/\/i0.wp.com\/www.freidenker.org\/fw17\/wp-content\/uploads\/2019\/01\/LLD_2019_800x445.jpg?fit=800%2C445&ssl=1&resize=525%2C300 1.5x, https:\/\/i0.wp.com\/www.freidenker.org\/fw17\/wp-content\/uploads\/2019\/01\/LLD_2019_800x445.jpg?fit=800%2C445&ssl=1&resize=700%2C400 2x"},"classes":[]},{"id":11939,"url":"https:\/\/www.freidenker.org\/?p=11939","url_meta":{"origin":4113,"position":5},"title":"Galerie: Liebknecht-Luxemburg-Demo 2022","author":"Webredaktion","date":"11. Januar 2022","format":false,"excerpt":"Wie jedes Jahr fand am zweiten Januar-Sonntag die traditionelle Liebknecht-Luxemburg-Demo in Berlin statt. Angemeldet waren 3000 Teilnehmer, gekommen waren \u00fcber 7000 - etwa doppelt so viele wie 2021. ... \"Frieden mit Russland und China\" war eine der zentralen Losungen, die auf mehreren Transparenten gefordert wurde. ... Nachdem es im vergangenen\u2026","rel":"","context":"In &quot;Frieden - Antifaschismus - Solidarit\u00e4t&quot;","block_context":{"text":"Frieden - Antifaschismus - Solidarit\u00e4t","link":"https:\/\/www.freidenker.org\/?cat=13"},"img":{"alt_text":"","src":"https:\/\/i0.wp.com\/www.freidenker.org\/fw17\/wp-content\/uploads\/2022\/01\/LL-Demo_2022_800x450.jpg?fit=800%2C450&ssl=1&resize=350%2C200","width":350,"height":200,"srcset":"https:\/\/i0.wp.com\/www.freidenker.org\/fw17\/wp-content\/uploads\/2022\/01\/LL-Demo_2022_800x450.jpg?fit=800%2C450&ssl=1&resize=350%2C200 1x, https:\/\/i0.wp.com\/www.freidenker.org\/fw17\/wp-content\/uploads\/2022\/01\/LL-Demo_2022_800x450.jpg?fit=800%2C450&ssl=1&resize=525%2C300 1.5x, https:\/\/i0.wp.com\/www.freidenker.org\/fw17\/wp-content\/uploads\/2022\/01\/LL-Demo_2022_800x450.jpg?fit=800%2C450&ssl=1&resize=700%2C400 2x"},"classes":[]}],"_links":{"self":[{"href":"https:\/\/www.freidenker.org\/index.php?rest_route=\/wp\/v2\/posts\/4113","targetHints":{"allow":["GET"]}}],"collection":[{"href":"https:\/\/www.freidenker.org\/index.php?rest_route=\/wp\/v2\/posts"}],"about":[{"href":"https:\/\/www.freidenker.org\/index.php?rest_route=\/wp\/v2\/types\/post"}],"author":[{"embeddable":true,"href":"https:\/\/www.freidenker.org\/index.php?rest_route=\/wp\/v2\/users\/3"}],"replies":[{"embeddable":true,"href":"https:\/\/www.freidenker.org\/index.php?rest_route=%2Fwp%2Fv2%2Fcomments&post=4113"}],"version-history":[{"count":0,"href":"https:\/\/www.freidenker.org\/index.php?rest_route=\/wp\/v2\/posts\/4113\/revisions"}],"wp:featuredmedia":[{"embeddable":true,"href":"https:\/\/www.freidenker.org\/index.php?rest_route=\/wp\/v2\/media\/4119"}],"wp:attachment":[{"href":"https:\/\/www.freidenker.org\/index.php?rest_route=%2Fwp%2Fv2%2Fmedia&parent=4113"}],"wp:term":[{"taxonomy":"category","embeddable":true,"href":"https:\/\/www.freidenker.org\/index.php?rest_route=%2Fwp%2Fv2%2Fcategories&post=4113"},{"taxonomy":"post_tag","embeddable":true,"href":"https:\/\/www.freidenker.org\/index.php?rest_route=%2Fwp%2Fv2%2Ftags&post=4113"}],"curies":[{"name":"wp","href":"https:\/\/api.w.org\/{rel}","templated":true}]}}