{"id":3880,"date":"2018-01-09T02:28:31","date_gmt":"2018-01-09T01:28:31","guid":{"rendered":"http:\/\/www.freidenker.org\/?p=3880"},"modified":"2018-01-17T17:20:14","modified_gmt":"2018-01-17T16:20:14","slug":"friedenswillen-der-bevoelkerung-staerke-der-friedensbewegung-notwendige-buendnisse-heute","status":"publish","type":"post","link":"https:\/\/www.freidenker.org\/?p=3880","title":{"rendered":"Freidenker im Gespr\u00e4ch \u2013 Notwendige B\u00fcndnisse heute"},"content":{"rendered":"<p>Der Landesverband Berlin l\u00e4dt ein zur<br \/>\n<strong>Berliner Runde \u2013 Freidenker im Gespr\u00e4ch<\/strong><\/p>\n<p>Zum Thema<\/p>\n<h5><strong>Friedenswillen der Bev\u00f6lkerung \u2013<br \/>\nSt\u00e4rke der Friedensbewegung<\/strong> <strong>\u2013<br \/>\nnotwendige B\u00fcndnisse heute<\/strong><\/h5>\n<p>begr\u00fc\u00dfen wir<\/p>\n<p><strong>Klaus Hartmann<\/strong><br \/>\nBundesvorsitzender des Deutschen Freidenker-Verbandes<\/p>\n<p><strong>Wann: Dienstag, den 16. Januar 2018, 16.00 Uhr<\/strong><\/p>\n<p><strong>Wo: ND-Geb\u00e4ude, Seminarraum 2<br \/>\nFranz-Mehring-Platz 1, <\/strong><strong>10243 Berlin<br \/>\n<\/strong>(S-Ostbahnhof oder U5-Weberwiese)<\/p>\n<p>&nbsp;<\/p>\n<p>Der Friedenswille in der bundesdeutschen Bev\u00f6lkerung ist ungebrochen. Damit er vertreten wird braucht es eine starke Friedensbewegung. \u201eNie wieder Krieg!\u201c ist vielerorts zu h\u00f6ren, aber zu leise, um sich gegen Kriegsgeschrei und Verleumdungen durchzusetzen. Wir konnten den \u201eT\u00fcr\u00f6ffner-Krieg\u201c gegen Jugoslawien nicht abwehren.<\/p>\n<p>Was hat in den Jahren ab 2014 ein breiteres Friedensb\u00fcndnis verhindert?<\/p>\n<p>F\u00fcr die Friedensbewegten steht seit dem faschistisch unterst\u00fctzten Putsch in der Ukraine ein B\u00fcndnis auf der Tagesordnung, das sich den wirklich wichtigen Friedensaufgaben widmet:<\/p>\n<p>Ramstein, B\u00fcchel, gegen US-Milit\u00e4rst\u00fctzpunkte, Anti-Drohnen-Bewegung, \u201eabr\u00fcsten statt aufr\u00fcsten\u201c, Deutschland raus aus der NATO \u2013 NATO raus aus Deutschland, weg mit Feindbildern, hin zum V\u00f6lkerrecht.<\/p>\n<p>Wenn diese Ziele anerkannt sind, wie steht es mit der \u00dcbereinstimmung \u00fcber den Weg? Wie steht es mit der Toleranz gegen\u00fcber anderen politischen Ans\u00e4tzen? Wie gelingt das Zusammenwirken mit anderen politischen Organisationen?<\/p>\n<p><i>Welches sind die n\u00e4chsten Schritte f\u00fcr ein breites B\u00fcndnis im Kampf f\u00fcr den Frieden? <\/i><\/p>\n<hr \/>\n<p>Bild: Friedenskranich &#8211; fotografiert beim <span class=\"text_small\">Bundesweiten Aktionstag der Friedensbewegung am 18. November 2017 <\/span>in Bremen<br \/>\n\u00a9 by arbeiterfotografie.com<\/p>\n<p>&nbsp;<\/p>\n","protected":false},"excerpt":{"rendered":"<p><strong>Berliner Runde \u2013 Freidenker im Gespr\u00e4ch mit Klaus Hartmann am 16. Januar 2018<\/strong><br \/>\nRamstein, B\u00fcchel, gegen US-Milit\u00e4r\u00adst\u00fctzpunkte, Anti-Drohnen-Bewegung, \u201eabr\u00fcsten statt aufr\u00fcsten\u201c, Deutschland raus aus der NATO \u2013 NATO raus aus Deutschland, weg mit Feindbildern, hin zum V\u00f6lkerrecht. Wenn diese Ziele anerkannt sind, wie steht es mit der \u00dcbereinstimmung \u00fcber den Weg? Wie steht es mit der Toleranz gegen\u00fcber anderen politischen Ans\u00e4t\u00adzen? Wie gelingt das Zusammenwirken mit anderen politischen Organisationen? Welches sind die n\u00e4chsten Schritte f\u00fcr ein breites B\u00fcndnis?<\/p>\n","protected":false},"author":3,"featured_media":3883,"comment_status":"closed","ping_status":"closed","sticky":false,"template":"","format":"standard","meta":{"colormag_page_container_layout":"default_layout","colormag_page_sidebar_layout":"default_layout","advanced_seo_description":"","jetpack_seo_html_title":"","jetpack_seo_noindex":false,"jetpack_post_was_ever_published":false,"footnotes":""},"categories":[19],"tags":[409,27,335,43],"class_list":["post-3880","post","type-post","status-publish","format-standard","has-post-thumbnail","hentry","category-veranstaltungen-in-den-dfv-landesverbaenden","tag-berlin","tag-deutscher-freidenker-verband","tag-frieden","tag-friedensbewegung"],"jetpack_featured_media_url":"https:\/\/i0.wp.com\/www.freidenker.org\/fw17\/wp-content\/uploads\/2018\/01\/33-2017-11-18-gmv-5888_800x445.jpg?fit=800%2C445&ssl=1","jetpack_shortlink":"https:\/\/wp.me\/p9stpK-10A","jetpack-related-posts":[{"id":3191,"url":"https:\/\/www.freidenker.org\/?p=3191","url_meta":{"origin":3880,"position":0},"title":"Den Krieg gegen Iran verhindern!","author":"Webredaktion","date":"13. September 2010","format":false,"excerpt":"Interview mit Klaus Hartmann aus: jW vom 03.09.2010 KH: Einen Schwerpunkt auf die Mobilisierung gegen den deutschen Kriegseinsatz in Afghanistan zu setzen, ist nicht verkehrt. Aber darf man dabei das st\u00e4ndige S\u00e4belrasseln der USA und Israels gegen Iran \u00fcbersehen oder bewu\u00dft ausblenden? Auch andere in der Friedensbewegung sind alarmiert, die\u2026","rel":"","context":"In &quot;Frieden - Antifaschismus - Solidarit\u00e4t&quot;","block_context":{"text":"Frieden - Antifaschismus - Solidarit\u00e4t","link":"https:\/\/www.freidenker.org\/?cat=13"},"img":{"alt_text":"","src":"https:\/\/i0.wp.com\/www.freidenker.org\/fw17\/wp-content\/uploads\/2010\/09\/globe-1029210_800x445.jpg?fit=800%2C445&ssl=1&resize=350%2C200","width":350,"height":200,"srcset":"https:\/\/i0.wp.com\/www.freidenker.org\/fw17\/wp-content\/uploads\/2010\/09\/globe-1029210_800x445.jpg?fit=800%2C445&ssl=1&resize=350%2C200 1x, https:\/\/i0.wp.com\/www.freidenker.org\/fw17\/wp-content\/uploads\/2010\/09\/globe-1029210_800x445.jpg?fit=800%2C445&ssl=1&resize=525%2C300 1.5x, https:\/\/i0.wp.com\/www.freidenker.org\/fw17\/wp-content\/uploads\/2010\/09\/globe-1029210_800x445.jpg?fit=800%2C445&ssl=1&resize=700%2C400 2x"},"classes":[]},{"id":3018,"url":"https:\/\/www.freidenker.org\/?p=3018","url_meta":{"origin":3880,"position":1},"title":"Freidenker-Brief 2-2015: Breitseiten gegen die Friedensbewegung","author":"Webredaktion","date":"17. Februar 2015","format":false,"excerpt":"Der Vorsitzende des Deutschen Freidenker-Verbands, Klaus Hartmann, analysiert im n\u00e4chsten \u201eFreidenker\u201c (Nr. 1-2015) den Zustand der Friedensbewegung. Der Artikel schlie\u00dft mit den Worten: \u201eWir bekr\u00e4ftigen die Feststellung Eugen Drewermanns \u201aDer wichtigste Beitrag zur Friedenspolitik lautet: Raus aus der NATO!\u2018 Wir arbeiten und demonstrieren mit allen zusammen, die auch am 8.\u2026","rel":"","context":"In &quot;Freidenker-Brief&quot;","block_context":{"text":"Freidenker-Brief","link":"https:\/\/www.freidenker.org\/?cat=341"},"img":{"alt_text":"","src":"https:\/\/i0.wp.com\/www.freidenker.org\/fw17\/wp-content\/uploads\/2015\/02\/peace-dove-588081_800x445.jpg?fit=800%2C445&ssl=1&resize=350%2C200","width":350,"height":200,"srcset":"https:\/\/i0.wp.com\/www.freidenker.org\/fw17\/wp-content\/uploads\/2015\/02\/peace-dove-588081_800x445.jpg?fit=800%2C445&ssl=1&resize=350%2C200 1x, https:\/\/i0.wp.com\/www.freidenker.org\/fw17\/wp-content\/uploads\/2015\/02\/peace-dove-588081_800x445.jpg?fit=800%2C445&ssl=1&resize=525%2C300 1.5x, https:\/\/i0.wp.com\/www.freidenker.org\/fw17\/wp-content\/uploads\/2015\/02\/peace-dove-588081_800x445.jpg?fit=800%2C445&ssl=1&resize=700%2C400 2x"},"classes":[]},{"id":4209,"url":"https:\/\/www.freidenker.org\/?p=4209","url_meta":{"origin":3880,"position":2},"title":"Video: Klaus Hartmann im Kreuzverh\u00f6r bei Dr. Seltsam 2018","author":"Webredaktion","date":"25. Januar 2018","format":false,"excerpt":"Klaus Hartmann bei Dr. Seltam am 14.01.2018 in Berlin Realsatire \u2013 auch wenn die Lage ernst ist... Was war (2017) und was ist los in der Welt? Was ist los in der Friedensbewegung? Ziele, B\u00fcndnisse und St\u00f6rman\u00f6ver, Spaltungsversuche. Der Vorsitzende des Deutschen Freidenker-Verbandes, Klaus Hartmann, steht f\u00fcr ebenso glasklare wie\u2026","rel":"","context":"In &quot;Demokratie \u2013 Medien \u2013 Aufkl\u00e4rung&quot;","block_context":{"text":"Demokratie \u2013 Medien \u2013 Aufkl\u00e4rung","link":"https:\/\/www.freidenker.org\/?cat=12"},"img":{"alt_text":"","src":"https:\/\/i0.wp.com\/www.freidenker.org\/fw17\/wp-content\/uploads\/2018\/01\/dr-seltsam_2018_af-video.jpg?fit=800%2C445&ssl=1&resize=350%2C200","width":350,"height":200,"srcset":"https:\/\/i0.wp.com\/www.freidenker.org\/fw17\/wp-content\/uploads\/2018\/01\/dr-seltsam_2018_af-video.jpg?fit=800%2C445&ssl=1&resize=350%2C200 1x, https:\/\/i0.wp.com\/www.freidenker.org\/fw17\/wp-content\/uploads\/2018\/01\/dr-seltsam_2018_af-video.jpg?fit=800%2C445&ssl=1&resize=525%2C300 1.5x, https:\/\/i0.wp.com\/www.freidenker.org\/fw17\/wp-content\/uploads\/2018\/01\/dr-seltsam_2018_af-video.jpg?fit=800%2C445&ssl=1&resize=700%2C400 2x"},"classes":[]},{"id":18125,"url":"https:\/\/www.freidenker.org\/?p=18125","url_meta":{"origin":3880,"position":3},"title":"Gemeinsam f\u00fcr den Frieden","author":"Webredaktion","date":"10. Februar 2024","format":false,"excerpt":"Video-Interview von\u00a0Dr. Diether Dehm\u00a0mit\u00a0Dr. Mona Aranea \u00dcber die Partei dieBasis und die Wichtigkeit breiter B\u00fcndnisse f\u00fcr den Frieden . Dr. Aranea: \"Ich glaube wir m\u00fcssen gerade in der Friedensfrage aber auch in der Frage der C*-Aufarbeitung \u00fcber Parteigrenzen hinweg, lager\u00fcbergreifend zusammenarbeiten.\"","rel":"","context":"In &quot;Frieden - Antifaschismus - Solidarit\u00e4t&quot;","block_context":{"text":"Frieden - Antifaschismus - Solidarit\u00e4t","link":"https:\/\/www.freidenker.org\/?cat=13"},"img":{"alt_text":"","src":"https:\/\/i0.wp.com\/www.freidenker.org\/fw17\/wp-content\/uploads\/2024\/02\/Dehm_Aranea_Moats_800x450.jpg?fit=800%2C450&ssl=1&resize=350%2C200","width":350,"height":200,"srcset":"https:\/\/i0.wp.com\/www.freidenker.org\/fw17\/wp-content\/uploads\/2024\/02\/Dehm_Aranea_Moats_800x450.jpg?fit=800%2C450&ssl=1&resize=350%2C200 1x, https:\/\/i0.wp.com\/www.freidenker.org\/fw17\/wp-content\/uploads\/2024\/02\/Dehm_Aranea_Moats_800x450.jpg?fit=800%2C450&ssl=1&resize=525%2C300 1.5x, https:\/\/i0.wp.com\/www.freidenker.org\/fw17\/wp-content\/uploads\/2024\/02\/Dehm_Aranea_Moats_800x450.jpg?fit=800%2C450&ssl=1&resize=700%2C400 2x"},"classes":[]},{"id":3020,"url":"https:\/\/www.freidenker.org\/?p=3020","url_meta":{"origin":3880,"position":4},"title":"Passend zur Kriegszeit: Breitseiten gegen die Friedensbewegung","author":"Webredaktion","date":"15. Februar 2015","format":false,"excerpt":"Beitrag von Klaus Hartmann, sp\u00e4ter ver\u00f6ffentlicht in FREIDENKER 1-15 Die Bedrohung des Weltfriedens ist mit der NATO-Aggression in der Ukraine und der psychologischen Kriegsf\u00fchrung gegen Russland erheblich gewachsen. Die Aktions- und Mobilisierungsf\u00e4higkeit der Friedensbewegung ist der Bedrohung v\u00f6llig unangemessen. Als mit den \u201eMontagsmahnwachen f\u00fcr den Frieden\u201c nach Beginn der Ukraine-Krise\u2026","rel":"","context":"In &quot;Frieden - Antifaschismus - Solidarit\u00e4t&quot;","block_context":{"text":"Frieden - Antifaschismus - Solidarit\u00e4t","link":"https:\/\/www.freidenker.org\/?cat=13"},"img":{"alt_text":"","src":"https:\/\/i0.wp.com\/www.freidenker.org\/fw17\/wp-content\/uploads\/2015\/02\/klartext_2014-12-13-rt-0042_800x445.jpg?fit=800%2C445&ssl=1&resize=350%2C200","width":350,"height":200,"srcset":"https:\/\/i0.wp.com\/www.freidenker.org\/fw17\/wp-content\/uploads\/2015\/02\/klartext_2014-12-13-rt-0042_800x445.jpg?fit=800%2C445&ssl=1&resize=350%2C200 1x, https:\/\/i0.wp.com\/www.freidenker.org\/fw17\/wp-content\/uploads\/2015\/02\/klartext_2014-12-13-rt-0042_800x445.jpg?fit=800%2C445&ssl=1&resize=525%2C300 1.5x, https:\/\/i0.wp.com\/www.freidenker.org\/fw17\/wp-content\/uploads\/2015\/02\/klartext_2014-12-13-rt-0042_800x445.jpg?fit=800%2C445&ssl=1&resize=700%2C400 2x"},"classes":[]},{"id":10927,"url":"https:\/\/www.freidenker.org\/?p=10927","url_meta":{"origin":3880,"position":5},"title":"Vern\u00fcnftiges Denken gegen Kriegshetze und Bewusstseinssteuerung","author":"Webredaktion","date":"30. Juli 2021","format":false,"excerpt":"Interview der UZ mit Sebastian Bahlo und Klaus Hartmann ... Sebastian Bahlo: Der Name Freidenker war fr\u00fcher eine Selbstbezeichnung f\u00fcr Atheisten. Mitglieder und Inte\u00adressenten wollen Freies Denken heute in einem erweiterten Sinne verstehen: rationales Denken, das sich auf nachpr\u00fcfbare Evidenz, auf Logik statt auf Scheinlogik st\u00fctzt und sich seine Grundannahmen\u2026","rel":"","context":"In &quot;Demokratie \u2013 Medien \u2013 Aufkl\u00e4rung&quot;","block_context":{"text":"Demokratie \u2013 Medien \u2013 Aufkl\u00e4rung","link":"https:\/\/www.freidenker.org\/?cat=12"},"img":{"alt_text":"","src":"https:\/\/i0.wp.com\/www.freidenker.org\/fw17\/wp-content\/uploads\/2021\/07\/bahlo_hartmann_marx_uz_800x445.jpg?fit=800%2C445&ssl=1&resize=350%2C200","width":350,"height":200,"srcset":"https:\/\/i0.wp.com\/www.freidenker.org\/fw17\/wp-content\/uploads\/2021\/07\/bahlo_hartmann_marx_uz_800x445.jpg?fit=800%2C445&ssl=1&resize=350%2C200 1x, https:\/\/i0.wp.com\/www.freidenker.org\/fw17\/wp-content\/uploads\/2021\/07\/bahlo_hartmann_marx_uz_800x445.jpg?fit=800%2C445&ssl=1&resize=525%2C300 1.5x, https:\/\/i0.wp.com\/www.freidenker.org\/fw17\/wp-content\/uploads\/2021\/07\/bahlo_hartmann_marx_uz_800x445.jpg?fit=800%2C445&ssl=1&resize=700%2C400 2x"},"classes":[]}],"_links":{"self":[{"href":"https:\/\/www.freidenker.org\/index.php?rest_route=\/wp\/v2\/posts\/3880","targetHints":{"allow":["GET"]}}],"collection":[{"href":"https:\/\/www.freidenker.org\/index.php?rest_route=\/wp\/v2\/posts"}],"about":[{"href":"https:\/\/www.freidenker.org\/index.php?rest_route=\/wp\/v2\/types\/post"}],"author":[{"embeddable":true,"href":"https:\/\/www.freidenker.org\/index.php?rest_route=\/wp\/v2\/users\/3"}],"replies":[{"embeddable":true,"href":"https:\/\/www.freidenker.org\/index.php?rest_route=%2Fwp%2Fv2%2Fcomments&post=3880"}],"version-history":[{"count":0,"href":"https:\/\/www.freidenker.org\/index.php?rest_route=\/wp\/v2\/posts\/3880\/revisions"}],"wp:featuredmedia":[{"embeddable":true,"href":"https:\/\/www.freidenker.org\/index.php?rest_route=\/wp\/v2\/media\/3883"}],"wp:attachment":[{"href":"https:\/\/www.freidenker.org\/index.php?rest_route=%2Fwp%2Fv2%2Fmedia&parent=3880"}],"wp:term":[{"taxonomy":"category","embeddable":true,"href":"https:\/\/www.freidenker.org\/index.php?rest_route=%2Fwp%2Fv2%2Fcategories&post=3880"},{"taxonomy":"post_tag","embeddable":true,"href":"https:\/\/www.freidenker.org\/index.php?rest_route=%2Fwp%2Fv2%2Ftags&post=3880"}],"curies":[{"name":"wp","href":"https:\/\/api.w.org\/{rel}","templated":true}]}}