{"id":3877,"date":"2018-01-09T01:11:11","date_gmt":"2018-01-09T00:11:11","guid":{"rendered":"http:\/\/www.freidenker.org\/?p=3877"},"modified":"2018-02-18T13:18:53","modified_gmt":"2018-02-18T12:18:53","slug":"die-welt-und-der-rest-klaus-hartmann-bei-dr-seltsam","status":"publish","type":"post","link":"https:\/\/www.freidenker.org\/?p=3877","title":{"rendered":"Die Welt und der Rest \u2013 Klaus Hartmann bei Dr. Seltsam"},"content":{"rendered":"<p>Schon Tradition am Sonntag nach der LL-Demo und dem Gang zu den Gr\u00e4bern von Karl und Rosa:<\/p>\n<h5>Dr. Seltsam zum Kreuzverh\u00f6r:<\/h5>\n<h5>Der Kabarettist trifft <strong>Klaus Hartmann<\/strong>,<br \/>\nBundesvorsitzender des Deutschen Freidenker-Verbandes<\/h5>\n<h3><strong>Die Welt und der Rest<\/strong><\/h3>\n<p>Sonntag, 14. Januar 2018, 14 Uhr<\/p>\n<p>im Brauhaus am S\u00fcdstern<br \/>\nHasenheide 69, 10967 Berlin-Kreuzberg<\/p>\n<p>U-Bahnhof S\u00fcdstern (U7 Rathaus Spandau \u2013 Rudow)<\/p>\n<hr \/>\n<p>Foto: Klaus Hartmann bei Dr. Seltsam am 15.01.2017, \u00a9 by arbeiterfotografie.com (Video-Screenshot)<br \/>\nQuelle: https:\/\/www.youtube.com\/watch?v=2LrYWPkP3jM<\/p>\n<p>&nbsp;<\/p>\n","protected":false},"excerpt":{"rendered":"<p><strong>Veranstaltungshinweis<\/strong><br \/>\nDr. Seltsam zum Kreuzverh\u00f6r: Der Kabarettist trifft Klaus Hartmann, Bundesvorsitzender des Deutschen Freidenker-Verbandes<br \/>\nSonntag, 14. Januar 2018, 14 Uhr, im Brauhaus am S\u00fcdstern, Hasenheide 69, 10967 Berlin-Kreuzberg <\/p>\n","protected":false},"author":3,"featured_media":3878,"comment_status":"closed","ping_status":"closed","sticky":false,"template":"","format":"standard","meta":{"colormag_page_container_layout":"default_layout","colormag_page_sidebar_layout":"default_layout","advanced_seo_description":"","jetpack_seo_html_title":"","jetpack_seo_noindex":false,"jetpack_post_was_ever_published":false,"footnotes":""},"categories":[20],"tags":[911,335,61,948],"class_list":["post-3877","post","type-post","status-publish","format-standard","has-post-thumbnail","hentry","category-zentrale-veranstaltungen","tag-dr-seltsam","tag-frieden","tag-klaus-hartmann","tag-weltlage"],"jetpack_featured_media_url":"https:\/\/i0.wp.com\/www.freidenker.org\/fw17\/wp-content\/uploads\/2018\/01\/dr-seltsam_k-hartmann_2017_800x445.jpg?fit=800%2C445&ssl=1","jetpack_shortlink":"https:\/\/wp.me\/p9stpK-10x","jetpack-related-posts":[{"id":4209,"url":"https:\/\/www.freidenker.org\/?p=4209","url_meta":{"origin":3877,"position":0},"title":"Video: Klaus Hartmann im Kreuzverh\u00f6r bei Dr. Seltsam 2018","author":"Webredaktion","date":"25. Januar 2018","format":false,"excerpt":"Klaus Hartmann bei Dr. Seltam am 14.01.2018 in Berlin Realsatire \u2013 auch wenn die Lage ernst ist... Was war (2017) und was ist los in der Welt? Was ist los in der Friedensbewegung? Ziele, B\u00fcndnisse und St\u00f6rman\u00f6ver, Spaltungsversuche. Der Vorsitzende des Deutschen Freidenker-Verbandes, Klaus Hartmann, steht f\u00fcr ebenso glasklare wie\u2026","rel":"","context":"In &quot;Demokratie \u2013 Medien \u2013 Aufkl\u00e4rung&quot;","block_context":{"text":"Demokratie \u2013 Medien \u2013 Aufkl\u00e4rung","link":"https:\/\/www.freidenker.org\/?cat=12"},"img":{"alt_text":"","src":"https:\/\/i0.wp.com\/www.freidenker.org\/fw17\/wp-content\/uploads\/2018\/01\/dr-seltsam_2018_af-video.jpg?fit=800%2C445&ssl=1&resize=350%2C200","width":350,"height":200,"srcset":"https:\/\/i0.wp.com\/www.freidenker.org\/fw17\/wp-content\/uploads\/2018\/01\/dr-seltsam_2018_af-video.jpg?fit=800%2C445&ssl=1&resize=350%2C200 1x, https:\/\/i0.wp.com\/www.freidenker.org\/fw17\/wp-content\/uploads\/2018\/01\/dr-seltsam_2018_af-video.jpg?fit=800%2C445&ssl=1&resize=525%2C300 1.5x, https:\/\/i0.wp.com\/www.freidenker.org\/fw17\/wp-content\/uploads\/2018\/01\/dr-seltsam_2018_af-video.jpg?fit=800%2C445&ssl=1&resize=700%2C400 2x"},"classes":[]},{"id":17939,"url":"https:\/\/www.freidenker.org\/?p=17939","url_meta":{"origin":3877,"position":1},"title":"Galerie: Lieder und Gespr\u00e4che \u00fcber die Welt, den Krieg, die Demokratie","author":"Webredaktion","date":"22. Januar 2024","format":false,"excerpt":"Bericht der Webredaktion Nach der Demonstration und dem Gang zu den Gr\u00e4bern von Rosa und Karl war es in den vergangenen Jahren Tradition, zu einer kulturellen und Diskussionsveranstaltung der Freidenker einzuladen, die meist von Dr. Seltsam (z.B. im Brauhaus S\u00fcdstern) mit dem Musiker Detlev K. und Klaus Hartmann \"im Kreuzverh\u00f6r\"\u2026","rel":"","context":"In &quot;Kultur &amp; Kunst&quot;","block_context":{"text":"Kultur &amp; Kunst","link":"https:\/\/www.freidenker.org\/?cat=913"},"img":{"alt_text":"","src":"https:\/\/i0.wp.com\/www.freidenker.org\/fw17\/wp-content\/uploads\/2024\/01\/cafe_sybille_2024_800x450.jpg?fit=800%2C450&ssl=1&resize=350%2C200","width":350,"height":200,"srcset":"https:\/\/i0.wp.com\/www.freidenker.org\/fw17\/wp-content\/uploads\/2024\/01\/cafe_sybille_2024_800x450.jpg?fit=800%2C450&ssl=1&resize=350%2C200 1x, https:\/\/i0.wp.com\/www.freidenker.org\/fw17\/wp-content\/uploads\/2024\/01\/cafe_sybille_2024_800x450.jpg?fit=800%2C450&ssl=1&resize=525%2C300 1.5x, https:\/\/i0.wp.com\/www.freidenker.org\/fw17\/wp-content\/uploads\/2024\/01\/cafe_sybille_2024_800x450.jpg?fit=800%2C450&ssl=1&resize=700%2C400 2x"},"classes":[]},{"id":1487,"url":"https:\/\/www.freidenker.org\/?p=1487","url_meta":{"origin":3877,"position":2},"title":"Bildung ist Menschenrecht","author":"Webredaktion","date":"5. September 2009","format":false,"excerpt":"Buchver\u00f6ffentlichung im Eigenverlag des Deutschen Freidenker-Verbandes e.V. Materialien der Konferenz \"Bildung ist Menschenrecht\" am 4. Oktober 2008 in Erfurt und weitere Beitr\u00e4ge zum Thema Mit Beitr\u00e4gen von Klaus Hartmann, Cornelia Hirsch (MdB), Gottfried Schunke, Witold Fischer, Waltraut Roth, Frank Bauer, Rainer Rupp, Prof. Dr. Horst Schneider, Henrik Volkert, Heike D\u00f6bler,\u2026","rel":"","context":"In &quot;B\u00fccher des Verbandes&quot;","block_context":{"text":"B\u00fccher des Verbandes","link":"https:\/\/www.freidenker.org\/?cat=5"},"img":{"alt_text":"","src":"https:\/\/i0.wp.com\/www.freidenker.org\/fw17\/wp-content\/uploads\/2017\/12\/FD_Buch_2009_Bildung.jpg?fit=800%2C445&ssl=1&resize=350%2C200","width":350,"height":200,"srcset":"https:\/\/i0.wp.com\/www.freidenker.org\/fw17\/wp-content\/uploads\/2017\/12\/FD_Buch_2009_Bildung.jpg?fit=800%2C445&ssl=1&resize=350%2C200 1x, https:\/\/i0.wp.com\/www.freidenker.org\/fw17\/wp-content\/uploads\/2017\/12\/FD_Buch_2009_Bildung.jpg?fit=800%2C445&ssl=1&resize=525%2C300 1.5x, https:\/\/i0.wp.com\/www.freidenker.org\/fw17\/wp-content\/uploads\/2017\/12\/FD_Buch_2009_Bildung.jpg?fit=800%2C445&ssl=1&resize=700%2C400 2x"},"classes":[]},{"id":4126,"url":"https:\/\/www.freidenker.org\/?p=4126","url_meta":{"origin":3877,"position":3},"title":"Galerie: Freidenker auf der Rosa-Luxemburg-Konferenz 2018","author":"Webredaktion","date":"15. Januar 2018","format":false,"excerpt":"An der XXIII. Internationalen Rosa-Luxemburg-Konferenz (RLK), die am 13. Januar 2018 in Berlin stattfand, nahmen mehr als 2.700 G\u00e4ste teil, darunter nat\u00fcrlich auch viele Mitglieder des Deutschen Freidenker-Verbandes. Die Moderatoren der Konferenz, die S\u00e4ngerin Gina Pietsch und der Kabarettist Dr. Seltsam, erl\u00e4uterten eingangs deren Motto: \u00bbAmandla! Awethu! \u2013 Alle Macht\u2026","rel":"","context":"In &quot;Zentrale Veranstaltungen&quot;","block_context":{"text":"Zentrale Veranstaltungen","link":"https:\/\/www.freidenker.org\/?cat=20"},"img":{"alt_text":"","src":"https:\/\/i0.wp.com\/www.freidenker.org\/fw17\/wp-content\/uploads\/2018\/01\/RLK_2018_800x445.jpg?fit=800%2C445&ssl=1&resize=350%2C200","width":350,"height":200,"srcset":"https:\/\/i0.wp.com\/www.freidenker.org\/fw17\/wp-content\/uploads\/2018\/01\/RLK_2018_800x445.jpg?fit=800%2C445&ssl=1&resize=350%2C200 1x, https:\/\/i0.wp.com\/www.freidenker.org\/fw17\/wp-content\/uploads\/2018\/01\/RLK_2018_800x445.jpg?fit=800%2C445&ssl=1&resize=525%2C300 1.5x, https:\/\/i0.wp.com\/www.freidenker.org\/fw17\/wp-content\/uploads\/2018\/01\/RLK_2018_800x445.jpg?fit=800%2C445&ssl=1&resize=700%2C400 2x"},"classes":[]},{"id":20589,"url":"https:\/\/www.freidenker.org\/?p=20589","url_meta":{"origin":3877,"position":4},"title":"\u00dcber die Welt, den Weltkrieg, den Weltfrieden","author":"Webredaktion","date":"27. Dezember 2024","format":false,"excerpt":"Einladung Schon Tradition am Sonntag nach der LL-Demo und dem Gang zu den Gr\u00e4bern von Rosa und Karl: \u00dcber die Welt, den Weltkrieg, den Weltfrieden Gespr\u00e4che, Texte, Lieder mit Patrik Baab, Klaus Hartmann, Diether Dehm und Welislawa & Michael Letz Sonntag, 12. Januar 2025, 14 Uhr im Caf\u00e9 Sibylle, Karl-Marx-Alle\u2026","rel":"","context":"In &quot;Frieden - Antifaschismus - Solidarit\u00e4t&quot;","block_context":{"text":"Frieden - Antifaschismus - Solidarit\u00e4t","link":"https:\/\/www.freidenker.org\/?cat=13"},"img":{"alt_text":"","src":"https:\/\/i0.wp.com\/www.freidenker.org\/fw17\/wp-content\/uploads\/2024\/12\/Sibylle_2025_800x450.jpg?fit=800%2C450&ssl=1&resize=350%2C200","width":350,"height":200,"srcset":"https:\/\/i0.wp.com\/www.freidenker.org\/fw17\/wp-content\/uploads\/2024\/12\/Sibylle_2025_800x450.jpg?fit=800%2C450&ssl=1&resize=350%2C200 1x, https:\/\/i0.wp.com\/www.freidenker.org\/fw17\/wp-content\/uploads\/2024\/12\/Sibylle_2025_800x450.jpg?fit=800%2C450&ssl=1&resize=525%2C300 1.5x, https:\/\/i0.wp.com\/www.freidenker.org\/fw17\/wp-content\/uploads\/2024\/12\/Sibylle_2025_800x450.jpg?fit=800%2C450&ssl=1&resize=700%2C400 2x"},"classes":[]},{"id":17813,"url":"https:\/\/www.freidenker.org\/?p=17813","url_meta":{"origin":3877,"position":5},"title":"Lieder und Gespr\u00e4che \u00fcber die Welt, den Krieg, die Demokratie","author":"Webredaktion","date":"10. Januar 2024","format":false,"excerpt":"Einladung Schon Tradition am Sonntag nach der LL-Demo und dem Gang zu den Gr\u00e4bern von Karl und Rosa: Lieder und Gespr\u00e4che \u00fcber die Welt, den Krieg, die Demokratie L\u00e4sterliche Ges\u00e4nge von Diether Dehm mit Michael Letz am Piano und im Gespr\u00e4ch mit Klaus Hartmann, Gina Pietsch und Rainer Rupp Sonntag,\u2026","rel":"","context":"In &quot;Kultur &amp; Kunst&quot;","block_context":{"text":"Kultur &amp; Kunst","link":"https:\/\/www.freidenker.org\/?cat=913"},"img":{"alt_text":"","src":"https:\/\/i0.wp.com\/www.freidenker.org\/fw17\/wp-content\/uploads\/2024\/01\/Lieder-und-Gespraeche.jpg?fit=796%2C456&ssl=1&resize=350%2C200","width":350,"height":200,"srcset":"https:\/\/i0.wp.com\/www.freidenker.org\/fw17\/wp-content\/uploads\/2024\/01\/Lieder-und-Gespraeche.jpg?fit=796%2C456&ssl=1&resize=350%2C200 1x, https:\/\/i0.wp.com\/www.freidenker.org\/fw17\/wp-content\/uploads\/2024\/01\/Lieder-und-Gespraeche.jpg?fit=796%2C456&ssl=1&resize=525%2C300 1.5x, https:\/\/i0.wp.com\/www.freidenker.org\/fw17\/wp-content\/uploads\/2024\/01\/Lieder-und-Gespraeche.jpg?fit=796%2C456&ssl=1&resize=700%2C400 2x"},"classes":[]}],"_links":{"self":[{"href":"https:\/\/www.freidenker.org\/index.php?rest_route=\/wp\/v2\/posts\/3877","targetHints":{"allow":["GET"]}}],"collection":[{"href":"https:\/\/www.freidenker.org\/index.php?rest_route=\/wp\/v2\/posts"}],"about":[{"href":"https:\/\/www.freidenker.org\/index.php?rest_route=\/wp\/v2\/types\/post"}],"author":[{"embeddable":true,"href":"https:\/\/www.freidenker.org\/index.php?rest_route=\/wp\/v2\/users\/3"}],"replies":[{"embeddable":true,"href":"https:\/\/www.freidenker.org\/index.php?rest_route=%2Fwp%2Fv2%2Fcomments&post=3877"}],"version-history":[{"count":0,"href":"https:\/\/www.freidenker.org\/index.php?rest_route=\/wp\/v2\/posts\/3877\/revisions"}],"wp:featuredmedia":[{"embeddable":true,"href":"https:\/\/www.freidenker.org\/index.php?rest_route=\/wp\/v2\/media\/3878"}],"wp:attachment":[{"href":"https:\/\/www.freidenker.org\/index.php?rest_route=%2Fwp%2Fv2%2Fmedia&parent=3877"}],"wp:term":[{"taxonomy":"category","embeddable":true,"href":"https:\/\/www.freidenker.org\/index.php?rest_route=%2Fwp%2Fv2%2Fcategories&post=3877"},{"taxonomy":"post_tag","embeddable":true,"href":"https:\/\/www.freidenker.org\/index.php?rest_route=%2Fwp%2Fv2%2Ftags&post=3877"}],"curies":[{"name":"wp","href":"https:\/\/api.w.org\/{rel}","templated":true}]}}