{"id":378,"date":"2010-02-26T16:19:48","date_gmt":"2010-02-26T15:19:48","guid":{"rendered":"http:\/\/www.freidenker.org\/fw17\/?p=378"},"modified":"2017-12-27T23:58:23","modified_gmt":"2017-12-27T22:58:23","slug":"fuer-frieden-und-demokratie-freidenker-und-muslime","status":"publish","type":"post","link":"https:\/\/www.freidenker.org\/?p=378","title":{"rendered":"F\u00fcr Frieden und Demokratie: Freidenker und Muslime"},"content":{"rendered":"<p><strong>Der Imam\u00a0der Frankfurter Fatima Zehra Moschee, <\/strong><strong>Hudschat-ul-Islam Sabahattin T\u00fcrky\u0131lmaz, wurde Opfer einer\u00a0unerh\u00f6rten\u00a0Hetzkampagne der pro-zionistischen Kriegslobby. Am 21. Februar trat er zur\u00fcck, um, wie\u00a0er in seiner <\/strong><a href=\"http:\/\/freitagskanzel.wordpress.com\/2010\/02\/21\/offentliche-erklarung-von-hudschat-ul-islam-sabahattin-turkyilmaz-zu-den-gegen-ihn-erhobenen-vorwurfen-im-zusammenhang-mit-der-fatima-zehra-moschee-in-frankfurt\/\" target=\"_blank\" rel=\"noopener\"><strong>Erkl\u00e4rung<\/strong><\/a><strong> betont, die\u00a0Gemeinde, die Moschee,\u00a0die\u00a0beteiligten Familien, die Muslime der Stadt und den &#8222;wenn auch nunmehr besch\u00e4digten&#8220; Dialog vor weiterem Schaden zu bewahren.<\/strong> <strong>Der Bundesvorsitzende des Deutschen Freidenkerverbands, Klaus Hartmann, schrieb ihm am 24. Februar:\u00a0<\/strong><\/p>\n<p>Sehr geehrter Herr T\u00fcrkyilmaz,<\/p>\n<p>gestatten Sie, dass ich Ihnen meine Solidarit\u00e4t und Sympathie ausdr\u00fccke.<\/p>\n<p>Zun\u00e4chst m\u00f6chte ich klarstellen, dass ich keiner Religion oder Konfession angeh\u00f6re, sondern \u201cim Gegenteil\u201d dem Deutschen Freidenker-Verband, dessen Bundesvorsitzender ich bin. Wir propagieren eine weltliche und wissenschaftliche Weltanschauung, zugleich respektieren und achten wir gl\u00e4ubige Menschen. Wir suchen mit ihnen den Dialog und die Zusammenarbeit.<\/p>\n<p>Wie der Name meiner Organisation schon nahelegt, treten wir daf\u00fcr ein, dass freie Gedanken auch frei ge\u00e4u\u00dfert werden k\u00f6nnen, dass wir keine Vorurteile, Dogmen und Tabus akzeptieren.<br \/>\nDie mediale Hetzkampagne der letzten Tage, insbesondere gegen Sie pers\u00f6nlich, ist schwer ertr\u00e4glich. Sie legt aber auch ein beredtes Zeugnis ab, wie es mit Demokratie und Meinungsfreiheit in diesem Land bestellt ist, dessen Regierung sich anma\u00dft, anderen L\u00e4ndern Lektionen in Sachen Demokratie und Menschenrechte zu erteilen.<\/p>\n<p>Umso mehr bedauere ich die Entscheidung der Hazrat Fatima Moschee, der Hetzkampagne nachzugeben. Wenn als Grund daf\u00fcr Ihre Freitagspredigt vom 18. September 2009 angef\u00fchrt wird, m\u00f6chte ich die kritisierten Passagen ausdr\u00fccklich unterst\u00fctzen und hinzuf\u00fcgen:<br \/>\nNicht nur Muslime d\u00fcrfen nicht dazu schweigen, dass Pal\u00e4stina unter Besatzung und Unterdr\u00fcckung leidet, dass die Imperialisten Afghanistan und Irak besetzt haben.<\/p>\n<p>Ihre Aussage findet meine vollinhaltliche Unterst\u00fctzung:<br \/>\n\u201cWir wehren uns gegen jede Art von Ungerechtigkeit und Unterdr\u00fcckung. Wir wollen, dass \u00fcberall auf der Erde Frieden herrscht und niemand unter Unterdr\u00fcckung und Besatzung leben muss, egal ob Muslim oder andersgl\u00e4ubig. Jedoch sehen wir, dass es immer die Muslime sind, die unterdr\u00fcckt werden. Der Quds-Tag ist im wahrsten Sinne ein Tag gegen die Unterdr\u00fcckung, Besatzung und Ausbeutung.\u201d<br \/>\nDies gilt auch f\u00fcr die S\u00e4tze: \u201cM\u00f6ge Allah alle Entrechteten und Unterdr\u00fcckten V\u00f6lker aus den H\u00e4nden der Imperialisten und Besatzer befreien \u2013 M\u00f6ge Allah das besetzte Pal\u00e4stina aus den H\u00e4nden der Zionisten befreien.\u201d<\/p>\n<p>Wer kann an diesen -gem\u00e4\u00df V\u00f6lkerrecht!- selbstverst\u00e4ndlichen Positionen Ansto\u00df nehmen? Hingegen werden Sie von mir kein Bekenntnis zum \u201cExistenzrecht Israels\u201d, was angeblich \u201cdeutsche Staatsraison\u201d sei, zu h\u00f6ren bekommen. Diese Formel ist infam und verlangt die Anerkennung Israels als \u201cj\u00fcdischer Staat\u201d \u2013 also von zionistischem Rassismus und Apartheid. Niemals! Jederzeit Anerkennung der Existenz Israels, verbunden mit der Forderung nach gleichen Rechten f\u00fcr alle Menschen in Pal\u00e4stina! Wie in S\u00fcdafrika, wird auch das zionistische Apartheid-System untergehen.<\/p>\n<p>Ich weise mit Ihnen die infame Gleichsetzung von Israel-Kritik und Anti-Zionismus mit Antisemitismus entscheiden zur\u00fcck. Darin bin ich mir mit einer gro\u00dfen Zahl j\u00fcdischer Freunde einig. Diese Gleichsetzung soll jede Kritik an israelischen Verbrechen und am zionistischen Rassismus mundtod machen. Sie soll ein Klima schaffen, in dem die imperialistischen Kriege hingenommen werden. Zu diesem Zweck wird in diesem Land auch eine beispiellose rassistische islamophobe Kampagne gesteuert.<br \/>\nDer Islamophobie entkommt man nicht durch die infame Forderung des Herrn Turgut Y\u00fcksel nach Distanzierung von der Al Quds-Demonstration.<\/p>\n<p>Es ist an der Zeit, dass Deutsche und besonders \u201cintegrierte\u201d Ausl\u00e4nder begreifen: Widerstand gegen v\u00f6lkerrechtswidrige Kriege und Besatzung nicht nur eine \u201cM\u00f6glichkeit\u201d, sondern f\u00fcr alle rechtlich denkenden Menschen geboten, ja, f\u00fcr die Verteidiger des V\u00f6lkerrechts ausdr\u00fccklich eine Pflicht. Das fordert m\u00f6glicherweise der Koran, auf jeden Fall fordert es die UN-Charta!<\/p>\n<p>Bisher hatte ich noch nie an einer Al Quds-Demonstration teilgenommen. Angesichts der j\u00fcngsten Gehirnw\u00e4sche-Kampagne scheint mir die Demonstrationsteilnahme ein gutes Gegengift zu sein.<br \/>\nIch w\u00fcnsche Ihnen alles Gute, weiterhin viel Kraft und Mut zum aufrechten Gang!<\/p>\n<p>Solidarische Gr\u00fc\u00dfe<\/p>\n<p>Klaus Hartmann<\/p>\n<hr \/>\n<p>Bild: https:\/\/pixabay.com\/de\/users\/tiburi-2851152\/ Tibor Janosi Mozes<\/p>\n","protected":false},"excerpt":{"rendered":"<p><strong>Brief des Bundesvorsitzenden des Deutschen Freidenkerverbands, Klaus Hartmann an den Imam der Frankfurter Fatima Zehra Moschee, Hudschat-ul-Islam Sabahattin T\u00fcrky\u0131lmaz<\/strong><br \/>\n&#8230; Wie der Name meiner Organisation schon nahelegt, treten wir daf\u00fcr ein, dass freie Gedanken auch frei ge\u00e4u\u00dfert werden k\u00f6nnen, dass wir keine Vorurteile, Dogmen und Tabus akzeptieren. Die mediale Hetzkampagne der letzten Tage, insbesondere gegen Sie pers\u00f6nlich, ist schwer ertr\u00e4glich. Sie legt aber auch ein beredtes Zeugnis ab, wie es mit Demokratie und Meinungsfreiheit in diesem Land bestellt ist, dessen Regierung sich anma\u00dft, anderen L\u00e4ndern Lektionen in Sachen Demokratie und Menschenrechte zu erteilen.<\/p>\n","protected":false},"author":2,"featured_media":380,"comment_status":"closed","ping_status":"closed","sticky":false,"template":"","format":"standard","meta":{"colormag_page_container_layout":"default_layout","colormag_page_sidebar_layout":"default_layout","advanced_seo_description":"","jetpack_seo_html_title":"","jetpack_seo_noindex":false,"jetpack_post_was_ever_published":false,"footnotes":""},"categories":[12],"tags":[162,335,350,393,188,394],"class_list":["post-378","post","type-post","status-publish","format-standard","has-post-thumbnail","hentry","category-demokratie-medien-aufklaerung","tag-demokratie","tag-frieden","tag-islam","tag-israel","tag-krieg","tag-palaestina"],"jetpack_featured_media_url":"https:\/\/i0.wp.com\/www.freidenker.org\/fw17\/wp-content\/uploads\/2016\/08\/Lampe_Minarett.jpg?fit=800%2C445&ssl=1","jetpack_shortlink":"https:\/\/wp.me\/p9stpK-66","jetpack-related-posts":[{"id":24121,"url":"https:\/\/www.freidenker.org\/?p=24121","url_meta":{"origin":378,"position":0},"title":"Kein Frieden in Syrien","author":"Webredaktion","date":"3. Januar 2026","format":false,"excerpt":"Alawiten protestieren, Kurden sagen Treffen in Damaskus ab von Karin Leukefeld W\u00e4hrend die Altstadt von Damaskus mit glitzerndem Schmuck und einem Lichtermeer zu Weihnachten erstrahlte, und in Aleppo \u2013 in alter Tradition \u2013 liberale sunnitische Geistliche die christlichen Gemeinden besuchten und ihren christlichen Nachbarn zum Weihnachtsfest gratulierten, wurde Syrien in\u2026","rel":"","context":"In &quot;Frieden - Antifaschismus - Solidarit\u00e4t&quot;","block_context":{"text":"Frieden - Antifaschismus - Solidarit\u00e4t","link":"https:\/\/www.freidenker.org\/?cat=13"},"img":{"alt_text":"","src":"https:\/\/i0.wp.com\/www.freidenker.org\/fw17\/wp-content\/uploads\/2026\/01\/moschee_in_homs_800x450.jpg?fit=800%2C450&ssl=1&resize=350%2C200","width":350,"height":200,"srcset":"https:\/\/i0.wp.com\/www.freidenker.org\/fw17\/wp-content\/uploads\/2026\/01\/moschee_in_homs_800x450.jpg?fit=800%2C450&ssl=1&resize=350%2C200 1x, https:\/\/i0.wp.com\/www.freidenker.org\/fw17\/wp-content\/uploads\/2026\/01\/moschee_in_homs_800x450.jpg?fit=800%2C450&ssl=1&resize=525%2C300 1.5x, https:\/\/i0.wp.com\/www.freidenker.org\/fw17\/wp-content\/uploads\/2026\/01\/moschee_in_homs_800x450.jpg?fit=800%2C450&ssl=1&resize=700%2C400 2x"},"classes":[]},{"id":23564,"url":"https:\/\/www.freidenker.org\/?p=23564","url_meta":{"origin":378,"position":1},"title":"Der Demagoge im Schloss Bellevue","author":"Webredaktion","date":"15. November 2025","format":false,"excerpt":"Ein Kommentar von Tilo Gr\u00e4ser. \u201eWer die Wahrheit nicht wei\u00df, der ist blo\u00df ein Dummkopf. Aber wer sie wei\u00df und sie eine L\u00fcge nennt, der ist ein Verbrecher!\u201c An diese Erkenntnis von Bertolt Brecht, die er im St\u00fcck \u201eDas Leben des Galilei\u201c niederschrieb, musste ich angesichts der j\u00fcngsten Rede von\u2026","rel":"","context":"In &quot;Demokratie \u2013 Medien \u2013 Aufkl\u00e4rung&quot;","block_context":{"text":"Demokratie \u2013 Medien \u2013 Aufkl\u00e4rung","link":"https:\/\/www.freidenker.org\/?cat=12"},"img":{"alt_text":"","src":"https:\/\/i0.wp.com\/www.freidenker.org\/fw17\/wp-content\/uploads\/2025\/11\/2025-09-16_Event_80._Deutscher_Fuersorgetag_STP_6679_800x450.jpg?fit=800%2C450&ssl=1&resize=350%2C200","width":350,"height":200,"srcset":"https:\/\/i0.wp.com\/www.freidenker.org\/fw17\/wp-content\/uploads\/2025\/11\/2025-09-16_Event_80._Deutscher_Fuersorgetag_STP_6679_800x450.jpg?fit=800%2C450&ssl=1&resize=350%2C200 1x, https:\/\/i0.wp.com\/www.freidenker.org\/fw17\/wp-content\/uploads\/2025\/11\/2025-09-16_Event_80._Deutscher_Fuersorgetag_STP_6679_800x450.jpg?fit=800%2C450&ssl=1&resize=525%2C300 1.5x, https:\/\/i0.wp.com\/www.freidenker.org\/fw17\/wp-content\/uploads\/2025\/11\/2025-09-16_Event_80._Deutscher_Fuersorgetag_STP_6679_800x450.jpg?fit=800%2C450&ssl=1&resize=700%2C400 2x"},"classes":[]},{"id":19531,"url":"https:\/\/www.freidenker.org\/?p=19531","url_meta":{"origin":378,"position":2},"title":"Warum ich mich \u00fcber das Compact-Verbot nicht freuen kann!","author":"Webredaktion","date":"18. Juli 2024","format":false,"excerpt":"Beitrag von Yavuz \u00d6zoguz Die \u00dcberschrift wird einige \u00fcberraschen, denn das Compact-Magazin war eines der islamfeindlichsten Publikationen Deutschlands in den letzten Jahren. Dennoch \u2013 oder vielleicht sogar gerade deswegen \u2013 stelle ich mich als vergleichsweise unbedeutende Stimme unter den Muslimen gegen dieses Verbot! Zun\u00e4chst einmal kenne ich den Chefredakteur J\u00fcrgen\u2026","rel":"","context":"In &quot;Demokratie \u2013 Medien \u2013 Aufkl\u00e4rung&quot;","block_context":{"text":"Demokratie \u2013 Medien \u2013 Aufkl\u00e4rung","link":"https:\/\/www.freidenker.org\/?cat=12"},"img":{"alt_text":"","src":"https:\/\/i0.wp.com\/www.freidenker.org\/fw17\/wp-content\/uploads\/2024\/07\/compact-verbot_800x450.jpg?fit=800%2C450&ssl=1&resize=350%2C200","width":350,"height":200,"srcset":"https:\/\/i0.wp.com\/www.freidenker.org\/fw17\/wp-content\/uploads\/2024\/07\/compact-verbot_800x450.jpg?fit=800%2C450&ssl=1&resize=350%2C200 1x, https:\/\/i0.wp.com\/www.freidenker.org\/fw17\/wp-content\/uploads\/2024\/07\/compact-verbot_800x450.jpg?fit=800%2C450&ssl=1&resize=525%2C300 1.5x, https:\/\/i0.wp.com\/www.freidenker.org\/fw17\/wp-content\/uploads\/2024\/07\/compact-verbot_800x450.jpg?fit=800%2C450&ssl=1&resize=700%2C400 2x"},"classes":[]},{"id":40,"url":"https:\/\/www.freidenker.org\/?p=40","url_meta":{"origin":378,"position":3},"title":"Der takfiristische Terrorismus in der Debatte der Islamgelehrten","author":"Webmaster","date":"4. Dezember 2015","format":false,"excerpt":"Beitrag von Klaus von Raussendorff: Als n\u00fctzlicher Feind des Westens tritt der so genannte Islamische Staat nicht nur milit\u00e4risch vor Ort in Erscheinung. Seine Gr\u00e4ueltaten halten auch die so genannte \u201eIslam-Debatte\u201c im Westen im Gange. Deren soziale Funktion besteht im Wesentlichen weniger darin, Kenntnis und Verst\u00e4ndnis zu f\u00f6rdern, als vielmehr\u2026","rel":"","context":"In &quot;Frieden - Antifaschismus - Solidarit\u00e4t&quot;","block_context":{"text":"Frieden - Antifaschismus - Solidarit\u00e4t","link":"https:\/\/www.freidenker.org\/?cat=13"},"img":{"alt_text":"","src":"https:\/\/i0.wp.com\/www.freidenker.org\/fw17\/wp-content\/uploads\/2016\/05\/Ko_02.jpg?fit=800%2C445&ssl=1&resize=350%2C200","width":350,"height":200,"srcset":"https:\/\/i0.wp.com\/www.freidenker.org\/fw17\/wp-content\/uploads\/2016\/05\/Ko_02.jpg?fit=800%2C445&ssl=1&resize=350%2C200 1x, https:\/\/i0.wp.com\/www.freidenker.org\/fw17\/wp-content\/uploads\/2016\/05\/Ko_02.jpg?fit=800%2C445&ssl=1&resize=525%2C300 1.5x, https:\/\/i0.wp.com\/www.freidenker.org\/fw17\/wp-content\/uploads\/2016\/05\/Ko_02.jpg?fit=800%2C445&ssl=1&resize=700%2C400 2x"},"classes":[]},{"id":19642,"url":"https:\/\/www.freidenker.org\/?p=19642","url_meta":{"origin":378,"position":4},"title":"Moderne B\u00fccherverbrennung in Deutschland \u2013 Dutzende Schiitische B\u00fccher verboten!","author":"Webredaktion","date":"7. August 2024","format":false,"excerpt":"Beitrag von Yavuz \u00d6zoguz Niemals h\u00e4tte ich mir das vorstellen k\u00f6nnen, dass nach dem Zweiten Weltkrieg jemals wieder in Deutschland die B\u00fccher einen ganzen Religionsgemeinde verboten werden k\u00f6nnen. Doch genau das ist jetzt eingetreten. Die Dreistigkeit, mit der die Verbietenden \u00f6ffentlich auftreten und behaupten, die Religion selbst w\u00e4re aber nicht\u2026","rel":"","context":"In &quot;Demokratie \u2013 Medien \u2013 Aufkl\u00e4rung&quot;","block_context":{"text":"Demokratie \u2013 Medien \u2013 Aufkl\u00e4rung","link":"https:\/\/www.freidenker.org\/?cat=12"},"img":{"alt_text":"","src":"https:\/\/i0.wp.com\/www.freidenker.org\/fw17\/wp-content\/uploads\/2024\/08\/bucher_brennen_800x450.jpg?fit=800%2C450&ssl=1&resize=350%2C200","width":350,"height":200,"srcset":"https:\/\/i0.wp.com\/www.freidenker.org\/fw17\/wp-content\/uploads\/2024\/08\/bucher_brennen_800x450.jpg?fit=800%2C450&ssl=1&resize=350%2C200 1x, https:\/\/i0.wp.com\/www.freidenker.org\/fw17\/wp-content\/uploads\/2024\/08\/bucher_brennen_800x450.jpg?fit=800%2C450&ssl=1&resize=525%2C300 1.5x, https:\/\/i0.wp.com\/www.freidenker.org\/fw17\/wp-content\/uploads\/2024\/08\/bucher_brennen_800x450.jpg?fit=800%2C450&ssl=1&resize=700%2C400 2x"},"classes":[]},{"id":645,"url":"https:\/\/www.freidenker.org\/?p=645","url_meta":{"origin":378,"position":5},"title":"Juan Cole: Papst zum Islam sachlich falsch","author":"Webmaster","date":"1. Januar 2008","format":false,"excerpt":"Beitrag von Juan Cole Die Rede Papst Benedikts in der Universit\u00e4t Regensburg, in der er von Islam und Djihad spricht, hat einen Sturm der Entr\u00fcstung ausgel\u00f6st. Die Ansprache ist komplexer und feinsinniger, als in der Presse dargestellt. Aber am meisten irritiert, dass der Papst einiges am Islam sachlich falsch auffasst.\u2026","rel":"","context":"In &quot;Religions- &amp; Kirchenkritik, S\u00e4kulare Szene&quot;","block_context":{"text":"Religions- &amp; Kirchenkritik, S\u00e4kulare Szene","link":"https:\/\/www.freidenker.org\/?cat=15"},"img":{"alt_text":"","src":"https:\/\/i0.wp.com\/www.freidenker.org\/fw17\/wp-content\/uploads\/2016\/08\/Papst_Benedikt.jpg?fit=800%2C445&ssl=1&resize=350%2C200","width":350,"height":200,"srcset":"https:\/\/i0.wp.com\/www.freidenker.org\/fw17\/wp-content\/uploads\/2016\/08\/Papst_Benedikt.jpg?fit=800%2C445&ssl=1&resize=350%2C200 1x, https:\/\/i0.wp.com\/www.freidenker.org\/fw17\/wp-content\/uploads\/2016\/08\/Papst_Benedikt.jpg?fit=800%2C445&ssl=1&resize=525%2C300 1.5x, https:\/\/i0.wp.com\/www.freidenker.org\/fw17\/wp-content\/uploads\/2016\/08\/Papst_Benedikt.jpg?fit=800%2C445&ssl=1&resize=700%2C400 2x"},"classes":[]}],"_links":{"self":[{"href":"https:\/\/www.freidenker.org\/index.php?rest_route=\/wp\/v2\/posts\/378","targetHints":{"allow":["GET"]}}],"collection":[{"href":"https:\/\/www.freidenker.org\/index.php?rest_route=\/wp\/v2\/posts"}],"about":[{"href":"https:\/\/www.freidenker.org\/index.php?rest_route=\/wp\/v2\/types\/post"}],"author":[{"embeddable":true,"href":"https:\/\/www.freidenker.org\/index.php?rest_route=\/wp\/v2\/users\/2"}],"replies":[{"embeddable":true,"href":"https:\/\/www.freidenker.org\/index.php?rest_route=%2Fwp%2Fv2%2Fcomments&post=378"}],"version-history":[{"count":0,"href":"https:\/\/www.freidenker.org\/index.php?rest_route=\/wp\/v2\/posts\/378\/revisions"}],"wp:featuredmedia":[{"embeddable":true,"href":"https:\/\/www.freidenker.org\/index.php?rest_route=\/wp\/v2\/media\/380"}],"wp:attachment":[{"href":"https:\/\/www.freidenker.org\/index.php?rest_route=%2Fwp%2Fv2%2Fmedia&parent=378"}],"wp:term":[{"taxonomy":"category","embeddable":true,"href":"https:\/\/www.freidenker.org\/index.php?rest_route=%2Fwp%2Fv2%2Fcategories&post=378"},{"taxonomy":"post_tag","embeddable":true,"href":"https:\/\/www.freidenker.org\/index.php?rest_route=%2Fwp%2Fv2%2Ftags&post=378"}],"curies":[{"name":"wp","href":"https:\/\/api.w.org\/{rel}","templated":true}]}}