{"id":37,"date":"2015-11-28T16:39:01","date_gmt":"2015-11-28T15:39:01","guid":{"rendered":"http:\/\/www.freidenker.org\/fw17\/?p=37"},"modified":"2018-02-18T22:50:05","modified_gmt":"2018-02-18T21:50:05","slug":"experte-zu-anti-is-kampf-das-feuer-nicht-mit-benzin-loeschen","status":"publish","type":"post","link":"https:\/\/www.freidenker.org\/?p=37","title":{"rendered":"Experte zu Anti-IS-Kampf: Das Feuer nicht mit Benzin l\u00f6schen"},"content":{"rendered":"<div>\n<p><strong>Sputnik Deutschland <\/strong>f\u00fchrte mit dem Bundesvorsitzenden des Deutschen Freidenker-Verbandes e.V., <strong>Klaus Hartmann<\/strong>, ein Interview zum Thema: <strong>Experte zu Anti-IS-Kampf: Das Feuer nicht mit Benzin l\u00f6schen<\/strong><\/p>\n<p>Dass Deutschland und andere EU-Staaten weiterhin Waffen nach Saudi-Arabien oder an Katar liefern, sei ein Problem, sagte Hartmann in einem Sputnik-Interview. \u201eWie sonst soll man die Panzerlieferungen verstehen, wo hier die ersten finanziellen und logistischen Unterst\u00fctzer des IS sind. Es ist immer ein Problem, wenn man Feuer mit Benzin l\u00f6scht. Deutschland h\u00e4tte Priorit\u00e4ten im milit\u00e4rischen Bereich, seine Waffenlieferungen einzustellen\u201c, so Hartmann.<\/p>\n<p>Milit\u00e4rische Mittel seien erg\u00e4nzend, sagte Hartmann mit Blick auf den m\u00f6glichen EU-B\u00fcndnisfall. Die Hauptl\u00f6sung bestehe aber darin, eine politische und diplomatische L\u00f6sung zu finden: \u201eNicht indem man mit den Terroristen verhandelt, sondern indem man das Biotop des IS-Sumpfes austrocknet, in dem diese Terrorzellen gedeihen k\u00f6nnen. Man braucht eine politische L\u00f6sung f\u00fcr Syrien wie den Irak. Das kann nicht darin bestehen, dass man sehenden Auges seitens der USA solche Gruppierungen unterst\u00fctzt und gew\u00e4hren l\u00e4sst, nur weil man die Hoffnung hegt: Sie w\u00fcrden ein ungeliebtes Regime delegitimieren. F\u00fcr die j\u00fcngsten Anschl\u00e4ge ist diese westliche Politik in erster Linie verantwortlich.\u201c<\/p>\n<p>Hier kann der Beitrag nachgeh\u00f6rt werden: <strong><a title=\"Hyperlink zur externen Webseite\" href=\"http:\/\/sptnkne.ws\/af5H\" target=\"_blank\" rel=\"noopener\">http:\/\/sptnkne.ws\/af5H<\/a><\/strong><\/p>\n<\/div>\n<div>\n<hr \/>\n<\/div>\n<div id=\"stcpDiv\"><strong>Bild:<\/strong> FreeImages.com\/Artist\u2019s Member Name: rsvstks<\/div>\n","protected":false},"excerpt":{"rendered":"<p><strong>Interview von Sputnik Deutschland mit Klaus Hartmann<\/strong><br \/>\nDass Deutschland und andere EU-Staaten weiterhin Waffen nach Saudi-Arabien oder an Katar liefern, sei ein Problem, sagte der Bundesvorsitzende des Deutschen Freidenker-Verbandes e.V., Klaus Hartmann in einem Sputnik-Interview.<br \/>\n\u201eWie sonst soll man die Panzerlieferungen verstehen, wo hier die ersten finanziellen und logistischen Unterst\u00fctzer des IS sind. Es ist immer ein Problem, wenn man Feuer mit Benzin l\u00f6scht. Deutschland h\u00e4tte Priorit\u00e4ten im milit\u00e4rischen Bereich, seine Waffenlieferungen einzustellen\u201c, so Hartmann.<\/p>\n","protected":false},"author":2,"featured_media":38,"comment_status":"closed","ping_status":"closed","sticky":false,"template":"","format":"standard","meta":{"colormag_page_container_layout":"default_layout","colormag_page_sidebar_layout":"default_layout","advanced_seo_description":"","jetpack_seo_html_title":"","jetpack_seo_noindex":false,"jetpack_post_was_ever_published":false,"footnotes":""},"categories":[13],"tags":[335,62,374,61,188,588],"class_list":["post-37","post","type-post","status-publish","format-standard","has-post-thumbnail","hentry","category-frieden-antifaschismus-solidaritaet","tag-frieden","tag-interview","tag-islamischer-staat","tag-klaus-hartmann","tag-krieg","tag-sputnik-deutschland"],"jetpack_featured_media_url":"https:\/\/i0.wp.com\/www.freidenker.org\/fw17\/wp-content\/uploads\/2016\/05\/oilfield.jpg?fit=800%2C445&ssl=1","jetpack_shortlink":"https:\/\/wp.me\/p9stpK-B","jetpack-related-posts":[{"id":2974,"url":"https:\/\/www.freidenker.org\/?p=2974","url_meta":{"origin":37,"position":0},"title":"Freidenker-Chef zu Nato-Russland-Rat: \u201eEinkreisung Russlands durchbrechen\u201c","author":"Webredaktion","date":"22. April 2016","format":false,"excerpt":"Interview von Klaus Hartmann, Bundesvorsitzender des Deutschen Freidenker-Verbandes, mit Sputnik Deutschland Die Wiederaufnahme von Treffen im Rahmen des Nato-Russland-Rates nach einer zweij\u00e4hrigen Pause ist ein positives Signal - vorausgesetzt, dass die Politik der Einkreisung Russlands durchbrochen wird. Es ist ein Skandal, dass \u00fcberhaupt ein Stopp dieser Gespr\u00e4che verf\u00fcgt wurde. Es\u2026","rel":"","context":"In &quot;Frieden - Antifaschismus - Solidarit\u00e4t&quot;","block_context":{"text":"Frieden - Antifaschismus - Solidarit\u00e4t","link":"https:\/\/www.freidenker.org\/?cat=13"},"img":{"alt_text":"","src":"https:\/\/i0.wp.com\/www.freidenker.org\/fw17\/wp-content\/uploads\/2016\/04\/nato-russland-rat.jpg?fit=800%2C445&ssl=1&resize=350%2C200","width":350,"height":200,"srcset":"https:\/\/i0.wp.com\/www.freidenker.org\/fw17\/wp-content\/uploads\/2016\/04\/nato-russland-rat.jpg?fit=800%2C445&ssl=1&resize=350%2C200 1x, https:\/\/i0.wp.com\/www.freidenker.org\/fw17\/wp-content\/uploads\/2016\/04\/nato-russland-rat.jpg?fit=800%2C445&ssl=1&resize=525%2C300 1.5x, https:\/\/i0.wp.com\/www.freidenker.org\/fw17\/wp-content\/uploads\/2016\/04\/nato-russland-rat.jpg?fit=800%2C445&ssl=1&resize=700%2C400 2x"},"classes":[]},{"id":1282,"url":"https:\/\/www.freidenker.org\/?p=1282","url_meta":{"origin":37,"position":1},"title":"Gespr\u00e4ch mit Radio Sputnik zum Trump-Interview","author":"Webredaktion","date":"19. Januar 2017","format":false,"excerpt":"Die Debatte \u00fcber die \u201enukleare Bewaffnung Deutschlands\u201c ist laut Klaus Hartmann, Vorstandsmitglied des Deutschen Freidenker-Verbandes, besorgniserregend. Gegen\u00fcber Sputnik erl\u00e4utert er, warum die j\u00fcngsten Aussagen des designierten US-Pr\u00e4sidenten Donald Trump zur Nato gerade vom Standpunkt der Friedensbewegung interessant seien.","rel":"","context":"In &quot;Frieden - Antifaschismus - Solidarit\u00e4t&quot;","block_context":{"text":"Frieden - Antifaschismus - Solidarit\u00e4t","link":"https:\/\/www.freidenker.org\/?cat=13"},"img":{"alt_text":"","src":"https:\/\/i0.wp.com\/www.freidenker.org\/fw17\/wp-content\/uploads\/2017\/01\/atomic-bomb-2621291_800x445.jpg?fit=800%2C445&ssl=1&resize=350%2C200","width":350,"height":200,"srcset":"https:\/\/i0.wp.com\/www.freidenker.org\/fw17\/wp-content\/uploads\/2017\/01\/atomic-bomb-2621291_800x445.jpg?fit=800%2C445&ssl=1&resize=350%2C200 1x, https:\/\/i0.wp.com\/www.freidenker.org\/fw17\/wp-content\/uploads\/2017\/01\/atomic-bomb-2621291_800x445.jpg?fit=800%2C445&ssl=1&resize=525%2C300 1.5x, https:\/\/i0.wp.com\/www.freidenker.org\/fw17\/wp-content\/uploads\/2017\/01\/atomic-bomb-2621291_800x445.jpg?fit=800%2C445&ssl=1&resize=700%2C400 2x"},"classes":[]},{"id":2976,"url":"https:\/\/www.freidenker.org\/?p=2976","url_meta":{"origin":37,"position":2},"title":"Terror bald in Deutschland? &#8211; Freidenker: Geopolitischen Spielereien ein Ende setzen","author":"Webredaktion","date":"31. M\u00e4rz 2016","format":false,"excerpt":"Interview von Klaus Hartmann, Bundesvorsitzender des Deutschen Freidenker-Verbandes, mit Sputnik Deutschland \u201eVom russischen Au\u00dfenminister Lawrow gab es wiederholt die Aufforderung, k\u00fcnftig die geopolitischen Spielereien in der Nahost-Region zu unterlassen, damit der Terror gemeinsam bek\u00e4mpft werden kann. Diese ist die Schl\u00fcsselfrage \u2013 wie wir auf der internationalen Ebene in der Frage\u2026","rel":"","context":"In &quot;Frieden - Antifaschismus - Solidarit\u00e4t&quot;","block_context":{"text":"Frieden - Antifaschismus - Solidarit\u00e4t","link":"https:\/\/www.freidenker.org\/?cat=13"},"img":{"alt_text":"","src":"https:\/\/i0.wp.com\/www.freidenker.org\/fw17\/wp-content\/uploads\/2016\/03\/commemorate-1919191_800x445.jpg?fit=800%2C445&ssl=1&resize=350%2C200","width":350,"height":200,"srcset":"https:\/\/i0.wp.com\/www.freidenker.org\/fw17\/wp-content\/uploads\/2016\/03\/commemorate-1919191_800x445.jpg?fit=800%2C445&ssl=1&resize=350%2C200 1x, https:\/\/i0.wp.com\/www.freidenker.org\/fw17\/wp-content\/uploads\/2016\/03\/commemorate-1919191_800x445.jpg?fit=800%2C445&ssl=1&resize=525%2C300 1.5x, https:\/\/i0.wp.com\/www.freidenker.org\/fw17\/wp-content\/uploads\/2016\/03\/commemorate-1919191_800x445.jpg?fit=800%2C445&ssl=1&resize=700%2C400 2x"},"classes":[]},{"id":4586,"url":"https:\/\/www.freidenker.org\/?p=4586","url_meta":{"origin":37,"position":3},"title":"\u201eDeutschland sollte aus der Nato austreten\u201c","author":"Webredaktion","date":"21. Februar 2018","format":false,"excerpt":"Interview von Sputniknews Deutschland mit Klaus Hartmann vom 19.02.2018 \u201eDie Bev\u00f6lkerung in Deutschland hat kein Interesse an einer feindseligen Atmosph\u00e4re oder an einer russophoben Kampagne, sondern an gutnachbarschaftlichen Beziehungen\u201c, h\u00e4lt der Vorsitzende des Deutschen Freidenkerverbandes, Klaus Hartmann, im Sputnik-Interview fest. Ein auf gegenseitiges Vertrauen, Verl\u00e4sslichkeit und vertragliche Regeln gebautes Miteinander\u2026","rel":"","context":"In &quot;Frieden - Antifaschismus - Solidarit\u00e4t&quot;","block_context":{"text":"Frieden - Antifaschismus - Solidarit\u00e4t","link":"https:\/\/www.freidenker.org\/?cat=13"},"img":{"alt_text":"","src":"https:\/\/i0.wp.com\/www.freidenker.org\/fw17\/wp-content\/uploads\/2018\/02\/muenchen_39-2018-02-17-1-0677_800x445.jpg?fit=800%2C445&ssl=1&resize=350%2C200","width":350,"height":200,"srcset":"https:\/\/i0.wp.com\/www.freidenker.org\/fw17\/wp-content\/uploads\/2018\/02\/muenchen_39-2018-02-17-1-0677_800x445.jpg?fit=800%2C445&ssl=1&resize=350%2C200 1x, https:\/\/i0.wp.com\/www.freidenker.org\/fw17\/wp-content\/uploads\/2018\/02\/muenchen_39-2018-02-17-1-0677_800x445.jpg?fit=800%2C445&ssl=1&resize=525%2C300 1.5x, https:\/\/i0.wp.com\/www.freidenker.org\/fw17\/wp-content\/uploads\/2018\/02\/muenchen_39-2018-02-17-1-0677_800x445.jpg?fit=800%2C445&ssl=1&resize=700%2C400 2x"},"classes":[]},{"id":2986,"url":"https:\/\/www.freidenker.org\/?p=2986","url_meta":{"origin":37,"position":4},"title":"&#8222;Deutschland raus aus der NATO&#8220;: DFV-Weckruf an den Bundestag","author":"Webredaktion","date":"8. September 2015","format":false,"excerpt":"Interview von Klaus Hartmann, Bundesvorsitzender des Deutschen Freidenker-Verbandes, mit Sputnik Deutschland \"Deutschland raus aus der Nato, Nato raus aus Deutschland\" \u2013 fordert der Deutsche Freidenker-Verband in seinem Aufruf an die Bundestagsabgeordneten. Der Appell ist eine Reaktion auf den Nato-Konfrontationskurs gegen Russland, wie der DFV-Vorstand erkl\u00e4rt. Nach 1990 erlebte die Nato\u2026","rel":"","context":"In &quot;Frieden - Antifaschismus - Solidarit\u00e4t&quot;","block_context":{"text":"Frieden - Antifaschismus - Solidarit\u00e4t","link":"https:\/\/www.freidenker.org\/?cat=13"},"img":{"alt_text":"","src":"https:\/\/i0.wp.com\/www.freidenker.org\/fw17\/wp-content\/uploads\/2015\/09\/the-eleventh-hour-758726_800x445.jpg?fit=800%2C445&ssl=1&resize=350%2C200","width":350,"height":200,"srcset":"https:\/\/i0.wp.com\/www.freidenker.org\/fw17\/wp-content\/uploads\/2015\/09\/the-eleventh-hour-758726_800x445.jpg?fit=800%2C445&ssl=1&resize=350%2C200 1x, https:\/\/i0.wp.com\/www.freidenker.org\/fw17\/wp-content\/uploads\/2015\/09\/the-eleventh-hour-758726_800x445.jpg?fit=800%2C445&ssl=1&resize=525%2C300 1.5x, https:\/\/i0.wp.com\/www.freidenker.org\/fw17\/wp-content\/uploads\/2015\/09\/the-eleventh-hour-758726_800x445.jpg?fit=800%2C445&ssl=1&resize=700%2C400 2x"},"classes":[]},{"id":2005,"url":"https:\/\/www.freidenker.org\/?p=2005","url_meta":{"origin":37,"position":5},"title":"Gespr\u00e4ch mit Sputnik: \u201eIllegales Tribunal im Auftrag der Nato\u201c","author":"Webredaktion","date":"23. November 2017","format":false,"excerpt":"Von einem \"Skandalurteil auf Basis vorgefasster Meinungen\" gegen den bosnisch-serbischen Ex-General Ratko Mladic am Mittwoch spricht Klaus Hartmann, Vorsitzender des Freidenker-Verbandes und Beobachter der Ereignisse. Der Journalist Hannes Hofbauer sieht im Urteil eine juristische Fortsetzung des Nato-Vorgehens gegen Jugoslawien.","rel":"","context":"In &quot;Demokratie \u2013 Medien \u2013 Aufkl\u00e4rung&quot;","block_context":{"text":"Demokratie \u2013 Medien \u2013 Aufkl\u00e4rung","link":"https:\/\/www.freidenker.org\/?cat=12"},"img":{"alt_text":"","src":"https:\/\/i0.wp.com\/www.freidenker.org\/fw17\/wp-content\/uploads\/2017\/11\/Banja_Luka_Protesti_800x445_v2.jpg?fit=800%2C445&ssl=1&resize=350%2C200","width":350,"height":200,"srcset":"https:\/\/i0.wp.com\/www.freidenker.org\/fw17\/wp-content\/uploads\/2017\/11\/Banja_Luka_Protesti_800x445_v2.jpg?fit=800%2C445&ssl=1&resize=350%2C200 1x, https:\/\/i0.wp.com\/www.freidenker.org\/fw17\/wp-content\/uploads\/2017\/11\/Banja_Luka_Protesti_800x445_v2.jpg?fit=800%2C445&ssl=1&resize=525%2C300 1.5x, https:\/\/i0.wp.com\/www.freidenker.org\/fw17\/wp-content\/uploads\/2017\/11\/Banja_Luka_Protesti_800x445_v2.jpg?fit=800%2C445&ssl=1&resize=700%2C400 2x"},"classes":[]}],"_links":{"self":[{"href":"https:\/\/www.freidenker.org\/index.php?rest_route=\/wp\/v2\/posts\/37","targetHints":{"allow":["GET"]}}],"collection":[{"href":"https:\/\/www.freidenker.org\/index.php?rest_route=\/wp\/v2\/posts"}],"about":[{"href":"https:\/\/www.freidenker.org\/index.php?rest_route=\/wp\/v2\/types\/post"}],"author":[{"embeddable":true,"href":"https:\/\/www.freidenker.org\/index.php?rest_route=\/wp\/v2\/users\/2"}],"replies":[{"embeddable":true,"href":"https:\/\/www.freidenker.org\/index.php?rest_route=%2Fwp%2Fv2%2Fcomments&post=37"}],"version-history":[{"count":0,"href":"https:\/\/www.freidenker.org\/index.php?rest_route=\/wp\/v2\/posts\/37\/revisions"}],"wp:featuredmedia":[{"embeddable":true,"href":"https:\/\/www.freidenker.org\/index.php?rest_route=\/wp\/v2\/media\/38"}],"wp:attachment":[{"href":"https:\/\/www.freidenker.org\/index.php?rest_route=%2Fwp%2Fv2%2Fmedia&parent=37"}],"wp:term":[{"taxonomy":"category","embeddable":true,"href":"https:\/\/www.freidenker.org\/index.php?rest_route=%2Fwp%2Fv2%2Fcategories&post=37"},{"taxonomy":"post_tag","embeddable":true,"href":"https:\/\/www.freidenker.org\/index.php?rest_route=%2Fwp%2Fv2%2Ftags&post=37"}],"curies":[{"name":"wp","href":"https:\/\/api.w.org\/{rel}","templated":true}]}}