{"id":342,"date":"2007-07-24T18:21:20","date_gmt":"2007-07-24T16:21:20","guid":{"rendered":"http:\/\/www.freidenker.org\/fw17\/?p=342"},"modified":"2018-02-18T14:27:26","modified_gmt":"2018-02-18T13:27:26","slug":"das-schattenkabinett-aus-guetersloh","status":"publish","type":"post","link":"https:\/\/www.freidenker.org\/?p=342","title":{"rendered":"Das Schattenkabinett aus G\u00fctersloh"},"content":{"rendered":"<p><span class=\"subnav1\"><em>von Jens Wernicke<\/em><\/span><\/p>\n<p>Der gr\u00f6\u00dfte und einflussreichste Politikberater im Land, die Bertelsmann-Stiftung, ist als \u201egemeinn\u00fctzig\u201c anerkannt. Das ist alles andere als ein unbedeutendes Detail. Denn w\u00e4hrend es bspw. in den USA untersagt ist, dass steuerbeg\u00fcnstigte Stiftungen mehr als 20 Prozent der Anteile eines Unternehmens halten, h\u00e4lt die Bertelsmann-Stiftung ganze 76 Prozent der Anteile der milliardenschweren Bertelsmann AG, eines der bedeutendsten Medien- und Dienstleistungsriesen der Welt.<\/p>\n<p>Hierdurch spart sie nicht nur &#8211; ganz im Sinne ihres Stifters Reinhard Mohn &#8211; einen Gro\u00dfteil der f\u00fcr den Bertelsmann-Jahresumsatz von rund 18 Milliarden Euro eigentlich f\u00e4lligen Steuern ein. Nein: Hinter der Fassade des sich ergebnisoffenen gebenden Gutmenschentums ist ihr Wirken und Handeln deutlich nachvollziehbar von den Interessen des Konzernes geleitet und bestimmt, \u201epolitisch\u201c also \u2013 und das darf Politikberatung per se niemals sein.<\/p>\n<p>Das uneingeschr\u00e4nkte Stimmrecht in Sachen des Konzerns liegt dabei nicht etwa bei der Stiftung, sondern einzig bei den Mitgliedern der Familie Mohn, die auch in dieser selbst wiederum tonangebend sind.<\/p>\n<p>&nbsp;<\/p>\n<p><strong>Einzigartiger Machtapparat<\/strong><\/p>\n<p>Dank der ihr j\u00e4hrlich zur Verf\u00fcgung stehenden Mittel von etwa 60 Millionen Euro unterscheidet sich die Bertelsmann-Stiftung ma\u00dfgeblich von anderen \u201eBeratern\u201c im Gesch\u00e4ft, denn: Sie finanziert sich nicht mittels Beraterhonorar, sondern hat eigenes Geld. Mit diesem arbeitet sie operativ und finanziert nicht etwa Drittprojekte, in denen sie nicht den Ton angeben k\u00f6nnte, sondern ausschlie\u00dflich die eigene Organisations-, Forschungs- und Beratungsstruktur. Das sichert Schlagkraft und Autonomie. Neben diesen Eigenschaften verf\u00fcgt sie \u00fcberdies \u00fcber einen sehr hohen Grad an wissenschaftlichem Potential sowie vielf\u00e4ltigsten Kontakten hin zu Medien, Wirtschaft, Wissenschaft und Politik.<\/p>\n<p>&nbsp;<\/p>\n<p>Dank dieser Alleinstellungsmerkmale des geballten Macht-Finanz-Konglomerats gehen StiftungsmitarbeiterInnen inzwischen in allen Landesregierungen ein und aus und kooperieren mit Kultusministerien, Kanzleramt und Bundespr\u00e4sident ebenso wie mit Kommunalverwaltungen. L\u00e4ngst sind Stiftung-Experten politisch allgegenw\u00e4rtig und kaum mehr wegzudenken. Sei es bei neuen Hochschulgesetzen, der EU-Verfassung, Hartz-Gesetzgebung oder Au\u00dfenpolitik, bei geplanten Schulreformen, der Privatisierung von Gesundheitssystem und Kommunalverwaltungen oder auch der Etablierung einer Europ\u00e4ischen Armee.<\/p>\n<p>Mehr und mehr gelingt es der Stiftung \u2013 bzw. dem f\u00fcr sie richtungsweisenden Stifter Reinhard Mohn &#8211; dabei, selbst zu definieren, was \u201eGemeinwohl\u201c eigentlich meint. Zudem nimmt sie immer mehr die Rolle der dem Staat aufgrund fehlender Steuereinnahmen immerzu weiter abhanden kommender eigener politischer Intelligenz ein, wodurch sie sich unabdingbar macht und bereits weit in die Kernbereiche staatlicher Souver\u00e4nit\u00e4t vorgedrungen ist. Die Stiftung wird so mehr und mehr selbst zum \u201eStaatsapparat\u201c \u2013 ohne dabei jedoch demokratisch verfasst oder kontrolliert zu sein.<\/p>\n<p>&nbsp;<\/p>\n<p><strong>Eine Debatte findet nicht statt<\/strong><\/p>\n<p>Inzwischen hat die Stiftung in der gesamten Republik ein riesiges Politiknetzwerk aufgebaut, mit dem sie Einfluss auf politische Entscheidungen nimmt, lange bevor diese im Parlament verabschiedet werden. Mittels dieses Netzwerkes wird im vorparlamentarischen Raum eine Art &#8222;Elitenkosens&#8220; hergestellt, der kritische Stimmen bereits im Voraus eliminiert. So wird sichergestellt, dass es gro\u00dfe \u00f6ffentliche Debatten \u00fcber viele Reformvorhaben gar nicht erst gibt.<\/p>\n<p>So demokratisch und gutmenschlich die Stiftung dabei auch immer tut, stets arbeitet sie \u201etop-down\u201c: Kein Stiftungsprojekt findet statt, das nicht von vornherein der Pr\u00e4misse \u201ewirtschaftsfreundliches Ergebnis\u201c unterliegt. Stets ist die Stiftung darum bem\u00fcht, die gef\u00f6rderten Projekte und Vorstellungen f\u00fcr Zwecke zu instrumentalisieren, die \u201eihrem\u201c Konzern dienlich sind. Eine \u201eRevolution von oben\u201c mag man dies nennen. Gutmenschlich oder basisdemokratisch hingegen ist ein solches Vorgehen sicher nicht.<\/p>\n<p>&nbsp;<\/p>\n<p><strong>Privatisierung der Kommunen<\/strong><\/p>\n<p>In den Kommunen bspw. hat sich die Stiftung l\u00e4ngst zwischen Verwaltung und B\u00fcrger gedr\u00e4ngt: Auf kommunalen Kongressen lockt sie Stadtdirektoren, K\u00e4mmerer und Oberb\u00fcrgermeister mit einer ganzen Palette von Reformvorschl\u00e4gen an \u2013 und legitimiert ihr Wirken dabei fast ausschlie\u00dflich \u00fcber ihren Status als vermeintlich gemeinn\u00fctziger Akteur. Als dieser r\u00e4t sie den \u00f6ffentlichen Kommunen dann zur Teilprivatisierung ihrer Aufgaben, woraufhin schlie\u00dflich die hochprofitable Dienstleistungstochter der Bertelsmann AG, Arvato, diese \u00fcbernimmt. Ein sehr, sehr lukratives Gesch\u00e4ft.<\/p>\n<p>&nbsp;<\/p>\n<p>Bleibt zu hoffen, dass diese Farce bald ein Ende findet \u2013 und Gesellschaft wie Politik diese Stiftung als das begreifen, was sie einzig ist: Nicht etwa \u201eL\u00f6sungsgeber\u201c, sondern Teil des Problems. Denn w\u00e4ren Mohns und Co. nicht so reich, w\u00e4ren wir nicht so arm.<\/p>\n<p>&nbsp;<\/p>\n<p><em>Der Autor ist Studienstipendiat der Rosa-Luxemburg-Stiftung und Mitherausgeber des eben zum Preis von 15,- Euro im BdWi-Verlag Marburg erschienenen Buches \u201eNetzwerk der Macht &#8211; Bertelsmann. Der medial-politische Komplex aus G\u00fctersloh\u201c (ISBN 978-3-939864-02-8).Zu beziehen ist das Buch via www.bdwi.de\/verlag.<\/em><\/p>\n<p>&nbsp;<\/p>\n<p><strong>Hintergrundinformation<\/strong><\/p>\n<p>&nbsp;<\/p>\n<p>Die Bertelsmann-Stiftung wurde 1977 von Firmenpatriarch Reinhard Mohn, der hoffte, mit der Errichtung einer gemeinn\u00fctzigen Stiftung \u201edauerhaft zu verhindern, dass Erbschaftssteuern und Erbstreitigkeiten zum Verkauf von Teilen des Konzerns f\u00fchren\u201c, gegr\u00fcndet. Laut Handelsblatt ist sie die einflussreichste Stiftung der BRD. Als solche h\u00e4lt sie gegenw\u00e4rtig 76 Prozent der Anteile der Bertelsmann AG, einem der gr\u00f6\u00dften Medienimperien weltweit. Diesem Imperium geh\u00f6ren sechs Unternehmensbereiche an. Es sind dies: 1. RTL \u2013 die Fernsehsparte, 2. Random House \u2013 der Verlagsbereich, 3. Gruner + Jahr \u2013 das Zeitschriften- und Druckereiimperium, 4. BMG \u2013 die Musik- und Unterhaltungssparte, 5. Arvato \u2013 das Technik- und Dienstleistungsunternehmen sowie 6. die DirectGroup \u2013 der Buchclub. F\u00fcr dieses Konglomerat arbeiten sch\u00e4tzungsweise 90.000 Mitarbeiter, dank derer Bertelsmann j\u00e4hrlich etwa 18 Milliarden Euro Umsatz verbucht. Aus diesem bzw. dem Gewinn von mehr als einer Milliarde Euro speist sich steuerfrei eine j\u00e4hrliche Dividendenzahlung der Aktiengesellschaft an die \u201egemeinn\u00fctzige\u201c Stiftung in H\u00f6he von rund 60 Millionen Euro. Mit diesem Geld finanziert die Stiftung etwa 300 Mitarbeiter und j\u00e4hrlich dutzende von Projekten, deren Charakteristika ist es, technokratische Kontrollverfahren aus der neoliberalen Asservatenkammer der Betriebswirtschaftslehre gesellschaftlich zu installieren. Nicht zu Unrecht wird diesbez\u00fcglich von einer Verkl\u00e4rung betriebswirtschaftlicher Methoden zum gesellschaftspolitischen Leitbild gesprochen, die zwangsl\u00e4ufig eine ideologische Schlagseite erzeugt: Die Gesellschaft soll wie ein Unternehmen gef\u00fchrt, der Staat mehr und mehr abgebaut werden. Nicht fehlen d\u00fcrfen bei den Stiftungsratschl\u00e4gen auch solche zur Senkung der Unternehmensbesteuerung, die sich auf die Gewerbesteuer und den Gemeindeanteil an der Einkommenssteuer auswirken.<\/p>\n<p>&nbsp;<\/p>\n<p><span style=\"color: #881b3a;\"><strong>Lesehinweis: <\/strong><\/span><a href=\"http:\/\/mediawatcher.blogg.de\/eintrag.php?id=77?\" target=\"_new\">http:\/\/mediawatcher.blogg.de\/eintrag.php?id=77?<\/a><\/p>\n<hr \/>\n<p>Bild https:\/\/pixabay.com\/de\/users\/cdu445 \/ \u7b80\u4f53\u4e2d\u6587<\/p>\n","protected":false},"excerpt":{"rendered":"<p><strong>Beitrag von Jens Wernicke<\/strong><br \/>\nDer gr\u00f6\u00dfte und einflussreichste Politikberater im Land, die Bertelsmann-Stiftung, ist als \u201egemeinn\u00fctzig\u201c anerkannt. Das ist alles andere als ein unbedeutendes Detail. Denn w\u00e4hrend es bspw. in den USA untersagt ist, dass steuerbeg\u00fcnstigte Stiftungen mehr als 20 Prozent der Anteile eines Unternehmens halten, h\u00e4lt die Bertelsmann-Stiftung ganze 76 Prozent der Anteile der milliardenschweren Bertelsmann AG, eines der bedeutendsten Medien- und Dienstleistungsriesen der Welt. &#8230; Das uneingeschr\u00e4nkte Stimmrecht in Sachen des Konzerns liegt dabei nicht etwa bei der Stiftung, sondern einzig bei den Mitgliedern der Familie Mohn, die auch in dieser selbst wiederum tonangebend sind.<\/p>\n","protected":false},"author":2,"featured_media":343,"comment_status":"closed","ping_status":"closed","sticky":false,"template":"","format":"standard","meta":{"colormag_page_container_layout":"default_layout","colormag_page_sidebar_layout":"default_layout","advanced_seo_description":"","jetpack_seo_html_title":"","jetpack_seo_noindex":false,"jetpack_post_was_ever_published":false,"footnotes":""},"categories":[12],"tags":[125,121,124,122,123],"class_list":["post-342","post","type-post","status-publish","format-standard","has-post-thumbnail","hentry","category-demokratie-medien-aufklaerung","tag-bertelsmann","tag-medien","tag-politik","tag-wirtschaft","tag-wissenschaft"],"jetpack_featured_media_url":"https:\/\/i0.wp.com\/www.freidenker.org\/fw17\/wp-content\/uploads\/2016\/07\/Medien.jpg?fit=800%2C445&ssl=1","jetpack_shortlink":"https:\/\/wp.me\/p9stpK-5w","jetpack-related-posts":[{"id":3283,"url":"https:\/\/www.freidenker.org\/?p=3283","url_meta":{"origin":342,"position":0},"title":"Au\u00dfenpolitische Denkfabriken und Netzwerke","author":"Webredaktion","date":"17. Dezember 2007","format":false,"excerpt":"Beitrag von Christian Christians Die Landschaft um den niederl\u00e4ndischen Ort Osterbeek bei Arnheim gilt als besonders malerisch, das \u00f6rtliche Hotel de Bilderberg geh\u00f6rt zur gehobenen Preisklasse. An diesen angenehmen Ort lud im Mai 1954 Prinz Bernhard der Niederlande zu einer geheimen Konferenz. 80 Politiker und Wirtschaftsf\u00fchrer kamen beim ersten Treffen\u2026","rel":"","context":"In &quot;Demokratie \u2013 Medien \u2013 Aufkl\u00e4rung&quot;","block_context":{"text":"Demokratie \u2013 Medien \u2013 Aufkl\u00e4rung","link":"https:\/\/www.freidenker.org\/?cat=12"},"img":{"alt_text":"","src":"https:\/\/i0.wp.com\/www.freidenker.org\/fw17\/wp-content\/uploads\/2007\/12\/world-1264062_800x445.jpg?fit=800%2C445&ssl=1&resize=350%2C200","width":350,"height":200,"srcset":"https:\/\/i0.wp.com\/www.freidenker.org\/fw17\/wp-content\/uploads\/2007\/12\/world-1264062_800x445.jpg?fit=800%2C445&ssl=1&resize=350%2C200 1x, https:\/\/i0.wp.com\/www.freidenker.org\/fw17\/wp-content\/uploads\/2007\/12\/world-1264062_800x445.jpg?fit=800%2C445&ssl=1&resize=525%2C300 1.5x, https:\/\/i0.wp.com\/www.freidenker.org\/fw17\/wp-content\/uploads\/2007\/12\/world-1264062_800x445.jpg?fit=800%2C445&ssl=1&resize=700%2C400 2x"},"classes":[]},{"id":6834,"url":"https:\/\/www.freidenker.org\/?p=6834","url_meta":{"origin":342,"position":1},"title":"Zu viele Krankenh\u00e4user?","author":"Webredaktion","date":"22. August 2019","format":false,"excerpt":"In der Rubrik Tagesdosis wurde am 20.07.2019 bei KenFM der Beitrag \u201eDie L\u00fcge, die infame L\u00fcge und Bertelsmann\u201c von Dagmar Henn ver\u00f6ffentlicht. Diese Woche hat wieder eine Krake der deutschen Politik einen ihrer Tentakel ausgefahren. Bertelsmann ver\u00f6ffentlichte eine Studie zur Klinikversorgung, die zu dem h\u00fcbschen Schluss kam, die H\u00e4lfte aller\u2026","rel":"","context":"In &quot;Arbeit &amp; Soziales&quot;","block_context":{"text":"Arbeit &amp; Soziales","link":"https:\/\/www.freidenker.org\/?cat=11"},"img":{"alt_text":"","src":"https:\/\/i0.wp.com\/www.freidenker.org\/fw17\/wp-content\/uploads\/2019\/08\/Bertelsmann_Corporate_Center_G%C3%BCtersloh_800x445.jpg?fit=800%2C445&ssl=1&resize=350%2C200","width":350,"height":200,"srcset":"https:\/\/i0.wp.com\/www.freidenker.org\/fw17\/wp-content\/uploads\/2019\/08\/Bertelsmann_Corporate_Center_G%C3%BCtersloh_800x445.jpg?fit=800%2C445&ssl=1&resize=350%2C200 1x, https:\/\/i0.wp.com\/www.freidenker.org\/fw17\/wp-content\/uploads\/2019\/08\/Bertelsmann_Corporate_Center_G%C3%BCtersloh_800x445.jpg?fit=800%2C445&ssl=1&resize=525%2C300 1.5x, https:\/\/i0.wp.com\/www.freidenker.org\/fw17\/wp-content\/uploads\/2019\/08\/Bertelsmann_Corporate_Center_G%C3%BCtersloh_800x445.jpg?fit=800%2C445&ssl=1&resize=700%2C400 2x"},"classes":[]},{"id":3287,"url":"https:\/\/www.freidenker.org\/?p=3287","url_meta":{"origin":342,"position":2},"title":"Die Macht der Medien","author":"Webredaktion","date":"17. Dezember 2007","format":false,"excerpt":"Beitrag von Bernd Fricke aus: FREIDENKER 4-07 Wer kennt ihn nicht, den Begriff der Mediengesellschaft. Aber leben wir wirklich in einer solchen, so wie wir fr\u00fcher beispielsweise in der Steinzeit oder im Atomzeitalter gelebt haben? Fakt ist, Medien beeinflussen unser t\u00e4gliches Leben in zunehmendem Ma\u00dfe. Es gibt kaum einen Ort,\u2026","rel":"","context":"In &quot;Demokratie \u2013 Medien \u2013 Aufkl\u00e4rung&quot;","block_context":{"text":"Demokratie \u2013 Medien \u2013 Aufkl\u00e4rung","link":"https:\/\/www.freidenker.org\/?cat=12"},"img":{"alt_text":"","src":"https:\/\/i0.wp.com\/www.freidenker.org\/fw17\/wp-content\/uploads\/2007\/12\/news-1172463_800x445.jpg?fit=800%2C445&ssl=1&resize=350%2C200","width":350,"height":200,"srcset":"https:\/\/i0.wp.com\/www.freidenker.org\/fw17\/wp-content\/uploads\/2007\/12\/news-1172463_800x445.jpg?fit=800%2C445&ssl=1&resize=350%2C200 1x, https:\/\/i0.wp.com\/www.freidenker.org\/fw17\/wp-content\/uploads\/2007\/12\/news-1172463_800x445.jpg?fit=800%2C445&ssl=1&resize=525%2C300 1.5x, https:\/\/i0.wp.com\/www.freidenker.org\/fw17\/wp-content\/uploads\/2007\/12\/news-1172463_800x445.jpg?fit=800%2C445&ssl=1&resize=700%2C400 2x"},"classes":[]},{"id":15138,"url":"https:\/\/www.freidenker.org\/?p=15138","url_meta":{"origin":342,"position":3},"title":"Jedes f\u00fcnfte Kind arm? Jedes vierte? Egal, Panzer sind wichtiger","author":"Webredaktion","date":"4. Februar 2023","format":false,"excerpt":"Beitrag von Dagmar Henn Die Bertelsmann-Stiftung ist dieses Jahr etwas zu fr\u00fch dran, um das Thema \"Kinderarmut\" in die Presse zu bringen. Das Gehege f\u00fcr Sozialthemen in der deutschen Medienlandschaft erstreckt sich n\u00e4mlich zweimal im Jahr \u00fcber jeweils vier Wochen \u2013 vor Ostern und vor Weihnachten. Den Rest des Jahres\u2026","rel":"","context":"In &quot;Arbeit &amp; Soziales&quot;","block_context":{"text":"Arbeit &amp; Soziales","link":"https:\/\/www.freidenker.org\/?cat=11"},"img":{"alt_text":"","src":"https:\/\/i0.wp.com\/www.freidenker.org\/fw17\/wp-content\/uploads\/2023\/02\/doll-87407_800x450.jpg?fit=800%2C450&ssl=1&resize=350%2C200","width":350,"height":200,"srcset":"https:\/\/i0.wp.com\/www.freidenker.org\/fw17\/wp-content\/uploads\/2023\/02\/doll-87407_800x450.jpg?fit=800%2C450&ssl=1&resize=350%2C200 1x, https:\/\/i0.wp.com\/www.freidenker.org\/fw17\/wp-content\/uploads\/2023\/02\/doll-87407_800x450.jpg?fit=800%2C450&ssl=1&resize=525%2C300 1.5x, https:\/\/i0.wp.com\/www.freidenker.org\/fw17\/wp-content\/uploads\/2023\/02\/doll-87407_800x450.jpg?fit=800%2C450&ssl=1&resize=700%2C400 2x"},"classes":[]},{"id":7953,"url":"https:\/\/www.freidenker.org\/?p=7953","url_meta":{"origin":342,"position":4},"title":"Leopoldina-Gutachten. Das angek\u00fcndigte Opfer","author":"Webredaktion","date":"21. April 2020","format":false,"excerpt":"Standpunkt von Dagmar Henn. Der Merkelsche Propagandaapparat funktioniert noch. Nachdem sie im M\u00e4rz von der bayrischen Staatsregierung wider Willen zum Handeln gezwungen wurde, hat die Berliner Politdarstellertruppe nun zum Gegenschlag ausgeholt und dem Volk die Seele massiert, um unauff\u00e4llig auf die Opferung gr\u00f6\u00dferer Personengruppen vorzubereiten. Der erste Teil des Schachzugs\u2026","rel":"","context":"In &quot;Arbeit &amp; Soziales&quot;","block_context":{"text":"Arbeit &amp; Soziales","link":"https:\/\/www.freidenker.org\/?cat=11"},"img":{"alt_text":"","src":"https:\/\/i0.wp.com\/www.freidenker.org\/fw17\/wp-content\/uploads\/2020\/04\/Leopoldina_Halle_Saale_Draufsicht_800x450.jpg?fit=800%2C450&ssl=1&resize=350%2C200","width":350,"height":200,"srcset":"https:\/\/i0.wp.com\/www.freidenker.org\/fw17\/wp-content\/uploads\/2020\/04\/Leopoldina_Halle_Saale_Draufsicht_800x450.jpg?fit=800%2C450&ssl=1&resize=350%2C200 1x, https:\/\/i0.wp.com\/www.freidenker.org\/fw17\/wp-content\/uploads\/2020\/04\/Leopoldina_Halle_Saale_Draufsicht_800x450.jpg?fit=800%2C450&ssl=1&resize=525%2C300 1.5x, https:\/\/i0.wp.com\/www.freidenker.org\/fw17\/wp-content\/uploads\/2020\/04\/Leopoldina_Halle_Saale_Draufsicht_800x450.jpg?fit=800%2C450&ssl=1&resize=700%2C400 2x"},"classes":[]},{"id":8566,"url":"https:\/\/www.freidenker.org\/?p=8566","url_meta":{"origin":342,"position":5},"title":"Gates-Stiftung kauft von den Medien wohlwollende Berichterstattung","author":"Webredaktion","date":"31. August 2020","format":false,"excerpt":"Kommentar von Rainer Rupp Das US-Medien-Magazin \u201eColumbia Journalism Review (CJR)\u201c ... findet \u2013 ebenso wir die anderen blinden H\u00fchner New York Times, Washington Post und der CCN-Fake News Sender \u2013 hin und wieder auch ein Korn Wahrheit. Das war j\u00fcngst der Fall, als am 21. August Tim Schwab im CJR-Magazin\u2026","rel":"","context":"In &quot;Demokratie \u2013 Medien \u2013 Aufkl\u00e4rung&quot;","block_context":{"text":"Demokratie \u2013 Medien \u2013 Aufkl\u00e4rung","link":"https:\/\/www.freidenker.org\/?cat=12"},"img":{"alt_text":"","src":"https:\/\/i0.wp.com\/www.freidenker.org\/fw17\/wp-content\/uploads\/2020\/08\/dollar-1968710_800x450.jpg?fit=800%2C450&ssl=1&resize=350%2C200","width":350,"height":200,"srcset":"https:\/\/i0.wp.com\/www.freidenker.org\/fw17\/wp-content\/uploads\/2020\/08\/dollar-1968710_800x450.jpg?fit=800%2C450&ssl=1&resize=350%2C200 1x, https:\/\/i0.wp.com\/www.freidenker.org\/fw17\/wp-content\/uploads\/2020\/08\/dollar-1968710_800x450.jpg?fit=800%2C450&ssl=1&resize=525%2C300 1.5x, https:\/\/i0.wp.com\/www.freidenker.org\/fw17\/wp-content\/uploads\/2020\/08\/dollar-1968710_800x450.jpg?fit=800%2C450&ssl=1&resize=700%2C400 2x"},"classes":[]}],"_links":{"self":[{"href":"https:\/\/www.freidenker.org\/index.php?rest_route=\/wp\/v2\/posts\/342","targetHints":{"allow":["GET"]}}],"collection":[{"href":"https:\/\/www.freidenker.org\/index.php?rest_route=\/wp\/v2\/posts"}],"about":[{"href":"https:\/\/www.freidenker.org\/index.php?rest_route=\/wp\/v2\/types\/post"}],"author":[{"embeddable":true,"href":"https:\/\/www.freidenker.org\/index.php?rest_route=\/wp\/v2\/users\/2"}],"replies":[{"embeddable":true,"href":"https:\/\/www.freidenker.org\/index.php?rest_route=%2Fwp%2Fv2%2Fcomments&post=342"}],"version-history":[{"count":0,"href":"https:\/\/www.freidenker.org\/index.php?rest_route=\/wp\/v2\/posts\/342\/revisions"}],"wp:featuredmedia":[{"embeddable":true,"href":"https:\/\/www.freidenker.org\/index.php?rest_route=\/wp\/v2\/media\/343"}],"wp:attachment":[{"href":"https:\/\/www.freidenker.org\/index.php?rest_route=%2Fwp%2Fv2%2Fmedia&parent=342"}],"wp:term":[{"taxonomy":"category","embeddable":true,"href":"https:\/\/www.freidenker.org\/index.php?rest_route=%2Fwp%2Fv2%2Fcategories&post=342"},{"taxonomy":"post_tag","embeddable":true,"href":"https:\/\/www.freidenker.org\/index.php?rest_route=%2Fwp%2Fv2%2Ftags&post=342"}],"curies":[{"name":"wp","href":"https:\/\/api.w.org\/{rel}","templated":true}]}}