{"id":34,"date":"2010-11-23T16:35:37","date_gmt":"2010-11-23T15:35:37","guid":{"rendered":"http:\/\/www.freidenker.org\/fw17\/?p=34"},"modified":"2017-11-26T15:13:37","modified_gmt":"2017-11-26T14:13:37","slug":"der-terror-psychose-widerstehen","status":"publish","type":"post","link":"https:\/\/www.freidenker.org\/?p=34","title":{"rendered":"Der Terror-Psychose widerstehen!"},"content":{"rendered":"<p><b>Gegen die Demontage der Grundrechte und antiislamischen Rassismus<\/b><\/p>\n<p>Seit Tagen werden die Menschen in Deutschland durch abenteuerliche, angeblich \u201ebesonnene\u201c Warnungen vor drohenden Terroranschl\u00e4gen in Atem gehalten. Angeblich wollen die Politiker nicht sagen, was sie wissen. Tats\u00e4chlich wissen sie nicht, was sie sagen.<\/p>\n<p>Wir dokumentieren:<br \/>\n\u00b7 <b>Stellungnahme von Klaus Hartmann<\/b>, Bundesvorsitzender des Deutschen Freidenker-Verbandes<br \/>\n\u00b7 Auszug aus dem Dokument <b>\u201eGegen Volksverdummung und die Zerst\u00f6rung der Vernunft\u201c<\/b><br \/>\n\u00b7 <b>Offener Brief von Heinz-W. Hammer<\/b> an den Bundesinnenminister (Vorsicht, Satire)<\/p>\n<p>Auf den Weihnachtsm\u00e4rkten bedrohen uns Terroristen als Weihnachtsm\u00e4nner oder Weihnachtsm\u00e4nner als Terroristen. Die Innenminister, die Terror-Hysterie sch\u00fcren, versichern umgehend, es bestehe \u201ekein Grund zur Hysterie.\u201c<\/p>\n<p>Wohl deshalb wird ein \u00bbBombenfund\u00ab von Windhoek halluziniert, der auch ohne Angabe eines Bestimmungsortes und ohne in ein Flugzeug verladen worden zu sein, laut Innenminister de Maiziere zweifellos f\u00fcr Deutschland \u201ebestimmt\u201c war. Als der Schwindel aufflog, war die Emp\u00f6rung gro\u00df \u2013 \u00fcber die Entdeckung. Der sogenannte \u201eRealtestkoffer\u201c, eine Attrappe, war von einer mithelfenden Familienangeh\u00f6rigen, einer 80-j\u00e4hrigen Oma f\u00fcr eine 3-Mann-Sicherheitsfirma in den USA gebastelt worden, die nach eigenen Angaben \u201ekeine privaten Kunden\u201c hat. Blo\u00df Geheimdienste eben.<\/p>\n<p>Was fr\u00fcher f\u00fcr die Einweisung in eine Anstalt gereicht h\u00e4tte \u2013 Polizei sprengt Pappkarton an K\u00f6thener Bratwurstgrill \u2013 wird zur Normalit\u00e4t. Doch weil das nicht genug ist, baut \u201eDer Spiegel\u201c gleich den n\u00e4chsten Pappkameraden auf: Ein \u201eSturmangriff auf den Reichstag\u201c droht, mit \u201eGeiselnahme\u201c und \u201efinalem Blutbad\u201c.<\/p>\n<p>R\u00fcdiger G\u00f6bel weist in der \u201ejungen Welt\u201c auf das Spezialwissen des \u201eSpiegel\u201c zum Reichstag hin: \u201eAnfang der 60er Jahre schaffte es das Blatt mit Hilfe alter Naziseilschaften, in einer Artikelserie die Alleint\u00e4terthese zum Reichstagsbrand in die Welt zu setzen. Wer glaubt, der schwer sehbehinderte Marinus van der Lubbe habe in der Nacht vom 27. auf den 28. Februar 1933 in rund 20 Minuten den ganzen Plenarsaal mit Kohleanz\u00fcndern in Brand setzen k\u00f6nnen, h\u00e4lt es eben auch f\u00fcr m\u00f6glich, dass ein sechsk\u00f6pfiger Islamistentrupp in dem Geb\u00e4ude ein neuerliches Inferno anrichten wird.\u201c<\/p>\n<p><a href=\"http:\/\/www.jungewelt.de\/2010\/11-22\/044.php?sstr=Reichstag\" target=\"_blank\" rel=\"noopener\">\u201eWieder der Reichstag\u201c<\/a> ist der Titel dieses \u201ejunge Welt\u201c-Artikels, um darauf hinzuweisen, dass der auch 1933 der Vorwand f\u00fcr den Ausnahmezustand war. Jetzt sehen Verfassungsfeinde verschiedener Parteien wieder ihre Stunde gekommen: Bundeswehr im Innern, Aufr\u00fcstung der Geheimdienste, \u00dcberwachungsstaat, Vorratsdatenspeicherung \u2013 mit Hilfe der Terrorhysterie soll durchgepeitscht werden, was ohne Ausnahmezustand nicht mehrheitsf\u00e4hig ist.<\/p>\n<p>Das \u201eLeben unver\u00e4ndert und ohne Angst weiterzuf\u00fchren\u201c, geht nach Berlins Innensenator K\u00f6rting so: \u201eWenn wir in der Nachbarschaft irgendetwas wahrnehmen, dass da pl\u00f6tzlich drei etwas seltsam aussehende Menschen eingezogen sind, die sich nie blicken lassen oder \u00e4hnlich, und die nur Arabisch oder eine Fremdsprache sprechen, die wir nicht verstehen, dann sollte man glaube ich schon mal gucken, dass man die Beh\u00f6rden unterrichtet, was da los ist.\u201c Moment: sie lassen sich nie blicken, aber sehen seltsam aus? Hetzen, bis der Arzt kommt &#8230;<\/p>\n<p>Zum Grundrechteabbau im Land geh\u00f6rt erg\u00e4nzend noch das passende Feindbild f\u00fcr die Kreuzz\u00fcge in den Nahen und mittleren Osten. Antiislamischer Rassismus wird gesch\u00fcrt, um Krieg und Besatzung in Afghanistan, im Irak und in Pal\u00e4stina, und wom\u00f6glich demn\u00e4chst im Iran, im Jemen und Somalia den Schein von Legitimit\u00e4t zu verleihen und Ruhe an der Heimatfront zu schaffen. Opfer dieses Rassismus sind nicht nur die Diskriminierten, sondern letztlich \u2013 wir alle.<\/p>\n<p>Klaus Hartmann<\/p>\n<p>Bundesvorsitzender des Deutschen Freidenker-Verbandes<\/p>\n<p><em>Im Dokument des Freidenker-Verbandstages 2009<\/em><\/p>\n<h2>Gegen Volksverdummung und die Zerst\u00f6rung der Vernunft \u2013 F\u00fcr Aufkl\u00e4rung!<\/h2>\n<p><em>steht im Kapitel<\/em><br \/>\n<strong>Demokratie:<\/strong><\/p>\n<p>Die Krise der Wirtschaft wird begleitet von einer Legitimationskrise des politischen Systems. Die Freiheitsversprechen der als beste aller Ordnungen gepriesenen parlamentarischen Demokratie werden St\u00fcck f\u00fcr St\u00fcck zur\u00fcckgenommen. Nach der faktischen Abschaffung des Grundrechts auf Asyl beteiligt sich Deutschland am m\u00f6rderischen Grenzregime der EU gegen Fl\u00fcchtlinge.<\/p>\n<p>Der vom Grundgesetz proklamierte demokratische und soziale Rechtsstaat wird durch regierungsamtliche Systemver\u00e4nderung zum pr\u00e4ventiven Sicherheits- und \u00dcberwachungsstaat. Mehr und mehr wird der Mensch als Sicherheitsrisiko definiert und behandelt. Dies belegen fast t\u00e4gliche Datenskandale, Inhaltskontrollen im Internet, Vorratsdatenspeicherung und Pl\u00e4ne zur Aush\u00f6hlung der Unschuldsvermutung zwecks \u201eTerrorabwehr\u201c und die Nutzung erfolterter Aussagen.<\/p>\n<p>Die auf den Erfahrungen mit der Gestapo beruhende Trennung von Geheimdiensten und Polizei wird aufgehoben, das Bundeskriminalamt zu einem zentralen deutschen FBI ausgebaut und das Bundesverwaltungsamt in eine Bundesabh\u00f6rzentrale f\u00fcr alle Sicherheitsbeh\u00f6rden verwandelt. Der Marsch in den \u00dcberwachungsstaat wird begleitet von der Militarisierung der \u201eInneren Sicherheit\u201c, in deren Mittelpunkt der Bundeswehreinsatz im Inland steht.<\/p>\n<p>Der stetige Demokratieabbau zielt auf Kontrolle der sozial Ausgegrenzten und sozialer Opposition und mittelfristig auf pr\u00e4ventive \u201eAufstandsbek\u00e4mpfung\u201c. Zugleich soll mit Blick auf die Beteiligung an Kriegen in aller Welt f\u00fcr Ruhe an der Heimatfront und ein sicheres Hinterland gesorgt werden.<\/p>\n<p>Aufkl\u00e4rung soll das Bewusstsein f\u00f6rdern, dass die Demokratie von den Machtsicherungs- und Kriegspl\u00e4nen der Herrschenden akut und substanziell bedroht ist. Freidenker unterst\u00fctzen alle Forderungen und Initiativen zur Abwehr des Demokratieabbaus und zur Verteidigung demokratischer Rechte, zur St\u00e4rkung der b\u00fcrgerlichen Abwehrrechte gegen den Staat, zur Erweiterung von Privatheit, Autonomie und Freiheit. Demokratie muss aber dar\u00fcber hinaus als umfassendes Prinzip f\u00fcr alle Bereiche der Gesellschaft gelten, insbesondere auf betrieblicher und wirtschaftspolitischer Ebene.<\/p>\n<blockquote><p><em>\u201eDie B\u00fcrger demokratischer Gesellschaften sollten Kurse f\u00fcr geistige Selbstverteidigung besuchen, um sich gegen Manipulation und Kontrolle wehren zu k\u00f6nnen.\u201c<\/em><\/p>\n<p>Noam Chomsky, Mediacontrol, 2003, S. 8<\/p><\/blockquote>\n<p><strong>\u00a0<\/strong><\/p>\n<p><strong>Offener Brief von <\/strong><strong>Heinz-W. Hammer an den Bundesinnenminister<\/strong><\/p>\n<p>Essen, d. 19.11.10<\/p>\n<p>An den<\/p>\n<p>Bundesinnenminister Thomas de Mazi\u00e9re,<\/p>\n<p>Bundesministerium des Innern<\/p>\n<p>Alt-Moabit 101D<\/p>\n<p>10559 Berlin<\/p>\n<p>Per e-mail: <a href=\"mailto:poststelle@bmi.bund.de\">poststelle@bmi.bund.de<\/a><\/p>\n<p><strong>Guten Tag, Herr Innenminister de Maizi\u00e8re,<\/strong><\/p>\n<p>seit einigen Tagen wird in den Medien berichtet, dass Sie mich brauchen, um den internationalen Terrorismus zu bek\u00e4mpfen: <em>\u00bbIch m\u00f6chte die Bev\u00f6lkerung bitten, in ihrem Umfeld wachsam zu sein und <u>alles, was ihnen verd\u00e4chtig erscheint<\/u>, der Polizei zu melden\u00ab<\/em> (NRZ, 09.11.11).<\/p>\n<p>Nat\u00fcrlich will ich Ihrem Appell zur allgemeinen Denunziation sofort Folge leisten. Aber Sie werden sicherlich verstehen, dass ich meine sehr wichtigen und h\u00f6chst sicherheitsrelevanten Beobachtungen direkt Ihnen mitteile, denn \u2013 wer wei\u00df, wie stark der internationale Terrorismus bereits die deutschen Polizeistellen zersetzt hat.<\/p>\n<p>Die Meldungen, dass die gesamte deutsche Polizei nach den Castor-Protesten nunmehr f\u00fcr Tage, wenn nicht Wochen, quasi v\u00f6llig au\u00dfer Gefecht gesetzt ist, weil die Beamten ohne den n\u00f6tigen Verpflegungsnachschub die Demonstranten verhauen und in Feilandk\u00e4fige stopfen mussten, spricht ja wohl f\u00fcr sich.<\/p>\n<p>Nun also zu meinen wichtigen Beobachtungen zum Thema \u00bballgemeines Terrorverhindern\u00ab:<\/p>\n<p>Es gibt da eine Organisation, die sich euphemistisch \u00bbBundesverteidigungsministerium\u00ab nennt und einerseits zahlreiche Kontakte zu den Medien hat sowie dadurch anderseits ihren wahren Charakter grandios zu verschleiern versteht. Denn in der Praxis verst\u00f6\u00dft diese Organisation tagt\u00e4glich gegen das Grundgesetz der Bundesrepublik Deutschland und dessen Verbot, Angriffskriege zu f\u00fchren und somit Terror gegen die Zivilbev\u00f6lkerung anderer L\u00e4nder auszu\u00fcben.<\/p>\n<p>Auch der \u00bbF\u00fchrer\u00ab dieser Organisation kann namentlich benannt werden. Es handelt sich um einen adligen (seit Jahrhunderten wissen wir ja, zu welchen Aktionen diese Typen in der Lage sind) und durchgeknallten Dandy namens <em>Karl-Theodor Maria Nikolaus Johann Jacob Philipp Franz Joseph Sylvester von und zu Guttenberg<\/em>. Na, wer schon <u>so<\/u> hei\u00dft, der muss ja Dreck am Stecken haben! Das Perfide ist, dass dieser Chef-Militarist mittels der o.g. ungez\u00e4hlten Beziehungen zu den Medien von diesen geradezu als \u00bbHeilsbringer\u00ab aufgebauscht wird; manche schw\u00e4rmen bereits von einem \u00bbneuen F\u00fchrer\u00ab, \u00e4\u00e4h Kanzler oder so.<\/p>\n<p>Dass dieser suspekte S\u00fcdl\u00e4nder (das wird man ja wohl noch sagen d\u00fcrfen) die bereits Anfang der 90er Jahre beschlossenen BW-Richtlinien, nach denen bei Verknappung der Rohstoffe und den unversch\u00e4mten Ambitionen der L\u00e4nder des Trikont nach allgemeiner Teilhabe an den Ressourcen unseres Planeten (als ob jene diesen Habenichtsen genau so geh\u00f6ren w\u00fcrde, wie uns von der Vorhersehung Auserw\u00e4hlten) gegen diese nat\u00fcrlich Krieg zu f\u00fchren sei, nun zum gesellschaftlich akzeptierten Konsens zu f\u00fchren gewillt ist, m\u00f6gen ihm manche (sicherlich auch Sie, Herr de Maizi\u00e8re) hoch anrechnen. Da dies aber immer noch gegen das Grundgesetz (dem Verfassungsersatz der Bundesrepublik Deutschland) verst\u00f6\u00dft, fordere ich Sie auf, alle Ihnen unterstellten Geheimdienste sofort darauf anzusetzen, diese ganz offensichtlich dem Terrorismus zugeneigten Person unter Voll-Observation zu stellen. Zumal \u2013 dies sei Ihnen ganz im Sinne der geforderten Denunziation und im Vertrauen mitgeteilt \u2013 dieser Mann die politische Verantwortung tr\u00e4gt f\u00fcr die Ermordung von 142 Menschen am 4. September 2009 in Kunduz. Der unmittelbar verantwortlich Obrist wurde von ihm mit einer Bef\u00f6rderung belohnt. Von den USA (Vietnam: My Lai) lernen, hei\u00dft siegen lernen? Na, aber doch bitte nicht so offensichtlich! Selbstverst\u00e4ndlich, und das d\u00fcrfte auch Ihnen in Ihrer Funktion nicht verborgen geblieben sein, wird mit der Anwendung von Terror in anderen L\u00e4ndern derselbige auch in das Ursprungsland eingeladen (Kausalit\u00e4tsprinzip).<\/p>\n<p>Und hier, Herr Innenminister, noch eine letzte Information, die aber wirklich fast alles bisher Gesagte in den Schattens stellt:<\/p>\n<p>Wie mir ein Nachbar k\u00fcrzlich sp\u00e4t abends in der Eckkneipe <em>\u00bbZum wachen Auge\u00ab<\/em> mitteilte, ist alles noch viel schlimmer: Der S\u00fcdl\u00e4nder handelt nicht in eigenem Auftrag, sondern ist selbst Untergebener! Sein Boss soll eine Frau (!) sein, eine gewisse <em>Angela Merkel<\/em> aus Ostdeutschland (!). Eine angebliche Langzeitagentin der FDJ und mit einem ungeheuren Machtapparat ausgestattet. Diese allerdings soll ebenfalls nur eine Befehlsempf\u00e4ngerin sein von angeblichen Konzernbossen (<em>\u00bbLobby-Marionette aus der Uckermark\u00ab<\/em> [Urban Priol am 16.11.10]). Mehr konnte ich dazu bisher nicht herausfinden. Zu diesem Zeitpunkt musste sich mein Informant \u00fcbergeben, was wirklich nicht sehr sch\u00f6n war. Es kam da so viel M\u00fcll raus, wie es kaum ein Bundeskabinett hinkriegen w\u00fcrde.<\/p>\n<p>Ich sage Ihnen, Herr de Maizi\u00e8re: <em>\u00bbWir haben einen Abgrund von Landesverrat im Lande.\u00ab<\/em>, (Konrad Adenauer\u00a0 vor dem Deutschen Bundestag, 7. November 1962)<\/p>\n<p>Ich bleibe aber dran und werde auch weiterhin mit gro\u00dfem Engagement Ihrem Aufruf zur allgemeinen Denunziation Folge leisten.<\/p>\n<p>Denn, zwar hei\u00dft es in einer alten Losung der Arbeiterbewegung <em>\u00bbDer gr\u00f6\u00dfte Lump im Land \u2013 das ist und bleibt der Denunziant\u00ab<\/em>. Aber was scheren uns schon diese Proleten mit ihrer Moral \u2013 denn schlie\u00dflich besteht damit die M\u00f6glichkeit, endlich einmal der Macht nahe zu sein, wie uns schon lehrbuchhaft Heinrich Manns strammdeutsche Romanfigur Diederich He\u00dfling in <em>\u00bbDer Untertan\u00ab<\/em> lehrte.<\/p>\n<p>Und wollen wir das nicht alle, Herr Bundesinnenminister?<\/p>\n<p>Mit denunziatorischem Gru\u00dfe<\/p>\n<p><strong><em>Heinz-W. Hammer, Essen<\/em><\/strong><\/p>\n<p><strong>P.S.:<\/strong> Ihre j\u00fcngste Ma\u00dfnahme, die allgemeine Terrorwarnung f\u00fcr die Bundesrepublik Deutschland vom 16.11.2010, ist ein wirklich kluger Schachzug. Wenn schon die Bev\u00f6lkerung des Landes sich trotz aller Propaganda des adligen Militaristen partout nicht f\u00fcr deutsche Kriegsf\u00fchrung und Hurrapatriotismus aufstacheln lassen will, dann muss man es eben mit der Verbreitung von\u00a0 Angst und Schrecken versuchen. Hat ja in den USA, UK usw. auch schon sehr gut geklappt. Und wenn alles nix hilft, k\u00f6nnen ja die eigenen Beh\u00f6rden wieder ein bisschen nachhelfen (siehe \u00bbCeller Loch\u00ab usw.).<\/p>\n<p>Das kann man dann, was hierzulande auch schon eine gewisse Tradition hat, auch prima zum Abbau von v\u00f6llig \u00fcberfl\u00fcssigen B\u00fcrger- und Menschenrechten ausnutzen. Vom Recht auf informationelle Selbstbestimmung bis zum absoluten Folterverbot gibt\u2019s da ein weites Feld zu beackern. Und wie man h\u00f6rt, haben Sie (Konferenz der Landesinnenminister) ja schon begonnen, das Verbot der Vorratsdatenspeicherung durch das Bundesverfassungsgericht aufs Korn zu nehmen.<\/p>\n<p>Also &#8211; weiter so! W\u00e4re doch gelacht, wenn wir gemeinsam (Sie als Geheimdienstboss und ich als zuverl\u00e4ssiger Denunziant) es nicht schaffen w\u00fcrden, die tumbe Bev\u00f6lkerung auf den richtigen Topf zu setzen.<\/p>\n<p>Die Plazierung von Bombenattrappen auf internationalen Flugh\u00e4fen war \u00fcbrigens schon mal nicht schlecht. Auch das pr\u00e4zise Timing ist zu loben. Aber da geht zweifellos noch viel mehr (siehe oben).<\/p>\n<p>Die von Ihnen in Marsch gesetzten, martialisch ger\u00fcsteten Polizeitrupps, die derzeit mit Maschinengewehren im Anschlag die \u00f6ffentlichen Stra\u00dfen und Pl\u00e4tze heimsuchen, geben schon mal die sch\u00f6ne Vision eines m\u00f6glichen Polizeistaates. Das Volk kann sich ja schon mal dran gew\u00f6hnen\u2026<\/p>\n<p><strong>P.P.S.:<\/strong> Es ist sicherlich auch in Ihrem Sinne, wenn ich den vorliegenden Brief an Sie zugleich auch an weitere, an der Schaffung einer allgemeinen Hysterie und fl\u00e4chendeckenden Denunziation Interessierte sende. Und vielleicht sind ja einige Zeitungen geneigt, meine Hinweise und Anregungen zu ver\u00f6ffentlichen, um Sie, Herr Minister, damit in Ihrem nimmer enden wollenden Kampf gegen das \u00fcberall dr\u00e4uende B\u00f6se tatkr\u00e4ftig zu unterst\u00fctzen. Auf die Kumpels vom Stammtisch im <em>\u00bbZum wachen Auge\u00ab<\/em> k\u00f6nnen Sie auf jeden Fall schon mal z\u00e4hlen.<\/p>\n<hr \/>\n<p><strong>Bild:<\/strong> FreeImages.com\/Artist\u2019s Member Name: Patrick Moore<\/p>\n","protected":false},"excerpt":{"rendered":"<p>Seit Tagen werden die Menschen in Deutschland durch abenteuerliche, angeblich \u201ebesonnene\u201c Warnungen vor drohenden Terroranschl\u00e4gen in Atem gehalten. Angeblich wollen die Politiker nicht sagen, was sie wissen. Tats\u00e4chlich wissen sie nicht, was sie sagen. Wir dokumentieren:<br \/>\n&#8211; Stellungnahme von Klaus Hartmann, Bundesvorsitzender des Deutschen Freidenker-Verbandes<br \/>\n&#8211; Auszug aus dem Dokument \u201eGegen Volksverdummung und die Zerst\u00f6rung der Vernunft\u201c<br \/>\n&#8211; Offener Brief von Heinz-W. Hammer an den Bundesinnenminister (Vorsicht, Satire)<\/p>\n","protected":false},"author":2,"featured_media":35,"comment_status":"closed","ping_status":"closed","sticky":false,"template":"","format":"standard","meta":{"colormag_page_container_layout":"default_layout","colormag_page_sidebar_layout":"default_layout","advanced_seo_description":"","jetpack_seo_html_title":"","jetpack_seo_noindex":false,"jetpack_post_was_ever_published":false,"footnotes":""},"categories":[12,7],"tags":[],"class_list":["post-34","post","type-post","status-publish","format-standard","has-post-thumbnail","hentry","category-demokratie-medien-aufklaerung","category-publikationen-von-freidenkern"],"jetpack_featured_media_url":"https:\/\/i0.wp.com\/www.freidenker.org\/fw17\/wp-content\/uploads\/2016\/05\/chains.jpg?fit=800%2C445&ssl=1","jetpack_shortlink":"https:\/\/wp.me\/p9stpK-y","jetpack-related-posts":[{"id":22636,"url":"https:\/\/www.freidenker.org\/?p=22636","url_meta":{"origin":34,"position":0},"title":"Mega-Leistung US-amerikanischer und deutscher Doppelmoral","author":"Webredaktion","date":"23. August 2025","format":false,"excerpt":"Kommentar von\u00a0Rainer Rupp Die Diplomatie der westlichen Demokraturen pr\u00e4sentiert sich gerne als moralischen Leuchtturm, als Musterbeispiel f\u00fcr Prinzipientreue und intellektuelle Aufrichtigkeit und nicht zu vergessen - Humanit\u00e4t. Alles nur Schall und Rauch! Zur Verdummung der eigenen Bev\u00f6lkerung. Im Ausland dagegen, vor allem im globalen S\u00fcden, wei\u00df man schon lange, welch\u2026","rel":"","context":"In &quot;Demokratie \u2013 Medien \u2013 Aufkl\u00e4rung&quot;","block_context":{"text":"Demokratie \u2013 Medien \u2013 Aufkl\u00e4rung","link":"https:\/\/www.freidenker.org\/?cat=12"},"img":{"alt_text":"","src":"https:\/\/i0.wp.com\/www.freidenker.org\/fw17\/wp-content\/uploads\/2025\/08\/Al-Shaara_at_the_fall_of_Damascus_800x450.jpg?fit=800%2C450&ssl=1&resize=350%2C200","width":350,"height":200,"srcset":"https:\/\/i0.wp.com\/www.freidenker.org\/fw17\/wp-content\/uploads\/2025\/08\/Al-Shaara_at_the_fall_of_Damascus_800x450.jpg?fit=800%2C450&ssl=1&resize=350%2C200 1x, https:\/\/i0.wp.com\/www.freidenker.org\/fw17\/wp-content\/uploads\/2025\/08\/Al-Shaara_at_the_fall_of_Damascus_800x450.jpg?fit=800%2C450&ssl=1&resize=525%2C300 1.5x, https:\/\/i0.wp.com\/www.freidenker.org\/fw17\/wp-content\/uploads\/2025\/08\/Al-Shaara_at_the_fall_of_Damascus_800x450.jpg?fit=800%2C450&ssl=1&resize=700%2C400 2x"},"classes":[]},{"id":20365,"url":"https:\/\/www.freidenker.org\/?p=20365","url_meta":{"origin":34,"position":1},"title":"Wenn Widerstand in Pal\u00e4stina zur Existenzfrage wird","author":"Webredaktion","date":"23. November 2024","format":false,"excerpt":"Kommentar von Evelyn Hecht-Galinski Es ist an der Zeit, dass die Weltgemeinschaft akzeptiert, dass Pal\u00e4stinenser als besetztes Volk das Recht hat, Widerstand zu leisten \u2013 und zwar auf jede erdenkliche Weise? Pal\u00e4stinensern wird das Grundrecht auf Freiheit, Selbstbestimmung und Unabh\u00e4ngigkeit seit Staatsgr\u00fcndung des \u201ej\u00fcdischen Staats\u201c 1948 verweigert. Wurde nicht dem\u2026","rel":"","context":"In &quot;Frieden - Antifaschismus - Solidarit\u00e4t&quot;","block_context":{"text":"Frieden - Antifaschismus - Solidarit\u00e4t","link":"https:\/\/www.freidenker.org\/?cat=13"},"img":{"alt_text":"","src":"https:\/\/i0.wp.com\/www.freidenker.org\/fw17\/wp-content\/uploads\/2024\/11\/injury-6860646_800x450.jpg?fit=800%2C450&ssl=1&resize=350%2C200","width":350,"height":200,"srcset":"https:\/\/i0.wp.com\/www.freidenker.org\/fw17\/wp-content\/uploads\/2024\/11\/injury-6860646_800x450.jpg?fit=800%2C450&ssl=1&resize=350%2C200 1x, https:\/\/i0.wp.com\/www.freidenker.org\/fw17\/wp-content\/uploads\/2024\/11\/injury-6860646_800x450.jpg?fit=800%2C450&ssl=1&resize=525%2C300 1.5x, https:\/\/i0.wp.com\/www.freidenker.org\/fw17\/wp-content\/uploads\/2024\/11\/injury-6860646_800x450.jpg?fit=800%2C450&ssl=1&resize=700%2C400 2x"},"classes":[]},{"id":18067,"url":"https:\/\/www.freidenker.org\/?p=18067","url_meta":{"origin":34,"position":2},"title":"Abrechnung mit Scholz und der Ampel-Blase","author":"Webredaktion","date":"30. Januar 2024","format":false,"excerpt":"Kommentar von\u00a0Rainer Rupp Gestern erhielt ich eine Kurznachricht auf X (vormals Twitter): \u201eHier braucht ein sehr sch\u00f6ner Beitrag Reichweite\u201c. Beigef\u00fcgt war ein Link zu einem Text aus der Feder des deutschen Journalisten Philippe Debionne. Nach dessen Lekt\u00fcre war auch ich \u00fcberzeugt, dass dieser Beitrag so breit wie m\u00f6glich verteilt werden\u2026","rel":"","context":"In &quot;Demokratie \u2013 Medien \u2013 Aufkl\u00e4rung&quot;","block_context":{"text":"Demokratie \u2013 Medien \u2013 Aufkl\u00e4rung","link":"https:\/\/www.freidenker.org\/?cat=12"},"img":{"alt_text":"","src":"https:\/\/i0.wp.com\/www.freidenker.org\/fw17\/wp-content\/uploads\/2024\/01\/ampel_scholz_lindner_habeck_800x450.jpg?fit=800%2C450&ssl=1&resize=350%2C200","width":350,"height":200,"srcset":"https:\/\/i0.wp.com\/www.freidenker.org\/fw17\/wp-content\/uploads\/2024\/01\/ampel_scholz_lindner_habeck_800x450.jpg?fit=800%2C450&ssl=1&resize=350%2C200 1x, https:\/\/i0.wp.com\/www.freidenker.org\/fw17\/wp-content\/uploads\/2024\/01\/ampel_scholz_lindner_habeck_800x450.jpg?fit=800%2C450&ssl=1&resize=525%2C300 1.5x, https:\/\/i0.wp.com\/www.freidenker.org\/fw17\/wp-content\/uploads\/2024\/01\/ampel_scholz_lindner_habeck_800x450.jpg?fit=800%2C450&ssl=1&resize=700%2C400 2x"},"classes":[]},{"id":19268,"url":"https:\/\/www.freidenker.org\/?p=19268","url_meta":{"origin":34,"position":3},"title":"\u201eWollen die einen ernsthaften Konflikt in Europa und einen globalen Konflikt? Dann bitte sehr.\u201c","author":"Webredaktion","date":"3. Juni 2024","format":false,"excerpt":"Beitrag von Thomas R\u00f6per Vor drei Tagen war der russische Pr\u00e4sident auf Staatsbesuch in Usbekistan und hat sich anschlie\u00dfend der Presse gestellt. Dabei haben zwei Journalisten nach den zu dem Zeitpunkt noch diskutierten Pl\u00e4nen des Westens gefragt, Kiew zu erlauben, Ziele in Russland mit aus dem Westen gelieferten Waffen zu\u2026","rel":"","context":"In &quot;Demokratie \u2013 Medien \u2013 Aufkl\u00e4rung&quot;","block_context":{"text":"Demokratie \u2013 Medien \u2013 Aufkl\u00e4rung","link":"https:\/\/www.freidenker.org\/?cat=12"},"img":{"alt_text":"","src":"https:\/\/i0.wp.com\/www.freidenker.org\/fw17\/wp-content\/uploads\/2024\/06\/Putin_Taschkent_2024-05-28_800x450.jpg?fit=800%2C450&ssl=1&resize=350%2C200","width":350,"height":200,"srcset":"https:\/\/i0.wp.com\/www.freidenker.org\/fw17\/wp-content\/uploads\/2024\/06\/Putin_Taschkent_2024-05-28_800x450.jpg?fit=800%2C450&ssl=1&resize=350%2C200 1x, https:\/\/i0.wp.com\/www.freidenker.org\/fw17\/wp-content\/uploads\/2024\/06\/Putin_Taschkent_2024-05-28_800x450.jpg?fit=800%2C450&ssl=1&resize=525%2C300 1.5x, https:\/\/i0.wp.com\/www.freidenker.org\/fw17\/wp-content\/uploads\/2024\/06\/Putin_Taschkent_2024-05-28_800x450.jpg?fit=800%2C450&ssl=1&resize=700%2C400 2x"},"classes":[]},{"id":5413,"url":"https:\/\/www.freidenker.org\/?p=5413","url_meta":{"origin":34,"position":4},"title":"Soldaten! Verweigert den Syrien-Befehl!","author":"Webredaktion","date":"15. September 2018","format":false,"excerpt":"Aufruf\/Petition von Hartmut Barth-Engelbart Soldaten! Ihr habt geschworen, der Bundesrepublik treu zu dienen. Jetzt will man Euch in einen Krieg senden, der diesem Schwur widerspricht. Das gilt f\u00fcr die k\u00e4mpfenden Einheiten ebenso wie f\u00fcr die nachgeordneten Dienste. Dieses Kommando widerspricht jeder Vernunft, jeder milit\u00e4rischen Einsicht und allen Gesetzen, die Euren\u2026","rel":"","context":"In &quot;Frieden - Antifaschismus - Solidarit\u00e4t&quot;","block_context":{"text":"Frieden - Antifaschismus - Solidarit\u00e4t","link":"https:\/\/www.freidenker.org\/?cat=13"},"img":{"alt_text":"","src":"https:\/\/i0.wp.com\/www.freidenker.org\/fw17\/wp-content\/uploads\/2018\/09\/Bundeswehr_Dingo_outside_of_Mazar-e-Sharif_800x445.jpg?fit=800%2C445&ssl=1&resize=350%2C200","width":350,"height":200,"srcset":"https:\/\/i0.wp.com\/www.freidenker.org\/fw17\/wp-content\/uploads\/2018\/09\/Bundeswehr_Dingo_outside_of_Mazar-e-Sharif_800x445.jpg?fit=800%2C445&ssl=1&resize=350%2C200 1x, https:\/\/i0.wp.com\/www.freidenker.org\/fw17\/wp-content\/uploads\/2018\/09\/Bundeswehr_Dingo_outside_of_Mazar-e-Sharif_800x445.jpg?fit=800%2C445&ssl=1&resize=525%2C300 1.5x, https:\/\/i0.wp.com\/www.freidenker.org\/fw17\/wp-content\/uploads\/2018\/09\/Bundeswehr_Dingo_outside_of_Mazar-e-Sharif_800x445.jpg?fit=800%2C445&ssl=1&resize=700%2C400 2x"},"classes":[]},{"id":8852,"url":"https:\/\/www.freidenker.org\/?p=8852","url_meta":{"origin":34,"position":5},"title":"USA ist Quelle des erneuten ISIS-Terrorismus in Syrien","author":"Webredaktion","date":"25. Oktober 2020","format":false,"excerpt":"Ein Kommentar von Rainer Rupp In j\u00fcngster Zeit mehren sich wieder die Angriffe auf syrische Stellungen von Terroristen des selbsternannten \u201eIslamischen Staates von Irak und Syrien\u201c (ISIS), die auf ein Wiedererstarken der mit modernen Waffen ausger\u00fcsteten und mit mittelalterlicher Grausamkeit operierenden Terrororganisation in den von den USA v\u00f6lkerrechtswidrig besetzten Gebieten\u2026","rel":"","context":"In &quot;Frieden - Antifaschismus - Solidarit\u00e4t&quot;","block_context":{"text":"Frieden - Antifaschismus - Solidarit\u00e4t","link":"https:\/\/www.freidenker.org\/?cat=13"},"img":{"alt_text":"","src":"https:\/\/i0.wp.com\/www.freidenker.org\/fw17\/wp-content\/uploads\/2020\/10\/Coalition_Airstrike_on_ISIL_position_in_Kobane_800x450.jpg?fit=800%2C450&ssl=1&resize=350%2C200","width":350,"height":200,"srcset":"https:\/\/i0.wp.com\/www.freidenker.org\/fw17\/wp-content\/uploads\/2020\/10\/Coalition_Airstrike_on_ISIL_position_in_Kobane_800x450.jpg?fit=800%2C450&ssl=1&resize=350%2C200 1x, https:\/\/i0.wp.com\/www.freidenker.org\/fw17\/wp-content\/uploads\/2020\/10\/Coalition_Airstrike_on_ISIL_position_in_Kobane_800x450.jpg?fit=800%2C450&ssl=1&resize=525%2C300 1.5x, https:\/\/i0.wp.com\/www.freidenker.org\/fw17\/wp-content\/uploads\/2020\/10\/Coalition_Airstrike_on_ISIL_position_in_Kobane_800x450.jpg?fit=800%2C450&ssl=1&resize=700%2C400 2x"},"classes":[]}],"_links":{"self":[{"href":"https:\/\/www.freidenker.org\/index.php?rest_route=\/wp\/v2\/posts\/34","targetHints":{"allow":["GET"]}}],"collection":[{"href":"https:\/\/www.freidenker.org\/index.php?rest_route=\/wp\/v2\/posts"}],"about":[{"href":"https:\/\/www.freidenker.org\/index.php?rest_route=\/wp\/v2\/types\/post"}],"author":[{"embeddable":true,"href":"https:\/\/www.freidenker.org\/index.php?rest_route=\/wp\/v2\/users\/2"}],"replies":[{"embeddable":true,"href":"https:\/\/www.freidenker.org\/index.php?rest_route=%2Fwp%2Fv2%2Fcomments&post=34"}],"version-history":[{"count":0,"href":"https:\/\/www.freidenker.org\/index.php?rest_route=\/wp\/v2\/posts\/34\/revisions"}],"wp:featuredmedia":[{"embeddable":true,"href":"https:\/\/www.freidenker.org\/index.php?rest_route=\/wp\/v2\/media\/35"}],"wp:attachment":[{"href":"https:\/\/www.freidenker.org\/index.php?rest_route=%2Fwp%2Fv2%2Fmedia&parent=34"}],"wp:term":[{"taxonomy":"category","embeddable":true,"href":"https:\/\/www.freidenker.org\/index.php?rest_route=%2Fwp%2Fv2%2Fcategories&post=34"},{"taxonomy":"post_tag","embeddable":true,"href":"https:\/\/www.freidenker.org\/index.php?rest_route=%2Fwp%2Fv2%2Ftags&post=34"}],"curies":[{"name":"wp","href":"https:\/\/api.w.org\/{rel}","templated":true}]}}