{"id":3301,"date":"2005-06-17T18:58:29","date_gmt":"2005-06-17T16:58:29","guid":{"rendered":"http:\/\/www.freidenker.org\/?p=3301"},"modified":"2023-02-19T15:42:31","modified_gmt":"2023-02-19T14:42:31","slug":"jugendfeier-2005-in-braunschweig","status":"publish","type":"post","link":"https:\/\/www.freidenker.org\/?p=3301","title":{"rendered":"Jugendfeier 2005 in Braunschweig"},"content":{"rendered":"<p>aus FREIDENKER Nr. 2-05 Juni 2005, 64. Jahrgang, S. 35<\/p>\n<pre>\u00dcber die Jugendfeier in Braunschweig berichtete die Braunschweiger Zeitung:<\/pre>\n<h4><strong>Tradition seit dem Jahre 1852 <\/strong><\/h4>\n<h5>34 M\u00e4dchen und Jungen feierten in der Stadthalle ihre Jugendweihe<\/h5>\n<p>\u201eSie werden heute hochoffiziell vom Kind zum Jugendlichen bef\u00f6rdert&#8220;, sagte Klaus Hartmann, Vorsitzender des Deutschen Freidenker-Verbandes, am Sonntag zu 34 M\u00e4dchen und Jungen in der Stadthalle. Die 13- bis 15 J\u00e4hrigen feierten mit ihren Eltern und Verwandten die Jugendweihe.<\/p>\n<p>&#8222;Dieses Fest hat eine weitaus l\u00e4ngere Tradition als allgemein bekannt&#8220;, erkl\u00e4rte Bernd Fricke, Landesverbandsvorsitzender der Freidenker in Niedersachsen. \u201eViele bringen den Begriff mit der DDR in Verbindung. Doch die Jugendweihe gab es schon vor dem Krieg.&#8220;<\/p>\n<p>So nahmen 1932 in Braunschweig rund 2000 Kinder an der Jugendweihe teil, bevor sie ein Jahr sp\u00e4ter von den Nationalsozialisten verboten wurde. Ab 1946 gab es die Jugendweihe in der L\u00f6wenstadt wieder, diesmal also zum 60. Mal nach dem Krieg.<\/p>\n<p>Urspr\u00fcnglich war sie 1852 von freireligi\u00f6sen Gemeinden entwickelt worden. Die freidenkerischen Ans\u00e4tze wurden von der Arbeiterbewegung \u00fcbernommen. In der DDR wurde diese Aufnahme der Kinder in den Kreis der Erwachsenen missbraucht, um ihnen ein Gel\u00f6bnis auf den sozialistischen Staat abzufordern. Mit gewaltigem Druck wurde die Feier gegen die kirchliche Konfirmation beziehungsweise Firmung etabliert.<\/p>\n<p>In Westdeutschland war die Zahl der Teilnehmer an den Jugendweihen von Jahr zu Jahr sehr unterschiedlich. Erst seit dem Ende der 80er Jahre stabilisierten sich die Zahlen. An der Feier am Sonntag in Braunschweig nahmen auch Kinder aus der Region teil. Bundesvorsitzender Klaus Hartmann erinnerte die jungen Menschen daran, dass &#8222;ein Leben ohne Glauben nicht auf Ethik und Moral verzichte&#8220;.<\/p>\n<p>Viele Christen legten durch Firmung oder Konfirmation ein Glaubensbekenntnis ab \u201eohne eigene religi\u00f6se \u00dcberzeugung, sondern weil ihre Eltern es so erwarten&#8220;. Den Jugendlichen in der Stadthalle sagte er: \u201e\u00dcbt euer Recht auf eine weltanschauliche Sichtweise aus. Sie gibt euch Denkanst\u00f6\u00dfe, euer Leben bewusst und eigenverantwortlich zu gestalten.&#8220;<\/p>\n<p style=\"text-align: right;\"><em>Braunschweiger Zeitung (25.4.2005): von Karsten Mentasti<\/em><\/p>\n<hr \/>\n<p>Bild: pixabay.com \/ User: kordi_vahle<\/p>\n","protected":false},"excerpt":{"rendered":"<p><strong>Bericht der Braunschweiger Zeitung, nachgedruckt in: FREIDENKER 2-05<\/strong><br \/>\n\u201eSie werden heute hochoffiziell vom Kind zum Jugendlichen bef\u00f6rdert&#8220;, sagte Klaus Hartmann, Vorsitzender des Deutschen Freidenker-Verbandes, am Sonntag zu 34 M\u00e4dchen und Jungen in der Stadthalle. Die 13- bis 15 J\u00e4hrigen feierten mit ihren Eltern und Verwandten die Jugendweihe.<br \/>\n&#8222;Dieses Fest hat eine weitaus l\u00e4ngere Tradition als allgemein bekannt&#8220;, erkl\u00e4rte Bernd Fricke, Landesverbandsvorsitzender der Freidenker in Niedersachsen. \u201eViele bringen den Begriff mit der DDR in Verbindung. Doch die Jugendweihe gab es schon vor dem Krieg.&#8220;<\/p>\n","protected":false},"author":3,"featured_media":4095,"comment_status":"closed","ping_status":"closed","sticky":false,"template":"","format":"standard","meta":{"colormag_page_container_layout":"default_layout","colormag_page_sidebar_layout":"default_layout","advanced_seo_description":"","jetpack_seo_html_title":"","jetpack_seo_noindex":false,"jetpack_post_was_ever_published":false,"footnotes":""},"categories":[14],"tags":[903,366,365,1026],"class_list":["post-3301","post","type-post","status-publish","format-standard","has-post-thumbnail","hentry","category-jugendweihe-jugendfeier","tag-braunschweig","tag-jugendfeier","tag-jugendweihe","tag-lv-niedersachsen"],"jetpack_featured_media_url":"https:\/\/i0.wp.com\/www.freidenker.org\/fw17\/wp-content\/uploads\/2005\/06\/braunschweig-2179636_800x445.jpg?fit=800%2C445&ssl=1","jetpack_shortlink":"https:\/\/wp.me\/p9stpK-Rf","jetpack-related-posts":[{"id":186,"url":"https:\/\/www.freidenker.org\/?p=186","url_meta":{"origin":3301,"position":0},"title":"Bedeutung und Geschichte von Jugendweihen und Jugendfeiern","author":"Webmaster","date":"1. Januar 2010","format":false,"excerpt":"F\u00fcr immer mehr Jugendliche stellt sich die Frage: Hat es Sinn, ohne religi\u00f6se \u00dcberzeugung an der kirchlichen Feier zum Erwachsenwerden teilzunehmen? Der immer gr\u00f6\u00dfer werdenden Zahl von Kirchenaustritten der Erwachsenen muss nicht das weltanschauliche Nichts f\u00fcr die Kinder folgen. Au\u00dfer religi\u00f6sen Ansichten gibt es zumindest noch die Ansicht, dass das\u2026","rel":"","context":"In &quot;Geschichte&quot;","block_context":{"text":"Geschichte","link":"https:\/\/www.freidenker.org\/?cat=1162"},"img":{"alt_text":"","src":"https:\/\/i0.wp.com\/www.freidenker.org\/fw17\/wp-content\/uploads\/2016\/05\/Statue_3_Stufen_der_Liebe.jpg?fit=800%2C445&ssl=1&resize=350%2C200","width":350,"height":200,"srcset":"https:\/\/i0.wp.com\/www.freidenker.org\/fw17\/wp-content\/uploads\/2016\/05\/Statue_3_Stufen_der_Liebe.jpg?fit=800%2C445&ssl=1&resize=350%2C200 1x, https:\/\/i0.wp.com\/www.freidenker.org\/fw17\/wp-content\/uploads\/2016\/05\/Statue_3_Stufen_der_Liebe.jpg?fit=800%2C445&ssl=1&resize=525%2C300 1.5x, https:\/\/i0.wp.com\/www.freidenker.org\/fw17\/wp-content\/uploads\/2016\/05\/Statue_3_Stufen_der_Liebe.jpg?fit=800%2C445&ssl=1&resize=700%2C400 2x"},"classes":[]},{"id":193,"url":"https:\/\/www.freidenker.org\/?p=193","url_meta":{"origin":3301,"position":1},"title":"Jugendweihe 2005 in Dresden","author":"Webmaster","date":"17. Juni 2005","format":false,"excerpt":"Beitrag von Heinz Nikolaus aus FREIDENKER 2-05 Im Sinne der mehr als 100-j\u00e4hrigen Freidenkertradition in Deutschland wurden nach dem .Anschluss' der DDR an die Bundesrepublik Deutschland bei uns in Sachsen viel Kraft und viele Ideen entwickelt, um nach wie vor jungen Menschen ein bleibendes Erlebnis ihrer Jugendweihe zu erm\u00f6glichen, diese\u2026","rel":"","context":"In &quot;Jugendweihe &amp; Jugendfeier&quot;","block_context":{"text":"Jugendweihe &amp; Jugendfeier","link":"https:\/\/www.freidenker.org\/?cat=14"},"img":{"alt_text":"","src":"https:\/\/i0.wp.com\/www.freidenker.org\/fw17\/wp-content\/uploads\/2016\/05\/Dresden.jpg?fit=800%2C445&ssl=1&resize=350%2C200","width":350,"height":200,"srcset":"https:\/\/i0.wp.com\/www.freidenker.org\/fw17\/wp-content\/uploads\/2016\/05\/Dresden.jpg?fit=800%2C445&ssl=1&resize=350%2C200 1x, https:\/\/i0.wp.com\/www.freidenker.org\/fw17\/wp-content\/uploads\/2016\/05\/Dresden.jpg?fit=800%2C445&ssl=1&resize=525%2C300 1.5x, https:\/\/i0.wp.com\/www.freidenker.org\/fw17\/wp-content\/uploads\/2016\/05\/Dresden.jpg?fit=800%2C445&ssl=1&resize=700%2C400 2x"},"classes":[]},{"id":197,"url":"https:\/\/www.freidenker.org\/?p=197","url_meta":{"origin":3301,"position":2},"title":"Jugendfeier 2005 in M\u00fcnchen","author":"Webmaster","date":"17. Juni 2005","format":false,"excerpt":"Beitrag von Christiane Kr\u00f6ll aus FREIDENKER 2-05 Unter dem Motto \"\u00c4ndere die Welt, sie braucht es.\" begingen in M\u00fcnchen 12 Jugendliche mit rund 100 G\u00e4sten am Vorabend des \"Tages der Befreiung\" ihre Jugendfeier in der Gastst\u00e4tte Weyprechthof. In der Festrede hob Eva Bulling-Schr\u00f6ter, Landesvorsitzende der PDS Bayern und Freidenker-Mitglied, u.a.\u2026","rel":"","context":"In &quot;Jugendweihe &amp; Jugendfeier&quot;","block_context":{"text":"Jugendweihe &amp; Jugendfeier","link":"https:\/\/www.freidenker.org\/?cat=14"},"img":{"alt_text":"","src":"https:\/\/i0.wp.com\/www.freidenker.org\/fw17\/wp-content\/uploads\/2016\/05\/Munch.jpg?fit=800%2C445&ssl=1&resize=350%2C200","width":350,"height":200,"srcset":"https:\/\/i0.wp.com\/www.freidenker.org\/fw17\/wp-content\/uploads\/2016\/05\/Munch.jpg?fit=800%2C445&ssl=1&resize=350%2C200 1x, https:\/\/i0.wp.com\/www.freidenker.org\/fw17\/wp-content\/uploads\/2016\/05\/Munch.jpg?fit=800%2C445&ssl=1&resize=525%2C300 1.5x, https:\/\/i0.wp.com\/www.freidenker.org\/fw17\/wp-content\/uploads\/2016\/05\/Munch.jpg?fit=800%2C445&ssl=1&resize=700%2C400 2x"},"classes":[]},{"id":3298,"url":"https:\/\/www.freidenker.org\/?p=3298","url_meta":{"origin":3301,"position":3},"title":"Jugendweihen 2005 in Bremerhaven, Hamburg und Kiel","author":"Webredaktion","date":"17. Juni 2005","format":false,"excerpt":"Beitr\u00e4ge von Helmuth Sturmhoebel und Norbert Diener aus: FREIDENKER 2-05 Die 81. Jugendweihe des Freidenkerverbandes Bremen\/Unterweser fand am 22. Mai 2005 in Bremerhaven statt. 13 Jugendliche hatten sich seit Anfang M\u00e4rz unter der bew\u00e4hrten Leitung von Helmut Brauner w\u00f6chentlich getroffen. Sie diskutierten \u00fcber die Themen Arbeitslosigkeit, Gewalt, Drogen und Faschismus\u2026","rel":"","context":"In &quot;Jugendweihe &amp; Jugendfeier&quot;","block_context":{"text":"Jugendweihe &amp; Jugendfeier","link":"https:\/\/www.freidenker.org\/?cat=14"},"img":{"alt_text":"","src":"https:\/\/i0.wp.com\/www.freidenker.org\/fw17\/wp-content\/uploads\/2005\/06\/bremerhaven-hamburg-kiel_mb.jpg?fit=800%2C445&ssl=1&resize=350%2C200","width":350,"height":200,"srcset":"https:\/\/i0.wp.com\/www.freidenker.org\/fw17\/wp-content\/uploads\/2005\/06\/bremerhaven-hamburg-kiel_mb.jpg?fit=800%2C445&ssl=1&resize=350%2C200 1x, https:\/\/i0.wp.com\/www.freidenker.org\/fw17\/wp-content\/uploads\/2005\/06\/bremerhaven-hamburg-kiel_mb.jpg?fit=800%2C445&ssl=1&resize=525%2C300 1.5x, https:\/\/i0.wp.com\/www.freidenker.org\/fw17\/wp-content\/uploads\/2005\/06\/bremerhaven-hamburg-kiel_mb.jpg?fit=800%2C445&ssl=1&resize=700%2C400 2x"},"classes":[]},{"id":189,"url":"https:\/\/www.freidenker.org\/?p=189","url_meta":{"origin":3301,"position":4},"title":"Jugendfeier 2005 in Frankfurt am Main","author":"Webmaster","date":"17. Juni 2005","format":false,"excerpt":"Beitrag von Norbert M\u00fcller aus FREIDENKER 2-05 Am Pfingstsonntag war es soweit. Nach sieben Vorbereitungstreffen, einem gemeinsamen Treff mit den Eltern sowie einem Wochenendseminar in Weimar mit Besuch der Gedenkst\u00e4tte Buchenwald fand f\u00fcr 31 Jugendliche in Hessen die Jugendfeier statt, die wie immer unter dem Motto \"Nicht religi\u00f6s und trotzdem\u2026","rel":"","context":"In &quot;Jugendweihe &amp; Jugendfeier&quot;","block_context":{"text":"Jugendweihe &amp; Jugendfeier","link":"https:\/\/www.freidenker.org\/?cat=14"},"img":{"alt_text":"","src":"https:\/\/i0.wp.com\/www.freidenker.org\/fw17\/wp-content\/uploads\/2016\/05\/Frankfurt.jpg?fit=800%2C445&ssl=1&resize=350%2C200","width":350,"height":200,"srcset":"https:\/\/i0.wp.com\/www.freidenker.org\/fw17\/wp-content\/uploads\/2016\/05\/Frankfurt.jpg?fit=800%2C445&ssl=1&resize=350%2C200 1x, https:\/\/i0.wp.com\/www.freidenker.org\/fw17\/wp-content\/uploads\/2016\/05\/Frankfurt.jpg?fit=800%2C445&ssl=1&resize=525%2C300 1.5x, https:\/\/i0.wp.com\/www.freidenker.org\/fw17\/wp-content\/uploads\/2016\/05\/Frankfurt.jpg?fit=800%2C445&ssl=1&resize=700%2C400 2x"},"classes":[]},{"id":229,"url":"https:\/\/www.freidenker.org\/?p=229","url_meta":{"origin":3301,"position":5},"title":"Nicht religi\u00f6s und trotzdem 14","author":"Webmaster","date":"10. Januar 2016","format":false,"excerpt":"\"Nicht religi\u00f6s und trotzdem 14?!\" Dass das \u201ejeder und jedem passieren\" kann, \u201eaber nicht schlecht sein\" muss, darauf verweist die Internetseite www.jugendfeier-hessen.de des hessischen DFV-Landesverbandes. Denn nicht nur die Hessen, sondern auch die meisten der anderen Landesverb\u00e4nde organisieren jedes Jahr wieder im Mai und Juni Jugendweihen bzw. Jugendfeiern, bei denen\u2026","rel":"","context":"In &quot;Jugendweihe &amp; Jugendfeier&quot;","block_context":{"text":"Jugendweihe &amp; Jugendfeier","link":"https:\/\/www.freidenker.org\/?cat=14"},"img":{"alt_text":"","src":"https:\/\/i0.wp.com\/www.freidenker.org\/fw17\/wp-content\/uploads\/2016\/07\/14_Jugendweihe.jpg?fit=800%2C445&ssl=1&resize=350%2C200","width":350,"height":200,"srcset":"https:\/\/i0.wp.com\/www.freidenker.org\/fw17\/wp-content\/uploads\/2016\/07\/14_Jugendweihe.jpg?fit=800%2C445&ssl=1&resize=350%2C200 1x, https:\/\/i0.wp.com\/www.freidenker.org\/fw17\/wp-content\/uploads\/2016\/07\/14_Jugendweihe.jpg?fit=800%2C445&ssl=1&resize=525%2C300 1.5x, https:\/\/i0.wp.com\/www.freidenker.org\/fw17\/wp-content\/uploads\/2016\/07\/14_Jugendweihe.jpg?fit=800%2C445&ssl=1&resize=700%2C400 2x"},"classes":[]}],"_links":{"self":[{"href":"https:\/\/www.freidenker.org\/index.php?rest_route=\/wp\/v2\/posts\/3301","targetHints":{"allow":["GET"]}}],"collection":[{"href":"https:\/\/www.freidenker.org\/index.php?rest_route=\/wp\/v2\/posts"}],"about":[{"href":"https:\/\/www.freidenker.org\/index.php?rest_route=\/wp\/v2\/types\/post"}],"author":[{"embeddable":true,"href":"https:\/\/www.freidenker.org\/index.php?rest_route=\/wp\/v2\/users\/3"}],"replies":[{"embeddable":true,"href":"https:\/\/www.freidenker.org\/index.php?rest_route=%2Fwp%2Fv2%2Fcomments&post=3301"}],"version-history":[{"count":0,"href":"https:\/\/www.freidenker.org\/index.php?rest_route=\/wp\/v2\/posts\/3301\/revisions"}],"wp:featuredmedia":[{"embeddable":true,"href":"https:\/\/www.freidenker.org\/index.php?rest_route=\/wp\/v2\/media\/4095"}],"wp:attachment":[{"href":"https:\/\/www.freidenker.org\/index.php?rest_route=%2Fwp%2Fv2%2Fmedia&parent=3301"}],"wp:term":[{"taxonomy":"category","embeddable":true,"href":"https:\/\/www.freidenker.org\/index.php?rest_route=%2Fwp%2Fv2%2Fcategories&post=3301"},{"taxonomy":"post_tag","embeddable":true,"href":"https:\/\/www.freidenker.org\/index.php?rest_route=%2Fwp%2Fv2%2Ftags&post=3301"}],"curies":[{"name":"wp","href":"https:\/\/api.w.org\/{rel}","templated":true}]}}