{"id":3287,"date":"2007-12-17T17:53:12","date_gmt":"2007-12-17T16:53:12","guid":{"rendered":"http:\/\/www.freidenker.org\/?p=3287"},"modified":"2018-02-18T19:19:28","modified_gmt":"2018-02-18T18:19:28","slug":"die-macht-der-medien","status":"publish","type":"post","link":"https:\/\/www.freidenker.org\/?p=3287","title":{"rendered":"Die Macht der Medien"},"content":{"rendered":"<p>Aus: <a href=\"https:\/\/www.freidenker.org\/?p=497\">Freidenker Nr. 4-07 Dezember 2007\u00a0<\/a>\u00a0 66. Jahrgang &#8211; Thema, S. 24-28<\/p>\n<p>von <strong><em>Bernd Fricke<\/em><\/strong><\/p>\n<p>&nbsp;<\/p>\n<p>Wer kennt ihn nicht, den Begriff der Mediengesellschaft. Aber leben wir wirklich in einer solchen, so wie wir fr\u00fcher beispielsweise in der Steinzeit oder im Atomzeitalter gelebt haben?<\/p>\n<p>Fakt ist, Medien beeinflussen unser t\u00e4gliches Leben in zunehmendem Ma\u00dfe. Es gibt kaum einen Ort, an dem wir vor ihnen sicher sind. An fast jeder Ecke blinkt, piept oder klingelt etwas.<\/p>\n<p>Wir werden von optischen und akustischen Reizen im wahrsten Sinne des Wortes regelrecht \u00fcberschwemmt. Die riesigen Reklametafeln, die unser Stadtbild ma\u00dfgeblich mitbestimmen, sind hier ebenso zu nennen wie die Informationsflut aus Funk, Fernsehen oder Internet.<\/p>\n<p>Aber ist das Beweis genug f\u00fcr die Existenz einer Mediengesellschaft? Um diese Frage besser beurteilen zu k\u00f6nnen, m\u00fcssen wir tiefer in die Materie eindringen.<\/p>\n<p>Medien beeinflussen nicht nur unser t\u00e4gliches Leben, sondern auch uns selbst. Sie enthalten oft versteckte Botschaften, die uns \u2013 wohlfeil verpackt \u2013 ein sorgenfreies, selbstbestimmtes Leben voller Gl\u00fcck und Spa\u00df verhei\u00dfen. Alle gesellschaftlichen Bereiche stehen dir offen, wenn du es nur willst und zur richtigen Zeit den richtigen Kaffee trinkst oder die richtige Zigarette rauchst. Rauche, staune, gute Laune! So einfach ist das? Oder vielleicht nicht?<\/p>\n<p>&nbsp;<\/p>\n<h5>Kriegstreiberei<\/h5>\n<p>Ein anderes Beispiel: Der Irakkrieg wurde wie fast alle modernen Kriege mit einer riesigen Medienkampagne vorbereitet. Presse, Funk und Fernsehen versuchten uns nahezu unisono weiszumachen, dass Saddam Hussein \u00fcber Massenvernichtungswaffen verf\u00fcge und dadurch zu einer Gefahr f\u00fcr den Weltfrieden geworden sei, die man ausl\u00f6schen m\u00fcsse. Heute wissen wir, dass die angeblichen Beweise gef\u00e4lscht waren und einzig und allein dem Zweck dienten, den amerikanischen Angriffskrieg gegen den Irak zu rechtfertigen.<\/p>\n<p>Es sind also nicht die Medien als solche, die uns beherrschen, sondern immer die Menschen, die sich ihrer bedienen, um die eigenen Macht- und Herrschaftsanspr\u00fcche damit durchzusetzen bzw. abzusichern. Es ist ein wesentlicher Unterschied, ob Medien per se als Machtinstrumente fungieren oder sich nur als solche missbrauchen lassen. Solange wir in einer Gesellschaft leben, in der es ein Oben und ein Unten gibt, wird es immer auch Menschen geben, die zur Absicherung ihrer Machtinteressen nicht vor der Manipulation der Wahrheit zur\u00fcckschrecken.<\/p>\n<p>Umgekehrt sind tiefgreifende gesellschaftliche Ver\u00e4nderungen kein Garant daf\u00fcr, dass Macht nicht mehr missbraucht wird und die Medien ihre Unschuld zur\u00fcckgewinnen. Wie bemerkte schon Bert Brecht in anderem Zusammenhang so treffend: \u201eDer \u00e4lteste Trick der Bourgeoisie besteht darin, das Volk freiwillig seine Unfreiheit w\u00e4hlen zu lassen.\u201c Man k\u00f6nnte hinzuf\u00fcgen: Die Medien lassen sich dabei nur allzu gern zur Hure machen.<\/p>\n<p>Noch einmal: Die ver\u00f6ffentlichten Satellitenbilder von vermeintlichen Produktionsst\u00e4tten f\u00fcr Massenvernichtungswaffen, die dazugeh\u00f6rigen Kommentare in Funk und Fernsehen sowie die Archivaufnahmen vom historischen Giftgasangriff im Nordirak werden erst im Kontext der medialen Vermittlung zu einem Manipulationsinstrument und damit zum Mittel der Politik. F\u00fcr sich genommen sind sie eher harmlos, ja nahezu wertfrei, \u00e4hnlich der Fotografie einer sch\u00f6nen Blume oder eines Sonnenuntergangs am Meer. Erst als die amerikanische Regierung sich ihrer bediente, um damit ihre eigenen Ziele besser durchsetzen zu k\u00f6nnen, wurden die an sich harmlosen Bilder und Kommentare zu Instrumenten einer imperialen Politik.<\/p>\n<h5>Vom Hinschauen zum Durchblicken<\/h5>\n<p>Was lernen wir daraus? Wer nicht von den Medien beherrscht werden will, muss lernen, sie zu durchschauen. Wer sie durchschauen will, muss mit ihnen umgehen k\u00f6nnen. Dies ist jedoch leichter gesagt als getan, obwohl heute in fast jedem Haushalt ein PC steht und nahezu jeder Mensch der sogenannten zivilisierten Welt schon einmal ein Foto geschossen oder eine Videoaufnahme gemacht hat. Das Problem ist komplizierter, als man denkt. Es gen\u00fcgt n\u00e4mlich nicht, Medien einfach nur so zu gebrauchen. Man muss auch einiges \u00fcber sie wissen, ihre Sprache verstehen, um nicht zu ihrem Opfer zu werden.<\/p>\n<p>Medien sind ein wichtiger Teil des Kommunikationsprozesses. Sie dienen zur \u00dcbermittlung von Botschaften und treten dabei als Vermittler zwischen Sender und Empf\u00e4nger auf. Als Sender bezeichnet man denjenigen, der einem anderen etwas mitteilen will, als Empf\u00e4nger denjenigen, dem etwas mitgeteilt werden soll. So ist es m\u00f6glich, \u00fcber Medien Kontakte zu kn\u00fcpfen, und das nicht erst seit der Erfindung des Internets. Auch handgeschriebene Briefe, die hin und her geschickt werden, sind in diesem Sinne Medien.<\/p>\n<p>Medien k\u00f6nnen auch helfen, die Welt besser zu verstehen. Was w\u00e4ren wir ohne Schulb\u00fccher, Zeitungsnachrichten, Dokumentarfilme etc.? Doch Achtung: Das, was in Schulb\u00fcchern steht, in Funk und Fernsehen gesendet wird, muss nicht immer der Wirklichkeit entsprechen, es k\u00f6nnte manipuliert sein, es k\u00f6nnte bewusst zur Herrschaftsabsicherung eingesetzt werden.<\/p>\n<h5>Bild und Realit\u00e4t<\/h5>\n<p>Auch deshalb ist es wichtig, dass man nicht nur vom Alltagsgebrauch des Mediums etwas versteht \u2013 wo muss ich beim Fotografieren draufdr\u00fccken? \u2013 sondern sich fr\u00fcher oder sp\u00e4ter tiefergehend mit der Sache befasst. \u00c4hnlich wie beim Erlernen einer Fremdsprache ist es auch im Bereich der Medien lohnend, sich zus\u00e4tzlich ihre \u201aGrammatik\u2018 anzueignen.<\/p>\n<p>Da jedes Medium seine eigene Sprache besitzt, darf man nicht von der \u201aGrammatik der Medien\u2018 sprechen, sondern immer nur von der Grammatik eines bestimmten Mediums.<\/p>\n<p>Nehmen wir zum Beispiel die Fotografie. Ihre Erfindung in der ersten H\u00e4lfte des 19. Jahrhunderts hat im wahrsten Sinne des Wortes die Welt ver\u00e4ndert. War es bis dahin die Aufgabe von Malern und Grafikern, dem gef\u00e4lligen Publikum Bilder von sich und der Welt zu liefern, so traten an ihre Stelle von nun an in zunehmendem Ma\u00dfe professionelle Fotografen. Anfang des 20. Jahrhunderts kamen dann noch die Filmemacher hinzu.<\/p>\n<p>Fotografie und Film wurden zu einer ernst zu nehmenden Konkurrenz f\u00fcr die bildenden K\u00fcnste, was in letzter Konsequenz dazu f\u00fchrte, das diese sich neuen Aufgabengebieten zuwendeten. Das m\u00f6glichst wirklichkeitsgetreue Abbilden lag von nun an in den H\u00e4nden der Fotografen und Filmemacher, w\u00e4hrend die meisten K\u00fcnstler sich in zunehmendem Ma\u00dfe der Abstraktion zuwendeten. Kein anderes Medium als die Fotografie war und ist in der Lage, schneller, perfekter und preisg\u00fcnstiger ein Abbild von der Wirklichkeit zu liefern.<\/p>\n<p>Doch genau darin liegt das Problem. Indem der Fotoapparat all das, was sich zum Zeitpunkt der Aufnahme vor seiner Linse befindet, naturgetreu wiedergibt, baut er einen Wahrheitsanspruch auf, den er so nicht einl\u00f6sen kann. Immerhin ist es der Fotograf, der durch den Sucher schaut, Standort, Perspektive und Ausschnitt bestimmt. Und damit bestimmt er zugleich, was wir von der Wirklichkeit zu sehen bekommen und wie wir es sehen.<\/p>\n<p>Ich gebe ein Beispiel: Von unz\u00e4hligen Wahlplakaten blicken immer wieder die gleichen idealisierten Gesichter von Politikern auf uns herab, um uns mit ihrem L\u00e4cheln davon zu \u00fcberzeugen, dass es keinen besseren Kandidaten f\u00fcr das angestrebte Amt g\u00e4be. Doch was sagen diese Fotos dar\u00fcber hinaus noch \u00fcber die dargestellten Personen aus? Nichts!<\/p>\n<p>Nun mag man einwenden, dass es auch andere, bessere Fotos gibt. Das ist zwar richtig, aber das Problem bleibt das gleiche: Jedes Foto ist manipulierbar, da es immer nur einen r\u00e4umlich-zeitlichen Ausschnitt der Wirklichkeit widerspiegelt. W\u00fcrden wir es uneingeschr\u00e4nkt f\u00fcr ein Abbild der Wahrheit halten, so k\u00f6nnte es passieren, dass wir diesen fatalen Irrtum sp\u00e4ter bereuen. Auch hier ist die Medienkampagne gegen Saddam Hussein wieder ein gutes Beispiel. Mehrere Politiker, die damals aufgrund der scheinbar unwiderlegbaren Beweislage den amerikanischen Pr\u00e4sidenten unterst\u00fctzt haben, geben mittlerweile offen zu, dass sie einem Irrtum \u2013 man k\u00f6nnte auch sagen einer T\u00e4uschung \u2013 aufgesessen sind.<\/p>\n<p>Fazit: Wir leben zwar in einer durch und durch von Medien gepr\u00e4gten Gesellschaft, doch w\u00e4re es falsch, daraus abzuleiten, Medien bes\u00e4\u00dfen ein eigenst\u00e4ndiges Machtpotential.<\/p>\n<p>Medien an sich sind harmlos, genauso harmlos wie die Atomspaltung, erst durch deren Nutzung, z.B. f\u00fcr gef\u00e4hrliche Mordwaffen, werden von Menschen die Destruktivkr\u00e4fte freigesetzt. Wegen dieser Missbrauchbarkeit einen Feldzug gegen die Medien zu beginnen, w\u00e4re widersinnig und kurzsichtig.<\/p>\n<h5>Demokratisierung<\/h5>\n<p>Anstatt sich den Medien zu verweigern oder sie gar zu bek\u00e4mpfen, ist es wichtig, den kritischen Umgang mit ihnen zu erlernen. Dadurch w\u00e4re man ihrem Missbrauch weit weniger ausgeliefert und k\u00f6nnte sie ggf. im emanzipatorischen Sinne nutzen.<\/p>\n<p>Ein fataler Fehler w\u00e4re es auch, die Verf\u00fcgungsgewalt \u00fcber die Medien ausschlie\u00dflich den Herrschenden zu \u00fcberlassen. Was dabei herausk\u00e4me, haben wir im Laufe der Geschichte oft genug erlebt und erleben wir t\u00e4glich, wenn wir bestimmte Fernsehformate konsumieren oder in bestimmten Zeitungen bl\u00e4ttern.<\/p>\n<p>Eine Demokratisierung der Medienwelt, die verhindert, das Meinung gleichgeschaltet wird, und sei es auch nur die von der vermeintlichen Meinungsfreiheit, tut deshalb dringend Not.<\/p>\n<p>Dieser Forderung steht aber die Realit\u00e4t der Medienwelt diametral gegen\u00fcber. Wir erleben derzeit auch dort, wie sich immer mehr Macht in immer weniger H\u00e4nden konzentriert. Sehen wir uns als Beispiel einmal die Machenschaften von Europas gr\u00f6\u00dftem und weltweit f\u00fcnftgr\u00f6\u00dftem Medienkonzern an. Zum Bertelsmann-Imperium mit seinen rund 20 Milliarden Umsatz pro Jahr geh\u00f6ren die Fernsehsender der RTL-Gruppe, der Zeitschriftenverlag Gruner und Jahr (Stern, Capital, Geo usw.), der weltgr\u00f6\u00dfte Buchverlag Random House, das weltgr\u00f6\u00dfte Musikkonsortium SonyBMG (Bertelsmann Musik Group) und der Logistik- und Online \u2013 Dienstleister Arvato. Des Weiteren bestanden Verflechtungen zum Spiegel und zur Zeit-Stiftung. (Quelle: Der Tagungsband \u201eBertelsmann: Ein globales Medienimperium macht Politik\u201c hrsg. von Thomas Barth, erschienen im Anders Verlag 2006) Haupteigent\u00fcmerin ist die als gemeinn\u00fctzig anerkannte Bertelsmann Stiftung, die 1977 zwecks Steuervermeidung gegr\u00fcndet wurde und dem Konzern letztendlich mehr Steuern spart, als sie an Geld f\u00fcr ihre gemeinn\u00fctzigen Zwecke ausgibt.<\/p>\n<p>All dies w\u00e4re \u2013 wie oben bereits mehrfach betont \u2013 nicht weiter schlimm, w\u00fcrden hinter solch einer Konzentration nicht handfeste machtpolitische Interessen stecken.<\/p>\n<h5>Die Methode Bertelsmann<\/h5>\n<p>Torben Klimmek titelt in einer Buchbesprechung des Tagungsbandes \u201eBertelsmann: Ein globales Medienimperium macht Politik\u201c: \u201eMohn aus G\u00fctersloh \u2013 Die berauschte Republik und ihr Gro\u00dfdealer\u201c. In diesem raffinierten Wortspiel vergleicht er den Konzernchef Mohn mit den Erzeugern des gleichnamigen Rauschmittels aus Afghanistan und anderswo. Er schreibt: \u201e[&#8230;] in G\u00fctersloh findet sich ein Erzeugnis, das nicht nur denselben Namen, sondern auch eine \u00e4hnliche rauschhafte und verh\u00e4ngnisvolle Wirkung wie die [&#8230;] Rauschgiftpflanze aufweist. Seine Herstellung ist allerdings ganz legal und sogar offiziell erw\u00fcnscht. Seine Inhaltsstoffe sind schnell genannt: \u00d6konomisierung aller Lebensbereiche, Konkurrenz auf allen Ebenen, Markt statt Staat, Deregulierung, Privatisierung, Liberalisierung und schlie\u00dflich Konzernoligarchie statt Demokratie. Dieses Rezept liefert den Grundstoff f\u00fcr das neue Opium des Volkes, gemeint ist das t\u00e4glich und allenthalben verabreichte Narkotikum namens Neoliberalismus. Mittels seiner bewusstseinsindustriellen Medienmacht und seiner sich als gemeinwohlt\u00e4tig ausgebenden Stiftung versorgt er die l\u00e4ngst abh\u00e4ngig gewordene Gesellschaft dieses Landes unentwegt mit seiner Droge in Form der Agenda 2010, der Hartz-Reform-Entw\u00fcrfe, der Schul- und Hochschulreformen, der privaten Altersvorsorge etc.\u201c<\/p>\n<p>Wie macht Bertelsmann das? Wie kann es einem Medienkonzern gelingen, in allen Bereichen der Politik mitzureden und zu helfen, in letzter Konsequenz nichts anderes als Kapitalinteressen durchzusetzen? Die Rede ist hier nicht von plumper Beeinflussung in Bildzeitungsmanier. Das hat ein solcher Riese nur bedingt n\u00f6tig. Seine Mittel sind in der Regel viel subtiler und effizienter.<\/p>\n<p>Schauen wir uns zur Kl\u00e4rung dieser Fragen die Bertelsmannstiftung und ihre Einflussbereiche einmal etwas genauer an: Je mehr sich der Staat aus traditionellen Aufgabenbereichen zur\u00fcckzieht, desto st\u00e4rker wird der Einfluss privater Unternehmen. Im Bildungssektor spielt auf diese Weise die Bertelsmann-Stiftung eine f\u00fchrende Rolle. Ihre Vertreter haben u. a. in der Bildungskommission von NRW gesessen und \u00fcber das Centrum f\u00fcr Hochschulentwicklung (CHE) massiven Einfluss auf die Hochschulpolitik ausge\u00fcbt. So ist z. B. die Einf\u00fchrung von Studiengeb\u00fchren im Wesentlichen auf das Betreiben des CHE zur\u00fcckzuf\u00fchren.<\/p>\n<p>Und auch bei der Einf\u00fchrung der sogenannten \u201eselbst\u00e4ndigen\u201c oder \u201eeigenverantwortlichen\u201c Schule haben Einrichtungen der Bertelsmann-Stiftung ihre H\u00e4nde im Spiel. Dazu muss man wissen, dass diese Neuerungen im Schulwesen reiner Etikettenschwindel sind. Es geht nicht darum, p\u00e4dagogische Freir\u00e4ume zu schaffen oder gar unser Schulwesen zu demokratisieren, im Gegenteil: Die Institution Schule soll mehr und mehr den Belangen der Wirtschaft angepasst werden. Bildung muss \u201asich rechnen\u2018, das Verh\u00e4ltnis von Input zu Output muss stimmen.<\/p>\n<p>Als Medienunternehmen nimmt Bertelsmann aber auch direkten Einfluss auf die K\u00f6pfe der Menschen, und das nicht nur in der Werbung oder einschl\u00e4gigen Politmagazinen. Die Rede ist von einer mediengelenkten Demokratie, nicht als Ausnahme, sondern als st\u00e4ndig begleitende Einflussnahme auf nahezu allen Gebieten der \u201ahohen Politik\u2018.<\/p>\n<p>So werden Erhebungen wie die PISA- Studie u.a. dazu genutzt, um Druck auf die Regierenden auszu\u00fcben und ihre Bereitschaft zu \u201eReformen\u201c zu erh\u00f6hen, die der breiten \u00d6ffentlichkeit dann \u00fcber die Medien vermittelt werden. Was auf den ersten Blick sinnvoll erscheinen mag, n\u00e4mlich eine Standortbestimmung im Bildungswesen vorzunehmen, entpuppt sich bei n\u00e4herer Betrachtung als manipuliert und interessengesteuert. Treibende Kraft bei all diesen Prozessen im Bildungswesen ist hinter den Kulissen die Industrielobby, der hochrangige Europ\u00e4ische Runde Tisch der Industriellen (ERT), dem auch Bertelsmann lange Zeit angeh\u00f6rte.<\/p>\n<p>Diese wenigen Beispiele m\u00f6gen an dieser Stelle gen\u00fcgen, um die Thesen von der interessengesteuerten und weitgehend monopolisierten Mediengesellschaft zu untermauern. Was kann man aber gegen solche Verh\u00e4ltnisse tun?<\/p>\n<p>Wichtig ist zun\u00e4chst, dass Licht in das Dunkel gebracht wird. Aufkl\u00e4rung tut Not! Die Menschen m\u00fcssen erfahren, dass sie manipuliert, manchmal sogar belogen und betrogen werden. Gleichzeitig ist f\u00fcr den Einzelnen aber auch wichtig, die Erfahrung zu machen, dass es Sinn macht, sein \u201aSchicksal\u2018 in die eigenen H\u00e4nde zu nehmen, sich solidarisch gegen Unrecht und Machtmissbrauch zu wehren. Nur wenn viele Menschen diese Erfahrung sammeln, l\u00e4sst sich vielleicht langfristig etwas ver\u00e4ndern.<\/p>\n<p style=\"text-align: right;\"><em>Bernd Fricke ist Landesvorsitzender des DFV Niedersachsen<\/em><\/p>\n<p>&nbsp;<\/p>\n<p><strong>Netzquellen:<\/strong><\/p>\n<p>. <a href=\"http:\/\/www.nachdenkseiten.de\/?p=1837\" target=\"_blank\" rel=\"noopener\">http:\/\/www.nachdenkseiten.de\/?p=1837<\/a><\/p>\n<p>. <a href=\"http:\/\/www.wiki.bildung-schadet-nicht.de\/index.php\/Bertelsmann:_Ein_globales_Medienimperium_macht_(Hochschul-)_Politik\" target=\"_blank\" rel=\"noopener\">http:\/\/www.wiki.bildung-schadet-nicht.de\/index.php\/Bertelsmann:_Ein_globales_Medienimperium_macht_(Hochschul-)_Politik<\/a><\/p>\n<p>. <a href=\"http:\/\/www.rosalux.de\/cms\/index.php?id=9486\" target=\"_blank\" rel=\"noopener\">http:\/\/www.rosalux.de\/cms\/index.php?id=9486<\/a><\/p>\n<p>. <a href=\"http:\/\/de.wikipedia.org\/wiki\/Bertelsmann\" target=\"_blank\" rel=\"noopener\">http:\/\/de.wikipedia.org\/wiki\/Bertelsmann<\/a><\/p>\n<hr \/>\n<p>Bild: pixabay.com \/ User: MichaelGaida<\/p>\n","protected":false},"excerpt":{"rendered":"<p><strong>Beitrag von Bernd Fricke aus: FREIDENKER 4-07<\/strong><br \/>\nWer kennt ihn nicht, den Begriff der Mediengesellschaft. Aber leben wir wirklich in einer solchen, so wie wir fr\u00fcher beispielsweise in der Steinzeit oder im Atomzeitalter gelebt haben? Fakt ist, Medien beeinflussen unser t\u00e4gliches Leben in zunehmendem Ma\u00dfe. Es gibt kaum einen Ort, an dem wir vor ihnen sicher sind. An fast jeder Ecke blinkt, piept oder klingelt etwas. Wir werden von optischen und akustischen Reizen im wahrsten Sinne des Wortes regelrecht \u00fcberschwemmt. Die riesigen Reklametafeln, die unser Stadtbild ma\u00dfgeblich mitbestimmen, sind hier ebenso zu nennen wie die Informationsflut aus Funk, Fernsehen oder Internet.<\/p>\n","protected":false},"author":3,"featured_media":4079,"comment_status":"closed","ping_status":"closed","sticky":false,"template":"","format":"standard","meta":{"colormag_page_container_layout":"default_layout","colormag_page_sidebar_layout":"default_layout","advanced_seo_description":"","jetpack_seo_html_title":"","jetpack_seo_noindex":false,"jetpack_post_was_ever_published":false,"footnotes":""},"categories":[12],"tags":[125,617,881,339,121,638],"class_list":["post-3287","post","type-post","status-publish","format-standard","has-post-thumbnail","hentry","category-demokratie-medien-aufklaerung","tag-bertelsmann","tag-fotografie","tag-irakkrieg","tag-kriegspropaganda","tag-medien","tag-medienverantwortung"],"jetpack_featured_media_url":"https:\/\/i0.wp.com\/www.freidenker.org\/fw17\/wp-content\/uploads\/2007\/12\/news-1172463_800x445.jpg?fit=800%2C445&ssl=1","jetpack_shortlink":"https:\/\/wp.me\/p9stpK-R1","jetpack-related-posts":[{"id":13991,"url":"https:\/\/www.freidenker.org\/?p=13991","url_meta":{"origin":3287,"position":0},"title":"Demo am 28.08. in Dessau: Schluss mit den Sanktionen, denn sie schaden uns selbst!","author":"Webredaktion","date":"18. August 2022","format":false,"excerpt":"Kundgebung Handwerker f\u00fcr den Frieden am Sonntag, den 28.08.2022 um 11 Uhr auf dem Marktplatz in Dessau Au\u00dfer den Wohlhabenden und den kriegsgeilen Wichtigtuern in der Politik gibt es ernsthaft wohl nur wenige Menschen hierzulande, die sich vorstellen k\u00f6nnen f\u00fcr den Krieg der NATO in der Ukraine hungern oder bis\u2026","rel":"","context":"In &quot;Frieden - Antifaschismus - Solidarit\u00e4t&quot;","block_context":{"text":"Frieden - Antifaschismus - Solidarit\u00e4t","link":"https:\/\/www.freidenker.org\/?cat=13"},"img":{"alt_text":"","src":"https:\/\/i0.wp.com\/www.freidenker.org\/fw17\/wp-content\/uploads\/2022\/08\/Friedensglocke_9_800x450.jpg?fit=800%2C450&ssl=1&resize=350%2C200","width":350,"height":200,"srcset":"https:\/\/i0.wp.com\/www.freidenker.org\/fw17\/wp-content\/uploads\/2022\/08\/Friedensglocke_9_800x450.jpg?fit=800%2C450&ssl=1&resize=350%2C200 1x, https:\/\/i0.wp.com\/www.freidenker.org\/fw17\/wp-content\/uploads\/2022\/08\/Friedensglocke_9_800x450.jpg?fit=800%2C450&ssl=1&resize=525%2C300 1.5x, https:\/\/i0.wp.com\/www.freidenker.org\/fw17\/wp-content\/uploads\/2022\/08\/Friedensglocke_9_800x450.jpg?fit=800%2C450&ssl=1&resize=700%2C400 2x"},"classes":[]},{"id":16210,"url":"https:\/\/www.freidenker.org\/?p=16210","url_meta":{"origin":3287,"position":1},"title":"\u201eDie Guten\u201c sind keine Rassisten","author":"Webredaktion","date":"31. Mai 2023","format":false,"excerpt":"Beitrag von\u00a0Gregor Gasse Wie es dem Einf\u00e4ltigen geht, liest du darin, was in den \u00dcberschriften steht! Eine emotionale Reise, die von Widerspruch zu Widerspruch geht, wenn es erwartet und ausgerufen wird. ... Wir sind partout gegen Rassismus, wenn sein Ziel nicht gerade unser Feind, das B\u00f6se ist. Dann sind wir\u2026","rel":"","context":"In &quot;Weltanschauung &amp; Philosophie&quot;","block_context":{"text":"Weltanschauung &amp; Philosophie","link":"https:\/\/www.freidenker.org\/?cat=16"},"img":{"alt_text":"","src":"https:\/\/i0.wp.com\/www.freidenker.org\/fw17\/wp-content\/uploads\/2023\/05\/das_heutige_europa_v2_800x450.jpg?fit=800%2C450&ssl=1&resize=350%2C200","width":350,"height":200,"srcset":"https:\/\/i0.wp.com\/www.freidenker.org\/fw17\/wp-content\/uploads\/2023\/05\/das_heutige_europa_v2_800x450.jpg?fit=800%2C450&ssl=1&resize=350%2C200 1x, https:\/\/i0.wp.com\/www.freidenker.org\/fw17\/wp-content\/uploads\/2023\/05\/das_heutige_europa_v2_800x450.jpg?fit=800%2C450&ssl=1&resize=525%2C300 1.5x, https:\/\/i0.wp.com\/www.freidenker.org\/fw17\/wp-content\/uploads\/2023\/05\/das_heutige_europa_v2_800x450.jpg?fit=800%2C450&ssl=1&resize=700%2C400 2x"},"classes":[]},{"id":22225,"url":"https:\/\/www.freidenker.org\/?p=22225","url_meta":{"origin":3287,"position":2},"title":"Patrik Baab: \u201eNach einem neuen Krieg gegen Russland wird es Deutschland nicht mehr geben\u201c","author":"Webredaktion","date":"26. Juni 2025","format":false,"excerpt":"Interview von Ulrich Heyden mit Patrick Baab Der Journalist und Publizist Patrik Baab ist auf Veranstaltungen und in den Videos der deutschen Friedensbewegung ein gefragter Gespr\u00e4chspartner. In Moskau pr\u00e4sentierte er k\u00fcrzlich auf einer Veranstaltung in der Tscheglakow-Stiftung die russischsprachige Ausgabe seines Buches \u201eAuf beiden Seiten der Front\u201c. Das Buch handelt\u2026","rel":"","context":"In &quot;Demokratie \u2013 Medien \u2013 Aufkl\u00e4rung&quot;","block_context":{"text":"Demokratie \u2013 Medien \u2013 Aufkl\u00e4rung","link":"https:\/\/www.freidenker.org\/?cat=12"},"img":{"alt_text":"","src":"https:\/\/i0.wp.com\/www.freidenker.org\/fw17\/wp-content\/uploads\/2025\/06\/Patrik-Baab_Ulrich-Heyden_15-06-25_800x450.jpg?fit=800%2C450&ssl=1&resize=350%2C200","width":350,"height":200,"srcset":"https:\/\/i0.wp.com\/www.freidenker.org\/fw17\/wp-content\/uploads\/2025\/06\/Patrik-Baab_Ulrich-Heyden_15-06-25_800x450.jpg?fit=800%2C450&ssl=1&resize=350%2C200 1x, https:\/\/i0.wp.com\/www.freidenker.org\/fw17\/wp-content\/uploads\/2025\/06\/Patrik-Baab_Ulrich-Heyden_15-06-25_800x450.jpg?fit=800%2C450&ssl=1&resize=525%2C300 1.5x, https:\/\/i0.wp.com\/www.freidenker.org\/fw17\/wp-content\/uploads\/2025\/06\/Patrik-Baab_Ulrich-Heyden_15-06-25_800x450.jpg?fit=800%2C450&ssl=1&resize=700%2C400 2x"},"classes":[]},{"id":20409,"url":"https:\/\/www.freidenker.org\/?p=20409","url_meta":{"origin":3287,"position":3},"title":"Medien bereiten den Weg zum Krieg","author":"Webredaktion","date":"24. November 2024","format":false,"excerpt":"Beitrag von Thomas R\u00f6per Pr\u00e4sident Putin hat am Donnerstag in einer Rede angek\u00fcndigt, Russland sehe sich nach den Angriffen mit westlichen Waffen auf sein Gebiet berechtigt, Ziele in den L\u00e4ndern anzugreifen, die zu diesen Angriffen die Erlaubnis gegeben haben. Die deutschen Medien verschweigen das komplett. Ich bin von den deutschen\u2026","rel":"","context":"In &quot;Demokratie \u2013 Medien \u2013 Aufkl\u00e4rung&quot;","block_context":{"text":"Demokratie \u2013 Medien \u2013 Aufkl\u00e4rung","link":"https:\/\/www.freidenker.org\/?cat=12"},"img":{"alt_text":"","src":"https:\/\/i0.wp.com\/www.freidenker.org\/fw17\/wp-content\/uploads\/2024\/11\/Virtual_Studio_of_Tagesschau_800x450.jpg?fit=800%2C450&ssl=1&resize=350%2C200","width":350,"height":200,"srcset":"https:\/\/i0.wp.com\/www.freidenker.org\/fw17\/wp-content\/uploads\/2024\/11\/Virtual_Studio_of_Tagesschau_800x450.jpg?fit=800%2C450&ssl=1&resize=350%2C200 1x, https:\/\/i0.wp.com\/www.freidenker.org\/fw17\/wp-content\/uploads\/2024\/11\/Virtual_Studio_of_Tagesschau_800x450.jpg?fit=800%2C450&ssl=1&resize=525%2C300 1.5x, https:\/\/i0.wp.com\/www.freidenker.org\/fw17\/wp-content\/uploads\/2024\/11\/Virtual_Studio_of_Tagesschau_800x450.jpg?fit=800%2C450&ssl=1&resize=700%2C400 2x"},"classes":[]},{"id":21949,"url":"https:\/\/www.freidenker.org\/?p=21949","url_meta":{"origin":3287,"position":4},"title":"Die EU sanktioniert deutsche Staatsb\u00fcrger: Bankrotterkl\u00e4rung f\u00fcr den Rechtsstaat","author":"Webredaktion","date":"27. Mai 2025","format":false,"excerpt":"Eine solidarische Stellungnahme von Wolfgang Bittner Wer nicht spurt, kann in der \u201eliberalen Demokratie\u201c, in der wir nach Ansicht der f\u00fchrenden Berliner Politiker leben, eingesch\u00fcchtert, bestraft oder ausgeschaltet werden, sei es durch widerrechtlich angeordnete Hausdurchsuchungen, durch Geldstrafen oder \u2013 wie es in einzelnen F\u00e4llen vorgekommen ist \u2013 durch Haft. Die\u2026","rel":"","context":"In &quot;Demokratie \u2013 Medien \u2013 Aufkl\u00e4rung&quot;","block_context":{"text":"Demokratie \u2013 Medien \u2013 Aufkl\u00e4rung","link":"https:\/\/www.freidenker.org\/?cat=12"},"img":{"alt_text":"","src":"https:\/\/i0.wp.com\/www.freidenker.org\/fw17\/wp-content\/uploads\/2025\/05\/roeper_lipp_as25_800x450.jpg?fit=800%2C450&ssl=1&resize=350%2C200","width":350,"height":200,"srcset":"https:\/\/i0.wp.com\/www.freidenker.org\/fw17\/wp-content\/uploads\/2025\/05\/roeper_lipp_as25_800x450.jpg?fit=800%2C450&ssl=1&resize=350%2C200 1x, https:\/\/i0.wp.com\/www.freidenker.org\/fw17\/wp-content\/uploads\/2025\/05\/roeper_lipp_as25_800x450.jpg?fit=800%2C450&ssl=1&resize=525%2C300 1.5x, https:\/\/i0.wp.com\/www.freidenker.org\/fw17\/wp-content\/uploads\/2025\/05\/roeper_lipp_as25_800x450.jpg?fit=800%2C450&ssl=1&resize=700%2C400 2x"},"classes":[]},{"id":15577,"url":"https:\/\/www.freidenker.org\/?p=15577","url_meta":{"origin":3287,"position":5},"title":"Deutsche &#8222;Qualit\u00e4tsmedien&#8220; im dauerhaften Sinkflug","author":"Webredaktion","date":"23. M\u00e4rz 2023","format":false,"excerpt":"Beitrag von Tom J. Wellbrock H\u00e4me und Spa\u00df sind normalerweise nichts, was im Sinne von Medien sein kann, die in der \u00f6ffentlichen Darstellung hohe Anspr\u00fcche an ihre Arbeit formulieren. Spa\u00df und H\u00e4me sind gewisserma\u00dfen die H\u00f6chststrafe, denn beides transportiert vor allem eines: Missachtung. Auch aus diesem Grund m\u00fcsste Deutschlands Au\u00dfenministerin\u2026","rel":"","context":"In &quot;Demokratie \u2013 Medien \u2013 Aufkl\u00e4rung&quot;","block_context":{"text":"Demokratie \u2013 Medien \u2013 Aufkl\u00e4rung","link":"https:\/\/www.freidenker.org\/?cat=12"},"img":{"alt_text":"","src":"https:\/\/i0.wp.com\/www.freidenker.org\/fw17\/wp-content\/uploads\/2023\/03\/press-2333329_800x450.jpg?fit=800%2C450&ssl=1&resize=350%2C200","width":350,"height":200,"srcset":"https:\/\/i0.wp.com\/www.freidenker.org\/fw17\/wp-content\/uploads\/2023\/03\/press-2333329_800x450.jpg?fit=800%2C450&ssl=1&resize=350%2C200 1x, https:\/\/i0.wp.com\/www.freidenker.org\/fw17\/wp-content\/uploads\/2023\/03\/press-2333329_800x450.jpg?fit=800%2C450&ssl=1&resize=525%2C300 1.5x, https:\/\/i0.wp.com\/www.freidenker.org\/fw17\/wp-content\/uploads\/2023\/03\/press-2333329_800x450.jpg?fit=800%2C450&ssl=1&resize=700%2C400 2x"},"classes":[]}],"_links":{"self":[{"href":"https:\/\/www.freidenker.org\/index.php?rest_route=\/wp\/v2\/posts\/3287","targetHints":{"allow":["GET"]}}],"collection":[{"href":"https:\/\/www.freidenker.org\/index.php?rest_route=\/wp\/v2\/posts"}],"about":[{"href":"https:\/\/www.freidenker.org\/index.php?rest_route=\/wp\/v2\/types\/post"}],"author":[{"embeddable":true,"href":"https:\/\/www.freidenker.org\/index.php?rest_route=\/wp\/v2\/users\/3"}],"replies":[{"embeddable":true,"href":"https:\/\/www.freidenker.org\/index.php?rest_route=%2Fwp%2Fv2%2Fcomments&post=3287"}],"version-history":[{"count":0,"href":"https:\/\/www.freidenker.org\/index.php?rest_route=\/wp\/v2\/posts\/3287\/revisions"}],"wp:featuredmedia":[{"embeddable":true,"href":"https:\/\/www.freidenker.org\/index.php?rest_route=\/wp\/v2\/media\/4079"}],"wp:attachment":[{"href":"https:\/\/www.freidenker.org\/index.php?rest_route=%2Fwp%2Fv2%2Fmedia&parent=3287"}],"wp:term":[{"taxonomy":"category","embeddable":true,"href":"https:\/\/www.freidenker.org\/index.php?rest_route=%2Fwp%2Fv2%2Fcategories&post=3287"},{"taxonomy":"post_tag","embeddable":true,"href":"https:\/\/www.freidenker.org\/index.php?rest_route=%2Fwp%2Fv2%2Ftags&post=3287"}],"curies":[{"name":"wp","href":"https:\/\/api.w.org\/{rel}","templated":true}]}}