{"id":3276,"date":"2008-03-17T17:08:51","date_gmt":"2008-03-17T16:08:51","guid":{"rendered":"http:\/\/www.freidenker.org\/?p=3276"},"modified":"2018-02-14T21:55:54","modified_gmt":"2018-02-14T20:55:54","slug":"warum-es-keinen-wissenschaftlichen-atheismus-geben-kann","status":"publish","type":"post","link":"https:\/\/www.freidenker.org\/?p=3276","title":{"rendered":"Warum es keinen \u201eWissenschaftlichen Atheismus\u201c geben kann"},"content":{"rendered":"<p>Aus: <a href=\"https:\/\/www.freidenker.org\/?p=502\">Freidenker Nr. 1-08 M\u00e4rz 2008<\/a>\u00a0\u00a0 67. Jahrgang &#8211; Thema, S. 17-18<\/p>\n<p>Von<strong><em> Hans Lutter<\/em><\/strong><\/p>\n<p><em>\u00a0<\/em><\/p>\n<p>Als ich auf unserem Wochenendseminar am 6. Oktober 2007 in G\u00fcstrow in einem Diskussionsbeitrag die Formulierung gebrauchte, dass \u201eAtheismus ein negativer Begriff\u201c sei, gab es heftigen Protest.<\/p>\n<p>Wenn ich zun\u00e4chst mit einem Zitat von Friedrich Engels darauf antworte, dann nicht, um mich auf einen Autorit\u00e4tsbeweis zur\u00fcckzuziehen (\u201eweil Engels das geschrieben hat\u201c), sondern um meine Formulierung verst\u00e4ndlicher zu machen. In einem Brief an E. Bernstein schrieb Engels im Juli 1884:<\/p>\n<p>\u201e&#8230; und da\u00df Atheismus nur eine Negation ausdr\u00fcckt, haben wir selbst schon vor 40 Jahren &#8230; gesagt, nur mit dem Zusatz, da\u00df der Atheismus als blo\u00dfe Negation der Religion und stets sich auf Religion beziehend, ohne sie selbst nichts, und daher selbst noch eine Religion ist.\u201c Im gegebenen Zusammenhang geht es mir hier um den Begriff \u201eNegation\u201c, der in der philosophischen Fachsprache des Marxismus-Leninismus als \u201eAufhebung, Verneinung\u201c verstanden wird und dessen Adjektiv dann \u201enegativ\u201c lautet. Es geht dabei also nicht um den umgangssprachlichen Begriff \u201enegativ\u201c, der ja f\u00fcr \u201eSchlechtes\u201c oder \u201eFalsches\u201c gebraucht wird. Und hier liegt die eigentliche Ursache f\u00fcr den Protest gegen die von mir gebrauchte Formulierung \u201enegativ\u201c. Ich entlehnte das aus der philosophischen Fachsprache und sie verstand es im umgangssprachlichen Sinne. Ihr Atheismus wurde von mir also nicht als etwas Schlechtes oder Falsches interpretiert, sondern eben als Negation, Verneinung der Religion.<\/p>\n<p>Negation ist eine Zentralkategorie der materialistischen Dialektik, denn sie findet im \u201eGesetz der Negation der Negation\u201c ihren Ausdruck, einem sehr allgemeinen Entwicklungsgesetz, das besagt, dass eben auch die Negation (Atheismus) wieder verneint wird und so zu einer neuen Position, zur materialistischen Weltanschauung, f\u00fchrt. Es w\u00fcrde jetzt zu weit f\u00fchren, dies n\u00e4her zu erl\u00e4utern. Statt dessen noch einmal ein klassisches Zitat von F. Engels aus dem Jahre 1874:<\/p>\n<p>\u201eVon der gro\u00dfen Mehrzahl der deutschen sozialdemokratischen Arbeiter kann man sogar sagen, da\u00df der Atheismus bei ihnen sich schon \u00fcberlebt hat; dies rein negative Wort hat auf sie keine Anwendung mehr, indem sie nicht mehr in einem theoretischen, sondern nur noch in einem praktischen Gegensatz zum Gottesglauben stehn: Sie sind mit Gott einfach fertig, sie leben und denken in der wirklichen Welt und sind daher Materialisten.\u201c<\/p>\n<p>Am Rande hier folgende Bemerkung, die in anderer Weise auf das unterschiedliche Verst\u00e4ndnis von Begriffen hinweist: Wenn in der medizinischen Sprache gesagt wird, ein Befund sei negativ, dann kann sich der Patient freuen, denn das hei\u00dft ja dann, dass eine vermutete Krankheit nicht nachzuweisen ist. Unser Missverst\u00e4ndnis ist also rein sprachlicher Natur!<\/p>\n<p>Nun also zur \u00dcberschrift.<\/p>\n<p>Jahrzehntelang gebrauchten wir in allen sozialistischen L\u00e4ndern den aus der Sowjetunion stammenden Begriff \u201eWissenschaftlicher Atheismus\u201c in dem Sinne, dass es sich um eine Wissenschaftsdisziplin handelt. Im Prozess wachsender Erkenntnis jedoch begriffen wir, dass man auf einem negativen Begriff wie \u201eAtheismus\u201c keine Wissenschaft aufbauen kann. Wir entschlossen uns in unserem G\u00fcstrower Forschungskollektiv deshalb, diesen Begriff zu verwerfen und statt dessen k\u00fcnftig von \u201eMarxistisch-leninistischer Religionswissenschaft\u201c zu sprechen, \u2013 und ich verk\u00fcndete dies dann auf unserem IV. Internationalen G\u00fcstrower Symposium 1988.<\/p>\n<p>Es folgte uns zun\u00e4chst niemand unter den Wissenschaftlern der DDR, es gab aber auch keinen Protest dagegen. Anders auf der internationalen B\u00fchne. Einige Wochen nach unserem Symposium fand in Moskau an der ZK-Akademie eine internationale wissenschaftliche Konferenz zum Atheismus statt. Der Leiter des Lehrstuhls \u201eWissenschaftlicher Atheismus\u201c an der slowakischen Akademie der Wissenschaften, Bratislava, Prof. Dr. Celko (eigentlich ein guter Freund von mir) beschimpfte mich, dass ich mit meinem Kollektiv dem Atheismus abgeschworen h\u00e4tte. Das war nat\u00fcrlich leicht zu widerlegen, \u2013 denn uns ging es ja nur darum einen falschen Begriff aufzuheben. Interessant aber war, dass in der Diskussion dann zwei Wissenschaftler aus S\u00fcdregionen der Sowjetunion (ich glaube mich zu erinnern: Usbekistan und Georgien) auftraten und erkl\u00e4rten, dass sie die prinzipielle Aufgabe des Begriffes \u201eAtheismus\u201c sehr begr\u00fc\u00dfen w\u00fcrden, da durch ihn die politische Arbeit mit den Moslems in ihren Republiken belastet w\u00fcrde.<\/p>\n<p>Interessant dann schlie\u00dflich, dass unsere Warnem\u00fcnder Freunde und wissenschaftlichen Partner 1990 ganz schnell nicht mehr vom Atheismus sprachen, sondern ein \u201eReligionswissenschaftliches Zentrum\u201c bildeten, das aber kaum noch eine Funktion aus\u00fcbte; und dass in Moskau das atheistische Institut verschwand und an der Universit\u00e4t die Wissenschaftsdisziplin \u201eReligionswissenschaft\u201c eingerichtet wurde!<\/p>\n<p>Das war dann also das Ende des \u201eWissenschaftlichen Atheismus\u201c \u2013 aber keinesfalls der atheistischen Weltanschauung und der marxistisch-leninistischen Kritik der Religion.<\/p>\n<p>So fein sind manchmal die Unterschiede!<\/p>\n<p style=\"text-align: right;\"><em>Prof. Dr. Hans Lutter, LV Nord<\/em><\/p>\n<hr \/>\n<p>Bild: pixabay.com \/ User: sciencefreak<\/p>\n","protected":false},"excerpt":{"rendered":"<p><strong>Beitrag von Hans Lutter aus: FREIDENKER 1-08<\/strong><br \/>\nJahrzehntelang gebrauchten wir in allen sozialistischen L\u00e4ndern den aus der Sowjetunion stammenden Begriff \u201eWissenschaftlicher Atheismus\u201c in dem Sinne, dass es sich um eine Wissenschaftsdisziplin handelt. Im Prozess wachsender Erkenntnis jedoch begriffen wir, dass man auf einem negativen Begriff wie \u201eAtheismus\u201c keine Wissenschaft aufbauen kann. Wir entschlossen uns in unserem G\u00fcstrower Forschungskollektiv deshalb, diesen Begriff zu verwerfen und statt dessen k\u00fcnftig von \u201eMarxistisch-leninistischer Religionswissenschaft\u201c zu sprechen, \u2013 und ich verk\u00fcndete dies dann auf unserem IV. Internationalen G\u00fcstrower Symposium 1988.<\/p>\n","protected":false},"author":3,"featured_media":4069,"comment_status":"closed","ping_status":"closed","sticky":false,"template":"","format":"standard","meta":{"colormag_page_container_layout":"default_layout","colormag_page_sidebar_layout":"default_layout","advanced_seo_description":"","jetpack_seo_html_title":"","jetpack_seo_noindex":false,"jetpack_post_was_ever_published":false,"footnotes":""},"categories":[16],"tags":[561,876,877,33,875],"class_list":["post-3276","post","type-post","status-publish","format-standard","has-post-thumbnail","hentry","category-weltanschauung-philosophie","tag-atheismus","tag-dialektik","tag-religionswissenschaft","tag-wissenschaftliche-weltanschauung","tag-wissenschaftlicher-atheismus"],"jetpack_featured_media_url":"https:\/\/i0.wp.com\/www.freidenker.org\/fw17\/wp-content\/uploads\/2008\/03\/universe-782697_800x445.jpg?fit=800%2C445&ssl=1","jetpack_shortlink":"https:\/\/wp.me\/p9stpK-QQ","jetpack-related-posts":[{"id":3264,"url":"https:\/\/www.freidenker.org\/?p=3264","url_meta":{"origin":3276,"position":0},"title":"Wissenschaft und Glaube &#8211; der Neoatheismus und seine Grenzen","author":"Webredaktion","date":"17. M\u00e4rz 2009","format":false,"excerpt":"Beitrag von Horst Pickert und Horst Schild aus FREIDENKER 1-09 In den letzten Jahren hat sich nun ein \u201eneuer\u201c Atheismus mit viel K\u00e4mpfertum und teilweise auch aggressiver Wortwahl zur\u00fcck gemeldet. Seine Vertreter sind vorwiegend Neurowissenschaftler und Evolutionsbiologen ... aber auch Philosophen. Dieser Neoatheismus beansprucht und verficht, gest\u00fctzt auf den Erkenntnisfortschritt\u2026","rel":"","context":"In &quot;Religions- &amp; Kirchenkritik, S\u00e4kulare Szene&quot;","block_context":{"text":"Religions- &amp; Kirchenkritik, S\u00e4kulare Szene","link":"https:\/\/www.freidenker.org\/?cat=15"},"img":{"alt_text":"","src":"https:\/\/i0.wp.com\/www.freidenker.org\/fw17\/wp-content\/uploads\/2009\/03\/buskampagne_800x445.jpg?fit=800%2C445&ssl=1&resize=350%2C200","width":350,"height":200,"srcset":"https:\/\/i0.wp.com\/www.freidenker.org\/fw17\/wp-content\/uploads\/2009\/03\/buskampagne_800x445.jpg?fit=800%2C445&ssl=1&resize=350%2C200 1x, https:\/\/i0.wp.com\/www.freidenker.org\/fw17\/wp-content\/uploads\/2009\/03\/buskampagne_800x445.jpg?fit=800%2C445&ssl=1&resize=525%2C300 1.5x, https:\/\/i0.wp.com\/www.freidenker.org\/fw17\/wp-content\/uploads\/2009\/03\/buskampagne_800x445.jpg?fit=800%2C445&ssl=1&resize=700%2C400 2x"},"classes":[]},{"id":8696,"url":"https:\/\/www.freidenker.org\/?p=8696","url_meta":{"origin":3276,"position":1},"title":"Vor 10 Jahren erschienen, doch hoch aktuell","author":"Webredaktion","date":"25. September 2020","format":false,"excerpt":"FREIDENKER-Themenheft \"Friedrich Engels 1820 - 1895\" (Nr. 4-10, Dezember 2010) Mit Beitr\u00e4gen von - Dr. Horst Schild - Profes. Dres. Helga und Herbert H\u00f6rz - Prof. Dr. Erich Hahn - Rainer Thiel - Dr. Robert Steigerwald - Dr. Werner Seppmann Es ist noch eine Restauflage vorhanden, Heftpreis 2,50 Euro +\u2026","rel":"","context":"In &quot;Verbandsorgan FREIDENKER&quot;","block_context":{"text":"Verbandsorgan FREIDENKER","link":"https:\/\/www.freidenker.org\/?cat=8"},"img":{"alt_text":"","src":"https:\/\/i0.wp.com\/www.freidenker.org\/fw17\/wp-content\/uploads\/2020\/09\/FD_Retro_10-04_Engels.jpg?fit=800%2C450&ssl=1&resize=350%2C200","width":350,"height":200,"srcset":"https:\/\/i0.wp.com\/www.freidenker.org\/fw17\/wp-content\/uploads\/2020\/09\/FD_Retro_10-04_Engels.jpg?fit=800%2C450&ssl=1&resize=350%2C200 1x, https:\/\/i0.wp.com\/www.freidenker.org\/fw17\/wp-content\/uploads\/2020\/09\/FD_Retro_10-04_Engels.jpg?fit=800%2C450&ssl=1&resize=525%2C300 1.5x, https:\/\/i0.wp.com\/www.freidenker.org\/fw17\/wp-content\/uploads\/2020\/09\/FD_Retro_10-04_Engels.jpg?fit=800%2C450&ssl=1&resize=700%2C400 2x"},"classes":[]},{"id":502,"url":"https:\/\/www.freidenker.org\/?p=502","url_meta":{"origin":3276,"position":2},"title":"FREIDENKER 1-08 &#8211; Religion und Weltanschauung &#8211; Positionen der Freidenker","author":"Webmaster","date":"16. M\u00e4rz 2008","format":false,"excerpt":"Die Ausgabe 1-08 des Verbandsorgans FREIDENKER hat das Schwerpunkt-Thema \u201eReligion und Weltanschauung\u201c und enth\u00e4lt u.a folgende Beitr\u00e4ge: - Hans-G\u00fcnter Eschke: Menschenw\u00fcrde - Ernst Woit: USA-Strategen \u00fcber die wachsende ideologische Bedeutung der Religionen - Interview mit Peter Franz: Kirchenkritik aus der Sicht eines Christen und Sozialisten - Hans Lutter: Warum es\u2026","rel":"","context":"In &quot;Verbandsorgan FREIDENKER&quot;","block_context":{"text":"Verbandsorgan FREIDENKER","link":"https:\/\/www.freidenker.org\/?cat=8"},"img":{"alt_text":"","src":"https:\/\/i0.wp.com\/www.freidenker.org\/fw17\/wp-content\/uploads\/2017\/12\/FD_2008-01_Titel_mR.jpg?fit=800%2C445&ssl=1&resize=350%2C200","width":350,"height":200,"srcset":"https:\/\/i0.wp.com\/www.freidenker.org\/fw17\/wp-content\/uploads\/2017\/12\/FD_2008-01_Titel_mR.jpg?fit=800%2C445&ssl=1&resize=350%2C200 1x, https:\/\/i0.wp.com\/www.freidenker.org\/fw17\/wp-content\/uploads\/2017\/12\/FD_2008-01_Titel_mR.jpg?fit=800%2C445&ssl=1&resize=525%2C300 1.5x, https:\/\/i0.wp.com\/www.freidenker.org\/fw17\/wp-content\/uploads\/2017\/12\/FD_2008-01_Titel_mR.jpg?fit=800%2C445&ssl=1&resize=700%2C400 2x"},"classes":[]},{"id":733,"url":"https:\/\/www.freidenker.org\/?p=733","url_meta":{"origin":3276,"position":3},"title":"FREIDENKER 4-10 &#8211; Friedrich Engels 1820-1895","author":"Webmaster","date":"16. Dezember 2010","format":false,"excerpt":"Die Ausgabe 4-10 des Verbandsorgans FREIDENKER hat das Schwerpunkt-Thema \u201eFriedrich Engels 1820-1895\u201c und enth\u00e4lt u.a folgende Beitr\u00e4ge: - Horst Schild: Kann wissenschaftlicher Fortschritt den Atheismus infrage stellen - Helga E. H\u00f6rz\/Herbert H\u00f6rz: Seelsorge: ein Monopol f\u00fcr Religionen? - Erich Hahn: Wissenschaftlicher Sozialismus - Rainer Thiel: Friedrich Engels und die Dialektik\u2026","rel":"","context":"In &quot;Verbandsorgan FREIDENKER&quot;","block_context":{"text":"Verbandsorgan FREIDENKER","link":"https:\/\/www.freidenker.org\/?cat=8"},"img":{"alt_text":"","src":"https:\/\/i0.wp.com\/www.freidenker.org\/fw17\/wp-content\/uploads\/2017\/12\/FD_2010-04_Titel_mR.jpg?fit=800%2C445&ssl=1&resize=350%2C200","width":350,"height":200,"srcset":"https:\/\/i0.wp.com\/www.freidenker.org\/fw17\/wp-content\/uploads\/2017\/12\/FD_2010-04_Titel_mR.jpg?fit=800%2C445&ssl=1&resize=350%2C200 1x, https:\/\/i0.wp.com\/www.freidenker.org\/fw17\/wp-content\/uploads\/2017\/12\/FD_2010-04_Titel_mR.jpg?fit=800%2C445&ssl=1&resize=525%2C300 1.5x, https:\/\/i0.wp.com\/www.freidenker.org\/fw17\/wp-content\/uploads\/2017\/12\/FD_2010-04_Titel_mR.jpg?fit=800%2C445&ssl=1&resize=700%2C400 2x"},"classes":[]},{"id":56,"url":"https:\/\/www.freidenker.org\/?p=56","url_meta":{"origin":3276,"position":4},"title":"Vor dreihundert Jahren \u2013 \u201eDiscourse of Free-thinking\u201c","author":"Webmaster","date":"1. April 2013","format":false,"excerpt":"Beitrag von Horst Schild aus FREIDENKER 1-13 Im Jahr 1713 erschien in London ein Buch mit dem Titel \u201eDiscourse of Free-thinking\u201c (dt. \u201eAbhandlung \u00fcber das freie Denken\u201c). In ihm r\u00fcckten erstmals die Begriffe \u201eFreidenker\u201c und \u201efreies Denken\u201c ins \u00f6ffentliche Bewusstsein. Sein Verfasser war Anthony Collins (1676 bis 1729). Collins stammte\u2026","rel":"","context":"In &quot;Geschichte&quot;","block_context":{"text":"Geschichte","link":"https:\/\/www.freidenker.org\/?cat=1162"},"img":{"alt_text":"","src":"https:\/\/i0.wp.com\/www.freidenker.org\/fw17\/wp-content\/uploads\/2016\/05\/books.png?fit=800%2C445&ssl=1&resize=350%2C200","width":350,"height":200,"srcset":"https:\/\/i0.wp.com\/www.freidenker.org\/fw17\/wp-content\/uploads\/2016\/05\/books.png?fit=800%2C445&ssl=1&resize=350%2C200 1x, https:\/\/i0.wp.com\/www.freidenker.org\/fw17\/wp-content\/uploads\/2016\/05\/books.png?fit=800%2C445&ssl=1&resize=525%2C300 1.5x, https:\/\/i0.wp.com\/www.freidenker.org\/fw17\/wp-content\/uploads\/2016\/05\/books.png?fit=800%2C445&ssl=1&resize=700%2C400 2x"},"classes":[]},{"id":1699,"url":"https:\/\/www.freidenker.org\/?p=1699","url_meta":{"origin":3276,"position":5},"title":"Religion: Thesen","author":"Webredaktion","date":"16. Dezember 2016","format":false,"excerpt":"Aus: \u201eFREIDENKER\u201c Nr. 4-16 Diese Thesen standen zwei Jahre im Freidenkerverband zur Diskussion, das zum Verbandstag im Juni 2016 in Potsdam vorgelegte Ergebnis wurde in dessen Auftrag nochmals vom Verbandsvorstand bearbeitet. Auszug: Weltweit erleben Religiosit\u00e4t und Religionen in ihren unterschiedlichen Auspr\u00e4gungen wieder einen Aufschwung. Um diese Entwicklung zu verstehen, muss\u2026","rel":"","context":"In &quot;Religions- &amp; Kirchenkritik, S\u00e4kulare Szene&quot;","block_context":{"text":"Religions- &amp; Kirchenkritik, S\u00e4kulare Szene","link":"https:\/\/www.freidenker.org\/?cat=15"},"img":{"alt_text":"","src":"https:\/\/i0.wp.com\/www.freidenker.org\/fw17\/wp-content\/uploads\/2016\/12\/church-window-2217785_800_445.jpg?fit=800%2C445&ssl=1&resize=350%2C200","width":350,"height":200,"srcset":"https:\/\/i0.wp.com\/www.freidenker.org\/fw17\/wp-content\/uploads\/2016\/12\/church-window-2217785_800_445.jpg?fit=800%2C445&ssl=1&resize=350%2C200 1x, https:\/\/i0.wp.com\/www.freidenker.org\/fw17\/wp-content\/uploads\/2016\/12\/church-window-2217785_800_445.jpg?fit=800%2C445&ssl=1&resize=525%2C300 1.5x, https:\/\/i0.wp.com\/www.freidenker.org\/fw17\/wp-content\/uploads\/2016\/12\/church-window-2217785_800_445.jpg?fit=800%2C445&ssl=1&resize=700%2C400 2x"},"classes":[]}],"_links":{"self":[{"href":"https:\/\/www.freidenker.org\/index.php?rest_route=\/wp\/v2\/posts\/3276","targetHints":{"allow":["GET"]}}],"collection":[{"href":"https:\/\/www.freidenker.org\/index.php?rest_route=\/wp\/v2\/posts"}],"about":[{"href":"https:\/\/www.freidenker.org\/index.php?rest_route=\/wp\/v2\/types\/post"}],"author":[{"embeddable":true,"href":"https:\/\/www.freidenker.org\/index.php?rest_route=\/wp\/v2\/users\/3"}],"replies":[{"embeddable":true,"href":"https:\/\/www.freidenker.org\/index.php?rest_route=%2Fwp%2Fv2%2Fcomments&post=3276"}],"version-history":[{"count":0,"href":"https:\/\/www.freidenker.org\/index.php?rest_route=\/wp\/v2\/posts\/3276\/revisions"}],"wp:featuredmedia":[{"embeddable":true,"href":"https:\/\/www.freidenker.org\/index.php?rest_route=\/wp\/v2\/media\/4069"}],"wp:attachment":[{"href":"https:\/\/www.freidenker.org\/index.php?rest_route=%2Fwp%2Fv2%2Fmedia&parent=3276"}],"wp:term":[{"taxonomy":"category","embeddable":true,"href":"https:\/\/www.freidenker.org\/index.php?rest_route=%2Fwp%2Fv2%2Fcategories&post=3276"},{"taxonomy":"post_tag","embeddable":true,"href":"https:\/\/www.freidenker.org\/index.php?rest_route=%2Fwp%2Fv2%2Ftags&post=3276"}],"curies":[{"name":"wp","href":"https:\/\/api.w.org\/{rel}","templated":true}]}}