{"id":3267,"date":"2009-03-01T16:33:11","date_gmt":"2009-03-01T15:33:11","guid":{"rendered":"http:\/\/www.freidenker.org\/?p=3267"},"modified":"2018-02-14T21:55:46","modified_gmt":"2018-02-14T20:55:46","slug":"freidenker-trauern-um-hans-lutter","status":"publish","type":"post","link":"https:\/\/www.freidenker.org\/?p=3267","title":{"rendered":"Freidenker trauern um Hans Lutter"},"content":{"rendered":"<div style=\"border: 3pt solid; padding: 20pt;\">\n<h5><strong>Professor Dr. Hans Lutter aus G\u00fcstrow ist am 1. M\u00e4rz 2009 verstorben. <\/strong><\/h5>\n<p>Mit Hans Lutter verliert der Deutsche Freidenker-Verband einen Genossen, der sich gro\u00dfe Verdienste um unseren Verband, die marxistische Religionswissenschaft und den christlich-marxistischen Dialog erworben hat. Hans Lutter war Gr\u00fcndungsmitglied des Verbandes der Freidenker der DDR und ma\u00dfgeblich an der Zusammenf\u00fchrung der Freidenker aus den alten und neuen Bundesl\u00e4nder zum einheitlichen Deutschen Freidenker-Verband beteiligt. Nach der Zusammenf\u00fchrung \u00fcbernahm er Funktionen als stellvertretender Verbandsvorsitzender und Referent f\u00fcr Weltanschauungsfragen. Hier profilierte er sich als Verfechter einer eindeutig marxistisch ausgerichteten Religionskritik, die mit Sektierertum und Religionsbeschimpfung nichts gemein hat. Hans Lutter war \u00fcber Jahre Herausgeber der den christlich-marxistischen Dialog bef\u00f6rdernden Berliner Dialog-Hefte.<\/p>\n<p>Hans Lutter wurde am 29.April 1928 als Arbeiterkind in Magdeburg geboren. Er erlernte den Beruf des Maurers und beschritt dann einen Bildungsweg wie er nur in der DDR m\u00f6glich war: Arbeiterkind \u2013 Maurer \u2013 Neulehrer \u2013 Schuldirektor \u2013 Schulrat \u2013 Lehrerbildner \u2013 Diplom (Berlin 1960) \u2013 Promotion(Jena 1966) \u2013 Habilitation (Potsdam 1971) \u2013 Dozent \u2013 Professor. Von der DDR-Regierung wurde er f\u00fcr sein wissenschaftliches und politisches Wirken mit hohen Auszeichnungen bedacht, so 1984 mit dem Karl-Marx-Orden, 1990, im Lichte der Demokratie, dann kaltschn\u00e4uzig \u201eabgewickelt\u201c.<\/p>\n<p style=\"text-align: center;\">Deutscher Freidenker-Verband e.V.<br \/>\nLandesverband Nord e.V.<\/p>\n<\/div>\n<p><span style=\"font-size: 8pt;\">Bild: pixabay.com \/ User: jplenio<\/span><\/p>\n","protected":false},"excerpt":{"rendered":"<p><strong>Nachruf auf Hans Lutter<\/strong><br \/>\nMit Hans Lutter verliert der Deutsche Freidenker-Verband einen Genossen, der sich gro\u00dfe Verdienste um unseren Verband, die marxistische Religionswissenschaft und den christlich-marxistischen Dialog erworben hat. Hans Lutter war Gr\u00fcndungsmitglied des Verbandes der Freidenker der DDR und ma\u00dfgeblich an der Zusammenf\u00fchrung der Freidenker aus den alten und neuen Bundesl\u00e4nder zum einheitlichen Deutschen Freidenker-Verband beteiligt. Nach der Zusammenf\u00fchrung \u00fcbernahm er Funktionen als stellvertretender Verbandsvorsitzender und Referent f\u00fcr Weltanschauungsfragen. <\/p>\n","protected":false},"author":3,"featured_media":4067,"comment_status":"closed","ping_status":"closed","sticky":false,"template":"","format":"standard","meta":{"colormag_page_container_layout":"default_layout","colormag_page_sidebar_layout":"default_layout","advanced_seo_description":"","jetpack_seo_html_title":"","jetpack_seo_noindex":false,"jetpack_post_was_ever_published":false,"footnotes":""},"categories":[17],"tags":[27,873,700,874],"class_list":["post-3267","post","type-post","status-publish","format-standard","has-post-thumbnail","hentry","category-weltliche-trauerkultur","tag-deutscher-freidenker-verband","tag-hans-lutter","tag-nachruf","tag-verband-der-freidenker-der-ddr"],"jetpack_featured_media_url":"https:\/\/i0.wp.com\/www.freidenker.org\/fw17\/wp-content\/uploads\/2009\/03\/tree-3072431_800x445.jpg?fit=800%2C445&ssl=1","jetpack_shortlink":"https:\/\/wp.me\/p9stpK-QH","jetpack-related-posts":[{"id":502,"url":"https:\/\/www.freidenker.org\/?p=502","url_meta":{"origin":3267,"position":0},"title":"FREIDENKER 1-08 &#8211; Religion und Weltanschauung &#8211; Positionen der Freidenker","author":"Webmaster","date":"16. M\u00e4rz 2008","format":false,"excerpt":"Die Ausgabe 1-08 des Verbandsorgans FREIDENKER hat das Schwerpunkt-Thema \u201eReligion und Weltanschauung\u201c und enth\u00e4lt u.a folgende Beitr\u00e4ge: - Hans-G\u00fcnter Eschke: Menschenw\u00fcrde - Ernst Woit: USA-Strategen \u00fcber die wachsende ideologische Bedeutung der Religionen - Interview mit Peter Franz: Kirchenkritik aus der Sicht eines Christen und Sozialisten - Hans Lutter: Warum es\u2026","rel":"","context":"In &quot;Verbandsorgan FREIDENKER&quot;","block_context":{"text":"Verbandsorgan FREIDENKER","link":"https:\/\/www.freidenker.org\/?cat=8"},"img":{"alt_text":"","src":"https:\/\/i0.wp.com\/www.freidenker.org\/fw17\/wp-content\/uploads\/2017\/12\/FD_2008-01_Titel_mR.jpg?fit=800%2C445&ssl=1&resize=350%2C200","width":350,"height":200,"srcset":"https:\/\/i0.wp.com\/www.freidenker.org\/fw17\/wp-content\/uploads\/2017\/12\/FD_2008-01_Titel_mR.jpg?fit=800%2C445&ssl=1&resize=350%2C200 1x, https:\/\/i0.wp.com\/www.freidenker.org\/fw17\/wp-content\/uploads\/2017\/12\/FD_2008-01_Titel_mR.jpg?fit=800%2C445&ssl=1&resize=525%2C300 1.5x, https:\/\/i0.wp.com\/www.freidenker.org\/fw17\/wp-content\/uploads\/2017\/12\/FD_2008-01_Titel_mR.jpg?fit=800%2C445&ssl=1&resize=700%2C400 2x"},"classes":[]},{"id":3292,"url":"https:\/\/www.freidenker.org\/?p=3292","url_meta":{"origin":3267,"position":1},"title":"Ehrendes Gedenken: Prof. Dr. Hans-G\u00fcnter Eschke","author":"Webredaktion","date":"28. November 2007","format":false,"excerpt":"Nachrufe des Bundesvorsitzenden und der DFV-Ortsgruppe Jena auf Hans-G\u00fcnter Eschke Mit Hans-G\u00fcnter Eschke verliert der Deutsche Freidenker-Verband einen sehr verdienstvollen Freund und Genossen, einen Mitstreiter, der seine ganze Pers\u00f6nlichkeit in den Kampf um Aufkl\u00e4rung und Humanismus, gegen Irrationalismus und Volksverdummung einbrachte. Als Professor f\u00fcr Philosophie und anerkannter Hochschullehrer an der\u2026","rel":"","context":"In &quot;Weltliche Trauerkultur&quot;","block_context":{"text":"Weltliche Trauerkultur","link":"https:\/\/www.freidenker.org\/?cat=17"},"img":{"alt_text":"","src":"https:\/\/i0.wp.com\/www.freidenker.org\/fw17\/wp-content\/uploads\/2007\/11\/sunset-473604_800x445.jpg?fit=800%2C445&ssl=1&resize=350%2C200","width":350,"height":200,"srcset":"https:\/\/i0.wp.com\/www.freidenker.org\/fw17\/wp-content\/uploads\/2007\/11\/sunset-473604_800x445.jpg?fit=800%2C445&ssl=1&resize=350%2C200 1x, https:\/\/i0.wp.com\/www.freidenker.org\/fw17\/wp-content\/uploads\/2007\/11\/sunset-473604_800x445.jpg?fit=800%2C445&ssl=1&resize=525%2C300 1.5x, https:\/\/i0.wp.com\/www.freidenker.org\/fw17\/wp-content\/uploads\/2007\/11\/sunset-473604_800x445.jpg?fit=800%2C445&ssl=1&resize=700%2C400 2x"},"classes":[]},{"id":6231,"url":"https:\/\/www.freidenker.org\/?p=6231","url_meta":{"origin":3267,"position":2},"title":"Wir trauern um Horst Schild","author":"Webredaktion","date":"16. April 2019","format":false,"excerpt":"Wir trauern um Dr. phil. habil. Horst Schild (7. Dezember 1940 \u2013 7. April 2019) Horst war Gr\u00fcndungsmitglied des Verbandes der Freidenker der DDR und gestaltete die beim Verbandstag 1991 in Braunschweig vollzogene Vereinigung zu einem gemeinsamen Deutschen Freidenker-Verband aktiv mit. Seitdem war er ununterbrochen f\u00fcr die Freidenker in Dresden\u2026","rel":"","context":"In &quot;Weltliche Trauerkultur&quot;","block_context":{"text":"Weltliche Trauerkultur","link":"https:\/\/www.freidenker.org\/?cat=17"},"img":{"alt_text":"","src":"https:\/\/i0.wp.com\/www.freidenker.org\/fw17\/wp-content\/uploads\/2019\/04\/horst_schild_nachruf_800x445.jpg?fit=800%2C445&ssl=1&resize=350%2C200","width":350,"height":200,"srcset":"https:\/\/i0.wp.com\/www.freidenker.org\/fw17\/wp-content\/uploads\/2019\/04\/horst_schild_nachruf_800x445.jpg?fit=800%2C445&ssl=1&resize=350%2C200 1x, https:\/\/i0.wp.com\/www.freidenker.org\/fw17\/wp-content\/uploads\/2019\/04\/horst_schild_nachruf_800x445.jpg?fit=800%2C445&ssl=1&resize=525%2C300 1.5x, https:\/\/i0.wp.com\/www.freidenker.org\/fw17\/wp-content\/uploads\/2019\/04\/horst_schild_nachruf_800x445.jpg?fit=800%2C445&ssl=1&resize=700%2C400 2x"},"classes":[]},{"id":6996,"url":"https:\/\/www.freidenker.org\/?p=6996","url_meta":{"origin":3267,"position":3},"title":"FREIDENKER 3-19  \u2013 70 Jahre DDR","author":"Webredaktion","date":"16. September 2019","format":false,"excerpt":"Die Ausgabe 3-19 des Verbandsorgans FREIDENKER hat das Schwerpunkt-Thema \u201e70 Jahre DDR\u201c und enth\u00e4lt u.a. folgende Beitr\u00e4ge: - Egon Krenz: Was war und was bleibt - Hans Bauer: Vorw\u00e4rts! Und nicht vergessen! - Annett Torres: Das DDR-Bildungswesen aus heutiger \u00a0Sicht - Klaus Blessing: War die DDR-Wirtschaft pleite, marode und unproduktiv?\u2026","rel":"","context":"In &quot;Geschichte&quot;","block_context":{"text":"Geschichte","link":"https:\/\/www.freidenker.org\/?cat=1162"},"img":{"alt_text":"","src":"https:\/\/i0.wp.com\/www.freidenker.org\/fw17\/wp-content\/uploads\/2019\/09\/FD_2019-03_Titel_mR.jpg?fit=800%2C445&ssl=1&resize=350%2C200","width":350,"height":200,"srcset":"https:\/\/i0.wp.com\/www.freidenker.org\/fw17\/wp-content\/uploads\/2019\/09\/FD_2019-03_Titel_mR.jpg?fit=800%2C445&ssl=1&resize=350%2C200 1x, https:\/\/i0.wp.com\/www.freidenker.org\/fw17\/wp-content\/uploads\/2019\/09\/FD_2019-03_Titel_mR.jpg?fit=800%2C445&ssl=1&resize=525%2C300 1.5x, https:\/\/i0.wp.com\/www.freidenker.org\/fw17\/wp-content\/uploads\/2019\/09\/FD_2019-03_Titel_mR.jpg?fit=800%2C445&ssl=1&resize=700%2C400 2x"},"classes":[]},{"id":19305,"url":"https:\/\/www.freidenker.org\/?p=19305","url_meta":{"origin":3267,"position":4},"title":"FREIDENKER Themenabend: \u201e75 Jahre Grundgesetz\u201c","author":"Webredaktion","date":"9. Juni 2024","format":false,"excerpt":"\u201eMeinungsfreiheit\u00a0 in Deutschland\u201c - Anspruch und Wirklichkeit Vortrag und Diskussion mit Hans Bauer, RA: Freitag, 14.Juni 2024, 19.30 Uhr, Villa Leon, N\u00fcrnberg Die Meinungsfreiheit wird vom Grundgesetz garantiert. Mit den Kriegen in der Ukraine und im Nahen Osten wird dieses Grundrecht von Staat und Justiz erheblich eingeschr\u00e4nkt. Ist dies mit\u2026","rel":"","context":"In &quot;Demokratie \u2013 Medien \u2013 Aufkl\u00e4rung&quot;","block_context":{"text":"Demokratie \u2013 Medien \u2013 Aufkl\u00e4rung","link":"https:\/\/www.freidenker.org\/?cat=12"},"img":{"alt_text":"","src":"https:\/\/i0.wp.com\/www.freidenker.org\/fw17\/wp-content\/uploads\/2024\/06\/HansB_75_GG.jpg?fit=800%2C445&ssl=1&resize=350%2C200","width":350,"height":200,"srcset":"https:\/\/i0.wp.com\/www.freidenker.org\/fw17\/wp-content\/uploads\/2024\/06\/HansB_75_GG.jpg?fit=800%2C445&ssl=1&resize=350%2C200 1x, https:\/\/i0.wp.com\/www.freidenker.org\/fw17\/wp-content\/uploads\/2024\/06\/HansB_75_GG.jpg?fit=800%2C445&ssl=1&resize=525%2C300 1.5x, https:\/\/i0.wp.com\/www.freidenker.org\/fw17\/wp-content\/uploads\/2024\/06\/HansB_75_GG.jpg?fit=800%2C445&ssl=1&resize=700%2C400 2x"},"classes":[]},{"id":281,"url":"https:\/\/www.freidenker.org\/?p=281","url_meta":{"origin":3267,"position":5},"title":"&#8222;West&#8220;- und &#8222;Ost&#8220;-Freidenker \u2013 Gemeinsamkeiten, Unterschiede","author":"Webmaster","date":"5. Dezember 2004","format":false,"excerpt":"Beitrag des Bundesvorsitzenden Klaus Hartmann f\u00fcr eine Brosch\u00fcre der \"Zentralstelle f\u00fcr Weltanschauungsfragen\" der Evangelischen Kirche. Der Titel dieses Beitrags entspricht nicht der freien Wahl des Autors, sondern gehorcht der Vorgabe des Herausgebers. Trotzdem soll er nicht das Folklore-Genre \"Dein Ossi - das unbekannte Wesen\" resp. \"Der Wessi, das bekannte Unwesen\"\u2026","rel":"","context":"In &quot;Geschichte&quot;","block_context":{"text":"Geschichte","link":"https:\/\/www.freidenker.org\/?cat=1162"},"img":{"alt_text":"","src":"https:\/\/i0.wp.com\/www.freidenker.org\/fw17\/wp-content\/uploads\/2016\/07\/Ost_West.jpg?fit=800%2C445&ssl=1&resize=350%2C200","width":350,"height":200,"srcset":"https:\/\/i0.wp.com\/www.freidenker.org\/fw17\/wp-content\/uploads\/2016\/07\/Ost_West.jpg?fit=800%2C445&ssl=1&resize=350%2C200 1x, https:\/\/i0.wp.com\/www.freidenker.org\/fw17\/wp-content\/uploads\/2016\/07\/Ost_West.jpg?fit=800%2C445&ssl=1&resize=525%2C300 1.5x, https:\/\/i0.wp.com\/www.freidenker.org\/fw17\/wp-content\/uploads\/2016\/07\/Ost_West.jpg?fit=800%2C445&ssl=1&resize=700%2C400 2x"},"classes":[]}],"_links":{"self":[{"href":"https:\/\/www.freidenker.org\/index.php?rest_route=\/wp\/v2\/posts\/3267","targetHints":{"allow":["GET"]}}],"collection":[{"href":"https:\/\/www.freidenker.org\/index.php?rest_route=\/wp\/v2\/posts"}],"about":[{"href":"https:\/\/www.freidenker.org\/index.php?rest_route=\/wp\/v2\/types\/post"}],"author":[{"embeddable":true,"href":"https:\/\/www.freidenker.org\/index.php?rest_route=\/wp\/v2\/users\/3"}],"replies":[{"embeddable":true,"href":"https:\/\/www.freidenker.org\/index.php?rest_route=%2Fwp%2Fv2%2Fcomments&post=3267"}],"version-history":[{"count":0,"href":"https:\/\/www.freidenker.org\/index.php?rest_route=\/wp\/v2\/posts\/3267\/revisions"}],"wp:featuredmedia":[{"embeddable":true,"href":"https:\/\/www.freidenker.org\/index.php?rest_route=\/wp\/v2\/media\/4067"}],"wp:attachment":[{"href":"https:\/\/www.freidenker.org\/index.php?rest_route=%2Fwp%2Fv2%2Fmedia&parent=3267"}],"wp:term":[{"taxonomy":"category","embeddable":true,"href":"https:\/\/www.freidenker.org\/index.php?rest_route=%2Fwp%2Fv2%2Fcategories&post=3267"},{"taxonomy":"post_tag","embeddable":true,"href":"https:\/\/www.freidenker.org\/index.php?rest_route=%2Fwp%2Fv2%2Ftags&post=3267"}],"curies":[{"name":"wp","href":"https:\/\/api.w.org\/{rel}","templated":true}]}}