{"id":3259,"date":"2009-03-17T16:10:14","date_gmt":"2009-03-17T15:10:14","guid":{"rendered":"http:\/\/www.freidenker.org\/?p=3259"},"modified":"2018-02-14T21:54:54","modified_gmt":"2018-02-14T20:54:54","slug":"sozial-darwinismus","status":"publish","type":"post","link":"https:\/\/www.freidenker.org\/?p=3259","title":{"rendered":"Sozial-\u201aDarwinismus\u2018"},"content":{"rendered":"<p>Aus: <a href=\"https:\/\/www.freidenker.org\/?p=696\">&#8222;Freidenker&#8220; Nr. 1-09 M\u00e4rz 2009\u00a0<\/a>\u00a0\u00a0\u00a0 68. Jahrgang\u00a0 &#8211; Thema, S. 14-15<\/p>\n<p>&nbsp;<\/p>\n<p>Nach dem Ende des \u201erealen Sozialismus\u201c ging das Ger\u00fccht um, jetzt k\u00f6nne wirklich nur noch die Marktwirtschaft die Welt retten und die Menschheit voranbringen. Nur der Druck der Konkurrenz erzwinge Neues und erhalte die Stabilit\u00e4t. Austausch geschieht nur zwischen konkurrierenden Akteuren und deshalb tragen konkurrierende Verh\u00e4ltnisse die Gesellschaft.<\/p>\n<p>Seine \u201anat\u00fcrliche\u2018 Erkl\u00e4rung erh\u00e4lt dieses Prinzip anscheinend durch die Biologie. F\u00fcr Darwins Erkenntnisweg war das Malthus-Argument wichtig. Nach Malthus gibt es immer mehr Nachkommen, als \u00fcberleben und sich fortpflanzen k\u00f6nnen. Deshalb wird ausgew\u00e4hlt, wer sich fortpflanzt und in einer sich gegenseitig fressenden Welt \u00fcberleben halt die am besten Angepassten, pflanzen sich und ihre Gene fort, w\u00e4hrend schlechter Angepasste aussterben.<\/p>\n<p>Das Selektionsargument wurde zur Erkl\u00e4rung jeglicher Evolution auch noch nach der Akzeptanz der Mendelschen Vererbungsregeln ben\u00f6tigt. Die Variation der Vererbung nach Mendel erkl\u00e4rt zwar Ver\u00e4nderungen der H\u00e4ufigkeit von Genen in der Population, aber keine Gerichtetheit, die zur Evolution geh\u00f6rt. Auch genver\u00e4ndernde Mechanismen wie Mutation und Genrekombination k\u00f6nnen keine Richtung und Tendenz begr\u00fcnden.<\/p>\n<p>\u201eEs gibt die M\u00f6glichkeit f\u00fcr zuf\u00e4llige genetische Drift, nicht aber f\u00fcr gerichteten Wandel. Genau diese aber erfordert nat\u00fcrliche Selektion\u201c, schlie\u00dft daraus der Biologe M. Ridley (Evolution. Probleme \u2013 Themen \u2013 Fragen, Basel, 1992). Selektion ist also demnach notwendig f\u00fcr gerichteten Wandel. Angewandt auf die Gesellschaft landen wir genau bei dem oben beschriebenen\u00a0 Konkurrenz-Gesellschaftsmodell. Nur \u2013 ist es hier schl\u00fcssig?<\/p>\n<p>Die Behauptung der hervorragenden Rolle von Selektion und damit Konkurrenz\u00a0 zieht ihre Beweiskraft aus der Nichtbegr\u00fcndbarkeit von gerichtetem Wandel durch andere Prozesse. Genau hier liegt der Fehler: Schon in der Biologie ist seit vielen Jahren bekannt, dass noch ganz andere Gesetzm\u00e4\u00dfigkeiten und Faktoren als die Mendelschen Regeln die Gene und die Vererbung bestimmen.<\/p>\n<ol>\n<li>Gene k\u00f6nnen z.B. ein- oder ausgeschaltet werden, Gengruppierungen k\u00f6nnen gekoppelt und kombiniert werden \u2013 und zwar nicht nur rein zuf\u00e4llig, sondern wesentlich beeinflusst durch das innere biochemische Milieu in der Zelle und damit dem Organismus.<\/li>\n<li>Nicht nur die Gene bestimmen die Evolution: die Organismenstrukturen selbst haben ein Potenzial an Ver\u00e4nderungen. Die Funktion der Organismenstrukturen ist nicht absolut festgelegt. Funktionen f\u00fcr\u00a0 Strukturen k\u00f6nnen sich ver\u00e4ndern, Strukturen erfahren Funktionswechsel (z.B. entstanden aus den Kiefernknochen der Reptilien die Geh\u00f6rkn\u00f6chelchen der S\u00e4ugetiere), Funktionsdifferenzierungen, Funktionssynthesen usw.<\/li>\n<li>Auf der Ebene des Verhaltens liegt mindestens ein weiterer Bereich offener, aber gleichzeitig richtender M\u00f6glichkeiten. Verschiedene Affenarten \u201aw\u00e4hlten\u2018 unterschiedliche Lebensbereiche und beeinfluss-ten damit ihr selektionierendes Umfeld und damit die Richtung ihrer Entwicklung selbst&#8230;<\/li>\n<\/ol>\n<p>Nicht dies allein l\u00e4sst die \u00dcbertragung der Biologie auf die Gesellschaft als unstatthaft deutlich werden. Es zeigt aber, dass sogar die Biologie nur unvollst\u00e4ndig betrachtet wurde bei dieser speziellen \u00dcbertragung. Und ganz nebenbei wird auch Darwin selbst dabei h\u00f6chst einseitig interpretiert, weshalb ich nicht dazu komme, den \u201aDarwinismus\u2018 als Ganzes abzulehnen.<\/p>\n<p>Die Gesellschaft selbst hat nun ganz andere Evolutionsmechanismen als die\u00a0 Biologie. Zwar ist der Mensch auch biologisch gebunden \u2013 er muss sich ern\u00e4hren, w\u00e4rmen, fortpflanzen&#8230;<\/p>\n<p>Aber das Menschsein ist gerade dadurch gekennzeichnet, dass der Mensch die Art und Weise der Befriedigung seiner Bed\u00fcrfnisse selbst bewusst organisiert und realisiert. Er lebt in einem Feld fast unermesslicher M\u00f6glichkeiten. Er trifft \u2013 allein und\u00a0 gemeinschaftlich \u2013 die Wahl.<\/p>\n<p>Seine Wahl wiederum bestimmt die M\u00f6glichkeitsfelder der Zukunft selbst mit \u2013 aber nicht abschlie\u00dfend, sondern die Situation bleibt immer offen, entscheidbar, Entscheidungen erzwingend.<\/p>\n<p>Die m\u00f6gliche Offenheit von au\u00dfen wird \u201avon innen\u2018 mit seiner Bestimmtheit zur Kreativit\u00e4t, zur Aktivit\u00e4t erf\u00fcllt. Wo die konkreten Bedingungen den Individuen und Gruppen die M\u00f6glichkeiten der Lebens-Wahl einengen, macht sich diese Kreativit\u00e4t in deformierter Weise Raum. Gerade der Ausbruch deformierter, missbrauchter, unterdr\u00fcckter kreativer Bed\u00fcrfnisse kennzeichnet das \u201eChaos\u201c des Lebens am Ende von \u00fcberlebten gesellschaftlichen Formen.<\/p>\n<p>Es ist also die interne Kreativit\u00e4t, die von sich aus zu Realisierungen innerhalb der Gemeinschaften und Gesellschaften strebt, die ein Netzwerk des Lebens aufbaut.<\/p>\n<p>Formen der Konkurrenz sind derzeit eine historische Form, in die diese\u00a0 Kreativit\u00e4t gepresst ist. Sie m\u00fcssen ja nicht immer und ewig diese Formen sein \u2013 im Gegenteil, in der Gegenwart dr\u00e4ngt alles dar\u00fcber hinaus. Unser Wollen als freie Menschen, die \u00f6kologischen Grenzen der bisherigen Wirtschafts- und Lebensweise und auch die M\u00f6glichkeiten f\u00fcr neue Produktions-Lebensm\u00f6glichkeiten f\u00fchren zu neuen Ufern, ins Offene&#8230;<\/p>\n<p>&nbsp;<\/p>\n<p style=\"text-align: right;\"><em>Der Text ist mit freundlicher Genehmigung von Annette Schlemm der Website \u201eAnnettes Philosophenst\u00fcbchen\u201c entnommen, http:\/\/www.thur.de\/philo\/as238.htm<\/em><\/p>\n<p style=\"text-align: right;\"><em>Lizenz siehe: http:\/\/creativecommons. org\/licenses\/by-nc-sa\/3.0\/de\/<\/em><\/p>\n<hr \/>\n<p>Bild: Pseudowissenschaftliches Plakat zur &#8222;Entartung&#8220; durch \u00fcberproportionale Vermehrung von &#8222;Minderwertigen&#8220; aus der Ausstellung Wunder des Lebens 1935 in Berlin<br \/>\nVon Bundesarchiv, Bild 102-16748 \/ CC-BY-SA 3.0, CC BY-SA 3.0 de, https:\/\/commons.wikimedia.org\/w\/index.php?curid=5415569<\/p>\n","protected":false},"excerpt":{"rendered":"<p><strong>Beitrag von Annette Schlemm aus: FREIDENKER 1-09<\/strong><br \/>\nNach dem Ende des \u201erealen Sozialismus\u201c ging das Ger\u00fccht um, jetzt k\u00f6nne wirklich nur noch die Marktwirtschaft die Welt retten und die Menschheit voranbringen. Nur der Druck der Konkurrenz erzwinge Neues und erhalte die Stabilit\u00e4t. Austausch geschieht nur zwischen konkurrierenden Akteuren und deshalb tragen konkurrierende Verh\u00e4ltnisse die Gesellschaft. Seine \u201anat\u00fcrliche\u2018 Erkl\u00e4rung erh\u00e4lt dieses Prinzip anscheinend durch die Biologie. F\u00fcr Darwins Erkenntnisweg war das Malthus-Argument wichtig. Nach Malthus gibt es immer mehr Nachkommen, als \u00fcberleben und sich fortpflanzen k\u00f6nnen. Deshalb wird ausgew\u00e4hlt, wer sich fortpflanzt und in einer sich gegenseitig fressenden Welt \u00fcberleben halt die am besten Angepassten, pflanzen sich und ihre Gene fort, w\u00e4hrend schlechter Angepasste aussterben.<\/p>\n","protected":false},"author":3,"featured_media":4055,"comment_status":"closed","ping_status":"closed","sticky":false,"template":"","format":"standard","meta":{"colormag_page_container_layout":"default_layout","colormag_page_sidebar_layout":"default_layout","advanced_seo_description":"","jetpack_seo_html_title":"","jetpack_seo_noindex":false,"jetpack_post_was_ever_published":false,"footnotes":""},"categories":[16],"tags":[548,859,663,861,860],"class_list":["post-3259","post","type-post","status-publish","format-standard","has-post-thumbnail","hentry","category-weltanschauung-philosophie","tag-evolution","tag-evolutionstheorie","tag-kreativitaet","tag-selektion","tag-sozialdarwinismus"],"jetpack_featured_media_url":"https:\/\/i0.wp.com\/www.freidenker.org\/fw17\/wp-content\/uploads\/2009\/03\/Ausstellung__Wunder_des_Lebens_800x445.jpg?fit=800%2C445&ssl=1","jetpack_shortlink":"https:\/\/wp.me\/p9stpK-Qz","jetpack-related-posts":[{"id":15565,"url":"https:\/\/www.freidenker.org\/?p=15565","url_meta":{"origin":3259,"position":0},"title":"Keinen Euro f\u00fcr den Krieg","author":"Webredaktion","date":"22. M\u00e4rz 2023","format":false,"excerpt":"Beitrag von R\u00fcdiger Rauls Wenn die Lebensgrundlagen auf dem Treibsand der Ver\u00e4nderung zusammenzubrechen drohen, verst\u00e4rkt sich die Suche nach gesicherten Fundamenten f\u00fcr die Gestaltung der Zukunft. Dabei suchen viele nach L\u00f6sungen bei Denkern und Philosophen vergangener Zeiten. Wieder andere nehmen Anleihen bei Religionen, Sekten, den Glaubenswelten anderer Kulturen oder der\u2026","rel":"","context":"In &quot;Weltanschauung &amp; Philosophie&quot;","block_context":{"text":"Weltanschauung &amp; Philosophie","link":"https:\/\/www.freidenker.org\/?cat=16"},"img":{"alt_text":"","src":"https:\/\/i0.wp.com\/www.freidenker.org\/fw17\/wp-content\/uploads\/2023\/03\/meadow-75050_800x450.jpg?fit=800%2C450&ssl=1&resize=350%2C200","width":350,"height":200,"srcset":"https:\/\/i0.wp.com\/www.freidenker.org\/fw17\/wp-content\/uploads\/2023\/03\/meadow-75050_800x450.jpg?fit=800%2C450&ssl=1&resize=350%2C200 1x, https:\/\/i0.wp.com\/www.freidenker.org\/fw17\/wp-content\/uploads\/2023\/03\/meadow-75050_800x450.jpg?fit=800%2C450&ssl=1&resize=525%2C300 1.5x, https:\/\/i0.wp.com\/www.freidenker.org\/fw17\/wp-content\/uploads\/2023\/03\/meadow-75050_800x450.jpg?fit=800%2C450&ssl=1&resize=700%2C400 2x"},"classes":[]},{"id":17436,"url":"https:\/\/www.freidenker.org\/?p=17436","url_meta":{"origin":3259,"position":1},"title":"Internationale Friedenskonferenz: &#8222;Wir sind keine Extremisten, es geht ums \u00dcberleben der Menschheit&#8220;","author":"Webredaktion","date":"5. November 2023","format":false,"excerpt":"Beitrag von Felicitas Rabe Unter dem Motto \"Den 3. Weltkrieg stoppen\" gr\u00fcndeten die Teilnehmer der Internationalen Friedenskonferenz in Rom am letzten Oktoberwochenende eine internationale Allianz antiimperialistischer Friedensorganisationen und setzten ein Zeichen f\u00fcr Friedensengagement \u00fcber ideologische Unterschiede hinweg. Angesichts der drohenden Gefahr eines atomaren Weltkriegs m\u00fcsse man weltweit mit allen Kr\u00e4ften\u2026","rel":"","context":"In &quot;Frieden - Antifaschismus - Solidarit\u00e4t&quot;","block_context":{"text":"Frieden - Antifaschismus - Solidarit\u00e4t","link":"https:\/\/www.freidenker.org\/?cat=13"},"img":{"alt_text":"","src":"https:\/\/i0.wp.com\/www.freidenker.org\/fw17\/wp-content\/uploads\/2023\/11\/Friedenskonferenz_2023_Rom_800x450.jpg?fit=800%2C450&ssl=1&resize=350%2C200","width":350,"height":200,"srcset":"https:\/\/i0.wp.com\/www.freidenker.org\/fw17\/wp-content\/uploads\/2023\/11\/Friedenskonferenz_2023_Rom_800x450.jpg?fit=800%2C450&ssl=1&resize=350%2C200 1x, https:\/\/i0.wp.com\/www.freidenker.org\/fw17\/wp-content\/uploads\/2023\/11\/Friedenskonferenz_2023_Rom_800x450.jpg?fit=800%2C450&ssl=1&resize=525%2C300 1.5x, https:\/\/i0.wp.com\/www.freidenker.org\/fw17\/wp-content\/uploads\/2023\/11\/Friedenskonferenz_2023_Rom_800x450.jpg?fit=800%2C450&ssl=1&resize=700%2C400 2x"},"classes":[]},{"id":14606,"url":"https:\/\/www.freidenker.org\/?p=14606","url_meta":{"origin":3259,"position":2},"title":"Der Mensch ohne Identit\u00e4t\u2026","author":"Webredaktion","date":"5. November 2022","format":false,"excerpt":"Beitrag von\u00a0Gregor Gasse \u00a0Der Mensch ohne Identit\u00e4t ist der Mensch \/ der im Licht der \u00d6ffentlichkeit steht \/ der nicht nach Selbsterkenntnis \/ sondern nach Macht und Aufwertung strebt \/ weil er ohne inneren Kern lebt \/ in einem untrennbaren Bezug zum Gegen\u00fcber steht \/ was er als Entwertung seiner\u2026","rel":"","context":"In &quot;Weltanschauung &amp; Philosophie&quot;","block_context":{"text":"Weltanschauung &amp; Philosophie","link":"https:\/\/www.freidenker.org\/?cat=16"},"img":{"alt_text":"","src":"https:\/\/i0.wp.com\/www.freidenker.org\/fw17\/wp-content\/uploads\/2022\/11\/man-2877135_800x450.jpg?fit=800%2C450&ssl=1&resize=350%2C200","width":350,"height":200,"srcset":"https:\/\/i0.wp.com\/www.freidenker.org\/fw17\/wp-content\/uploads\/2022\/11\/man-2877135_800x450.jpg?fit=800%2C450&ssl=1&resize=350%2C200 1x, https:\/\/i0.wp.com\/www.freidenker.org\/fw17\/wp-content\/uploads\/2022\/11\/man-2877135_800x450.jpg?fit=800%2C450&ssl=1&resize=525%2C300 1.5x, https:\/\/i0.wp.com\/www.freidenker.org\/fw17\/wp-content\/uploads\/2022\/11\/man-2877135_800x450.jpg?fit=800%2C450&ssl=1&resize=700%2C400 2x"},"classes":[]},{"id":23744,"url":"https:\/\/www.freidenker.org\/?p=23744","url_meta":{"origin":3259,"position":3},"title":"Deutschlands fehlende Kinderliebe und die Fertigmenschen","author":"Webredaktion","date":"8. Dezember 2025","format":false,"excerpt":"Beitrag von Dagmar Henn Wenn jetzt \u00fcber Einschnitte beim B\u00fcrgergeld gesprochen wird, wird dabei immer das Bild von Migranten mit aufgerufen, ob Syrer oder Ukrainer; und weil die Zahl der Menschen, die dank der Migrationspolitik von Bundesregierung und EU uneingeladen in Deutschland leben, enorm ist, verschwinden die einheimischen Armen ganz\u2026","rel":"","context":"In &quot;Arbeit &amp; Soziales&quot;","block_context":{"text":"Arbeit &amp; Soziales","link":"https:\/\/www.freidenker.org\/?cat=11"},"img":{"alt_text":"","src":"https:\/\/i0.wp.com\/www.freidenker.org\/fw17\/wp-content\/uploads\/2025\/12\/Henn_KInderliebe_und_Fertigmenschen_800x450.jpg?fit=800%2C450&ssl=1&resize=350%2C200","width":350,"height":200,"srcset":"https:\/\/i0.wp.com\/www.freidenker.org\/fw17\/wp-content\/uploads\/2025\/12\/Henn_KInderliebe_und_Fertigmenschen_800x450.jpg?fit=800%2C450&ssl=1&resize=350%2C200 1x, https:\/\/i0.wp.com\/www.freidenker.org\/fw17\/wp-content\/uploads\/2025\/12\/Henn_KInderliebe_und_Fertigmenschen_800x450.jpg?fit=800%2C450&ssl=1&resize=525%2C300 1.5x, https:\/\/i0.wp.com\/www.freidenker.org\/fw17\/wp-content\/uploads\/2025\/12\/Henn_KInderliebe_und_Fertigmenschen_800x450.jpg?fit=800%2C450&ssl=1&resize=700%2C400 2x"},"classes":[]},{"id":3253,"url":"https:\/\/www.freidenker.org\/?p=3253","url_meta":{"origin":3259,"position":4},"title":"Charles Darwin und die Evolutionswissenschaft","author":"Webredaktion","date":"17. M\u00e4rz 2009","format":false,"excerpt":"Beitrag aus: FREIDENKER 1-09 Bereits der Gro\u00dfvater von Charles, Erasmus Darwin, war Arzt und \u2013 freethinker, Freidenker! Und auch er betrieb schon Forschungen \u00fcber die Entstehung der Arten. ... Da Darwins Evolutionstheorie Teil der Naturforschung ist, kann sie nur innerhalb ihrer eigenen Grenzen beurteilt werden, eben als wissenschaftliche Theorie. Anders\u2026","rel":"","context":"In &quot;Weltanschauung &amp; Philosophie&quot;","block_context":{"text":"Weltanschauung &amp; Philosophie","link":"https:\/\/www.freidenker.org\/?cat=16"},"img":{"alt_text":"","src":"https:\/\/i0.wp.com\/www.freidenker.org\/fw17\/wp-content\/uploads\/2009\/03\/Charles_Darwin_as_an_ape_y1871_800x445.jpg?fit=800%2C445&ssl=1&resize=350%2C200","width":350,"height":200,"srcset":"https:\/\/i0.wp.com\/www.freidenker.org\/fw17\/wp-content\/uploads\/2009\/03\/Charles_Darwin_as_an_ape_y1871_800x445.jpg?fit=800%2C445&ssl=1&resize=350%2C200 1x, https:\/\/i0.wp.com\/www.freidenker.org\/fw17\/wp-content\/uploads\/2009\/03\/Charles_Darwin_as_an_ape_y1871_800x445.jpg?fit=800%2C445&ssl=1&resize=525%2C300 1.5x, https:\/\/i0.wp.com\/www.freidenker.org\/fw17\/wp-content\/uploads\/2009\/03\/Charles_Darwin_as_an_ape_y1871_800x445.jpg?fit=800%2C445&ssl=1&resize=700%2C400 2x"},"classes":[]},{"id":10588,"url":"https:\/\/www.freidenker.org\/?p=10588","url_meta":{"origin":3259,"position":5},"title":"Gemeinsam f\u00fcr den Frieden &#8211; Ein Aufruf zur Vernunft","author":"Webredaktion","date":"22. Juni 2021","format":false,"excerpt":"Zur Erinnerung und Mahnung an den 22.06.1941, dem Tag des \u00dcberfalls der deutschen Wehrmacht auf die Sowjetunion, fand am 16.06.2021 eine Pressekonferenz des Verbandes zur Pflege der Traditionen der NVA und GT der DDR und von ISOR e.V. statt. Dort wurde der Aufruf \"Gemeinsam f\u00fcr den Frieden\" von Milit\u00e4rs aus\u2026","rel":"","context":"In &quot;Frieden - Antifaschismus - Solidarit\u00e4t&quot;","block_context":{"text":"Frieden - Antifaschismus - Solidarit\u00e4t","link":"https:\/\/www.freidenker.org\/?cat=13"},"img":{"alt_text":"","src":"https:\/\/i0.wp.com\/www.freidenker.org\/fw17\/wp-content\/uploads\/2021\/06\/Treptow_P1040660_800x450_v2.jpg?fit=800%2C450&ssl=1&resize=350%2C200","width":350,"height":200,"srcset":"https:\/\/i0.wp.com\/www.freidenker.org\/fw17\/wp-content\/uploads\/2021\/06\/Treptow_P1040660_800x450_v2.jpg?fit=800%2C450&ssl=1&resize=350%2C200 1x, https:\/\/i0.wp.com\/www.freidenker.org\/fw17\/wp-content\/uploads\/2021\/06\/Treptow_P1040660_800x450_v2.jpg?fit=800%2C450&ssl=1&resize=525%2C300 1.5x, https:\/\/i0.wp.com\/www.freidenker.org\/fw17\/wp-content\/uploads\/2021\/06\/Treptow_P1040660_800x450_v2.jpg?fit=800%2C450&ssl=1&resize=700%2C400 2x"},"classes":[]}],"_links":{"self":[{"href":"https:\/\/www.freidenker.org\/index.php?rest_route=\/wp\/v2\/posts\/3259","targetHints":{"allow":["GET"]}}],"collection":[{"href":"https:\/\/www.freidenker.org\/index.php?rest_route=\/wp\/v2\/posts"}],"about":[{"href":"https:\/\/www.freidenker.org\/index.php?rest_route=\/wp\/v2\/types\/post"}],"author":[{"embeddable":true,"href":"https:\/\/www.freidenker.org\/index.php?rest_route=\/wp\/v2\/users\/3"}],"replies":[{"embeddable":true,"href":"https:\/\/www.freidenker.org\/index.php?rest_route=%2Fwp%2Fv2%2Fcomments&post=3259"}],"version-history":[{"count":0,"href":"https:\/\/www.freidenker.org\/index.php?rest_route=\/wp\/v2\/posts\/3259\/revisions"}],"wp:featuredmedia":[{"embeddable":true,"href":"https:\/\/www.freidenker.org\/index.php?rest_route=\/wp\/v2\/media\/4055"}],"wp:attachment":[{"href":"https:\/\/www.freidenker.org\/index.php?rest_route=%2Fwp%2Fv2%2Fmedia&parent=3259"}],"wp:term":[{"taxonomy":"category","embeddable":true,"href":"https:\/\/www.freidenker.org\/index.php?rest_route=%2Fwp%2Fv2%2Fcategories&post=3259"},{"taxonomy":"post_tag","embeddable":true,"href":"https:\/\/www.freidenker.org\/index.php?rest_route=%2Fwp%2Fv2%2Ftags&post=3259"}],"curies":[{"name":"wp","href":"https:\/\/api.w.org\/{rel}","templated":true}]}}