{"id":3248,"date":"2009-03-17T15:35:21","date_gmt":"2009-03-17T14:35:21","guid":{"rendered":"http:\/\/www.freidenker.org\/?p=3248"},"modified":"2018-02-18T20:05:31","modified_gmt":"2018-02-18T19:05:31","slug":"faschisten-reaktionaere-und-der-vatikan","status":"publish","type":"post","link":"https:\/\/www.freidenker.org\/?p=3248","title":{"rendered":"Faschisten, Reaktion\u00e4re und der Vatikan"},"content":{"rendered":"<p>Aus: <a href=\"https:\/\/www.freidenker.org\/?p=696\">&#8222;Freidenker&#8220; Nr. 1-09 M\u00e4rz 2009<\/a> 68. Jahrgang &#8211; Meldungen, Meinungen, S. 27-28<\/p>\n<p>Dass die katholische Kirche zu Jahresbeginn in aller Munde war, hat sie sich unter ihrem Oberhirten Ratzinger alias Papst Benedict XVI. redlich verdient. Das meiste Aufsehen erregte er damit, den Holocaustleugnern und Erzreaktion\u00e4ren der \u201eBruderschaft St. Pius X.\u201c (FSSPX) das Tor zur Kirche wieder zu \u00f6ffnen.<\/p>\n<p>Nachdem der Vatikan vom Ausma\u00df der \u00f6ffentlichen Erregung und Proteste offenbar \u00fcberrascht war, begann ein halbherziges Zur\u00fcckrudern und der Versuch von Erkl\u00e4rungen f\u00fcr den offenkundigen Fehltritt. \u201eFalsch beraten\u201c sei er, der arme Ratzinger, wom\u00f6glich habe er die geschichtsrevisionistischen \u00c4u\u00dferungen seines Bruders Williamson gar nicht gekannt. Die \u00f6sterreichische Bischofskonferenz verlegte sich aufs Hoffen: \u201eWir hoffen, dass es gelingen wird, die unzureichenden Kommunikationsabl\u00e4ufe auch im Vatikan zu verbessern, damit der weltweite Dienst des Papstes nicht Schaden erleidet.\u201c<\/p>\n<p>Wenige Tage sp\u00e4ter sorgte Ratzinger f\u00fcr den n\u00e4chsten Aufruhr, als er den Priester Gerhard Maria Wagner zum Linzer Weihbischof k\u00fcren wollte. Der war kurz zuvor auff\u00e4llig geworden, weil er die \u201eHomosexualit\u00e4t eine Krankheit\u201c nannte. Schlie\u00dflich hat er nach massiven Protesten aus dem \u00f6sterreichischen Klerus auf das Amt verzichtet.<\/p>\n<p>In Deutschland hatten drei Professoren der katholisch-theologischen Fakult\u00e4t Regensburg eine Petition f\u00fcr die uneingeschr\u00e4nkte Anerkennung aller Beschl\u00fcsse des II. Vatikanischen Konzils unterschrieben, was die Mitglieder der Priesterbruderschaft Pius X. ablehnen. Daf\u00fcr wurden sie vom Bischof Gerhard Ludwig M\u00fcller wegen Papstbeleidigung scharf gema\u00dfregelt, er fordert eine schriftliche Distanzierung von der Petition, die Delinquenten m\u00fcssten vor ihm, M\u00fcller, erscheinen und das Glaubensbekenntnis sowie einen Treueeid auf die Lehre der katholischen Kirche ablegen, andernfalls drohe der Entzug der Lehrbefugnis.<\/p>\n<p>Der Augsburger Bischof Walter Mixa, als Reichsmilit\u00e4rbischof ein ausgewiesener Experte f\u00fcrs Sterben, steuerte zur Diskussion laut \u201eFr\u00e4nkischer Landeszeitung\u201c die Bemerkung bei: \u201eEs hat diesen Holocaust sicher in diesem Umfang mit sechs Millionen Get\u00f6teten gegeben. Wir haben diese Zahl durch Abtreibungen aber bereits \u00fcberschritten.\u201c Trotz einer sanften Kritik durch seinen Bischofskonferenz-Vorsitzenden Zollitsch erkl\u00e4rte Mixa triumphierend, \u201eer w\u00fcrde die Rede wieder so halten.\u201c<\/p>\n<p>Alles nur Missverst\u00e4ndnisse, nur \u201aKommunikationsprobleme\u2018? Wer solchen Deutungen eine gewisse Wahrscheinlichkeit beimisst, der kennt den Verein und seinen Chef aber schlecht.<\/p>\n<p>Im September 2008 hatte Mixa 30 \u201eMarienkinder\u201c gefirmt, Angeh\u00f6rige einer apokalyptischen Sekte innerhalb der katholischen Kirche. Sie lehnen wie die Piusbr\u00fcder das Zweite Vatikanische Konzil ab, dazu noch die Demokratie als \u201ePrinzip des Teufels\u201c und die Menschenrechte als \u201esatanisch\u201c. Walter Mixa befindet sich offenbar selbst in geistiger N\u00e4he zu der umstrittenen Piusbruderschaft.<\/p>\n<p>Der Sprecher der internationalen katholischen Laienbewegung \u201eWir sind Kirche\u201c, Christian Weisner, erkennt klare Tendenzen zu einer Abkehr von den Reformen und<\/p>\n<p>Demokratisierungen des II. Vatikanischen Konzils: Etwa die Liturgiereform, die im Sommer 2007 wieder voll zugelassene vorkonziliare lateinische Messe, die umformulierte Karfreitagsf\u00fcrbitte, die geplante Seligsprechung des wegen seines Beschweigens der Shoah umstrittenen Papstes Pius XII. \u2013 alles Zeichen der R\u00fcckw\u00e4rtsbewegung unter Benedikt XVI.<\/p>\n<p>Doch Ratzinger hat auch F\u00fcrsprecher: In dem \u00f6sterreichischen www.kath.net versp\u00fcrt Nathanael Liminski von der \u201eGeneration Benedikt\u201c angesichts der \u00f6ffentlichen Proteste \u201eeinen Hauch von Kulturkampf\u201c: \u201eEs geht um einen Angriff gegen die Kirche insgesamt, bei dem sich militante Atheisten mit vom Relativismus erfassten Christen verbr\u00fcdern\u201c.<\/p>\n<p>Solche Stimmen scheinen eher den Geist in einem Verein zu kennzeichnen, der den Hitlerjungen Ratzinger zu seinem Papst machte.<\/p>\n<p>Der von Ratzinger zur Seligsprechung ausersehene Vorg\u00e4nger Pius XII. hatte nicht nur die faschistische Hitler-Regierung als Erster anerkannt, sondern auch auf ihr Zustandekommen gedr\u00e4ngt: \u201ePacelli meinte, ich m\u00fcsse eben, mit R\u00fccksicht auf ein Reichskonkordat, eine Regierung der Rechten bilden. \u2026 Er glaubte, mir wieder eine Einigung mit den Nazis w\u00fcnschen zu m\u00fcssen\u201d, schrieb der vormalige Reichskanzler, der Katholik Br\u00fcning in seinen Memoiren.<\/p>\n<p>Die im M\u00e4rz 1998 vom Vatikan ver\u00f6ffentlichte \u201eErkl\u00e4rung zum Holocaust\u201c war keine Entschuldigung, sondern der Versuch, sich selbst und insbesondere den Papst Pius XII von der schweren Mitschuld am millionenfachen Judenmord zu entlasten.<\/p>\n<p>Den im KZ Buchenwald inhaftierten tschechischen Priester Pater Plojhar exkommunizierte Pius XII., aber keinen der faschistischen Massenm\u00f6rder. Der Antifaschist und Freidenker Emil Carlebach kommentierte: \u201eDie Gnadensonne des frommen Pius strahlte \u00fcber ganz anderen M\u00e4nnern. Ein Bischof wurde eingesetzt, der die M\u00f6rder aus SS, Gestapo und KZ mit Geld und falschen Papieren versorgte, um ihnen die Flucht nach \u00dcbersee zu erm\u00f6glichen. Hudal war der Name dieses Komplizen der Verbrecher, der durch diplomatische und geistliche Immunit\u00e4t gesch\u00fctzt war. \u2026 Bleibt noch die Frage: was wurde zwischen Rom und Tel Aviv ausgehandelt, um den Namen des Papstes und seines Bischofs Hudal aus dem Eichmann-Proze\u00df herauszuhalten?\u201c<\/p>\n<p>F\u00fcr Kroatiens Erzbischof Stepinac, war \u201ees jedoch leicht, die Hand Gottes in diesem Werk zu erkennen\u201d \u2013 als nach Hitlers \u00dcberfall die Ustascha-Faschisten die Macht \u00fcbernahmen und KZs errichteten. Das Vernichtungslager Jasenovac mit \u00fcber 200.000 ermordeten Serben und Juden wurde zeitweise von Franziskaner-Pater Filipovic kommandiert, in dieser Zeit verantwortlich f\u00fcr 40.000 Morde.<\/p>\n<p>Nochmals Emil Carlebach: \u201eGenauso \u201aversagte\u2018 der Vatikan, als er 1944 vor den heranr\u00fcckenden Alliierten Ustascha-Gold im Wert von 200 Millionen Dollar \u201ain Sicher-<\/p>\n<p>heit\u2018 brachte, es zun\u00e4chst zur Fluchthilfe der Ustaschaverbrecher \u201aanlegte\u2018, und schlie\u00dflich 1990 mit Zins und Zinseszins als Milliardengeschenk dem dank Deutschland neu erstandenen \u201aunabh\u00e4ngigen\u2018 Kroatien zur\u00fcckzahlte.\u201c<\/p>\n<p>Schon Ratzingers unmittelbarer Vorg\u00e4nger Johannes Paul II. stand in Treue fest: Im Rahmenprogramm der NATO-Aggression 1999 gegen Jugoslawien sprach er den \u201averdienten\u2018 Erzbischof Stepinac selig. Nicht weniger ausgepr\u00e4gt ist des Nachfolgers Gesp\u00fcr f\u00fcr das passende politische Umfeld. Seine \u201eRegensburger Rede\u201c am 12.09.2006 war zwar intellektuell unterirdisch, aber zur antiislamischen Stimmungsmache f\u00fcr die diversen Kriege \u201egegen Terror\u201c fast ein Gottesgeschenk. Schlie\u00dflich war auch die Seligsprechung einiger hundert Franko-Faschisten durch Benedikt XVI. am 28. Oktober 2007 weder Zufall noch Ausrutscher, sondern Teil eines Programms zur reaktion\u00e4ren Formierung seiner Organisation.<\/p>\n<p>Wie lobte noch der verflossene US-Pr\u00e4sident George W. Bush Joseph Ratzinger anl\u00e4sslich der Wahl zum Papst: er sei ein \u201eMann gro\u00dfer Weisheit und Kenntnis\u201c. So betrachtet war die aktuelle Causa \u201eHolocaustleugner Williamson\u201c zwar voll auf der vatikanischen Traditionslinie, nur mit Blick auf die \u00f6ffentliche Wirkung etwas unbedacht.<\/p>\n<hr \/>\n<p>Bild: Altar in der Piusbruderschaftskirche St. Joseph in Memmingen<br \/>\nVon Bene16 &#8211; Eigenes Werk, CC BY-SA 3.0, https:\/\/commons.wikimedia.org\/w\/index.php?curid=6096693<\/p>\n","protected":false},"excerpt":{"rendered":"<p><strong>Beitrag aus FREIDENKER 1-09<\/strong><br \/>\nDass die katholische Kirche zu Jahresbeginn in aller Munde war, hat sie sich unter ihrem Oberhirten Ratzinger alias Papst Benedict XVI. redlich verdient. Das meiste Aufsehen erregte er damit, den Holocaustleugnern und Erzreaktion\u00e4ren der \u201eBruderschaft St. Pius X.\u201c (FSSPX) das Tor zur Kirche wieder zu \u00f6ffnen. Nachdem der Vatikan vom Ausma\u00df der \u00f6ffentlichen Erregung und Proteste offenbar \u00fcberrascht war, begann ein halbherziges Zur\u00fcckrudern und der Versuch von Erkl\u00e4rungen f\u00fcr den offenkundigen Fehltritt. <\/p>\n","protected":false},"author":3,"featured_media":4065,"comment_status":"closed","ping_status":"closed","sticky":false,"template":"","format":"standard","meta":{"colormag_page_container_layout":"default_layout","colormag_page_sidebar_layout":"default_layout","advanced_seo_description":"","jetpack_seo_html_title":"","jetpack_seo_noindex":false,"jetpack_post_was_ever_published":false,"footnotes":""},"categories":[15],"tags":[277,388,329,872,276],"class_list":["post-3248","post","type-post","status-publish","format-standard","has-post-thumbnail","hentry","category-religions-kirchenkritik","tag-holocaust","tag-katholische-kirche","tag-papst-benedikt-xvi","tag-pius-bruderschaft","tag-vatikan"],"jetpack_featured_media_url":"https:\/\/i0.wp.com\/www.freidenker.org\/fw17\/wp-content\/uploads\/2009\/03\/Memmingen_St_Joseph_Marienaltar_800x445.jpg?fit=800%2C445&ssl=1","jetpack_shortlink":"https:\/\/wp.me\/p9stpK-Qo","jetpack-related-posts":[{"id":680,"url":"https:\/\/www.freidenker.org\/?p=680","url_meta":{"origin":3248,"position":0},"title":"Hilfe, der \u201aPapst\u2019 kommt!","author":"Webmaster","date":"5. September 2011","format":false,"excerpt":"Der Deutsche Freidenker-Verband unterst\u00fctzt den Aufruf des breiten B\u00fcndnisses, das gegen die menschenfeindliche Geschlechter- und Sexualpolitik des Papstes protestiert: \u201eIm September 2011 besucht Papst Benedikt XVI. Deutschland. Dabei spricht er auch vor dem Deutschen Bundestag in Berlin. Dagegen protestieren wir. Der Papst steht f\u00fcr eine menschenfeindliche Geschlechter- und Sexualpolitik. Sie\u2026","rel":"","context":"In &quot;Religions- &amp; Kirchenkritik, S\u00e4kulare Szene&quot;","block_context":{"text":"Religions- &amp; Kirchenkritik, S\u00e4kulare Szene","link":"https:\/\/www.freidenker.org\/?cat=15"},"img":{"alt_text":"","src":"https:\/\/i0.wp.com\/www.freidenker.org\/fw17\/wp-content\/uploads\/2016\/08\/Papst_Benedict.jpg?fit=800%2C445&ssl=1&resize=350%2C200","width":350,"height":200,"srcset":"https:\/\/i0.wp.com\/www.freidenker.org\/fw17\/wp-content\/uploads\/2016\/08\/Papst_Benedict.jpg?fit=800%2C445&ssl=1&resize=350%2C200 1x, https:\/\/i0.wp.com\/www.freidenker.org\/fw17\/wp-content\/uploads\/2016\/08\/Papst_Benedict.jpg?fit=800%2C445&ssl=1&resize=525%2C300 1.5x, https:\/\/i0.wp.com\/www.freidenker.org\/fw17\/wp-content\/uploads\/2016\/08\/Papst_Benedict.jpg?fit=800%2C445&ssl=1&resize=700%2C400 2x"},"classes":[]},{"id":683,"url":"https:\/\/www.freidenker.org\/?p=683","url_meta":{"origin":3248,"position":1},"title":"Der deutsche Papst ist der bisher reaktion\u00e4rste in der Geschichte der Neuzeit","author":"Webmaster","date":"12. September 2011","format":false,"excerpt":"Beitrag von Gerhard Feldbauer aus FREIDENKER 2-11 Im September 2011 wird der deutsche Papst der Bundesrepublik einen offiziellen \u201aStaats\u2018besuch abstatten. Wes Geistes Kind ist dieser Benedikt alias Joseph Ratzinger? Beginnen wir mit einem aktuellen Aspekt. Die Wellen der Emp\u00f6rung \u00fcber den sogenannten Missbrauchsskandal der katholischen Kirche sind noch nicht verebbt.\u2026","rel":"","context":"In &quot;Religions- &amp; Kirchenkritik, S\u00e4kulare Szene&quot;","block_context":{"text":"Religions- &amp; Kirchenkritik, S\u00e4kulare Szene","link":"https:\/\/www.freidenker.org\/?cat=15"},"img":{"alt_text":"","src":"https:\/\/i0.wp.com\/www.freidenker.org\/fw17\/wp-content\/uploads\/2016\/08\/Papast_Benedikt_01.jpg?fit=800%2C445&ssl=1&resize=350%2C200","width":350,"height":200,"srcset":"https:\/\/i0.wp.com\/www.freidenker.org\/fw17\/wp-content\/uploads\/2016\/08\/Papast_Benedikt_01.jpg?fit=800%2C445&ssl=1&resize=350%2C200 1x, https:\/\/i0.wp.com\/www.freidenker.org\/fw17\/wp-content\/uploads\/2016\/08\/Papast_Benedikt_01.jpg?fit=800%2C445&ssl=1&resize=525%2C300 1.5x, https:\/\/i0.wp.com\/www.freidenker.org\/fw17\/wp-content\/uploads\/2016\/08\/Papast_Benedikt_01.jpg?fit=800%2C445&ssl=1&resize=700%2C400 2x"},"classes":[]},{"id":642,"url":"https:\/\/www.freidenker.org\/?p=642","url_meta":{"origin":3248,"position":2},"title":"Klaus Hartmann: Aufstehen statt niederknien","author":"Webmaster","date":"17. September 2005","format":false,"excerpt":"Beitrag von Klaus Hartmann aus FREIDENKER 3-05 \"Weltjugendtag\" hei\u00dft die fromme Heerschau dieser Tage in K\u00f6ln, der Name jedoch ist Anma\u00dfung: Obwohl Hunderttausende erwartet werden, die \"Weltjugend\" ist das nicht \u2013 es ist ebenso wenig das Treffen von Atheisten wie von Buddhisten, Muslimen oder Hindus, Juden oder orthodoxen Chris\u00adten. Zumindest\u2026","rel":"","context":"In &quot;Religions- &amp; Kirchenkritik, S\u00e4kulare Szene&quot;","block_context":{"text":"Religions- &amp; Kirchenkritik, S\u00e4kulare Szene","link":"https:\/\/www.freidenker.org\/?cat=15"},"img":{"alt_text":"","src":"https:\/\/i0.wp.com\/www.freidenker.org\/fw17\/wp-content\/uploads\/2016\/08\/Papst.jpg?fit=800%2C445&ssl=1&resize=350%2C200","width":350,"height":200,"srcset":"https:\/\/i0.wp.com\/www.freidenker.org\/fw17\/wp-content\/uploads\/2016\/08\/Papst.jpg?fit=800%2C445&ssl=1&resize=350%2C200 1x, https:\/\/i0.wp.com\/www.freidenker.org\/fw17\/wp-content\/uploads\/2016\/08\/Papst.jpg?fit=800%2C445&ssl=1&resize=525%2C300 1.5x, https:\/\/i0.wp.com\/www.freidenker.org\/fw17\/wp-content\/uploads\/2016\/08\/Papst.jpg?fit=800%2C445&ssl=1&resize=700%2C400 2x"},"classes":[]},{"id":615,"url":"https:\/\/www.freidenker.org\/?p=615","url_meta":{"origin":3248,"position":3},"title":"Die Pius-L\u00fcge &#8211; Der Vatikan erkl\u00e4rt sich zum Holocaust","author":"Webmaster","date":"1. April 1998","format":false,"excerpt":"Beitrag von Emil Carlebach Deine Rede sei Ja, Ja und Nein, Nein \u2013 was dar\u00fcber ist, ist vom \u00dcbel. Dieses biblische Gebot kann den Kardin\u00e4len nicht vor Augen gestanden haben, als sie im M\u00e4rz 1998 ihre Erkl\u00e4rung zum Holocaust ver\u00f6ffentlichten, die den Vatikan und insbesondere den Papst Pius XII von\u2026","rel":"","context":"In &quot;Geschichte&quot;","block_context":{"text":"Geschichte","link":"https:\/\/www.freidenker.org\/?cat=1162"},"img":{"alt_text":"","src":"https:\/\/i0.wp.com\/www.freidenker.org\/fw17\/wp-content\/uploads\/2016\/08\/Bundesarchiv_Bild_102-00535_Bamberg_900_Jahr-Feier_der_Stadt.jpg?fit=800%2C445&ssl=1&resize=350%2C200","width":350,"height":200,"srcset":"https:\/\/i0.wp.com\/www.freidenker.org\/fw17\/wp-content\/uploads\/2016\/08\/Bundesarchiv_Bild_102-00535_Bamberg_900_Jahr-Feier_der_Stadt.jpg?fit=800%2C445&ssl=1&resize=350%2C200 1x, https:\/\/i0.wp.com\/www.freidenker.org\/fw17\/wp-content\/uploads\/2016\/08\/Bundesarchiv_Bild_102-00535_Bamberg_900_Jahr-Feier_der_Stadt.jpg?fit=800%2C445&ssl=1&resize=525%2C300 1.5x, https:\/\/i0.wp.com\/www.freidenker.org\/fw17\/wp-content\/uploads\/2016\/08\/Bundesarchiv_Bild_102-00535_Bamberg_900_Jahr-Feier_der_Stadt.jpg?fit=800%2C445&ssl=1&resize=700%2C400 2x"},"classes":[]},{"id":11987,"url":"https:\/\/www.freidenker.org\/?p=11987","url_meta":{"origin":3248,"position":4},"title":"Missbrauchsskandal und Kollateralschaden","author":"Webredaktion","date":"14. Januar 2022","format":false,"excerpt":"Beitrag von Dagmar Henn In wenigen Tagen soll ein neues Gutachten zu sexuellem Missbrauch im katholischen Erzbistum M\u00fcnchen und Freising vorgestellt werden. Seit dem Jahr 2010, also bereits seit \u00fcber zehn Jahren, wird insbesondere die katholische Kirche dieses Thema nicht mehr los. Es hat ihr einen gravierenden Einflussverlust beschert. Dass\u2026","rel":"","context":"In &quot;Religions- &amp; Kirchenkritik, S\u00e4kulare Szene&quot;","block_context":{"text":"Religions- &amp; Kirchenkritik, S\u00e4kulare Szene","link":"https:\/\/www.freidenker.org\/?cat=15"},"img":{"alt_text":"","src":"https:\/\/i0.wp.com\/www.freidenker.org\/fw17\/wp-content\/uploads\/2022\/01\/church-4019523_800x450.jpg?fit=800%2C450&ssl=1&resize=350%2C200","width":350,"height":200,"srcset":"https:\/\/i0.wp.com\/www.freidenker.org\/fw17\/wp-content\/uploads\/2022\/01\/church-4019523_800x450.jpg?fit=800%2C450&ssl=1&resize=350%2C200 1x, https:\/\/i0.wp.com\/www.freidenker.org\/fw17\/wp-content\/uploads\/2022\/01\/church-4019523_800x450.jpg?fit=800%2C450&ssl=1&resize=525%2C300 1.5x, https:\/\/i0.wp.com\/www.freidenker.org\/fw17\/wp-content\/uploads\/2022\/01\/church-4019523_800x450.jpg?fit=800%2C450&ssl=1&resize=700%2C400 2x"},"classes":[]},{"id":634,"url":"https:\/\/www.freidenker.org\/?p=634","url_meta":{"origin":3248,"position":5},"title":"Mea Culpa? Gegen die Missverst\u00e4ndnisse p\u00e4pstlicher &#8222;Schuldbekenntnisse&#8220;","author":"Webmaster","date":"31. M\u00e4rz 2000","format":false,"excerpt":"Rede von Klaus Hartmann auf einer Mitgliederversammlung Am 12. M\u00e4rz 2000 wurden die Augen der Weltfernsehgemeinde auf einen Gottesdienst in Rom gerichtet. Nach wochenlangen Ank\u00fcndigungen, Spekulationen und h\u00e4ppchenweisen Vorver\u00f6ffentlichungen wurden die Papst-Worte mit Spannung erwartet, mit denen er sich zur Schuld der Kirche \u00e4u\u00dfern und um Vergebung bitten wollte. Das\u2026","rel":"","context":"In &quot;Religions- &amp; Kirchenkritik, S\u00e4kulare Szene&quot;","block_context":{"text":"Religions- &amp; Kirchenkritik, S\u00e4kulare Szene","link":"https:\/\/www.freidenker.org\/?cat=15"},"img":{"alt_text":"","src":"https:\/\/i0.wp.com\/www.freidenker.org\/fw17\/wp-content\/uploads\/2016\/08\/Rom.jpg?fit=800%2C445&ssl=1&resize=350%2C200","width":350,"height":200,"srcset":"https:\/\/i0.wp.com\/www.freidenker.org\/fw17\/wp-content\/uploads\/2016\/08\/Rom.jpg?fit=800%2C445&ssl=1&resize=350%2C200 1x, https:\/\/i0.wp.com\/www.freidenker.org\/fw17\/wp-content\/uploads\/2016\/08\/Rom.jpg?fit=800%2C445&ssl=1&resize=525%2C300 1.5x, https:\/\/i0.wp.com\/www.freidenker.org\/fw17\/wp-content\/uploads\/2016\/08\/Rom.jpg?fit=800%2C445&ssl=1&resize=700%2C400 2x"},"classes":[]}],"_links":{"self":[{"href":"https:\/\/www.freidenker.org\/index.php?rest_route=\/wp\/v2\/posts\/3248","targetHints":{"allow":["GET"]}}],"collection":[{"href":"https:\/\/www.freidenker.org\/index.php?rest_route=\/wp\/v2\/posts"}],"about":[{"href":"https:\/\/www.freidenker.org\/index.php?rest_route=\/wp\/v2\/types\/post"}],"author":[{"embeddable":true,"href":"https:\/\/www.freidenker.org\/index.php?rest_route=\/wp\/v2\/users\/3"}],"replies":[{"embeddable":true,"href":"https:\/\/www.freidenker.org\/index.php?rest_route=%2Fwp%2Fv2%2Fcomments&post=3248"}],"version-history":[{"count":0,"href":"https:\/\/www.freidenker.org\/index.php?rest_route=\/wp\/v2\/posts\/3248\/revisions"}],"wp:featuredmedia":[{"embeddable":true,"href":"https:\/\/www.freidenker.org\/index.php?rest_route=\/wp\/v2\/media\/4065"}],"wp:attachment":[{"href":"https:\/\/www.freidenker.org\/index.php?rest_route=%2Fwp%2Fv2%2Fmedia&parent=3248"}],"wp:term":[{"taxonomy":"category","embeddable":true,"href":"https:\/\/www.freidenker.org\/index.php?rest_route=%2Fwp%2Fv2%2Fcategories&post=3248"},{"taxonomy":"post_tag","embeddable":true,"href":"https:\/\/www.freidenker.org\/index.php?rest_route=%2Fwp%2Fv2%2Ftags&post=3248"}],"curies":[{"name":"wp","href":"https:\/\/api.w.org\/{rel}","templated":true}]}}