{"id":3241,"date":"2009-05-26T04:28:52","date_gmt":"2009-05-26T02:28:52","guid":{"rendered":"http:\/\/www.freidenker.org\/?p=3241"},"modified":"2018-02-18T14:10:01","modified_gmt":"2018-02-18T13:10:01","slug":"erklaerung-des-verbandtages-2009","status":"publish","type":"post","link":"https:\/\/www.freidenker.org\/?p=3241","title":{"rendered":"Erkl\u00e4rung des Verbandtages 2009"},"content":{"rendered":"<p><a href=\"https:\/\/www.jungewelt.de\/loginFailed.php?ref=\/artikel\/125588.tiefgreifende-historische-krise.html?sstr=Freidenker%7CVerbandstag\" target=\"_blank\" rel=\"noopener\">Junge Welt v. 26.05.2009<\/a><\/p>\n<h4>Tiefgreifende historische Krise<\/h4>\n<p>Am Wochenende tagte in Berlin der Verbandstag des Deutschen Freidenkerverbandes. Er beschlo\u00df am Freitag folgende Erkl\u00e4rung:<\/p>\n<p>Wir betrachten Aufkl\u00e4rung als die Hauptaufgabe unserer weltanschaulichen T\u00e4tigkeit. Unsere programmatische Erkl\u00e4rung von 1994 formulierte die angesichts der Wirtschaftskrise h\u00f6chst aktuelle Aussage: \u00bbFreidenkerinnen und Freidenker bem\u00fchen sich um Antworten bez\u00fcglich der Ursachen der alle Lebensbereiche umfassenden allgemeinen weltweiten Krise\u00ab. Dies erfordert die Analyse der Widerspr\u00fcche in ihrer Entwicklung auf der Grundlage unseres materialistisch-dialektischen Weltbildes, die Erarbeitung der darin begr\u00fcndeten Moral- und Wertvorstellungen sowie weltanschaulichen Pr\u00e4missen.<\/p>\n<p>Zur Beantwortung der wichtigsten weltanschaulich-philosophischen und politisch-praktischen Fragen in diesen Umbruchzeiten gehen wir von folgenden Pr\u00e4missen aus:<\/p>\n<p>1. Ursachen und Wirkungen der aktuellen Finanz- und Wirtschaftskrise sind Ausdruck der tiefgreifenden historischen Krise des imperialistischen Herrschaftssystems. Die Krise ist gekennzeichnet durch Zunahme der Massenverelendung und r\u00fccksichtslose Bereicherung der Besitzenden, zunehmende Armut, besonders von Kindern, verordnet durch die Hartz-IV-Gesetze. Freidenker treten ein f\u00fcr Mindestl\u00f6hne, radikale Arbeitszeitverk\u00fcrzung bei vollem Lohnausgleich, bedarfsdeckende und repressionsfreie Mindestsicherung sowie ein menschenw\u00fcrdiges Leben im Alter.<\/p>\n<p>2. Der \u00bbKrieg gegen den Terror\u00ab ist ein Mittel zur Neuaufteilung der Welt, der Politik des Neokolonialismus, der Militarisierung der internationalen Beziehungen und der fortgesetzten Zerst\u00f6rung des V\u00f6lkerrechts. Im Hinblick auf die versch\u00e4rften Rekrutierungsbem\u00fchungen um neues Kanonenfutter fordern wir die Trennung der Schulen und Arbeitsagenturen von der Bundeswehr! Wir unterst\u00fctzen den Widerstand gegen Kriege und die Entlarvung der Kriegspropaganda, fordern radikale Abr\u00fcstung und ein Nein zur NATO durch Austritt aus dem atlantischen Kriegsb\u00fcndnis.<\/p>\n<p>3. Die Systemkrise der kapitalistischen Weltordnung geht einher mit einer drastisch versch\u00e4rften ideologisch-weltanschaulichen Auseinandersetzung; der imperialistischen Herrschaftsstrategie liegen reaktion\u00e4re weltanschaulich-ideologische Positionen zugrunde. Kennzeichen sind klerikale Offensiven, gef\u00e4hrlicher Verfall des politischen Denkens und der politischen Kultur, Anwachsen des Rassismus und Chauvinismus, die Propagierung des Bundeswehreinsatzes im Innern und der Marsch in den \u00dcberwachungsstaat.<\/p>\n<p>4. Die milliardenschwere Bewu\u00dftseinsindustrie verstellt vielen Menschen den Blick auf die Ursachen dieses Niedergangs, f\u00f6rdert Fatalismus und Pessimismus. Das Bildungswesen wird kapitalf\u00f6rmig abgerichtet, reli gi\u00f6ser Aberglauben statt Wissenschaftlichkeit gef\u00f6rdert, Untertanengeist gez\u00fcchtet, der Sozialismus verdammt und zum alten Hut erkl\u00e4rt.<\/p>\n<p>Wir setzen den Verdummungsstrategen konkrete Aufkl\u00e4rung entgegen und f\u00f6rdern die Fortf\u00fchrung der Initiative Volksbildung. Wir verteidigen unsere Geschichte und unsere von Kapital- und Herrschaftsinteressen unabh\u00e4ngigen weltanschaulichen Positionen.<\/p>\n<p>5. Die kapitalistische Gesellschaft grenzt immer mehr Menschen von der sch\u00f6pferischen Gestaltung der Gesellschaft und des eigenen Lebensweges aus.<\/p>\n<p>Wir setzen dagegen auf neue Denk- und Lebensweisen, die Befreiung von allen Formen der Entfremdung und die Ver\u00e4nderung der Produktionsverh\u00e4ltnisse.<\/p>\n<p>Unsere Solidarit\u00e4t gilt den Massen der Entrechteten und Erniedrigten in unserem Land, in Europa und der Welt.<\/p>\n<hr \/>\n<p>Foto: Blick in den Tagungsraum, fotografiert von Ulf Rassmann<\/p>\n","protected":false},"excerpt":{"rendered":"<p><strong>Bericht der jungen Welt \u00fcber den Verbandstag 2009 des DFV<\/strong><br \/>\nAm Wochenende tagte in Berlin der Verbandstag des Deutschen Freidenkerverbandes. Er beschlo\u00df am Freitag folgende Erkl\u00e4rung: &#8222;Wir betrachten Aufkl\u00e4rung als die Hauptaufgabe unserer weltanschaulichen T\u00e4tigkeit. Unsere programmatische Erkl\u00e4rung von 1994 formulierte die angesichts der Wirtschaftskrise h\u00f6chst aktuelle Aussage: \u00bbFreidenkerinnen und Freidenker bem\u00fchen sich um Antworten bez\u00fcglich der Ursachen der alle Lebensbereiche umfassenden allgemeinen weltweiten Krise\u00ab. Dies erfordert die Analyse der Widerspr\u00fcche in ihrer Entwicklung auf der Grundlage unseres materialistisch-dialektischen Weltbildes, die Erarbeitung der darin begr\u00fcndeten Moral- und Wertvorstellungen sowie weltanschaulichen Pr\u00e4missen. &#8230; &#8222;<\/p>\n","protected":false},"author":3,"featured_media":4046,"comment_status":"closed","ping_status":"closed","sticky":false,"template":"","format":"standard","meta":{"colormag_page_container_layout":"default_layout","colormag_page_sidebar_layout":"default_layout","advanced_seo_description":"","jetpack_seo_html_title":"","jetpack_seo_noindex":false,"jetpack_post_was_ever_published":false,"footnotes":""},"categories":[210,20],"tags":[211,27,263,180,410],"class_list":["post-3241","post","type-post","status-publish","format-standard","has-post-thumbnail","hentry","category-positionen","category-zentrale-veranstaltungen","tag-aufklaerung","tag-deutscher-freidenker-verband","tag-finanzkrise","tag-krise","tag-verbandstag"],"jetpack_featured_media_url":"https:\/\/i0.wp.com\/www.freidenker.org\/fw17\/wp-content\/uploads\/2009\/05\/vt_2009_delegierte.jpg?fit=800%2C445&ssl=1","jetpack_shortlink":"https:\/\/wp.me\/p9stpK-Qh","jetpack-related-posts":[{"id":3214,"url":"https:\/\/www.freidenker.org\/?p=3214","url_meta":{"origin":3241,"position":0},"title":"Gegen Volksverdummung und Zerst\u00f6rung der Vernunft","author":"Webredaktion","date":"15. November 2009","format":false,"excerpt":"Beschluss des Verbandsvorstandes im Auftrag des Verbandstages vom 22.\/23. Mai 2009 in Berlin Der Deutsche Freidenker-Verband als Weltanschauungsgemeinschaft und Kulturorganisation betrachtet Aufkl\u00e4rung als die Hauptaufgabe seiner weltanschaulichen T\u00e4tigkeit. ... Die Aufkl\u00e4rungsbewegung leistete die geistige Vorarbeit, eine andere freiere Gesellschaftsordnung zu denken und in den folgenden b\u00fcrgerlichen und sozialistischen Revolutionen zu\u2026","rel":"","context":"In &quot;Demokratie \u2013 Medien \u2013 Aufkl\u00e4rung&quot;","block_context":{"text":"Demokratie \u2013 Medien \u2013 Aufkl\u00e4rung","link":"https:\/\/www.freidenker.org\/?cat=12"},"img":{"alt_text":"","src":"https:\/\/i0.wp.com\/www.freidenker.org\/fw17\/wp-content\/uploads\/2010\/01\/voltaitre_russia-1381260_800x445.jpg?fit=800%2C445&ssl=1&resize=350%2C200","width":350,"height":200,"srcset":"https:\/\/i0.wp.com\/www.freidenker.org\/fw17\/wp-content\/uploads\/2010\/01\/voltaitre_russia-1381260_800x445.jpg?fit=800%2C445&ssl=1&resize=350%2C200 1x, https:\/\/i0.wp.com\/www.freidenker.org\/fw17\/wp-content\/uploads\/2010\/01\/voltaitre_russia-1381260_800x445.jpg?fit=800%2C445&ssl=1&resize=525%2C300 1.5x, https:\/\/i0.wp.com\/www.freidenker.org\/fw17\/wp-content\/uploads\/2010\/01\/voltaitre_russia-1381260_800x445.jpg?fit=800%2C445&ssl=1&resize=700%2C400 2x"},"classes":[]},{"id":768,"url":"https:\/\/www.freidenker.org\/?p=768","url_meta":{"origin":3241,"position":1},"title":"FREIDENKER 4-12 EXTRA &#8211; Aufgaben der Aufkl\u00e4rung: &#8222;Die Richtigstellung der Begriffe&#8220;","author":"Webmaster","date":"16. Dezember 2012","format":false,"excerpt":"Die Ausgabe 4-12 des Verbandsorgans FREIDENKER beinhaltet aktuelle grundlegende Dokumente des Deutschen Freidenker-Verbandes: - Aufgaben der Aufkl\u00e4rung: \u201eDie Richtigstellung der Begriffe\u201c (beschlossen 2012) - Gegen Volksverdummung und die Zerst\u00f6rung der Vernunft \u2013 F\u00fcr Aufkl\u00e4rung! (beschlossen 2009) - Berliner Erkl\u00e4rung: \u201eWer sind die Freidenker und was wollen sie?\u201c (beschlossen 1994) -\u2026","rel":"","context":"In &quot;Verbandsorgan FREIDENKER&quot;","block_context":{"text":"Verbandsorgan FREIDENKER","link":"https:\/\/www.freidenker.org\/?cat=8"},"img":{"alt_text":"","src":"https:\/\/i0.wp.com\/www.freidenker.org\/fw17\/wp-content\/uploads\/2017\/12\/FD_2012-04_Titel_mR.jpg?fit=800%2C445&ssl=1&resize=350%2C200","width":350,"height":200,"srcset":"https:\/\/i0.wp.com\/www.freidenker.org\/fw17\/wp-content\/uploads\/2017\/12\/FD_2012-04_Titel_mR.jpg?fit=800%2C445&ssl=1&resize=350%2C200 1x, https:\/\/i0.wp.com\/www.freidenker.org\/fw17\/wp-content\/uploads\/2017\/12\/FD_2012-04_Titel_mR.jpg?fit=800%2C445&ssl=1&resize=525%2C300 1.5x, https:\/\/i0.wp.com\/www.freidenker.org\/fw17\/wp-content\/uploads\/2017\/12\/FD_2012-04_Titel_mR.jpg?fit=800%2C445&ssl=1&resize=700%2C400 2x"},"classes":[]},{"id":3239,"url":"https:\/\/www.freidenker.org\/?p=3239","url_meta":{"origin":3241,"position":2},"title":"Aufkl\u00e4rung gegen Krise und Volksverdummung","author":"Webredaktion","date":"26. Mai 2009","format":false,"excerpt":"Presseberichte von jW und RedGlobe zum Verbandstag des Deutschen Freidenker-Verbandes am 22.\/23. Mai 2009 Am Wochenende trafen sich die Delegierten der Landesverb\u00e4nde des Deutschen Freidenker-Verbandes zu ihrem alle drei Jahre stattfindenden Verbandstag in Berlin. Die Versammlung bekr\u00e4ftigte, da\u00df die Freidenker in der Aufkl\u00e4rung die Hauptaufgabe ihrer weltanschaulichen T\u00e4tigkeit sehen. Allerdings\u2026","rel":"","context":"In &quot;Zentrale Veranstaltungen&quot;","block_context":{"text":"Zentrale Veranstaltungen","link":"https:\/\/www.freidenker.org\/?cat=20"},"img":{"alt_text":"","src":"https:\/\/i0.wp.com\/www.freidenker.org\/fw17\/wp-content\/uploads\/2009\/05\/vt_2009_vorstand.jpg?fit=800%2C445&ssl=1&resize=350%2C200","width":350,"height":200,"srcset":"https:\/\/i0.wp.com\/www.freidenker.org\/fw17\/wp-content\/uploads\/2009\/05\/vt_2009_vorstand.jpg?fit=800%2C445&ssl=1&resize=350%2C200 1x, https:\/\/i0.wp.com\/www.freidenker.org\/fw17\/wp-content\/uploads\/2009\/05\/vt_2009_vorstand.jpg?fit=800%2C445&ssl=1&resize=525%2C300 1.5x, https:\/\/i0.wp.com\/www.freidenker.org\/fw17\/wp-content\/uploads\/2009\/05\/vt_2009_vorstand.jpg?fit=800%2C445&ssl=1&resize=700%2C400 2x"},"classes":[]},{"id":720,"url":"https:\/\/www.freidenker.org\/?p=720","url_meta":{"origin":3241,"position":3},"title":"FREIDENKER 3-09 Sonderheft &#8211; Gegen Volksverdummung und die Zerst\u00f6rung der Vernunft &#8211; F\u00fcr Aufkl\u00e4rung!","author":"Webmaster","date":"16. November 2009","format":false,"excerpt":"Das Sonderheft 3-09 des Verbandsorgans FREIDENKER beinhaltet aktuelle grundlegende Dokumente des Deutschen Freidenker-Verbandes: \u2013 Gegen Volksverdummung und die Zerst\u00f6rung der Vernunft \u2013 F\u00fcr Aufkl\u00e4rung! (beschlossen 2009) \u2013 Berliner Erkl\u00e4rung: \u201eWer sind die Freidenker und was wollen sie?\u201c (beschlossen 1994) \u2013 Satzung des Deutschen Freidenker-Verbandes (beschlossen 1991, zuletzt ge\u00e4ndert 2003)","rel":"","context":"In &quot;Verbandsorgan FREIDENKER&quot;","block_context":{"text":"Verbandsorgan FREIDENKER","link":"https:\/\/www.freidenker.org\/?cat=8"},"img":{"alt_text":"","src":"https:\/\/i0.wp.com\/www.freidenker.org\/fw17\/wp-content\/uploads\/2009\/11\/FD_2009-03_Titel_mR.jpg?fit=800%2C445&ssl=1&resize=350%2C200","width":350,"height":200,"srcset":"https:\/\/i0.wp.com\/www.freidenker.org\/fw17\/wp-content\/uploads\/2009\/11\/FD_2009-03_Titel_mR.jpg?fit=800%2C445&ssl=1&resize=350%2C200 1x, https:\/\/i0.wp.com\/www.freidenker.org\/fw17\/wp-content\/uploads\/2009\/11\/FD_2009-03_Titel_mR.jpg?fit=800%2C445&ssl=1&resize=525%2C300 1.5x, https:\/\/i0.wp.com\/www.freidenker.org\/fw17\/wp-content\/uploads\/2009\/11\/FD_2009-03_Titel_mR.jpg?fit=800%2C445&ssl=1&resize=700%2C400 2x"},"classes":[]},{"id":6231,"url":"https:\/\/www.freidenker.org\/?p=6231","url_meta":{"origin":3241,"position":4},"title":"Wir trauern um Horst Schild","author":"Webredaktion","date":"16. April 2019","format":false,"excerpt":"Wir trauern um Dr. phil. habil. Horst Schild (7. Dezember 1940 \u2013 7. April 2019) Horst war Gr\u00fcndungsmitglied des Verbandes der Freidenker der DDR und gestaltete die beim Verbandstag 1991 in Braunschweig vollzogene Vereinigung zu einem gemeinsamen Deutschen Freidenker-Verband aktiv mit. Seitdem war er ununterbrochen f\u00fcr die Freidenker in Dresden\u2026","rel":"","context":"In &quot;Weltliche Trauerkultur&quot;","block_context":{"text":"Weltliche Trauerkultur","link":"https:\/\/www.freidenker.org\/?cat=17"},"img":{"alt_text":"","src":"https:\/\/i0.wp.com\/www.freidenker.org\/fw17\/wp-content\/uploads\/2019\/04\/horst_schild_nachruf_800x445.jpg?fit=800%2C445&ssl=1&resize=350%2C200","width":350,"height":200,"srcset":"https:\/\/i0.wp.com\/www.freidenker.org\/fw17\/wp-content\/uploads\/2019\/04\/horst_schild_nachruf_800x445.jpg?fit=800%2C445&ssl=1&resize=350%2C200 1x, https:\/\/i0.wp.com\/www.freidenker.org\/fw17\/wp-content\/uploads\/2019\/04\/horst_schild_nachruf_800x445.jpg?fit=800%2C445&ssl=1&resize=525%2C300 1.5x, https:\/\/i0.wp.com\/www.freidenker.org\/fw17\/wp-content\/uploads\/2019\/04\/horst_schild_nachruf_800x445.jpg?fit=800%2C445&ssl=1&resize=700%2C400 2x"},"classes":[]},{"id":452,"url":"https:\/\/www.freidenker.org\/?p=452","url_meta":{"origin":3241,"position":5},"title":"Freidenker-Verbandstag 2012 in N\u00fcrnberg","author":"Webmaster","date":"4. Juni 2012","format":false,"excerpt":"Am 2. und 3. Juni 2012 kamen die Delegierten der Landesverb\u00e4nde des Deutschen Freidenker-Verbandes (DFV) zu ihrem Verbandstag in N\u00fcrnberg zusammen, dem h\u00f6chsten Gremium der sich als Weltanschauungsgemeinschaft, Interessenvertretung konfessionsfreier Menschen und Kulturorganisation verstehenden Organisation. Der Kongress betonte die Notwendigkeit, der herrschenden Politik zur Zerst\u00f6rung von Humanit\u00e4t und Vernunft mit\u2026","rel":"","context":"In &quot;Positionen&quot;","block_context":{"text":"Positionen","link":"https:\/\/www.freidenker.org\/?cat=210"},"img":{"alt_text":"","src":"https:\/\/i0.wp.com\/www.freidenker.org\/fw17\/wp-content\/uploads\/2016\/08\/Verbandstag_2012.jpg?fit=800%2C445&ssl=1&resize=350%2C200","width":350,"height":200,"srcset":"https:\/\/i0.wp.com\/www.freidenker.org\/fw17\/wp-content\/uploads\/2016\/08\/Verbandstag_2012.jpg?fit=800%2C445&ssl=1&resize=350%2C200 1x, https:\/\/i0.wp.com\/www.freidenker.org\/fw17\/wp-content\/uploads\/2016\/08\/Verbandstag_2012.jpg?fit=800%2C445&ssl=1&resize=525%2C300 1.5x, https:\/\/i0.wp.com\/www.freidenker.org\/fw17\/wp-content\/uploads\/2016\/08\/Verbandstag_2012.jpg?fit=800%2C445&ssl=1&resize=700%2C400 2x"},"classes":[]}],"_links":{"self":[{"href":"https:\/\/www.freidenker.org\/index.php?rest_route=\/wp\/v2\/posts\/3241","targetHints":{"allow":["GET"]}}],"collection":[{"href":"https:\/\/www.freidenker.org\/index.php?rest_route=\/wp\/v2\/posts"}],"about":[{"href":"https:\/\/www.freidenker.org\/index.php?rest_route=\/wp\/v2\/types\/post"}],"author":[{"embeddable":true,"href":"https:\/\/www.freidenker.org\/index.php?rest_route=\/wp\/v2\/users\/3"}],"replies":[{"embeddable":true,"href":"https:\/\/www.freidenker.org\/index.php?rest_route=%2Fwp%2Fv2%2Fcomments&post=3241"}],"version-history":[{"count":0,"href":"https:\/\/www.freidenker.org\/index.php?rest_route=\/wp\/v2\/posts\/3241\/revisions"}],"wp:featuredmedia":[{"embeddable":true,"href":"https:\/\/www.freidenker.org\/index.php?rest_route=\/wp\/v2\/media\/4046"}],"wp:attachment":[{"href":"https:\/\/www.freidenker.org\/index.php?rest_route=%2Fwp%2Fv2%2Fmedia&parent=3241"}],"wp:term":[{"taxonomy":"category","embeddable":true,"href":"https:\/\/www.freidenker.org\/index.php?rest_route=%2Fwp%2Fv2%2Fcategories&post=3241"},{"taxonomy":"post_tag","embeddable":true,"href":"https:\/\/www.freidenker.org\/index.php?rest_route=%2Fwp%2Fv2%2Ftags&post=3241"}],"curies":[{"name":"wp","href":"https:\/\/api.w.org\/{rel}","templated":true}]}}