{"id":3239,"date":"2009-05-26T03:59:03","date_gmt":"2009-05-26T01:59:03","guid":{"rendered":"http:\/\/www.freidenker.org\/?p=3239"},"modified":"2018-02-14T21:54:13","modified_gmt":"2018-02-14T20:54:13","slug":"aufklaerung-gegen-krise-und-volksverdummung","status":"publish","type":"post","link":"https:\/\/www.freidenker.org\/?p=3239","title":{"rendered":"Aufkl\u00e4rung gegen Krise und Volksverdummung"},"content":{"rendered":"<pre>Presseberichte zum Verbandstag des Deutschen Freidenker-Verbandes am 22.\/23. Mai 2009<\/pre>\n<h5>junge Welt v. 26.05.2009<\/h5>\n<p><strong>Freidenkerverband tagte in Berlin. Debatte um politische Schwerpunktsetzung<\/strong><br \/>\n<em><br \/>\nLeonardo L\u00f6we<\/em><\/p>\n<p>Am Wochenende trafen sich die Delegierten der Landesverb\u00e4nde des Deutschen Freidenker-Verbandes zu ihrem alle drei Jahre stattfindenden Verbandstag in Berlin. Die Versammlung bekr\u00e4ftigte, da\u00df die Freidenker in der Aufkl\u00e4rung die Hauptaufgabe ihrer weltanschaulichen T\u00e4tigkeit sehen. Allerdings befassen sie sich dabei nicht mit der Existenz Gottes, sondern mit der aktuellen Wirtschaftskrise, der zunehmenden Militarisierung der internationalen Beziehungen und Sch\u00e4ubles Marsch in den \u00dcberwachungsstaat.<\/p>\n<p>In seinem Referat forderte der Bundesvorsitzende Klaus Hartmann, da\u00df Freidenker den Irrationalismus insgesamt, in religi\u00f6ser wie weltlicher Gestalt, ins Visier nehmen m\u00fcssen, und folgerte: \u00bbDer Kapitalismus, der Imperialismus ist in un\u00fcbertrefflichem Ma\u00dfe unvern\u00fcnftig, ja er ist mehr als das: lebensgef\u00e4hrlich. Diese Gefahr, von den Kriegen \u00fcber Armut, Elend und Ausgrenzung bis zur Umweltzerst\u00f6rung, sie ist real, und ihre Bek\u00e4mpfung hat Priorit\u00e4t.<\/p>\n<p>Gegen Volksverdummung und f\u00fcr die Verteidigung der Vernunft einzutreten bedeutet f\u00fcr die Freidenker, gegen den \u203aMainstream\u2039 der Konzernmedien und \u203aDenkfabriken\u2039 wie der Bertelsmann-Stiftung die F\u00e4higkeit zu emanzipativem Denken und Handeln zu f\u00f6rdern. Daf\u00fcr sei auch die \u203aRichtigstellung der Begriffe\u2039 unabdingbar, von der \u203aLeitkultur\u2039, die keine Kultur, sondern Chauvinismus sei, bis zur verlogenen \u203aVerstaatlichungs\u2039-Debatte.\u00ab<\/p>\n<p>Einen ihrer Schwerpunkte sehen die Freidenker in der l\u00e4ngerfristig angelegten Kampagne \u00bbDeutschlands NATO-Mitgliedschaft beenden!\u00ab, mit der ein einseitiger Austritt aus dem Kriegsb\u00fcndnis propagiert wird. (www.neinzurnato.de\/ ) Dieses Konzept von Freidenkerarbeit war in den letzten Jahren keineswegs unumstritten. Auch auf dem Verbandstag wurde die Forderung erhoben, da\u00df die Freidenker sich weniger \u00bballgemeinpolitisch\u00ab exponieren, sondern mehr auf kirchen- und religionskritische Themen konzentrieren sollten.<\/p>\n<p>Klaus Hartmann widersprach solchen Vorstellungen: \u00bbDie Kirchen, so zeigt auch der j\u00fcngste Evangelische Kirchentag, beschr\u00e4nken sich keineswegs auf ihr \u203aJenseits\u2039, sondern propagieren einen starken Glauben f\u00fcr die Erneuerung der \u203asozialen Marktwirtschaft\u2039. Da werden ausgerechnet die Freidenker, deren Zust\u00e4ndigkeit das Leben vor dem Tod ist, sich nicht in den Laufstall der Religionskritik einsperren lassen, sondern f\u00fcr ihre antikapitalistischen, sozialistischen Positionen werben.\u00ab<\/p>\n<p>Auf die Person Hartmanns konzentrierten sich jene Kritiker, die eine \u00bbandere Richtung\u00ab forderten, soda\u00df im Vorfeld des Verbandstages bereits \u00fcber eine Abwahl spekuliert worden war. Doch schon bei der \u00fcberw\u00e4ltigenden Mehrheit f\u00fcr die Entlastung des Vorstandes wurde deutlich, da\u00df die Kritiker chancenlos bleiben werden. Schlie\u00dflich wurde Klaus Hartmann mit einer Mehrheit von 82,5 Prozent der Stimmen f\u00fcr eine achte Amtszeit als Bundesvorsitzender wiedergew\u00e4hlt.<\/p>\n<p>Quelle: <a href=\"https:\/\/www.jungewelt.de\/loginFailed.php?ref=\/artikel\/125609.aufkl%C3%A4rung-gegen-krise-und-volksverdummung.html?sstr=Freidenker%7CVerbandstag\" target=\"_blank\" rel=\"noopener\">https:\/\/www.jungewelt.de\/loginFailed.php?ref=\/artikel\/125609.aufkl%C3%A4rung-gegen-krise-und-volksverdummung.html?sstr=Freidenker%7CVerbandstag<\/a><\/p>\n<hr \/>\n<p>Aus: <strong>RedGlobe v. 25.05.2009<\/strong><\/p>\n<p>Unter dem Motto \u00bb Aufkl\u00e4rung gegen Volksverdummung, Zerst\u00f6rung der Vernunft und gegen die imperialistische Militarisierung der internationalen Beziehungen\u00ab tagte am Wochenende in Berlin der alle drei Jahre durchgef\u00fchrte Verbandstag des Deutschen Freidenker-Verbandes (DFV), bei dem der seit 1988 amtierende Vorsitzende Klaus Hartmann (Offenbach) in seinem Amt best\u00e4tigt wurde. Ebenfalls wiedergew\u00e4hlt wurde Eberhard Schinck (M\u00fcnchen) als stellvertretender Vorsitzender.<\/p>\n<p>In der Diskussion des Verbandstages ging es vor allem um die Sch\u00e4rfung des Profils des Verbandes als Weltanschauungsgemeinschaft, Kulturorganisation und Interessenvertretung der Konfessionsfreien. Der Deutsche Freidenker-Verband fordert die strikte Trennung von Kirche und Staat und lehnt die Privilegien der Kirchen ab. Die von einigen freigeistigen Verb\u00e4nden angestrebte Gleichbehandlung im Privileg wird vom Deutschen Freidenker-Verband abgelehnt. Freidenker setzen sich aber nicht nur mit religi\u00f6sem, sondern auch mit weltlichem Irrationalismus kritisch auseinander. Deshalb wird der Verband auch weiterhin zu gesellschaftspolitischen Auseinandersetzungen Stellung nehmen.<\/p>\n<p>Dem Verbandstag lagen gegens\u00e4tzliche Antr\u00e4ge zur Mitgliedschaft des Verbandes im Koordinierungsrat s\u00e4kularer Organisationen (Korso) vor. Die Konferenzen der Landesverb\u00e4nde Nord und Nordrhein-Westfalen forderten den Austritt, w\u00e4hrend Berlin und Th\u00fcringen f\u00fcr einen Verbleib im Korso votierten. Die Forderung nach dem Austritt aus dem Koordinierungsrat wurde u.a. damit begr\u00fcndet, dass in Aussagen des Grundsatzprogramms nicht eindeutig die Forderung nach Trennung von Kirche und Staat deutlich wird, sondern diese auch als Streben nach Gleichbehandlung im Privileg interpretiert werden k\u00f6nnen. Kritisiert wurde auch, dass dem Koordinierungsrat \u00fcber den Dachverbandes freier Weltanschauungsgemeinschaften auch die Unitarier angeh\u00f6ren, bei denen es sich um eine v\u00f6lkische Religionsgemeinschaft handelt. Mit gro\u00dfer Mehrheit einigten sich die Delegierten auf die Empfehlung der Antragskommission, eine Diskussion im Verband zum Korso zuf\u00fchren und dann in Verbandsvorstand im Herbst 2010 \u00fcber die weitere Mitgliedschaft entscheiden zulassen.<\/p>\n<p>Quelle: <a href=\"http:\/\/www.redglobe.de\/index.php?option=com_content&amp;task=view&amp;id=3128&amp;Itemi\" target=\"_blank\" rel=\"noopener\">http:\/\/www.redglobe.de\/index.php?option=com_content&amp;task=view&amp;id=3128&amp;Itemi<\/a>\u00a0\u00a0 (<em>Anmerkung: Der Link funktioniert nicht mehr<\/em>)<\/p>\n<hr \/>\n<p>Foto: Der neue Vorstand v.l.n.r.: Klaus Hartmann (Vorsitzender), Monique Broquard (Redakteurin FREIDENKER und Kulturarbeit), Karin Mittelst\u00e4dt (Kassiererin), Harry Mei\u00dfner (weltliche Trauerkultur), Ralf Lux (Interessenvertretung konfessionsfreier Menschen), Angelika Scheer (Schriftf\u00fchrerin) und Eberhard Schinck (stellv. Vorsitzender)<br \/>\nFotografiert von Ulf Rassmann<\/p>\n","protected":false},"excerpt":{"rendered":"<p><strong>Presseberichte von jW und RedGlobe zum Verbandstag des Deutschen Freidenker-Verbandes am 22.\/23. Mai 2009<\/strong><br \/>\nAm Wochenende trafen sich die Delegierten der Landesverb\u00e4nde des Deutschen Freidenker-Verbandes zu ihrem alle drei Jahre stattfindenden Verbandstag in Berlin. Die Versammlung bekr\u00e4ftigte, da\u00df die Freidenker in der Aufkl\u00e4rung die Hauptaufgabe ihrer weltanschaulichen T\u00e4tigkeit sehen. Allerdings befassen sie sich dabei nicht mit der Existenz Gottes, sondern mit der aktuellen Wirtschaftskrise, der zunehmenden Militarisierung der internationalen Beziehungen und Sch\u00e4ubles Marsch in den \u00dcberwachungsstaat.<\/p>\n","protected":false},"author":3,"featured_media":4044,"comment_status":"closed","ping_status":"closed","sticky":false,"template":"","format":"standard","meta":{"colormag_page_container_layout":"default_layout","colormag_page_sidebar_layout":"default_layout","advanced_seo_description":"","jetpack_seo_html_title":"","jetpack_seo_noindex":false,"jetpack_post_was_ever_published":false,"footnotes":""},"categories":[20],"tags":[211,27,26,555,852,57,410],"class_list":["post-3239","post","type-post","status-publish","format-standard","has-post-thumbnail","hentry","category-zentrale-veranstaltungen","tag-aufklaerung","tag-deutscher-freidenker-verband","tag-freidenker","tag-irrationalismus","tag-korso","tag-kriegsgefahr","tag-verbandstag"],"jetpack_featured_media_url":"https:\/\/i0.wp.com\/www.freidenker.org\/fw17\/wp-content\/uploads\/2009\/05\/vt_2009_vorstand.jpg?fit=800%2C445&ssl=1","jetpack_shortlink":"https:\/\/wp.me\/p9stpK-Qf","jetpack-related-posts":[{"id":768,"url":"https:\/\/www.freidenker.org\/?p=768","url_meta":{"origin":3239,"position":0},"title":"FREIDENKER 4-12 EXTRA &#8211; Aufgaben der Aufkl\u00e4rung: &#8222;Die Richtigstellung der Begriffe&#8220;","author":"Webmaster","date":"16. Dezember 2012","format":false,"excerpt":"Die Ausgabe 4-12 des Verbandsorgans FREIDENKER beinhaltet aktuelle grundlegende Dokumente des Deutschen Freidenker-Verbandes: - Aufgaben der Aufkl\u00e4rung: \u201eDie Richtigstellung der Begriffe\u201c (beschlossen 2012) - Gegen Volksverdummung und die Zerst\u00f6rung der Vernunft \u2013 F\u00fcr Aufkl\u00e4rung! (beschlossen 2009) - Berliner Erkl\u00e4rung: \u201eWer sind die Freidenker und was wollen sie?\u201c (beschlossen 1994) -\u2026","rel":"","context":"In &quot;Verbandsorgan FREIDENKER&quot;","block_context":{"text":"Verbandsorgan FREIDENKER","link":"https:\/\/www.freidenker.org\/?cat=8"},"img":{"alt_text":"","src":"https:\/\/i0.wp.com\/www.freidenker.org\/fw17\/wp-content\/uploads\/2017\/12\/FD_2012-04_Titel_mR.jpg?fit=800%2C445&ssl=1&resize=350%2C200","width":350,"height":200,"srcset":"https:\/\/i0.wp.com\/www.freidenker.org\/fw17\/wp-content\/uploads\/2017\/12\/FD_2012-04_Titel_mR.jpg?fit=800%2C445&ssl=1&resize=350%2C200 1x, https:\/\/i0.wp.com\/www.freidenker.org\/fw17\/wp-content\/uploads\/2017\/12\/FD_2012-04_Titel_mR.jpg?fit=800%2C445&ssl=1&resize=525%2C300 1.5x, https:\/\/i0.wp.com\/www.freidenker.org\/fw17\/wp-content\/uploads\/2017\/12\/FD_2012-04_Titel_mR.jpg?fit=800%2C445&ssl=1&resize=700%2C400 2x"},"classes":[]},{"id":720,"url":"https:\/\/www.freidenker.org\/?p=720","url_meta":{"origin":3239,"position":1},"title":"FREIDENKER 3-09 Sonderheft &#8211; Gegen Volksverdummung und die Zerst\u00f6rung der Vernunft &#8211; F\u00fcr Aufkl\u00e4rung!","author":"Webmaster","date":"16. November 2009","format":false,"excerpt":"Das Sonderheft 3-09 des Verbandsorgans FREIDENKER beinhaltet aktuelle grundlegende Dokumente des Deutschen Freidenker-Verbandes: \u2013 Gegen Volksverdummung und die Zerst\u00f6rung der Vernunft \u2013 F\u00fcr Aufkl\u00e4rung! (beschlossen 2009) \u2013 Berliner Erkl\u00e4rung: \u201eWer sind die Freidenker und was wollen sie?\u201c (beschlossen 1994) \u2013 Satzung des Deutschen Freidenker-Verbandes (beschlossen 1991, zuletzt ge\u00e4ndert 2003)","rel":"","context":"In &quot;Verbandsorgan FREIDENKER&quot;","block_context":{"text":"Verbandsorgan FREIDENKER","link":"https:\/\/www.freidenker.org\/?cat=8"},"img":{"alt_text":"","src":"https:\/\/i0.wp.com\/www.freidenker.org\/fw17\/wp-content\/uploads\/2009\/11\/FD_2009-03_Titel_mR.jpg?fit=800%2C445&ssl=1&resize=350%2C200","width":350,"height":200,"srcset":"https:\/\/i0.wp.com\/www.freidenker.org\/fw17\/wp-content\/uploads\/2009\/11\/FD_2009-03_Titel_mR.jpg?fit=800%2C445&ssl=1&resize=350%2C200 1x, https:\/\/i0.wp.com\/www.freidenker.org\/fw17\/wp-content\/uploads\/2009\/11\/FD_2009-03_Titel_mR.jpg?fit=800%2C445&ssl=1&resize=525%2C300 1.5x, https:\/\/i0.wp.com\/www.freidenker.org\/fw17\/wp-content\/uploads\/2009\/11\/FD_2009-03_Titel_mR.jpg?fit=800%2C445&ssl=1&resize=700%2C400 2x"},"classes":[]},{"id":456,"url":"https:\/\/www.freidenker.org\/?p=456","url_meta":{"origin":3239,"position":2},"title":"Freidenker-Verbandstag 2016","author":"Webmaster","date":"6. Juni 2016","format":false,"excerpt":"\"Wie wollen wir leben? Solidarisch und selbstbestimmt \u2013 ohne Kapitalismus und ohne Kriege\" - Unter diesem Motto tagte am 4. und 5. Juni 2016 in Potsdam der alle vier Jahre stattfindende Verbandstag des Deutschen Freidenker-Verbandes. Mehr als 50 Delegierte aus allen Bundesl\u00e4ndern sowie einige Dutzend weitere Funktion\u00e4re und G\u00e4ste gestalteten\u2026","rel":"","context":"In &quot;Zentrale Veranstaltungen&quot;","block_context":{"text":"Zentrale Veranstaltungen","link":"https:\/\/www.freidenker.org\/?cat=20"},"img":{"alt_text":"","src":"https:\/\/i0.wp.com\/www.freidenker.org\/fw17\/wp-content\/uploads\/2016\/08\/Verbandstag-2016.jpg?fit=800%2C445&ssl=1&resize=350%2C200","width":350,"height":200,"srcset":"https:\/\/i0.wp.com\/www.freidenker.org\/fw17\/wp-content\/uploads\/2016\/08\/Verbandstag-2016.jpg?fit=800%2C445&ssl=1&resize=350%2C200 1x, https:\/\/i0.wp.com\/www.freidenker.org\/fw17\/wp-content\/uploads\/2016\/08\/Verbandstag-2016.jpg?fit=800%2C445&ssl=1&resize=525%2C300 1.5x, https:\/\/i0.wp.com\/www.freidenker.org\/fw17\/wp-content\/uploads\/2016\/08\/Verbandstag-2016.jpg?fit=800%2C445&ssl=1&resize=700%2C400 2x"},"classes":[]},{"id":452,"url":"https:\/\/www.freidenker.org\/?p=452","url_meta":{"origin":3239,"position":3},"title":"Freidenker-Verbandstag 2012 in N\u00fcrnberg","author":"Webmaster","date":"4. Juni 2012","format":false,"excerpt":"Am 2. und 3. Juni 2012 kamen die Delegierten der Landesverb\u00e4nde des Deutschen Freidenker-Verbandes (DFV) zu ihrem Verbandstag in N\u00fcrnberg zusammen, dem h\u00f6chsten Gremium der sich als Weltanschauungsgemeinschaft, Interessenvertretung konfessionsfreier Menschen und Kulturorganisation verstehenden Organisation. Der Kongress betonte die Notwendigkeit, der herrschenden Politik zur Zerst\u00f6rung von Humanit\u00e4t und Vernunft mit\u2026","rel":"","context":"In &quot;Positionen&quot;","block_context":{"text":"Positionen","link":"https:\/\/www.freidenker.org\/?cat=210"},"img":{"alt_text":"","src":"https:\/\/i0.wp.com\/www.freidenker.org\/fw17\/wp-content\/uploads\/2016\/08\/Verbandstag_2012.jpg?fit=800%2C445&ssl=1&resize=350%2C200","width":350,"height":200,"srcset":"https:\/\/i0.wp.com\/www.freidenker.org\/fw17\/wp-content\/uploads\/2016\/08\/Verbandstag_2012.jpg?fit=800%2C445&ssl=1&resize=350%2C200 1x, https:\/\/i0.wp.com\/www.freidenker.org\/fw17\/wp-content\/uploads\/2016\/08\/Verbandstag_2012.jpg?fit=800%2C445&ssl=1&resize=525%2C300 1.5x, https:\/\/i0.wp.com\/www.freidenker.org\/fw17\/wp-content\/uploads\/2016\/08\/Verbandstag_2012.jpg?fit=800%2C445&ssl=1&resize=700%2C400 2x"},"classes":[]},{"id":6231,"url":"https:\/\/www.freidenker.org\/?p=6231","url_meta":{"origin":3239,"position":4},"title":"Wir trauern um Horst Schild","author":"Webredaktion","date":"16. April 2019","format":false,"excerpt":"Wir trauern um Dr. phil. habil. Horst Schild (7. Dezember 1940 \u2013 7. April 2019) Horst war Gr\u00fcndungsmitglied des Verbandes der Freidenker der DDR und gestaltete die beim Verbandstag 1991 in Braunschweig vollzogene Vereinigung zu einem gemeinsamen Deutschen Freidenker-Verband aktiv mit. Seitdem war er ununterbrochen f\u00fcr die Freidenker in Dresden\u2026","rel":"","context":"In &quot;Weltliche Trauerkultur&quot;","block_context":{"text":"Weltliche Trauerkultur","link":"https:\/\/www.freidenker.org\/?cat=17"},"img":{"alt_text":"","src":"https:\/\/i0.wp.com\/www.freidenker.org\/fw17\/wp-content\/uploads\/2019\/04\/horst_schild_nachruf_800x445.jpg?fit=800%2C445&ssl=1&resize=350%2C200","width":350,"height":200,"srcset":"https:\/\/i0.wp.com\/www.freidenker.org\/fw17\/wp-content\/uploads\/2019\/04\/horst_schild_nachruf_800x445.jpg?fit=800%2C445&ssl=1&resize=350%2C200 1x, https:\/\/i0.wp.com\/www.freidenker.org\/fw17\/wp-content\/uploads\/2019\/04\/horst_schild_nachruf_800x445.jpg?fit=800%2C445&ssl=1&resize=525%2C300 1.5x, https:\/\/i0.wp.com\/www.freidenker.org\/fw17\/wp-content\/uploads\/2019\/04\/horst_schild_nachruf_800x445.jpg?fit=800%2C445&ssl=1&resize=700%2C400 2x"},"classes":[]},{"id":3241,"url":"https:\/\/www.freidenker.org\/?p=3241","url_meta":{"origin":3239,"position":5},"title":"Erkl\u00e4rung des Verbandtages 2009","author":"Webredaktion","date":"26. Mai 2009","format":false,"excerpt":"Bericht der jungen Welt \u00fcber den Verbandstag 2009 des DFV Am Wochenende tagte in Berlin der Verbandstag des Deutschen Freidenkerverbandes. Er beschlo\u00df am Freitag folgende Erkl\u00e4rung: \"Wir betrachten Aufkl\u00e4rung als die Hauptaufgabe unserer weltanschaulichen T\u00e4tigkeit. Unsere programmatische Erkl\u00e4rung von 1994 formulierte die angesichts der Wirtschaftskrise h\u00f6chst aktuelle Aussage: \u00bbFreidenkerinnen und\u2026","rel":"","context":"In &quot;Positionen&quot;","block_context":{"text":"Positionen","link":"https:\/\/www.freidenker.org\/?cat=210"},"img":{"alt_text":"","src":"https:\/\/i0.wp.com\/www.freidenker.org\/fw17\/wp-content\/uploads\/2009\/05\/vt_2009_delegierte.jpg?fit=800%2C445&ssl=1&resize=350%2C200","width":350,"height":200,"srcset":"https:\/\/i0.wp.com\/www.freidenker.org\/fw17\/wp-content\/uploads\/2009\/05\/vt_2009_delegierte.jpg?fit=800%2C445&ssl=1&resize=350%2C200 1x, https:\/\/i0.wp.com\/www.freidenker.org\/fw17\/wp-content\/uploads\/2009\/05\/vt_2009_delegierte.jpg?fit=800%2C445&ssl=1&resize=525%2C300 1.5x, https:\/\/i0.wp.com\/www.freidenker.org\/fw17\/wp-content\/uploads\/2009\/05\/vt_2009_delegierte.jpg?fit=800%2C445&ssl=1&resize=700%2C400 2x"},"classes":[]}],"_links":{"self":[{"href":"https:\/\/www.freidenker.org\/index.php?rest_route=\/wp\/v2\/posts\/3239","targetHints":{"allow":["GET"]}}],"collection":[{"href":"https:\/\/www.freidenker.org\/index.php?rest_route=\/wp\/v2\/posts"}],"about":[{"href":"https:\/\/www.freidenker.org\/index.php?rest_route=\/wp\/v2\/types\/post"}],"author":[{"embeddable":true,"href":"https:\/\/www.freidenker.org\/index.php?rest_route=\/wp\/v2\/users\/3"}],"replies":[{"embeddable":true,"href":"https:\/\/www.freidenker.org\/index.php?rest_route=%2Fwp%2Fv2%2Fcomments&post=3239"}],"version-history":[{"count":0,"href":"https:\/\/www.freidenker.org\/index.php?rest_route=\/wp\/v2\/posts\/3239\/revisions"}],"wp:featuredmedia":[{"embeddable":true,"href":"https:\/\/www.freidenker.org\/index.php?rest_route=\/wp\/v2\/media\/4044"}],"wp:attachment":[{"href":"https:\/\/www.freidenker.org\/index.php?rest_route=%2Fwp%2Fv2%2Fmedia&parent=3239"}],"wp:term":[{"taxonomy":"category","embeddable":true,"href":"https:\/\/www.freidenker.org\/index.php?rest_route=%2Fwp%2Fv2%2Fcategories&post=3239"},{"taxonomy":"post_tag","embeddable":true,"href":"https:\/\/www.freidenker.org\/index.php?rest_route=%2Fwp%2Fv2%2Ftags&post=3239"}],"curies":[{"name":"wp","href":"https:\/\/api.w.org\/{rel}","templated":true}]}}