{"id":3237,"date":"2009-05-27T03:46:03","date_gmt":"2009-05-27T01:46:03","guid":{"rendered":"http:\/\/www.freidenker.org\/?p=3237"},"modified":"2018-02-14T21:53:55","modified_gmt":"2018-02-14T20:53:55","slug":"rechenschaftsbericht-von-klaus-hartmann-auf-dem-dfv-verbandstag-2009","status":"publish","type":"post","link":"https:\/\/www.freidenker.org\/?p=3237","title":{"rendered":"Rechenschaftsbericht von Klaus Hartmann auf dem DFV Verbandstag 2009"},"content":{"rendered":"<h5>Videoaufzeichnung des Rechenschaftsberichtes von Klaus Hartmann an den Verbandstag am 22. und 23. Mai 2009 in Berlin<\/h5>\n<div class=\"jetpack-video-wrapper\"><span class=\"embed-youtube\" style=\"text-align:center; display: block;\"><iframe loading=\"lazy\" class=\"youtube-player\" width=\"800\" height=\"450\" src=\"https:\/\/www.youtube.com\/embed\/fVohqG9PK6w?version=3&#038;rel=1&#038;showsearch=0&#038;showinfo=1&#038;iv_load_policy=1&#038;fs=1&#038;hl=de-DE&#038;autohide=2&#038;wmode=transparent\" allowfullscreen=\"true\" style=\"border:0;\" sandbox=\"allow-scripts allow-same-origin allow-popups allow-presentation allow-popups-to-escape-sandbox\"><\/iframe><\/span><\/div>\n<div class=\"jetpack-video-wrapper\"><span class=\"embed-youtube\" style=\"text-align:center; display: block;\"><iframe loading=\"lazy\" class=\"youtube-player\" width=\"800\" height=\"450\" src=\"https:\/\/www.youtube.com\/embed\/0rKKxuKr0yY?version=3&#038;rel=1&#038;showsearch=0&#038;showinfo=1&#038;iv_load_policy=1&#038;fs=1&#038;hl=de-DE&#038;autohide=2&#038;wmode=transparent\" allowfullscreen=\"true\" style=\"border:0;\" sandbox=\"allow-scripts allow-same-origin allow-popups allow-presentation allow-popups-to-escape-sandbox\"><\/iframe><\/span><\/div>\n<div class=\"jetpack-video-wrapper\"><span class=\"embed-youtube\" style=\"text-align:center; display: block;\"><iframe loading=\"lazy\" class=\"youtube-player\" width=\"800\" height=\"450\" src=\"https:\/\/www.youtube.com\/embed\/7BPz8rbDfDI?version=3&#038;rel=1&#038;showsearch=0&#038;showinfo=1&#038;iv_load_policy=1&#038;fs=1&#038;hl=de-DE&#038;autohide=2&#038;wmode=transparent\" allowfullscreen=\"true\" style=\"border:0;\" sandbox=\"allow-scripts allow-same-origin allow-popups allow-presentation allow-popups-to-escape-sandbox\"><\/iframe><\/span><\/div>\n<div class=\"jetpack-video-wrapper\"><span class=\"embed-youtube\" style=\"text-align:center; display: block;\"><iframe loading=\"lazy\" class=\"youtube-player\" width=\"800\" height=\"450\" src=\"https:\/\/www.youtube.com\/embed\/3r_4icgOmic?version=3&#038;rel=1&#038;showsearch=0&#038;showinfo=1&#038;iv_load_policy=1&#038;fs=1&#038;hl=de-DE&#038;autohide=2&#038;wmode=transparent\" allowfullscreen=\"true\" style=\"border:0;\" sandbox=\"allow-scripts allow-same-origin allow-popups allow-presentation allow-popups-to-escape-sandbox\"><\/iframe><\/span><\/div>\n<div class=\"jetpack-video-wrapper\"><span class=\"embed-youtube\" style=\"text-align:center; display: block;\"><iframe loading=\"lazy\" class=\"youtube-player\" width=\"800\" height=\"450\" src=\"https:\/\/www.youtube.com\/embed\/A-ibKPmfB00?version=3&#038;rel=1&#038;showsearch=0&#038;showinfo=1&#038;iv_load_policy=1&#038;fs=1&#038;hl=de-DE&#038;autohide=2&#038;wmode=transparent\" allowfullscreen=\"true\" style=\"border:0;\" sandbox=\"allow-scripts allow-same-origin allow-popups allow-presentation allow-popups-to-escape-sandbox\"><\/iframe><\/span><\/div>\n<h5>Auszug aus dem Rechenschaftbericht<\/h5>\n<p>Unserem Verband wird von manchem vorgehalten, dass wir uns nicht ausschlie\u00dflich mit Kirche und Religion befassen, nein, dass wir den Irrationalismus im gesellschaftpolitischen Bereich sogar zum Hauptschwerpunkt unserer weltanschaulichen Auseinandersetzung machen. Diese Auseinanndersetzung ist so alt wie das organisierte Freidenkertum.<\/p>\n<p>Obwohl diese Feststellungen in der Diskussion des Verbandstages 2006 nicht bestritten, sondern im Gegenteil vielf\u00e4ltig unterst\u00fctzt wurden, taten sich im Laufe des letzten Jahres merkw\u00fcrdige Widerspr\u00fcche auf. Sie drehten sich um die Frage: Was sind die &#8218;eigentlichen&#8216; Freidenker-Aufgaben? Gemeint ist: die w\u00fcrden nicht wahrgenommen oder vernachl\u00e4ssigt. Da hei\u00dft es dann: &#8218;anstatt sich \u00fcberwiegend mit allgemeinpolitischen Themen zu besch\u00e4ftigen, sollten wir uns schwerpunktm\u00e4\u00dfig mit unseren ureigenen weltanschaulichen, religions- und kirchenkritischen Themen befassen&#8216;. Man h\u00f6rt Aussagen wie: &#8218;Der DFV hat kein allgemeinpolitisches Mandat&#8216; oder &#8218;Der Freidenker-Verband ist keine antiimperialistische Liga.<\/p>\n<p>Der Verbandsvorstand steht dagegen auf dem Standpunkt, dass wir den Irrationalismus insgesamt, in religi\u00f6ser wie weltlicher Gestalt ins Visier nehmen m\u00fcssen. Das hei\u00dft: Der Kapitalismus, der Imperialismus ist in un\u00fcbertrefflichem Ma\u00dfe unvern\u00fcnftig, ja er ist mehr als das: lebensgef\u00e4hrlich. Dieser Gefahr, von den Kriegen \u00fcber Armut, Elend und Ausgrenzung bis zur Umweltzerst\u00f6rung, sie ist real, und ihre Bek\u00e4mpfung hat Priorit\u00e4t. Und diesen Fragen stellen wir uns tats\u00e4chlich &#8211; vom Standpunkt unserer Weltanschauung!<\/p>\n<hr \/>\n<p>Foto: Videoscreenshot von Freidenker123<\/p>\n","protected":false},"excerpt":{"rendered":"<p><strong>Videoaufzeichnung des Rechenschaftberichtes von Klaus Hartmann an den Verbandstag 2009 in Berlin<\/strong><br \/>\nAuszug: &#8222;Unserem Verband wird von manchem vorgehalten, dass wir uns nicht ausschlie\u00dflich mit Kirche und Religion befassen &#8230; Der Verbandsvorstand steht dagegen auf dem Standpunkt, dass wir den Irrationalismus insgesamt, in religi\u00f6ser wie weltlicher Gestalt ins Visier nehmen m\u00fcssen. Das hei\u00dft: Der Kapitalismus, der Imperialismus ist in un\u00fcbertrefflichem Ma\u00dfe unvern\u00fcnftig, ja er ist mehr als das: lebensgef\u00e4hrlich. Dieser Gefahr, von den Kriegen \u00fcber Armut, Elend und Ausgrenzung bis zur Umweltzerst\u00f6rung, sie ist real, und ihre Bek\u00e4mpfung hat Priorit\u00e4t. Und diesen Fragen stellen wir uns tats\u00e4chlich &#8211; vom Standpunkt unserer Weltanschauung!&#8220;<\/p>\n","protected":false},"author":3,"featured_media":4042,"comment_status":"closed","ping_status":"closed","sticky":false,"template":"","format":"standard","meta":{"colormag_page_container_layout":"default_layout","colormag_page_sidebar_layout":"default_layout","advanced_seo_description":"","jetpack_seo_html_title":"","jetpack_seo_noindex":false,"jetpack_post_was_ever_published":false,"footnotes":""},"categories":[210,20],"tags":[555,691,54,61,410],"class_list":["post-3237","post","type-post","status-publish","format-standard","has-post-thumbnail","hentry","category-positionen","category-zentrale-veranstaltungen","tag-irrationalismus","tag-kapitalismuskritik","tag-kirche","tag-klaus-hartmann","tag-verbandstag"],"jetpack_featured_media_url":"https:\/\/i0.wp.com\/www.freidenker.org\/fw17\/wp-content\/uploads\/2009\/05\/Hartmann_vt_2009.jpg?fit=800%2C445&ssl=1","jetpack_shortlink":"https:\/\/wp.me\/p9stpK-Qd","jetpack-related-posts":[{"id":18001,"url":"https:\/\/www.freidenker.org\/?p=18001","url_meta":{"origin":3237,"position":0},"title":"Video: Klaus Hartmann bei MOATS","author":"Webredaktion","date":"24. Januar 2024","format":false,"excerpt":"Video-Interview von Dr. Diether Dehm mit Klaus Hartmann In seiner Sendung \"MOATS (Mother of all Talkshows)\", der deutschen Variante des vom britischen linken ehemaligen Parlamentarier George Galloway entwickelten w\u00f6chentlichen Podcasts, pr\u00e4sentiert Diether Dehm G\u00e4ste, die zu aktuellen Fragen unangepasste Meinungen \u00e4u\u00dfern. Zum zweiten Mal sa\u00df Klaus Hartmann vor der Kamera\u2026","rel":"","context":"In &quot;Demokratie \u2013 Medien \u2013 Aufkl\u00e4rung&quot;","block_context":{"text":"Demokratie \u2013 Medien \u2013 Aufkl\u00e4rung","link":"https:\/\/www.freidenker.org\/?cat=12"},"img":{"alt_text":"","src":"https:\/\/i0.wp.com\/www.freidenker.org\/fw17\/wp-content\/uploads\/2024\/01\/dehm_hartmann_moats_2024-01_b2_800x450.jpg?fit=800%2C450&ssl=1&resize=350%2C200","width":350,"height":200,"srcset":"https:\/\/i0.wp.com\/www.freidenker.org\/fw17\/wp-content\/uploads\/2024\/01\/dehm_hartmann_moats_2024-01_b2_800x450.jpg?fit=800%2C450&ssl=1&resize=350%2C200 1x, https:\/\/i0.wp.com\/www.freidenker.org\/fw17\/wp-content\/uploads\/2024\/01\/dehm_hartmann_moats_2024-01_b2_800x450.jpg?fit=800%2C450&ssl=1&resize=525%2C300 1.5x, https:\/\/i0.wp.com\/www.freidenker.org\/fw17\/wp-content\/uploads\/2024\/01\/dehm_hartmann_moats_2024-01_b2_800x450.jpg?fit=800%2C450&ssl=1&resize=700%2C400 2x"},"classes":[]},{"id":3239,"url":"https:\/\/www.freidenker.org\/?p=3239","url_meta":{"origin":3237,"position":1},"title":"Aufkl\u00e4rung gegen Krise und Volksverdummung","author":"Webredaktion","date":"26. Mai 2009","format":false,"excerpt":"Presseberichte von jW und RedGlobe zum Verbandstag des Deutschen Freidenker-Verbandes am 22.\/23. Mai 2009 Am Wochenende trafen sich die Delegierten der Landesverb\u00e4nde des Deutschen Freidenker-Verbandes zu ihrem alle drei Jahre stattfindenden Verbandstag in Berlin. Die Versammlung bekr\u00e4ftigte, da\u00df die Freidenker in der Aufkl\u00e4rung die Hauptaufgabe ihrer weltanschaulichen T\u00e4tigkeit sehen. Allerdings\u2026","rel":"","context":"In &quot;Zentrale Veranstaltungen&quot;","block_context":{"text":"Zentrale Veranstaltungen","link":"https:\/\/www.freidenker.org\/?cat=20"},"img":{"alt_text":"","src":"https:\/\/i0.wp.com\/www.freidenker.org\/fw17\/wp-content\/uploads\/2009\/05\/vt_2009_vorstand.jpg?fit=800%2C445&ssl=1&resize=350%2C200","width":350,"height":200,"srcset":"https:\/\/i0.wp.com\/www.freidenker.org\/fw17\/wp-content\/uploads\/2009\/05\/vt_2009_vorstand.jpg?fit=800%2C445&ssl=1&resize=350%2C200 1x, https:\/\/i0.wp.com\/www.freidenker.org\/fw17\/wp-content\/uploads\/2009\/05\/vt_2009_vorstand.jpg?fit=800%2C445&ssl=1&resize=525%2C300 1.5x, https:\/\/i0.wp.com\/www.freidenker.org\/fw17\/wp-content\/uploads\/2009\/05\/vt_2009_vorstand.jpg?fit=800%2C445&ssl=1&resize=700%2C400 2x"},"classes":[]},{"id":1146,"url":"https:\/\/www.freidenker.org\/?p=1146","url_meta":{"origin":3237,"position":2},"title":"Freidenker-Brief 3-2016: Freidenker-Verbandstag und KenFM-Interview mit Klaus Hartmann","author":"Webredaktion","date":"7. Juni 2016","format":false,"excerpt":"Der \"Freidenker-Brief\" gibt zun\u00e4chst die Presseerkl\u00e4rung zum Freidenker-Verbandstag wieder, und verweist auf ein Telefon-Interview von KenFM mit Klaus Hartmann, in dem der DFV-Bundesvorsitzende erl\u00e4utert, wer die Freidenker sind, woher sie kommen, wof\u00fcr die stehen, und wie sie in der Friedenbewegung aktiv sind. Klaus Hartmann vertritt darin die Auffassung, dass die\u2026","rel":"","context":"In &quot;Freidenker-Brief&quot;","block_context":{"text":"Freidenker-Brief","link":"https:\/\/www.freidenker.org\/?cat=341"},"img":{"alt_text":"","src":"https:\/\/i0.wp.com\/www.freidenker.org\/fw17\/wp-content\/uploads\/2016\/06\/news-1713669_800x445.jpg?fit=800%2C445&ssl=1&resize=350%2C200","width":350,"height":200,"srcset":"https:\/\/i0.wp.com\/www.freidenker.org\/fw17\/wp-content\/uploads\/2016\/06\/news-1713669_800x445.jpg?fit=800%2C445&ssl=1&resize=350%2C200 1x, https:\/\/i0.wp.com\/www.freidenker.org\/fw17\/wp-content\/uploads\/2016\/06\/news-1713669_800x445.jpg?fit=800%2C445&ssl=1&resize=525%2C300 1.5x, https:\/\/i0.wp.com\/www.freidenker.org\/fw17\/wp-content\/uploads\/2016\/06\/news-1713669_800x445.jpg?fit=800%2C445&ssl=1&resize=700%2C400 2x"},"classes":[]},{"id":716,"url":"https:\/\/www.freidenker.org\/?p=716","url_meta":{"origin":3237,"position":3},"title":"FREIDENKER 2-09 &#8211; Aufkl\u00e4rung &#8211; Aktuelle Aufgaben &#8211; Verbandstag 2009","author":"Webmaster","date":"2. Juli 2009","format":false,"excerpt":"Die Ausgabe 2-09 des Verbandsorgans FREIDENKER hat das Schwerpunkt-Thema \u201eAufkl\u00e4rung - Aktuelle Aufgaben - Verbandstag 2009\u201c und enth\u00e4lt u.a folgende Beitr\u00e4ge: - Horst Schild: Le si\u00e8cle de lumi\u00e8res \u2013 das Zeitalter der Lichter - Wolf-Dieter Gudopp-von Behm: Anst\u00f6\u00dfe zum Thema \u201eAufkl\u00e4rung\u201c - Lorenz Knorr: Ex-Bundespr\u00e4sident Herzogs Beihilfe zur Geschichtsf\u00e4lschung -\u2026","rel":"","context":"In &quot;Verbandsorgan FREIDENKER&quot;","block_context":{"text":"Verbandsorgan FREIDENKER","link":"https:\/\/www.freidenker.org\/?cat=8"},"img":{"alt_text":"","src":"https:\/\/i0.wp.com\/www.freidenker.org\/fw17\/wp-content\/uploads\/2017\/12\/FD_2009-02_Titel_mR.jpg?fit=800%2C445&ssl=1&resize=350%2C200","width":350,"height":200,"srcset":"https:\/\/i0.wp.com\/www.freidenker.org\/fw17\/wp-content\/uploads\/2017\/12\/FD_2009-02_Titel_mR.jpg?fit=800%2C445&ssl=1&resize=350%2C200 1x, https:\/\/i0.wp.com\/www.freidenker.org\/fw17\/wp-content\/uploads\/2017\/12\/FD_2009-02_Titel_mR.jpg?fit=800%2C445&ssl=1&resize=525%2C300 1.5x, https:\/\/i0.wp.com\/www.freidenker.org\/fw17\/wp-content\/uploads\/2017\/12\/FD_2009-02_Titel_mR.jpg?fit=800%2C445&ssl=1&resize=700%2C400 2x"},"classes":[]},{"id":18866,"url":"https:\/\/www.freidenker.org\/?p=18866","url_meta":{"origin":3237,"position":4},"title":"Videos und Galerie: Konferenz Deindustrialisierung","author":"Webredaktion","date":"25. April 2024","format":false,"excerpt":"Am 20.04.2024 fand in Retgendorf bei Schwerin die Konferenz Deindustrialisierung des Deutschen Freidenker-Verbandes statt. Bruno Jeup vom Landesverband Berlin hat die Veranstaltung im Video dokumentiert. Wir ver\u00f6ffentlichen hier die Videos der vier Referate von Klaus Hartmann (\"\"Die Ideologie der Produktivkraftvernichtung\"), Dr. Manfred Sohn (\"Der Abstieg von 'Made in Germany'\"), Dr.\u2026","rel":"","context":"In &quot;Demokratie \u2013 Medien \u2013 Aufkl\u00e4rung&quot;","block_context":{"text":"Demokratie \u2013 Medien \u2013 Aufkl\u00e4rung","link":"https:\/\/www.freidenker.org\/?cat=12"},"img":{"alt_text":"","src":"https:\/\/i0.wp.com\/www.freidenker.org\/fw17\/wp-content\/uploads\/2024\/04\/Retgendorf_Totale_20240420_142853.jpg?fit=800%2C450&ssl=1&resize=350%2C200","width":350,"height":200,"srcset":"https:\/\/i0.wp.com\/www.freidenker.org\/fw17\/wp-content\/uploads\/2024\/04\/Retgendorf_Totale_20240420_142853.jpg?fit=800%2C450&ssl=1&resize=350%2C200 1x, https:\/\/i0.wp.com\/www.freidenker.org\/fw17\/wp-content\/uploads\/2024\/04\/Retgendorf_Totale_20240420_142853.jpg?fit=800%2C450&ssl=1&resize=525%2C300 1.5x, https:\/\/i0.wp.com\/www.freidenker.org\/fw17\/wp-content\/uploads\/2024\/04\/Retgendorf_Totale_20240420_142853.jpg?fit=800%2C450&ssl=1&resize=700%2C400 2x"},"classes":[]},{"id":5273,"url":"https:\/\/www.freidenker.org\/?p=5273","url_meta":{"origin":3237,"position":5},"title":"Ramstein 2018: Die &#8222;neue Ostfront&#8220;","author":"Webredaktion","date":"4. Juli 2018","format":false,"excerpt":"Warum brauchen wir \"kriegsverwendungsf\u00e4hige Stra\u00dfen\"? Rede von Klaus Hartmann auf der Auftaktkundgebung zur Demonstration \"Stopp Air Base Ramstein 2018\" in Landstuhl am 30. Juni 2018 Es ist Aktiven wie dem Freidenker-Vorsitzenden Klaus Hartmann hoch anzurechnen, dass sie nicht davon ablassen, darauf aufmerksam zu machen, dass mit der K\u00fcndigung des Truppenstationierungsvertrages\u2026","rel":"","context":"In &quot;Frieden - Antifaschismus - Solidarit\u00e4t&quot;","block_context":{"text":"Frieden - Antifaschismus - Solidarit\u00e4t","link":"https:\/\/www.freidenker.org\/?cat=13"},"img":{"alt_text":"","src":"https:\/\/i0.wp.com\/www.freidenker.org\/fw17\/wp-content\/uploads\/2018\/07\/ramstein2018_hartmann_800x445.jpg?fit=800%2C445&ssl=1&resize=350%2C200","width":350,"height":200,"srcset":"https:\/\/i0.wp.com\/www.freidenker.org\/fw17\/wp-content\/uploads\/2018\/07\/ramstein2018_hartmann_800x445.jpg?fit=800%2C445&ssl=1&resize=350%2C200 1x, https:\/\/i0.wp.com\/www.freidenker.org\/fw17\/wp-content\/uploads\/2018\/07\/ramstein2018_hartmann_800x445.jpg?fit=800%2C445&ssl=1&resize=525%2C300 1.5x, https:\/\/i0.wp.com\/www.freidenker.org\/fw17\/wp-content\/uploads\/2018\/07\/ramstein2018_hartmann_800x445.jpg?fit=800%2C445&ssl=1&resize=700%2C400 2x"},"classes":[]}],"_links":{"self":[{"href":"https:\/\/www.freidenker.org\/index.php?rest_route=\/wp\/v2\/posts\/3237","targetHints":{"allow":["GET"]}}],"collection":[{"href":"https:\/\/www.freidenker.org\/index.php?rest_route=\/wp\/v2\/posts"}],"about":[{"href":"https:\/\/www.freidenker.org\/index.php?rest_route=\/wp\/v2\/types\/post"}],"author":[{"embeddable":true,"href":"https:\/\/www.freidenker.org\/index.php?rest_route=\/wp\/v2\/users\/3"}],"replies":[{"embeddable":true,"href":"https:\/\/www.freidenker.org\/index.php?rest_route=%2Fwp%2Fv2%2Fcomments&post=3237"}],"version-history":[{"count":0,"href":"https:\/\/www.freidenker.org\/index.php?rest_route=\/wp\/v2\/posts\/3237\/revisions"}],"wp:featuredmedia":[{"embeddable":true,"href":"https:\/\/www.freidenker.org\/index.php?rest_route=\/wp\/v2\/media\/4042"}],"wp:attachment":[{"href":"https:\/\/www.freidenker.org\/index.php?rest_route=%2Fwp%2Fv2%2Fmedia&parent=3237"}],"wp:term":[{"taxonomy":"category","embeddable":true,"href":"https:\/\/www.freidenker.org\/index.php?rest_route=%2Fwp%2Fv2%2Fcategories&post=3237"},{"taxonomy":"post_tag","embeddable":true,"href":"https:\/\/www.freidenker.org\/index.php?rest_route=%2Fwp%2Fv2%2Ftags&post=3237"}],"curies":[{"name":"wp","href":"https:\/\/api.w.org\/{rel}","templated":true}]}}