{"id":3235,"date":"2009-06-17T03:43:58","date_gmt":"2009-06-17T01:43:58","guid":{"rendered":"http:\/\/www.freidenker.org\/?p=3235"},"modified":"2018-02-18T14:41:06","modified_gmt":"2018-02-18T13:41:06","slug":"solidaritaetsadresse-zum-bildungsstreik","status":"publish","type":"post","link":"https:\/\/www.freidenker.org\/?p=3235","title":{"rendered":"Solidarit\u00e4tsadresse zum Bildungsstreik"},"content":{"rendered":"<p>Der Vorsitzende unseres Verbandes, Klaus Hartmann, richtet die folgende Solidarit\u00e4tsadresse an die Sch\u00fclerinnen, Sch\u00fcler und Studierenden, ihre Interessenvertretungen sowie alle Aktiven beim Bildungsstreik 2009:<\/p>\n<p>Liebe Freundinnen und Freunde,<\/p>\n<p>der Deutsche Freidenker-Verband erkl\u00e4rt sich solidarisch mit Euren Aktionen im Rahmen des Bildungsstreiks 2009.<br \/>\nDie Brechung des Bildungsprivilegs ist eine zentrale Forderung der Freidenker seit ihrer Organisierung im 19. Jahrhundert. In unserer programmatischen \u201eBerliner Erkl\u00e4rung\u201c formulieren wir:<br \/>\n\u201eDer Deutsche Freidenkerverband tritt f\u00fcr ein ganzheitliches System von Bildung und Erziehung ein, das die maximale F\u00f6rderung von Neigungen und F\u00e4higkeiten erm\u00f6glicht und gleiche Bildungschancen f\u00fcr alle bietet. Dies erfordert eine breite Grundbildung und die Durchl\u00e4ssigkeit der Bildungsg\u00e4nge, die Vermeidung von Bildungsprivilegien und sozialer Auslese.\u201c<br \/>\nIm Oktober 2008 veranstalteten wir in Erfurt die Konferenz \u201eBildung ist Menschenrecht\u201c, wo wir die Forderung nach freiem Zugang und Kostenfreiheit f\u00fcr alle Bildungsg\u00e4nge bekr\u00e4ftig-ten. Wir schlugen die st\u00e4rkere Zusammenarbeit und Vernetzung aller im Bildungsbereich Aktiven in einer \u201eInitiative Volksbildung\u201c vor, um dauerhaften Widerstand gegen die Politiker zu organisieren, die das Bildungsprivileg der Besserverdienenden verteidigen, und die das ganze Bildungssystem statt auf ein selbstbestimmtes Leben auf Kapitalverwertung abrichten.<br \/>\nSie wollen den Bildungssektor der staatlichen Verantwortung und gesellschaftlichen Ein-flussnahme entziehen und stattdessen in Gesch\u00e4ftsfelder f\u00fcr Konzerne verwandeln.<br \/>\nDem krakenhafte Wirken der Medienkonzerne und Bewusstseinsindustrie, allen voran des Bertelsmann-Konzerns, die sich den Bildungsbereich untertan machen wollen, muss entschieden Widerstand entgegengesetzt werden: Konzerne, Bundeswehr und Kirche \u2013 raus aus den Schulen und Universit\u00e4ten! Und aktuell: Solidarit\u00e4t mit den Streikenden der Gewerkschaft ver.di in den Erziehungs- und Sozialberufen!<br \/>\nIn diesem Sinne w\u00fcnschen wir Euch viel Erfolg sowie Mut und einem langen Atem zum Weiterk\u00e4mpfen!<\/p>\n<p>Mit solidarischen Gr\u00fc\u00dfen<br \/>\nKlaus Hartmann<br \/>\nBundesvorsitzender<\/p>\n<hr \/>\n<p>Foto: Bundesweiter Bildungsstreik am 17.06.2009 in K\u00f6ln \/ \u00a9 by arbeiterfotografie.com<\/p>\n","protected":false},"excerpt":{"rendered":"<p><strong>Gru\u00dfadresse von Klaus Hartmann an die Aktiven beim Bildungsstreik 2009<\/strong><br \/>\nDer Deutsche Freidenker-Verband erkl\u00e4rt sich solidarisch mit Euren Aktionen im Rahmen des Bildungsstreiks 2009. Die Brechung des Bildungsprivilegs ist eine zentrale Forderung der Freidenker seit ihrer Organisierung im 19. Jahrhundert. In unserer programmatischen \u201eBerliner Erkl\u00e4rung\u201c formulieren wir: \u201eDer Deutsche Freidenkerverband tritt f\u00fcr ein ganzheitliches System von Bildung und Erziehung ein, das die maximale F\u00f6rderung von Neigungen und F\u00e4higkeiten erm\u00f6glicht und gleiche Bildungschancen f\u00fcr alle bietet. Dies erfordert eine breite Grundbildung und die Durchl\u00e4ssigkeit der Bildungsg\u00e4nge, die Vermeidung von Bildungsprivilegien und sozialer Auslese.\u201c<\/p>\n","protected":false},"author":3,"featured_media":4040,"comment_status":"closed","ping_status":"closed","sticky":false,"template":"","format":"standard","meta":{"colormag_page_container_layout":"default_layout","colormag_page_sidebar_layout":"default_layout","advanced_seo_description":"","jetpack_seo_html_title":"","jetpack_seo_noindex":false,"jetpack_post_was_ever_published":false,"footnotes":""},"categories":[11,210],"tags":[567,568,848],"class_list":["post-3235","post","type-post","status-publish","format-standard","has-post-thumbnail","hentry","category-arbeit-soziales","category-positionen","tag-bildung","tag-bildungschancen","tag-streik"],"jetpack_featured_media_url":"https:\/\/i0.wp.com\/www.freidenker.org\/fw17\/wp-content\/uploads\/2009\/06\/2009-06-17-2-0843_800x445.jpg?fit=800%2C445&ssl=1","jetpack_shortlink":"https:\/\/wp.me\/p9stpK-Qb","jetpack-related-posts":[{"id":8143,"url":"https:\/\/www.freidenker.org\/?p=8143","url_meta":{"origin":3235,"position":0},"title":"Schulen und Kitas \u00f6ffnen!","author":"Webredaktion","date":"25. Mai 2020","format":false,"excerpt":"Freidenker zu den Schlie\u00dfungen im Erziehungs- und Bildungsbereich Das \"Corona-Regime\" hat als eine der ersten und zentralen Ma\u00dfnahmen die Schlie\u00dfung von Einrichtungen zur Erziehung und Bildung von Kindern und Jugendlichen verf\u00fcgt. Inzwischen wurden \"Fahrpl\u00e4ne zur stufenweisen Wiederer\u00f6ffnung\" vorgelegt, die aber grunds\u00e4tzlich von einem \"verminderten\" Betrieb ausgehen, der sogar bis nach\u2026","rel":"","context":"In &quot;Arbeit &amp; Soziales&quot;","block_context":{"text":"Arbeit &amp; Soziales","link":"https:\/\/www.freidenker.org\/?cat=11"},"img":{"alt_text":"","src":"https:\/\/i0.wp.com\/www.freidenker.org\/fw17\/wp-content\/uploads\/2020\/05\/corona-5117112_800x450.jpg?fit=800%2C450&ssl=1&resize=350%2C200","width":350,"height":200,"srcset":"https:\/\/i0.wp.com\/www.freidenker.org\/fw17\/wp-content\/uploads\/2020\/05\/corona-5117112_800x450.jpg?fit=800%2C450&ssl=1&resize=350%2C200 1x, https:\/\/i0.wp.com\/www.freidenker.org\/fw17\/wp-content\/uploads\/2020\/05\/corona-5117112_800x450.jpg?fit=800%2C450&ssl=1&resize=525%2C300 1.5x, https:\/\/i0.wp.com\/www.freidenker.org\/fw17\/wp-content\/uploads\/2020\/05\/corona-5117112_800x450.jpg?fit=800%2C450&ssl=1&resize=700%2C400 2x"},"classes":[]},{"id":1284,"url":"https:\/\/www.freidenker.org\/?p=1284","url_meta":{"origin":3235,"position":1},"title":"Gru\u00dfwort zum GEW-Gewerkschaftstag 2017","author":"Webredaktion","date":"5. Mai 2017","format":false,"excerpt":"Bildungspolitik ist f\u00fcr die Freidenkerbewegung seit ihren Anf\u00e4ngen ein zentrales Anliegen. Ging es im 19. Jahrhundert vorrangig um die Abschaffung des kirchlichen Bildungsmonopols, k\u00e4mpften die Freidenker in der Weimarer Republik f\u00fcr die Weltlichkeit des Schulwesens und die Brechung des Bildungsprivilegs. ... Neben traditionellen, bis heute nicht eingel\u00f6sten Forderungen wie nach\u2026","rel":"","context":"In &quot;Arbeit &amp; Soziales&quot;","block_context":{"text":"Arbeit &amp; Soziales","link":"https:\/\/www.freidenker.org\/?cat=11"},"img":{"alt_text":"","src":"https:\/\/i0.wp.com\/www.freidenker.org\/fw17\/wp-content\/uploads\/2017\/05\/GEW-Demonstration-Duesseldorf-2009-0009.jpg?fit=800%2C445&ssl=1&resize=350%2C200","width":350,"height":200,"srcset":"https:\/\/i0.wp.com\/www.freidenker.org\/fw17\/wp-content\/uploads\/2017\/05\/GEW-Demonstration-Duesseldorf-2009-0009.jpg?fit=800%2C445&ssl=1&resize=350%2C200 1x, https:\/\/i0.wp.com\/www.freidenker.org\/fw17\/wp-content\/uploads\/2017\/05\/GEW-Demonstration-Duesseldorf-2009-0009.jpg?fit=800%2C445&ssl=1&resize=525%2C300 1.5x, https:\/\/i0.wp.com\/www.freidenker.org\/fw17\/wp-content\/uploads\/2017\/05\/GEW-Demonstration-Duesseldorf-2009-0009.jpg?fit=800%2C445&ssl=1&resize=700%2C400 2x"},"classes":[]},{"id":23585,"url":"https:\/\/www.freidenker.org\/?p=23585","url_meta":{"origin":3235,"position":2},"title":"Nicht einmal zwei Paar Schuhe","author":"Webredaktion","date":"20. November 2025","format":false,"excerpt":"Kinderarmut in Deutschland ist massiv, aber nicht neu Beitrag von Aglaja Beyes-Corleis 1,3\u00a0Millionen Kinder leben in Armut. So meldete k\u00fcrzlich das Kinderhilfswerk UNICEF. Bekanntlich k\u00fcmmert sich das Kinderhilfswerk der Vereinten Nationen vorwiegend um Kinder in armen und vom Krieg zerst\u00f6rten L\u00e4ndern. Doch bei dieser Zahl geht es um Deutschland, noch\u2026","rel":"","context":"In &quot;Arbeit &amp; Soziales&quot;","block_context":{"text":"Arbeit &amp; Soziales","link":"https:\/\/www.freidenker.org\/?cat=11"},"img":{"alt_text":"","src":"https:\/\/i0.wp.com\/www.freidenker.org\/fw17\/wp-content\/uploads\/2025\/11\/rubber-boots-509967_800x450.jpg?fit=800%2C450&ssl=1&resize=350%2C200","width":350,"height":200,"srcset":"https:\/\/i0.wp.com\/www.freidenker.org\/fw17\/wp-content\/uploads\/2025\/11\/rubber-boots-509967_800x450.jpg?fit=800%2C450&ssl=1&resize=350%2C200 1x, https:\/\/i0.wp.com\/www.freidenker.org\/fw17\/wp-content\/uploads\/2025\/11\/rubber-boots-509967_800x450.jpg?fit=800%2C450&ssl=1&resize=525%2C300 1.5x, https:\/\/i0.wp.com\/www.freidenker.org\/fw17\/wp-content\/uploads\/2025\/11\/rubber-boots-509967_800x450.jpg?fit=800%2C450&ssl=1&resize=700%2C400 2x"},"classes":[]},{"id":4654,"url":"https:\/\/www.freidenker.org\/?p=4654","url_meta":{"origin":3235,"position":3},"title":"15.03.2018 &#8211; Kritik des Computers, Autorenlesung mit Werner Seppmann","author":"Webredaktion","date":"27. Februar 2018","format":false,"excerpt":"Der Deutsche Freidenker-Verband e.V. Quedlinburg und der Rosa-Luxemburg-Club Harz laden am 15.3.2018 um 20:00 Uhr zu einer Autorenlesung mit Werner Seppmann zu seinem Buch \"Kritik des Computers\" aus dem Angroven-Verlag ein.","rel":"","context":"In &quot;Veranstaltungen in den DFV-Landesverb\u00e4nden&quot;","block_context":{"text":"Veranstaltungen in den DFV-Landesverb\u00e4nden","link":"https:\/\/www.freidenker.org\/?cat=19"},"img":{"alt_text":"","src":"https:\/\/i0.wp.com\/www.freidenker.org\/fw17\/wp-content\/uploads\/2018\/02\/buecherfruehling.jpg?fit=800%2C445&ssl=1&resize=350%2C200","width":350,"height":200,"srcset":"https:\/\/i0.wp.com\/www.freidenker.org\/fw17\/wp-content\/uploads\/2018\/02\/buecherfruehling.jpg?fit=800%2C445&ssl=1&resize=350%2C200 1x, https:\/\/i0.wp.com\/www.freidenker.org\/fw17\/wp-content\/uploads\/2018\/02\/buecherfruehling.jpg?fit=800%2C445&ssl=1&resize=525%2C300 1.5x, https:\/\/i0.wp.com\/www.freidenker.org\/fw17\/wp-content\/uploads\/2018\/02\/buecherfruehling.jpg?fit=800%2C445&ssl=1&resize=700%2C400 2x"},"classes":[]},{"id":10965,"url":"https:\/\/www.freidenker.org\/?p=10965","url_meta":{"origin":3235,"position":4},"title":"F\u00fcr eine Welt ohne Atomwaffen braucht es eine Welt ohne Imperialismus und Kriege!","author":"Webredaktion","date":"5. August 2021","format":false,"excerpt":"Erkl\u00e4rung des Deutschen Freidenker-Verbandes Nachdem 2017 die UN-Generalversammlung mehrheitlich f\u00fcr einen Atomwaffenverbotsver\u00adtrag stimmte und die Organisation ICAN (International Campaign to Abolish Nuclear Weapons) mit dem Friedensnobelpreis ausge\u00adzeichnet wurde, gibt es auch in der deutschen Friedensbewegung Bestrebungen, f\u00fcr die Unter\u00adzeichnung dieses Vertrages zu mobilisieren, um zur \u00c4chtung und Abschaffung von Atomwaffen\u2026","rel":"","context":"In &quot;Frieden - Antifaschismus - Solidarit\u00e4t&quot;","block_context":{"text":"Frieden - Antifaschismus - Solidarit\u00e4t","link":"https:\/\/www.freidenker.org\/?cat=13"},"img":{"alt_text":"","src":"https:\/\/i0.wp.com\/www.freidenker.org\/fw17\/wp-content\/uploads\/2021\/08\/hiroshimatag_2021_800x450.jpg?fit=800%2C450&ssl=1&resize=350%2C200","width":350,"height":200,"srcset":"https:\/\/i0.wp.com\/www.freidenker.org\/fw17\/wp-content\/uploads\/2021\/08\/hiroshimatag_2021_800x450.jpg?fit=800%2C450&ssl=1&resize=350%2C200 1x, https:\/\/i0.wp.com\/www.freidenker.org\/fw17\/wp-content\/uploads\/2021\/08\/hiroshimatag_2021_800x450.jpg?fit=800%2C450&ssl=1&resize=525%2C300 1.5x, https:\/\/i0.wp.com\/www.freidenker.org\/fw17\/wp-content\/uploads\/2021\/08\/hiroshimatag_2021_800x450.jpg?fit=800%2C450&ssl=1&resize=700%2C400 2x"},"classes":[]},{"id":9887,"url":"https:\/\/www.freidenker.org\/?p=9887","url_meta":{"origin":3235,"position":5},"title":"Galerie: Freidenker bei den Osterm\u00e4rschen 2021","author":"Webredaktion","date":"18. April 2021","format":false,"excerpt":"In rund 100 St\u00e4dten fanden \u00fcber Ostern Aktionen f\u00fcr Frieden und Abr\u00fcstung statt. Trotz der durch die Corona-Ma\u00dfnahmen schwierigen Umst\u00e4nde beteiligten sich zahlreiche Menschen an den Veranstaltungen, die teils als Demonstrationen, teils als Kundgebungen und teils virtuell stattfanden. ... Im Mittelpunkt der Aktionen standen die Forderung nach der Senkung der\u2026","rel":"","context":"In &quot;Frieden - Antifaschismus - Solidarit\u00e4t&quot;","block_context":{"text":"Frieden - Antifaschismus - Solidarit\u00e4t","link":"https:\/\/www.freidenker.org\/?cat=13"},"img":{"alt_text":"","src":"https:\/\/i0.wp.com\/www.freidenker.org\/fw17\/wp-content\/uploads\/2021\/04\/ostermarsch2021_800x450.jpg?fit=800%2C450&ssl=1&resize=350%2C200","width":350,"height":200,"srcset":"https:\/\/i0.wp.com\/www.freidenker.org\/fw17\/wp-content\/uploads\/2021\/04\/ostermarsch2021_800x450.jpg?fit=800%2C450&ssl=1&resize=350%2C200 1x, https:\/\/i0.wp.com\/www.freidenker.org\/fw17\/wp-content\/uploads\/2021\/04\/ostermarsch2021_800x450.jpg?fit=800%2C450&ssl=1&resize=525%2C300 1.5x, https:\/\/i0.wp.com\/www.freidenker.org\/fw17\/wp-content\/uploads\/2021\/04\/ostermarsch2021_800x450.jpg?fit=800%2C450&ssl=1&resize=700%2C400 2x"},"classes":[]}],"_links":{"self":[{"href":"https:\/\/www.freidenker.org\/index.php?rest_route=\/wp\/v2\/posts\/3235","targetHints":{"allow":["GET"]}}],"collection":[{"href":"https:\/\/www.freidenker.org\/index.php?rest_route=\/wp\/v2\/posts"}],"about":[{"href":"https:\/\/www.freidenker.org\/index.php?rest_route=\/wp\/v2\/types\/post"}],"author":[{"embeddable":true,"href":"https:\/\/www.freidenker.org\/index.php?rest_route=\/wp\/v2\/users\/3"}],"replies":[{"embeddable":true,"href":"https:\/\/www.freidenker.org\/index.php?rest_route=%2Fwp%2Fv2%2Fcomments&post=3235"}],"version-history":[{"count":0,"href":"https:\/\/www.freidenker.org\/index.php?rest_route=\/wp\/v2\/posts\/3235\/revisions"}],"wp:featuredmedia":[{"embeddable":true,"href":"https:\/\/www.freidenker.org\/index.php?rest_route=\/wp\/v2\/media\/4040"}],"wp:attachment":[{"href":"https:\/\/www.freidenker.org\/index.php?rest_route=%2Fwp%2Fv2%2Fmedia&parent=3235"}],"wp:term":[{"taxonomy":"category","embeddable":true,"href":"https:\/\/www.freidenker.org\/index.php?rest_route=%2Fwp%2Fv2%2Fcategories&post=3235"},{"taxonomy":"post_tag","embeddable":true,"href":"https:\/\/www.freidenker.org\/index.php?rest_route=%2Fwp%2Fv2%2Ftags&post=3235"}],"curies":[{"name":"wp","href":"https:\/\/api.w.org\/{rel}","templated":true}]}}