{"id":3229,"date":"2009-10-12T03:13:25","date_gmt":"2009-10-12T01:13:25","guid":{"rendered":"http:\/\/www.freidenker.org\/?p=3229"},"modified":"2018-02-18T18:12:11","modified_gmt":"2018-02-18T17:12:11","slug":"bundespraesident-koehlers-goettliche-amtsauffassung","status":"publish","type":"post","link":"https:\/\/www.freidenker.org\/?p=3229","title":{"rendered":"Bundespr\u00e4sident K\u00f6hlers g\u00f6ttliche Amtsauffassung"},"content":{"rendered":"<h3>Bundespr\u00e4sident K\u00f6hlers g\u00f6ttliche Amtsauffassung<\/h3>\n<blockquote><p>&#8222;Gott halte seine Hand sch\u00fctzend \u00fcber uns alle und unsere gemeinsame Welt. Gott segne unser Deutschland.&#8220;<\/p><\/blockquote>\n<p>Mit diesen Worten endete die Dankesrede von Horst K\u00f6hler anl\u00e4sslich seiner Wiederwahl zum Bundespr\u00e4sidenten. Ein &#8222;Pr\u00e4sident aller Deutschen&#8220; h\u00f6rt sich anders an.<\/p>\n<p>Das fand auch Bert Steffens aus Andernach, der sich mit kritischen Fragen an K\u00f6hler wandte. Er sieht eine &#8222;schleichende Aush\u00f6hlung&#8220; des Grundrechts nach Art. 4 des Grundgesetzes &#8222;Die Freiheit des Glaubens, des Gewissens und die Freiheit des religi\u00f6sen und weltanschaulichen Bekenntnisses sind unverletzlich&#8220; durch die pr\u00e4sidialen \u00c4u\u00dferungen.<\/p>\n<p>Doch an K\u00f6hlers B\u00fcrovorsteher prallten alle Argumente ab, der nach dem Motto zu antworten scheint: je begr\u00fcndeter argumentiert wird, um so verschlossener und einsilbiger wird er.<\/p>\n<p>Seinen Amtseid leistete der Bundespr\u00e4sident auf das Grundgesetz und \u00a0damit auch auf den einfachen Rechtssatz aus dem Artikel 137 Abs. 1 WRV \u00a0(Reichsverfassung vom 11.08.1919): &#8222;Es besteht keine Staatskirche&#8220;. Dieser Rechtssatz ist im Grundgesetz nicht ausdr\u00fccklich wiedergegeben, dort hei\u00dft es blo\u00df in Art 140: &#8222;Die Bestimmungen der Artikel 136, 137, 138, 139 und 141 der deutschen Verfassung vom \u00a011. August 1919 sind Bestandteil dieses Grundgesetzes.&#8220;<\/p>\n<p>Sicher liest K\u00f6hler das Grundgesetz, aber hat er sich vielleicht nicht informiert, was in besagten Weimarer Artikeln steht? \u00a0\u00a0So baut K\u00f6hler lieber auf den unehrlichen und metaphysischen Satz aus der \u00a0Pr\u00e4ambel des Grundgesetzes: &#8222;Im Bewu\u00dftsein seiner Verantwortung vor Gott \u00a0und den Menschen&#8230;&#8220;.<\/p>\n<p>Und so kam es, dass die wiederholt vorgeschlagene \u00f6ffentliche Diskussion \u00a0\u00fcber diese staatsrechtlich ja nicht belanglosen Fragen auf \u00a0taube Ohren \u00a0stie\u00df. Wir dokumentieren die Korrespondenz von Bert Steffens mit dem Staatsoberhaupt, die ein bezeichnendes Licht auf die &#8222;hinkende&#8220; Trennung von Staat und Kirche in Deutschland wirft. &#8230;<\/p>\n<p>&nbsp;<\/p>\n<p><img data-recalc-dims=\"1\" loading=\"lazy\" decoding=\"async\" data-attachment-id=\"1076\" data-permalink=\"https:\/\/www.freidenker.org\/?attachment_id=1076\" data-orig-file=\"https:\/\/i0.wp.com\/www.freidenker.org\/fw17\/wp-content\/uploads\/2017\/10\/pdf_icon-2.png?fit=32%2C32&amp;ssl=1\" data-orig-size=\"32,32\" data-comments-opened=\"0\" data-image-meta=\"{&quot;aperture&quot;:&quot;0&quot;,&quot;credit&quot;:&quot;&quot;,&quot;camera&quot;:&quot;&quot;,&quot;caption&quot;:&quot;&quot;,&quot;created_timestamp&quot;:&quot;0&quot;,&quot;copyright&quot;:&quot;&quot;,&quot;focal_length&quot;:&quot;0&quot;,&quot;iso&quot;:&quot;0&quot;,&quot;shutter_speed&quot;:&quot;0&quot;,&quot;title&quot;:&quot;&quot;,&quot;orientation&quot;:&quot;0&quot;}\" data-image-title=\"pdf_icon\" data-image-description=\"\" data-image-caption=\"\" data-large-file=\"https:\/\/i0.wp.com\/www.freidenker.org\/fw17\/wp-content\/uploads\/2017\/10\/pdf_icon-2.png?fit=32%2C32&amp;ssl=1\" class=\"alignnone size-full wp-image-1076\" src=\"https:\/\/i0.wp.com\/www.freidenker.org\/fw17\/wp-content\/uploads\/2017\/10\/pdf_icon-2.png?resize=32%2C32&#038;ssl=1\" alt=\"\" width=\"32\" height=\"32\" \/> <a href=\"https:\/\/www.freidenker.org\/fw17\/wp-content\/uploads\/2017\/12\/chronik.pdf\" target=\"_blank\" rel=\"noopener\"><strong>Die gesamte Korrespondenz<\/strong><\/a><strong> als PDF-Datei<\/strong> (ca. 598 KB).<\/p>\n<hr \/>\n<p>Foto: Horst K\u00f6hler bei einer Rede anl\u00e4sslich des Staatsbesuches in Brasilien (2007)<br \/>\nVon Roosewelt Pinheiro\/ABr &#8211; Ag\u00eancia Brasil [1], CC BY 3.0 br, https:\/\/commons.wikimedia.org\/w\/index.php?curid=1761623<\/p>\n","protected":false},"excerpt":{"rendered":"<p><strong>Korrespondenz von Bert Steffens mit dem Bundespr\u00e4sidenten Horst K\u00f6hler<\/strong><br \/>\n&#8222;Gott halte seine Hand sch\u00fctzend \u00fcber uns alle und unsere gemeinsame Welt. Gott segne unser Deutschland.&#8220; Mit diesen Worten endete die Dankesrede von Horst K\u00f6hler anl\u00e4sslich seiner Wiederwahl zum Bundespr\u00e4sidenten. Ein &#8222;Pr\u00e4sident aller Deutschen&#8220; h\u00f6rt sich anders an. Das fand auch Bert Steffens aus Andernach, der sich mit kritischen Fragen an K\u00f6hler wandte. Er sieht eine &#8222;schleichende Aush\u00f6hlung&#8220; des Grundrechts nach Art. 4 des Grundgesetzes &#8222;Die Freiheit des Glaubens, des Gewissens und die Freiheit des religi\u00f6sen und weltanschaulichen Bekenntnisses sind unverletzlich&#8220; durch die pr\u00e4sidialen \u00c4u\u00dferungen.<\/p>\n","protected":false},"author":3,"featured_media":4032,"comment_status":"closed","ping_status":"closed","sticky":false,"template":"","format":"standard","meta":{"colormag_page_container_layout":"default_layout","colormag_page_sidebar_layout":"default_layout","advanced_seo_description":"","jetpack_seo_html_title":"","jetpack_seo_noindex":false,"jetpack_post_was_ever_published":false,"footnotes":""},"categories":[15],"tags":[261,732,846,844],"class_list":["post-3229","post","type-post","status-publish","format-standard","has-post-thumbnail","hentry","category-religions-kirchenkritik","tag-bundespraesident","tag-glaubens-und-gewissensfreiheit","tag-gottesbezug","tag-grundgesetz"],"jetpack_featured_media_url":"https:\/\/i0.wp.com\/www.freidenker.org\/fw17\/wp-content\/uploads\/2009\/10\/Koehler08032007_800x445.jpg?fit=800%2C445&ssl=1","jetpack_shortlink":"https:\/\/wp.me\/p9stpK-Q5","jetpack-related-posts":[{"id":367,"url":"https:\/\/www.freidenker.org\/?p=367","url_meta":{"origin":3229,"position":0},"title":"Karl Liebknecht \u2013 M\u00e4rtyrer, Held, Vorbild?","author":"Webmaster","date":"17. Dezember 2008","format":false,"excerpt":"Beitrag von Horst Schneider aus FREIDENKER 4-08 J\u00e4hrlich pilgern Zehntausende zur Erinnerung an die Ermordung Rosa Luxemburgs und Karl Liebknechts zur Gedenkst\u00e4tte der Sozialisten in Berlin-Friedrichsfelde. Die Toten mahnen. Karl Liebknecht und Rosa Luxemburg waren die Verk\u00f6rperung des Kampfes der besten Deutschen gegen die R\u00fcstungshaie, die Kriegstreiber und Volksverhetzer. Sie\u2026","rel":"","context":"In &quot;Demokratie \u2013 Medien \u2013 Aufkl\u00e4rung&quot;","block_context":{"text":"Demokratie \u2013 Medien \u2013 Aufkl\u00e4rung","link":"https:\/\/www.freidenker.org\/?cat=12"},"img":{"alt_text":"","src":"https:\/\/i0.wp.com\/www.freidenker.org\/fw17\/wp-content\/uploads\/2016\/08\/Nelken.jpg?fit=800%2C445&ssl=1&resize=350%2C200","width":350,"height":200,"srcset":"https:\/\/i0.wp.com\/www.freidenker.org\/fw17\/wp-content\/uploads\/2016\/08\/Nelken.jpg?fit=800%2C445&ssl=1&resize=350%2C200 1x, https:\/\/i0.wp.com\/www.freidenker.org\/fw17\/wp-content\/uploads\/2016\/08\/Nelken.jpg?fit=800%2C445&ssl=1&resize=525%2C300 1.5x, https:\/\/i0.wp.com\/www.freidenker.org\/fw17\/wp-content\/uploads\/2016\/08\/Nelken.jpg?fit=800%2C445&ssl=1&resize=700%2C400 2x"},"classes":[]},{"id":8938,"url":"https:\/\/www.freidenker.org\/?p=8938","url_meta":{"origin":3229,"position":1},"title":"Rekordstand des US-B\u00f6rsenindex Dow Jones","author":"Webredaktion","date":"30. November 2020","format":false,"excerpt":"Ein Kommentar von Rainer Rupp Am Mittwoch dieser Woche hat der Leitindex der US-B\u00f6rse, der Dow Jones Industrial Average, die schwindelerregende Rekordmarke von 30.000 Punkten \u00fcbersprungen. Man sollte meinen, dass historische H\u00f6chstst\u00e4nde der B\u00f6rsen etwas mit boomender Wirtschaft, Vollbesch\u00e4ftigung, guten Einkommen und lebhaftem Konsum zu tun haben, verbunden mit au\u00dferordentlich\u2026","rel":"","context":"In &quot;Demokratie \u2013 Medien \u2013 Aufkl\u00e4rung&quot;","block_context":{"text":"Demokratie \u2013 Medien \u2013 Aufkl\u00e4rung","link":"https:\/\/www.freidenker.org\/?cat=12"},"img":{"alt_text":"","src":"https:\/\/i0.wp.com\/www.freidenker.org\/fw17\/wp-content\/uploads\/2020\/11\/wallstreet_architecture-3033561_800x450.jpg?fit=800%2C450&ssl=1&resize=350%2C200","width":350,"height":200,"srcset":"https:\/\/i0.wp.com\/www.freidenker.org\/fw17\/wp-content\/uploads\/2020\/11\/wallstreet_architecture-3033561_800x450.jpg?fit=800%2C450&ssl=1&resize=350%2C200 1x, https:\/\/i0.wp.com\/www.freidenker.org\/fw17\/wp-content\/uploads\/2020\/11\/wallstreet_architecture-3033561_800x450.jpg?fit=800%2C450&ssl=1&resize=525%2C300 1.5x, https:\/\/i0.wp.com\/www.freidenker.org\/fw17\/wp-content\/uploads\/2020\/11\/wallstreet_architecture-3033561_800x450.jpg?fit=800%2C450&ssl=1&resize=700%2C400 2x"},"classes":[]},{"id":12201,"url":"https:\/\/www.freidenker.org\/?p=12201","url_meta":{"origin":3229,"position":2},"title":"Steinmeier nach Wiederwahl \u2013 Schuldzuweisungen und Warnungen an Putin","author":"Webredaktion","date":"18. Februar 2022","format":false,"excerpt":"Beitrag von Christian Harde Frank-Walter Steinmeier beginnt seine zweite Amtszeit mit einer au\u00dfenpolitischen Provokation. Nach seiner Wiederwahl durch die 17. Bundesversammlung hat der bisherige und k\u00fcnftige Bundespr\u00e4sident in seiner Dankesrede an die Delegierten heftige Vorw\u00fcrfe an die Adresse Russlands und dessen Pr\u00e4sidenten Wladimir Putin erhoben. ... Kaum, dass Steinmeier seinen\u2026","rel":"","context":"In &quot;Frieden - Antifaschismus - Solidarit\u00e4t&quot;","block_context":{"text":"Frieden - Antifaschismus - Solidarit\u00e4t","link":"https:\/\/www.freidenker.org\/?cat=13"},"img":{"alt_text":"","src":"https:\/\/i0.wp.com\/www.freidenker.org\/fw17\/wp-content\/uploads\/2022\/02\/Vladimir_Putin_and_Frank-Walter_Steinmeier_800x450.jpg?fit=800%2C450&ssl=1&resize=350%2C200","width":350,"height":200,"srcset":"https:\/\/i0.wp.com\/www.freidenker.org\/fw17\/wp-content\/uploads\/2022\/02\/Vladimir_Putin_and_Frank-Walter_Steinmeier_800x450.jpg?fit=800%2C450&ssl=1&resize=350%2C200 1x, https:\/\/i0.wp.com\/www.freidenker.org\/fw17\/wp-content\/uploads\/2022\/02\/Vladimir_Putin_and_Frank-Walter_Steinmeier_800x450.jpg?fit=800%2C450&ssl=1&resize=525%2C300 1.5x, https:\/\/i0.wp.com\/www.freidenker.org\/fw17\/wp-content\/uploads\/2022\/02\/Vladimir_Putin_and_Frank-Walter_Steinmeier_800x450.jpg?fit=800%2C450&ssl=1&resize=700%2C400 2x"},"classes":[]},{"id":530,"url":"https:\/\/www.freidenker.org\/?p=530","url_meta":{"origin":3229,"position":3},"title":"Trink, trink, Br\u00fcderle trink &#8211; Gauck, Auslandseins\u00e4tze der Bundeswehr","author":"Webmaster","date":"13. Juni 2012","format":false,"excerpt":"Gauck fordert mehr Offenheit f\u00fcr Auslandseins\u00e4tze der Bundeswehr - welche L\u00e4nder schon mal ihre Grenzen aufmachen sollen, erw\u00e4hnte er nicht. Vor der Bundeswehr-F\u00fchrungsakademie in Hamburg schalt er Kriegsgegner: \"'ohne uns' als purer Reflex kann keine Haltung sein, wenn wir unsere Geschichte ernstnehmen\". Als wenn die aus purem Reflex handelten. Der\u2026","rel":"","context":"In &quot;Frieden - Antifaschismus - Solidarit\u00e4t&quot;","block_context":{"text":"Frieden - Antifaschismus - Solidarit\u00e4t","link":"https:\/\/www.freidenker.org\/?cat=13"},"img":{"alt_text":"","src":"https:\/\/i0.wp.com\/www.freidenker.org\/fw17\/wp-content\/uploads\/2016\/08\/Kampfhubschrauber_Tiger.jpg?fit=800%2C445&ssl=1&resize=350%2C200","width":350,"height":200,"srcset":"https:\/\/i0.wp.com\/www.freidenker.org\/fw17\/wp-content\/uploads\/2016\/08\/Kampfhubschrauber_Tiger.jpg?fit=800%2C445&ssl=1&resize=350%2C200 1x, https:\/\/i0.wp.com\/www.freidenker.org\/fw17\/wp-content\/uploads\/2016\/08\/Kampfhubschrauber_Tiger.jpg?fit=800%2C445&ssl=1&resize=525%2C300 1.5x, https:\/\/i0.wp.com\/www.freidenker.org\/fw17\/wp-content\/uploads\/2016\/08\/Kampfhubschrauber_Tiger.jpg?fit=800%2C445&ssl=1&resize=700%2C400 2x"},"classes":[]},{"id":23564,"url":"https:\/\/www.freidenker.org\/?p=23564","url_meta":{"origin":3229,"position":4},"title":"Der Demagoge im Schloss Bellevue","author":"Webredaktion","date":"15. November 2025","format":false,"excerpt":"Ein Kommentar von Tilo Gr\u00e4ser. \u201eWer die Wahrheit nicht wei\u00df, der ist blo\u00df ein Dummkopf. Aber wer sie wei\u00df und sie eine L\u00fcge nennt, der ist ein Verbrecher!\u201c An diese Erkenntnis von Bertolt Brecht, die er im St\u00fcck \u201eDas Leben des Galilei\u201c niederschrieb, musste ich angesichts der j\u00fcngsten Rede von\u2026","rel":"","context":"In &quot;Demokratie \u2013 Medien \u2013 Aufkl\u00e4rung&quot;","block_context":{"text":"Demokratie \u2013 Medien \u2013 Aufkl\u00e4rung","link":"https:\/\/www.freidenker.org\/?cat=12"},"img":{"alt_text":"","src":"https:\/\/i0.wp.com\/www.freidenker.org\/fw17\/wp-content\/uploads\/2025\/11\/2025-09-16_Event_80._Deutscher_Fuersorgetag_STP_6679_800x450.jpg?fit=800%2C450&ssl=1&resize=350%2C200","width":350,"height":200,"srcset":"https:\/\/i0.wp.com\/www.freidenker.org\/fw17\/wp-content\/uploads\/2025\/11\/2025-09-16_Event_80._Deutscher_Fuersorgetag_STP_6679_800x450.jpg?fit=800%2C450&ssl=1&resize=350%2C200 1x, https:\/\/i0.wp.com\/www.freidenker.org\/fw17\/wp-content\/uploads\/2025\/11\/2025-09-16_Event_80._Deutscher_Fuersorgetag_STP_6679_800x450.jpg?fit=800%2C450&ssl=1&resize=525%2C300 1.5x, https:\/\/i0.wp.com\/www.freidenker.org\/fw17\/wp-content\/uploads\/2025\/11\/2025-09-16_Event_80._Deutscher_Fuersorgetag_STP_6679_800x450.jpg?fit=800%2C450&ssl=1&resize=700%2C400 2x"},"classes":[]},{"id":10421,"url":"https:\/\/www.freidenker.org\/?p=10421","url_meta":{"origin":3229,"position":5},"title":"Globale Klimadiktatur? Offener Brief an Bundespr\u00e4sident Frank Walter Steinmeier","author":"Webredaktion","date":"26. Mai 2021","format":false,"excerpt":"\"\u2018Haltungs-Journalisten\u2018 steuern und manipulieren die politische Debatte in diesen Zeiten, in denen immer mehr Menschen den Eindruck haben, dass unsere Demokratie extrem gef\u00e4hrdet ist.\u201c Diese sehr ernst zu nehmende Warnung \u00e4u\u00dfert der Leiter der \"Akademie Bergstra\u00dfe\", Henrik Paulitz, in einem Brief, den er an den Bundespr\u00e4sidenten Frank-Walter Steinmeier zu dessen\u2026","rel":"","context":"In &quot;Demokratie \u2013 Medien \u2013 Aufkl\u00e4rung&quot;","block_context":{"text":"Demokratie \u2013 Medien \u2013 Aufkl\u00e4rung","link":"https:\/\/www.freidenker.org\/?cat=12"},"img":{"alt_text":"","src":"https:\/\/i0.wp.com\/www.freidenker.org\/fw17\/wp-content\/uploads\/2021\/05\/Steinmeier-_Antrittsbesuch_in_Rheinland-Pfalz_-_Kulturwerk_Wissen_800x450.jpg?fit=800%2C450&ssl=1&resize=350%2C200","width":350,"height":200,"srcset":"https:\/\/i0.wp.com\/www.freidenker.org\/fw17\/wp-content\/uploads\/2021\/05\/Steinmeier-_Antrittsbesuch_in_Rheinland-Pfalz_-_Kulturwerk_Wissen_800x450.jpg?fit=800%2C450&ssl=1&resize=350%2C200 1x, https:\/\/i0.wp.com\/www.freidenker.org\/fw17\/wp-content\/uploads\/2021\/05\/Steinmeier-_Antrittsbesuch_in_Rheinland-Pfalz_-_Kulturwerk_Wissen_800x450.jpg?fit=800%2C450&ssl=1&resize=525%2C300 1.5x, https:\/\/i0.wp.com\/www.freidenker.org\/fw17\/wp-content\/uploads\/2021\/05\/Steinmeier-_Antrittsbesuch_in_Rheinland-Pfalz_-_Kulturwerk_Wissen_800x450.jpg?fit=800%2C450&ssl=1&resize=700%2C400 2x"},"classes":[]}],"_links":{"self":[{"href":"https:\/\/www.freidenker.org\/index.php?rest_route=\/wp\/v2\/posts\/3229","targetHints":{"allow":["GET"]}}],"collection":[{"href":"https:\/\/www.freidenker.org\/index.php?rest_route=\/wp\/v2\/posts"}],"about":[{"href":"https:\/\/www.freidenker.org\/index.php?rest_route=\/wp\/v2\/types\/post"}],"author":[{"embeddable":true,"href":"https:\/\/www.freidenker.org\/index.php?rest_route=\/wp\/v2\/users\/3"}],"replies":[{"embeddable":true,"href":"https:\/\/www.freidenker.org\/index.php?rest_route=%2Fwp%2Fv2%2Fcomments&post=3229"}],"version-history":[{"count":0,"href":"https:\/\/www.freidenker.org\/index.php?rest_route=\/wp\/v2\/posts\/3229\/revisions"}],"wp:featuredmedia":[{"embeddable":true,"href":"https:\/\/www.freidenker.org\/index.php?rest_route=\/wp\/v2\/media\/4032"}],"wp:attachment":[{"href":"https:\/\/www.freidenker.org\/index.php?rest_route=%2Fwp%2Fv2%2Fmedia&parent=3229"}],"wp:term":[{"taxonomy":"category","embeddable":true,"href":"https:\/\/www.freidenker.org\/index.php?rest_route=%2Fwp%2Fv2%2Fcategories&post=3229"},{"taxonomy":"post_tag","embeddable":true,"href":"https:\/\/www.freidenker.org\/index.php?rest_route=%2Fwp%2Fv2%2Ftags&post=3229"}],"curies":[{"name":"wp","href":"https:\/\/api.w.org\/{rel}","templated":true}]}}