{"id":3227,"date":"2009-10-19T03:10:27","date_gmt":"2009-10-19T01:10:27","guid":{"rendered":"http:\/\/www.freidenker.org\/?p=3227"},"modified":"2018-02-18T16:25:22","modified_gmt":"2018-02-18T15:25:22","slug":"zur-frankfurter-buchmesse","status":"publish","type":"post","link":"https:\/\/www.freidenker.org\/?p=3227","title":{"rendered":"Zur Frankfurter Buchmesse"},"content":{"rendered":"<h4><strong>Neue B\u00fccher von Freidenkern <\/strong><\/h4>\n<p>Von dem Freidenker <em><strong>Lorenz Knorr<\/strong><\/em> gemeinsam mit Walter Tschapek erscheint zur Frankfurter Buchmesse das Buch<\/p>\n<p><strong>&#8222;KARL MARX IN UNSERER ZEIT&#8220; <\/strong><br \/>\n<strong><br \/>\n<\/strong>Zum aktuellen Nutzen einer heutigen Karl Marx-Lekt\u00fcre hei\u00dft es in der <a href=\"http:\/\/www.vasverlag.de\/product_info.php?info=p356_Karl-Marx-in-unserer-Zeit.html\" target=\"_blank\" rel=\"noopener\">Ank\u00fcndigung des VAS &#8211; Verlag f\u00fcr akademische Schriften<\/a>:<br \/>\nDie globale Krise des Kapitalismus erinnert an die vorherige: Faschismus in Deutschland und den von ihm ausgel\u00f6sten Zweiten Weltkrieg! Heute ist globale Verelendung das bisherige Ergebnis! Soll das so weitergehen? Oder existieren grunds\u00e4tzlich andere, n\u00e4mlich humane L\u00f6sungen, die praktikabel sind? Karl Marx weist in seinen \u201eFr\u00fchschriften\u201c den Weg zur Emanzipation. Nicht nur Repr\u00e4sentanten der Arbeiterbewegung orientieren sich heute an Karl Marx und seinem Hauptwerk \u201eDAS KAPITAL\u201c. Man kann also etwas tun gegen die Inhumanit\u00e4ten der Spekulanten und Profitj\u00e4ger. Dieses Buch gibt Auskunft \u00fcber Karl Marx und M\u00f6glichkeiten in unserer Zeit.<br \/>\nISBN :\u00a0 \u00a0\u00a0\u00a0 \u00a0978-3-88864-462-7<br \/>\nEinband : \u00a0\u00a0\u00a0 \u00a0Paperback<br \/>\nPreisinfo : \u00a0\u00a0\u00a0 \u00a014,00 Eur[D] \/ 14,40 Eur[A] \/ 28,00 CHF UVP<br \/>\nSeitenzahl: 256<br \/>\nErschienen :\u00a0 \u00a0\u00a0\u00a0 \u00a01. Auflage 30.09.2009<\/p>\n<hr \/>\n<p>Ein St\u00fcck pionierhafte philosophisch-historische Forschung ist das Werk des Freidenkers <em><strong>Wolf-Dieter Gudopp<\/strong><\/em><\/p>\n<p><strong>&#8222;SOLON VON ATHEN UND DIE ENTDECKUNG DES RECHTS<\/strong>&#8220;<\/p>\n<p>Das Buch ist keine einfache popul\u00e4rwissenschaftlich Lekt\u00fcre. Zum Inhalt hei\u00dft es in der <a href=\"http:\/\/koenigshausen-neumann.gebhardt-riegel.de\/product_info.php\/info\/p6470_Solon-von-Athen-und-die-Entdeckung-des-Rechts----49-80.html\" target=\"_blank\" rel=\"noopener\">Ank\u00fcndigung des Verlags K\u00f6nigshausen &amp; Neumann<\/a>:<br \/>\nSolon war ein bedeutender Gesetzgeber und politischer Reformator. Ein Jahr lang stand er, ausgestattet mit allen n\u00f6tigen Vollmachten, an der Spitze seiner Stadt. Seine praktisch-politische T\u00e4tigkeit hat er mit grunds\u00e4tzlichen \u00dcberlegungen vorbereitet, begleitet und bilanziert. Diese in poetischer Form vorgetragenen Reflexionen, die uns zum Teil \u00fcberliefert sind, haben Epoche gemacht. Solon ist die erste gro\u00dfe Figur der Geschichte, die Politik und Wissenschaft konsequent miteinander verbindet, die politische Strategie theoretisch konzipiert und den politischen Kosmos gem\u00e4\u00df den gegebenen Bedingungen realistisch modelliert. Seine gro\u00dfe Entdeckung: Das Recht, die d\u00edke, ist die objektiv-reale Macht, die die labile Gleichgewichtsdynamik der Polis in einer selbst-organisierenden permanenten Erneuerung reguliert. Verletzungen der ordnenden und erhaltenden rechten Ma\u00df-Verh\u00e4ltnisse geschehen unvermeidlich; ebenso unvermeidlich \u201er\u00e4cht sich\u201c d\u00edke mit gesellschaftlichen Krisen und Verwerfungen. Die Solonische Polito-logie ist Dikelogie, ist Wissen um die Wirkungsweise des Rechts. Die vorliegende Solon-Monographie erschlie\u00dft den Gedanken vor allem durch eine gr\u00fcndliche Lekt\u00fcre der dichterischen Fragmente. Deren Interpretation geht mit einer Einf\u00fchrung in die griechische Archaik einher \u2013 und selbstverst\u00e4ndlich mit einer ausf\u00fchrlichen Vorstellung der Solon vorangehenden und mit ihm verflochtenen Gedankenwelten Homers und Hesiods.<br \/>\nISBN: 978-3-8260-4119-8<br \/>\nEinband: geheftet<br \/>\nPreisinfo:\u00a0 \u20ac 49,80<br \/>\nSeitenzahl: 384<br \/>\nErscheinungsjahr: 2009<\/p>\n<hr \/>\n<p>Bildcollage: rlx<\/p>\n","protected":false},"excerpt":{"rendered":"<p><strong>Hinweis auf neue B\u00fccher von Freidenkern <\/strong><br \/>\nLorenz Knorr \/ Walter Tschapek: &#8222;KARL MARX IN UNSERER ZEIT&#8220;<br \/>\nWolf-Dieter Gudopp: &#8222;SOLON VON ATHEN UND DIE ENTDECKUNG DES RECHTS&#8220;<\/p>\n","protected":false},"author":3,"featured_media":4030,"comment_status":"closed","ping_status":"closed","sticky":false,"template":"","format":"standard","meta":{"colormag_page_container_layout":"default_layout","colormag_page_sidebar_layout":"default_layout","advanced_seo_description":"","jetpack_seo_html_title":"","jetpack_seo_noindex":false,"jetpack_post_was_ever_published":false,"footnotes":""},"categories":[7],"tags":[247,433,496,842,841],"class_list":["post-3227","post","type-post","status-publish","format-standard","has-post-thumbnail","hentry","category-publikationen-von-freidenkern","tag-das-kapital","tag-frankfurt-am-main","tag-karl-marx","tag-recht","tag-solon"],"jetpack_featured_media_url":"https:\/\/i0.wp.com\/www.freidenker.org\/fw17\/wp-content\/uploads\/2009\/10\/buchmesse_knorr_gudopp_800x445.jpg?fit=800%2C445&ssl=1","jetpack_shortlink":"https:\/\/wp.me\/p9stpK-Q3","jetpack-related-posts":[{"id":537,"url":"https:\/\/www.freidenker.org\/?p=537","url_meta":{"origin":3227,"position":0},"title":"Karl Marx in unserer Zeit","author":"Webmaster","date":"19. Oktober 2009","format":false,"excerpt":"Kurzvorstellung des Buches \"Karl Marx in unserer Zeit\" von Lorenz Knorr und Walter Tschapek. Die globale Krise des Kapitalismus erinnert an die vorherige: Faschismus in Deutschland und den von ihm ausgel\u00f6sten Zweiten Weltkrieg! Heute ist globale Verelendung das bisherige Ergebnis! Soll das so weitergehen? Oder existieren grunds\u00e4tzlich andere, n\u00e4mlich humane\u2026","rel":"","context":"In &quot;Publikationen f\u00fcr Freidenker&quot;","block_context":{"text":"Publikationen f\u00fcr Freidenker","link":"https:\/\/www.freidenker.org\/?cat=6"},"img":{"alt_text":"","src":"https:\/\/i0.wp.com\/www.freidenker.org\/fw17\/wp-content\/uploads\/2016\/08\/Kapital.jpg?fit=800%2C445&ssl=1&resize=350%2C200","width":350,"height":200,"srcset":"https:\/\/i0.wp.com\/www.freidenker.org\/fw17\/wp-content\/uploads\/2016\/08\/Kapital.jpg?fit=800%2C445&ssl=1&resize=350%2C200 1x, https:\/\/i0.wp.com\/www.freidenker.org\/fw17\/wp-content\/uploads\/2016\/08\/Kapital.jpg?fit=800%2C445&ssl=1&resize=525%2C300 1.5x, https:\/\/i0.wp.com\/www.freidenker.org\/fw17\/wp-content\/uploads\/2016\/08\/Kapital.jpg?fit=800%2C445&ssl=1&resize=700%2C400 2x"},"classes":[]},{"id":5354,"url":"https:\/\/www.freidenker.org\/?p=5354","url_meta":{"origin":3227,"position":1},"title":"Videos: Karl-Marx-Konferenz &#8222;Individuum und Gesellschaft&#8220;","author":"Webredaktion","date":"30. Juli 2018","format":false,"excerpt":"Zum 200. Geburtstag des wirkm\u00e4chtigen Philosophen Karl Marx veranstaltete der Deutsche Freidenker-Verband am 28. April 2018 in Hannover die wissenschaftliche Konferenz \u201eIndividuum und Gesellschaft \u2013 Menschenbild und Pers\u00f6nlichkeitstheorie im Marxismus\u201c. Wir ver\u00f6ffentlichen hier die Videos der Hauptreferate von Klaus Hartmann: \"Was ist der Mensch?\", Prof. Wolfgang Jantzen: \"Pers\u00f6nlichkeit und sozialer\u2026","rel":"","context":"In &quot;Weltanschauung &amp; Philosophie&quot;","block_context":{"text":"Weltanschauung &amp; Philosophie","link":"https:\/\/www.freidenker.org\/?cat=16"},"img":{"alt_text":"","src":"https:\/\/i0.wp.com\/www.freidenker.org\/fw17\/wp-content\/uploads\/2018\/08\/Hartmann_Bahlo_Konferenz2018.jpg?fit=800%2C445&ssl=1&resize=350%2C200","width":350,"height":200,"srcset":"https:\/\/i0.wp.com\/www.freidenker.org\/fw17\/wp-content\/uploads\/2018\/08\/Hartmann_Bahlo_Konferenz2018.jpg?fit=800%2C445&ssl=1&resize=350%2C200 1x, https:\/\/i0.wp.com\/www.freidenker.org\/fw17\/wp-content\/uploads\/2018\/08\/Hartmann_Bahlo_Konferenz2018.jpg?fit=800%2C445&ssl=1&resize=525%2C300 1.5x, https:\/\/i0.wp.com\/www.freidenker.org\/fw17\/wp-content\/uploads\/2018\/08\/Hartmann_Bahlo_Konferenz2018.jpg?fit=800%2C445&ssl=1&resize=700%2C400 2x"},"classes":[]},{"id":14088,"url":"https:\/\/www.freidenker.org\/?p=14088","url_meta":{"origin":3227,"position":2},"title":"Sonntagsmatin\u00e9e: Wie der Wein Karl Marx zum Kommunisten machte","author":"Webredaktion","date":"29. August 2022","format":false,"excerpt":"Einladung zur Sonntagsmatin\u00e9e am Sonntag, 25. September 2022, 11.00 Uhr in der Kulturwerkstatt in 66701 Beckingen, Nikolausstra\u00dfe 6 Jens Baumeister, Kunsthistoriker & Weindozent, liest Passagen aus seinem gleichnamigen Buch, das 2022 mit dem Gourmand Award als weltbestes Werk in der Kategorie \"Drinks History\" ausgezeichnet wurde. Das Buch behandelt weniger bekannte\u2026","rel":"","context":"In &quot;Veranstaltungen in den DFV-Landesverb\u00e4nden&quot;","block_context":{"text":"Veranstaltungen in den DFV-Landesverb\u00e4nden","link":"https:\/\/www.freidenker.org\/?cat=19"},"img":{"alt_text":"","src":"https:\/\/i0.wp.com\/www.freidenker.org\/fw17\/wp-content\/uploads\/2022\/08\/marx_wein_kommunist_800x450.jpg?fit=800%2C450&ssl=1&resize=350%2C200","width":350,"height":200,"srcset":"https:\/\/i0.wp.com\/www.freidenker.org\/fw17\/wp-content\/uploads\/2022\/08\/marx_wein_kommunist_800x450.jpg?fit=800%2C450&ssl=1&resize=350%2C200 1x, https:\/\/i0.wp.com\/www.freidenker.org\/fw17\/wp-content\/uploads\/2022\/08\/marx_wein_kommunist_800x450.jpg?fit=800%2C450&ssl=1&resize=525%2C300 1.5x, https:\/\/i0.wp.com\/www.freidenker.org\/fw17\/wp-content\/uploads\/2022\/08\/marx_wein_kommunist_800x450.jpg?fit=800%2C450&ssl=1&resize=700%2C400 2x"},"classes":[]},{"id":4889,"url":"https:\/\/www.freidenker.org\/?p=4889","url_meta":{"origin":3227,"position":3},"title":"Konferenz: Individuum und Gesellschaft \u2013 Menschenbild und Pers\u00f6nlichkeitstheorie im Marxismus","author":"Webredaktion","date":"27. M\u00e4rz 2018","format":false,"excerpt":"\u00d6ffentliche Wissenschaftliche Konferenz zum 200. Geburtstag von Karl Marx am Samstag, 28. April 2018, in Hannover Individuum und Gesellschaft \u2013 Menschenbild und Pers\u00f6nlichkeitstheorie im Marxismus Vortr\u00e4ge und Diskussion: - Was ist der Mensch? (Klaus Hartmann) - Pers\u00f6nlichkeit und sozialer Sinn (Prof. Dr. Wolfgang Jantzen) - Die Leere der Frankfurter Schule\u2026","rel":"","context":"In &quot;Weltanschauung &amp; Philosophie&quot;","block_context":{"text":"Weltanschauung &amp; Philosophie","link":"https:\/\/www.freidenker.org\/?cat=16"},"img":{"alt_text":"","src":"https:\/\/i0.wp.com\/www.freidenker.org\/fw17\/wp-content\/uploads\/2018\/03\/karl-marx-konferenz_800x445.jpg?fit=800%2C445&ssl=1&resize=350%2C200","width":350,"height":200,"srcset":"https:\/\/i0.wp.com\/www.freidenker.org\/fw17\/wp-content\/uploads\/2018\/03\/karl-marx-konferenz_800x445.jpg?fit=800%2C445&ssl=1&resize=350%2C200 1x, https:\/\/i0.wp.com\/www.freidenker.org\/fw17\/wp-content\/uploads\/2018\/03\/karl-marx-konferenz_800x445.jpg?fit=800%2C445&ssl=1&resize=525%2C300 1.5x, https:\/\/i0.wp.com\/www.freidenker.org\/fw17\/wp-content\/uploads\/2018\/03\/karl-marx-konferenz_800x445.jpg?fit=800%2C445&ssl=1&resize=700%2C400 2x"},"classes":[]},{"id":4943,"url":"https:\/\/www.freidenker.org\/?p=4943","url_meta":{"origin":3227,"position":4},"title":"Erich Wernig: Karl Marx","author":"Webredaktion","date":"24. M\u00e4rz 2018","format":false,"excerpt":"Beitrag von Erich Wernig. Zuerst ver\u00f6ffentlicht in FREIDENKER 2-1983, nachgedruckt in FREIDENKER 1-2018 Der Begr\u00fcnder des wissenschaftlichen Sozialismus wurde am 5. Mai 1818 in Trier geboren und starb am 14. M\u00e4rz 1883 in London. Der 165. Geburtstag und der 100. Todestag im Jahre 1983 waren Anla\u00df, und das wird mit\u2026","rel":"","context":"In &quot;Weltanschauung &amp; Philosophie&quot;","block_context":{"text":"Weltanschauung &amp; Philosophie","link":"https:\/\/www.freidenker.org\/?cat=16"},"img":{"alt_text":"","src":"https:\/\/i0.wp.com\/www.freidenker.org\/fw17\/wp-content\/uploads\/2018\/04\/marx_wernig.jpg?fit=800%2C445&ssl=1&resize=350%2C200","width":350,"height":200,"srcset":"https:\/\/i0.wp.com\/www.freidenker.org\/fw17\/wp-content\/uploads\/2018\/04\/marx_wernig.jpg?fit=800%2C445&ssl=1&resize=350%2C200 1x, https:\/\/i0.wp.com\/www.freidenker.org\/fw17\/wp-content\/uploads\/2018\/04\/marx_wernig.jpg?fit=800%2C445&ssl=1&resize=525%2C300 1.5x, https:\/\/i0.wp.com\/www.freidenker.org\/fw17\/wp-content\/uploads\/2018\/04\/marx_wernig.jpg?fit=800%2C445&ssl=1&resize=700%2C400 2x"},"classes":[]},{"id":15252,"url":"https:\/\/www.freidenker.org\/?p=15252","url_meta":{"origin":3227,"position":5},"title":"Wir haben ja immer noch Paris. Marx &#038; Engels in der ville lumi\u00e8re","author":"Webredaktion","date":"19. Februar 2023","format":false,"excerpt":"\u201eWerkstattgespr\u00e4ch\u201c mit Jens Baumeister \u00fcber sein noch unver\u00f6ffentlichtes Buch und Lieder mit Sonja Gottlieb - Sonntag, 23.04.2023 um 11:00 Uhr, Kulturwerkstatt-Beckingen, 66701 Beckingen, Nikolausstr. 6 Nach ihrer Hochzeit in Bad Kreuznach 1843 machten sich Karl und Jenny Marx auf nach Paris, die \u201eHauptstadt der neuen Welt\u201c, wo ihr erstes Kind\u2026","rel":"","context":"In &quot;Veranstaltungen in den DFV-Landesverb\u00e4nden&quot;","block_context":{"text":"Veranstaltungen in den DFV-Landesverb\u00e4nden","link":"https:\/\/www.freidenker.org\/?cat=19"},"img":{"alt_text":"","src":"https:\/\/i0.wp.com\/www.freidenker.org\/fw17\/wp-content\/uploads\/2023\/02\/Pont-Alexandre-III-et-Invalides_800x450.jpg?fit=800%2C450&ssl=1&resize=350%2C200","width":350,"height":200,"srcset":"https:\/\/i0.wp.com\/www.freidenker.org\/fw17\/wp-content\/uploads\/2023\/02\/Pont-Alexandre-III-et-Invalides_800x450.jpg?fit=800%2C450&ssl=1&resize=350%2C200 1x, https:\/\/i0.wp.com\/www.freidenker.org\/fw17\/wp-content\/uploads\/2023\/02\/Pont-Alexandre-III-et-Invalides_800x450.jpg?fit=800%2C450&ssl=1&resize=525%2C300 1.5x, https:\/\/i0.wp.com\/www.freidenker.org\/fw17\/wp-content\/uploads\/2023\/02\/Pont-Alexandre-III-et-Invalides_800x450.jpg?fit=800%2C450&ssl=1&resize=700%2C400 2x"},"classes":[]}],"_links":{"self":[{"href":"https:\/\/www.freidenker.org\/index.php?rest_route=\/wp\/v2\/posts\/3227","targetHints":{"allow":["GET"]}}],"collection":[{"href":"https:\/\/www.freidenker.org\/index.php?rest_route=\/wp\/v2\/posts"}],"about":[{"href":"https:\/\/www.freidenker.org\/index.php?rest_route=\/wp\/v2\/types\/post"}],"author":[{"embeddable":true,"href":"https:\/\/www.freidenker.org\/index.php?rest_route=\/wp\/v2\/users\/3"}],"replies":[{"embeddable":true,"href":"https:\/\/www.freidenker.org\/index.php?rest_route=%2Fwp%2Fv2%2Fcomments&post=3227"}],"version-history":[{"count":0,"href":"https:\/\/www.freidenker.org\/index.php?rest_route=\/wp\/v2\/posts\/3227\/revisions"}],"wp:featuredmedia":[{"embeddable":true,"href":"https:\/\/www.freidenker.org\/index.php?rest_route=\/wp\/v2\/media\/4030"}],"wp:attachment":[{"href":"https:\/\/www.freidenker.org\/index.php?rest_route=%2Fwp%2Fv2%2Fmedia&parent=3227"}],"wp:term":[{"taxonomy":"category","embeddable":true,"href":"https:\/\/www.freidenker.org\/index.php?rest_route=%2Fwp%2Fv2%2Fcategories&post=3227"},{"taxonomy":"post_tag","embeddable":true,"href":"https:\/\/www.freidenker.org\/index.php?rest_route=%2Fwp%2Fv2%2Ftags&post=3227"}],"curies":[{"name":"wp","href":"https:\/\/api.w.org\/{rel}","templated":true}]}}