{"id":3223,"date":"2009-12-28T03:02:34","date_gmt":"2009-12-28T02:02:34","guid":{"rendered":"http:\/\/www.freidenker.org\/?p=3223"},"modified":"2018-02-14T21:52:35","modified_gmt":"2018-02-14T20:52:35","slug":"interpretationen-und-erfindungen","status":"publish","type":"post","link":"https:\/\/www.freidenker.org\/?p=3223","title":{"rendered":"Interpretationen und Erfindungen"},"content":{"rendered":"<p>Interview mit dem Theologen <strong><em>G. L\u00fcdemann<\/em><\/strong><\/p>\n<p>&nbsp;<\/p>\n<p>Der Freidenker<strong> Peter Wolter<\/strong>, Redakteuer der tageszeitung &#8218;junge Welt&#8216;, f\u00fchrte f\u00fcr die Weihnachtsausgabe der Zeitung ein Interview mit dem evangelischen Theologen<strong> Gerd L\u00fcdemann<\/strong>:<\/p>\n<h3><strong>\u00bbDas Wort L\u00fcge ist f\u00fcr die Bibel durchaus angemessen\u00ab <\/strong><\/h3>\n<h5>Protestantischer Theologe: Die \u00bbHeilige Schrift\u00ab ist ein Sammelsurium von Erfindungen. Ein Gespr\u00e4ch mit Gerd L\u00fcdemann<\/h5>\n<p><strong><i>Viele Menschen sind genervt vom Weihnachtsrummel \u2013 aus zahllosen Lautsprechern in Superm\u00e4rkten wimmerte in den vergangenen Tagen \u00bbStille Nacht, heilige Nacht\u00ab, und selbst auf dem Ostbahnhof im heidnischen Berlin wurden Krippenfiguren ausgestellt. Als protestantischer Theologe haben Sie sich seit Jahrzehnten mit der christlichen Mythologie befa\u00dft \u2013 gibt es wirklich Leute, die an das Jesuskindchen und die Krippe glauben?<\/i><\/strong><\/p>\n<p>Beides hat es mit Sicherheit nicht gegeben. Provokativ w\u00fcrde ich sagen: Die Krippe war leer und das Grab Jesu war voll. Alles, was mit diesen Erz\u00e4hlungen zusammenh\u00e4ngt, beruht auf Interpretationen oder Erfindungen.<\/p>\n<p>&#8230;<\/p>\n<p>Das vollst\u00e4ndige Interview findet ihr hier: <a class=\"moz-txt-link-freetext\" href=\"http:\/\/www.jungewelt.de\/2009\/12-24\/054.php?sstr=Bibel\" target=\"_blank\" rel=\"noopener\">http:\/\/www.jungewelt.de\/2009\/12-24\/054.php?sstr=Bibel<\/a><\/p>\n<hr size=\"2\" width=\"100%\" \/>\n<p>Foto: pixabay.com \/ User: Alexas_Fotos<\/p>\n","protected":false},"excerpt":{"rendered":"<p><strong>Interview von Peter Wolter mit dem evangelischen Theologen Gerd L\u00fcdemann in: jW vom 24.12.2009<\/strong><br \/>\n<i>Wolter:<\/i> Viele Menschen sind genervt vom Weihnachtsrummel \u2013 aus zahllosen Lautsprechern in Superm\u00e4rkten wimmerte in den vergangenen Tagen \u00bbStille Nacht, heilige Nacht\u00ab, und selbst auf dem Ostbahnhof im heidnischen Berlin wurden Krippenfiguren ausgestellt. Als protestantischer Theologe haben Sie sich seit Jahrzehnten mit der christlichen Mythologie befa\u00dft \u2013 gibt es wirklich Leute, die an das Jesuskindchen und die Krippe glauben?<br \/>\n<i>L\u00fcdemann:<\/i> Beides hat es mit Sicherheit nicht gegeben. Provokativ w\u00fcrde ich sagen: Die Krippe war leer und das Grab Jesu war voll. Alles, was mit diesen Erz\u00e4hlungen zusammenh\u00e4ngt, beruht auf Interpretationen oder Erfindungen.<\/p>\n","protected":false},"author":3,"featured_media":4024,"comment_status":"closed","ping_status":"closed","sticky":false,"template":"","format":"standard","meta":{"colormag_page_container_layout":"default_layout","colormag_page_sidebar_layout":"default_layout","advanced_seo_description":"","jetpack_seo_html_title":"","jetpack_seo_noindex":false,"jetpack_post_was_ever_published":false,"footnotes":""},"categories":[15],"tags":[839,54,840,838],"class_list":["post-3223","post","type-post","status-publish","format-standard","has-post-thumbnail","hentry","category-religions-kirchenkritik","tag-jesus","tag-kirche","tag-mythologie","tag-weihnachten"],"jetpack_featured_media_url":"https:\/\/i0.wp.com\/www.freidenker.org\/fw17\/wp-content\/uploads\/2009\/12\/christmas-crib-figures-1060059_800x445.jpg?fit=800%2C445&ssl=1","jetpack_shortlink":"https:\/\/wp.me\/p9stpK-PZ","jetpack-related-posts":[{"id":689,"url":"https:\/\/www.freidenker.org\/?p=689","url_meta":{"origin":3223,"position":0},"title":"Befreiungstheologen contra Vatikan","author":"Webmaster","date":"17. Juli 2012","format":false,"excerpt":"Beitrag von Klaus Hartmann aus FREIDENKER 2-12 \u201eEs ist eine Tatsache, dass die Bibel die Reichen immer wieder verurteilt, auch wenn die Bibel\u00fcbersetzungen dies oft verf\u00e4lschen. Nicht selten wird \u201eReiche\u201c mit \u201e\u00dcbelt\u00e4ter\u201c \u00fcbersetzt, womit die Verurteilung versteckt wird: Es ist sicher nicht falsch, \u201e\u00dcbelt\u00e4ter\u201c zu verurteilen. Auch in Deutschland \u00fcbt\u2026","rel":"","context":"In &quot;Religions- &amp; Kirchenkritik, S\u00e4kulare Szene&quot;","block_context":{"text":"Religions- &amp; Kirchenkritik, S\u00e4kulare Szene","link":"https:\/\/www.freidenker.org\/?cat=15"},"img":{"alt_text":"","src":"https:\/\/i0.wp.com\/www.freidenker.org\/fw17\/wp-content\/uploads\/2016\/08\/Vatikan_Rom.jpg?fit=800%2C445&ssl=1&resize=350%2C200","width":350,"height":200,"srcset":"https:\/\/i0.wp.com\/www.freidenker.org\/fw17\/wp-content\/uploads\/2016\/08\/Vatikan_Rom.jpg?fit=800%2C445&ssl=1&resize=350%2C200 1x, https:\/\/i0.wp.com\/www.freidenker.org\/fw17\/wp-content\/uploads\/2016\/08\/Vatikan_Rom.jpg?fit=800%2C445&ssl=1&resize=525%2C300 1.5x, https:\/\/i0.wp.com\/www.freidenker.org\/fw17\/wp-content\/uploads\/2016\/08\/Vatikan_Rom.jpg?fit=800%2C445&ssl=1&resize=700%2C400 2x"},"classes":[]},{"id":17180,"url":"https:\/\/www.freidenker.org\/?p=17180","url_meta":{"origin":3223,"position":1},"title":"Von der Dummheit in der Politik","author":"Webredaktion","date":"6. Oktober 2023","format":false,"excerpt":"Beitrag von Tom J. Wellbrock Dietrich Bonhoefferwar ein lutherischer Theologe, geboren am\u00a04. Februar\u00a01906\u00a0in\u00a0Breslau, von den Nazis ermordet am 9. April\u00a01945\u00a0im\u00a0KZ-Flossenb\u00fcrg. Er geh\u00f6rte damit zu den letzten Widerst\u00e4ndigen, die \u2013 in seinem Fall auf direkten Befehl Hitlers \u2013 get\u00f6tet wurden. Der Theologe hat sich eine Menge Gedanken gemacht, unter anderem \u00fcber\u2026","rel":"","context":"In &quot;Weltanschauung &amp; Philosophie&quot;","block_context":{"text":"Weltanschauung &amp; Philosophie","link":"https:\/\/www.freidenker.org\/?cat=16"},"img":{"alt_text":"","src":"https:\/\/i0.wp.com\/www.freidenker.org\/fw17\/wp-content\/uploads\/2023\/10\/man-stroh_4195290_800x450.jpg?fit=800%2C450&ssl=1&resize=350%2C200","width":350,"height":200,"srcset":"https:\/\/i0.wp.com\/www.freidenker.org\/fw17\/wp-content\/uploads\/2023\/10\/man-stroh_4195290_800x450.jpg?fit=800%2C450&ssl=1&resize=350%2C200 1x, https:\/\/i0.wp.com\/www.freidenker.org\/fw17\/wp-content\/uploads\/2023\/10\/man-stroh_4195290_800x450.jpg?fit=800%2C450&ssl=1&resize=525%2C300 1.5x, https:\/\/i0.wp.com\/www.freidenker.org\/fw17\/wp-content\/uploads\/2023\/10\/man-stroh_4195290_800x450.jpg?fit=800%2C450&ssl=1&resize=700%2C400 2x"},"classes":[]},{"id":56,"url":"https:\/\/www.freidenker.org\/?p=56","url_meta":{"origin":3223,"position":2},"title":"Vor dreihundert Jahren \u2013 \u201eDiscourse of Free-thinking\u201c","author":"Webmaster","date":"1. April 2013","format":false,"excerpt":"Beitrag von Horst Schild aus FREIDENKER 1-13 Im Jahr 1713 erschien in London ein Buch mit dem Titel \u201eDiscourse of Free-thinking\u201c (dt. \u201eAbhandlung \u00fcber das freie Denken\u201c). In ihm r\u00fcckten erstmals die Begriffe \u201eFreidenker\u201c und \u201efreies Denken\u201c ins \u00f6ffentliche Bewusstsein. Sein Verfasser war Anthony Collins (1676 bis 1729). Collins stammte\u2026","rel":"","context":"In &quot;Geschichte&quot;","block_context":{"text":"Geschichte","link":"https:\/\/www.freidenker.org\/?cat=1162"},"img":{"alt_text":"","src":"https:\/\/i0.wp.com\/www.freidenker.org\/fw17\/wp-content\/uploads\/2016\/05\/books.png?fit=800%2C445&ssl=1&resize=350%2C200","width":350,"height":200,"srcset":"https:\/\/i0.wp.com\/www.freidenker.org\/fw17\/wp-content\/uploads\/2016\/05\/books.png?fit=800%2C445&ssl=1&resize=350%2C200 1x, https:\/\/i0.wp.com\/www.freidenker.org\/fw17\/wp-content\/uploads\/2016\/05\/books.png?fit=800%2C445&ssl=1&resize=525%2C300 1.5x, https:\/\/i0.wp.com\/www.freidenker.org\/fw17\/wp-content\/uploads\/2016\/05\/books.png?fit=800%2C445&ssl=1&resize=700%2C400 2x"},"classes":[]},{"id":615,"url":"https:\/\/www.freidenker.org\/?p=615","url_meta":{"origin":3223,"position":3},"title":"Die Pius-L\u00fcge &#8211; Der Vatikan erkl\u00e4rt sich zum Holocaust","author":"Webmaster","date":"1. April 1998","format":false,"excerpt":"Beitrag von Emil Carlebach Deine Rede sei Ja, Ja und Nein, Nein \u2013 was dar\u00fcber ist, ist vom \u00dcbel. Dieses biblische Gebot kann den Kardin\u00e4len nicht vor Augen gestanden haben, als sie im M\u00e4rz 1998 ihre Erkl\u00e4rung zum Holocaust ver\u00f6ffentlichten, die den Vatikan und insbesondere den Papst Pius XII von\u2026","rel":"","context":"In &quot;Geschichte&quot;","block_context":{"text":"Geschichte","link":"https:\/\/www.freidenker.org\/?cat=1162"},"img":{"alt_text":"","src":"https:\/\/i0.wp.com\/www.freidenker.org\/fw17\/wp-content\/uploads\/2016\/08\/Bundesarchiv_Bild_102-00535_Bamberg_900_Jahr-Feier_der_Stadt.jpg?fit=800%2C445&ssl=1&resize=350%2C200","width":350,"height":200,"srcset":"https:\/\/i0.wp.com\/www.freidenker.org\/fw17\/wp-content\/uploads\/2016\/08\/Bundesarchiv_Bild_102-00535_Bamberg_900_Jahr-Feier_der_Stadt.jpg?fit=800%2C445&ssl=1&resize=350%2C200 1x, https:\/\/i0.wp.com\/www.freidenker.org\/fw17\/wp-content\/uploads\/2016\/08\/Bundesarchiv_Bild_102-00535_Bamberg_900_Jahr-Feier_der_Stadt.jpg?fit=800%2C445&ssl=1&resize=525%2C300 1.5x, https:\/\/i0.wp.com\/www.freidenker.org\/fw17\/wp-content\/uploads\/2016\/08\/Bundesarchiv_Bild_102-00535_Bamberg_900_Jahr-Feier_der_Stadt.jpg?fit=800%2C445&ssl=1&resize=700%2C400 2x"},"classes":[]},{"id":20811,"url":"https:\/\/www.freidenker.org\/?p=20811","url_meta":{"origin":3223,"position":4},"title":"Video: \u00dcber die Welt, den Weltkrieg, den Weltfrieden","author":"Webredaktion","date":"22. Januar 2025","format":false,"excerpt":"Gespr\u00e4che, Texte, Lieder im Caf\u00e9 Sibylle am Sonntagnachmittag des 12.01.2025 im Anschluss an die Ehrung von Karl Liebknecht und Rosa Luxemburg. Podiumsgespr\u00e4ch der Freidenker mit dem Journalisten Patrick Baab, Klaus Hartmann und Kulturbeitr\u00e4gen von Diether Dehm, Michael Letz und Welislawa Letz Heute tritt in den Vereinigten Staaten von Amerika ein\u2026","rel":"","context":"In &quot;Frieden - Antifaschismus - Solidarit\u00e4t&quot;","block_context":{"text":"Frieden - Antifaschismus - Solidarit\u00e4t","link":"https:\/\/www.freidenker.org\/?cat=13"},"img":{"alt_text":"","src":"https:\/\/i0.wp.com\/www.freidenker.org\/fw17\/wp-content\/uploads\/2025\/01\/sibylle_2025-01_800x450t.jpg?fit=800%2C450&ssl=1&resize=350%2C200","width":350,"height":200,"srcset":"https:\/\/i0.wp.com\/www.freidenker.org\/fw17\/wp-content\/uploads\/2025\/01\/sibylle_2025-01_800x450t.jpg?fit=800%2C450&ssl=1&resize=350%2C200 1x, https:\/\/i0.wp.com\/www.freidenker.org\/fw17\/wp-content\/uploads\/2025\/01\/sibylle_2025-01_800x450t.jpg?fit=800%2C450&ssl=1&resize=525%2C300 1.5x, https:\/\/i0.wp.com\/www.freidenker.org\/fw17\/wp-content\/uploads\/2025\/01\/sibylle_2025-01_800x450t.jpg?fit=800%2C450&ssl=1&resize=700%2C400 2x"},"classes":[]},{"id":645,"url":"https:\/\/www.freidenker.org\/?p=645","url_meta":{"origin":3223,"position":5},"title":"Juan Cole: Papst zum Islam sachlich falsch","author":"Webmaster","date":"1. Januar 2008","format":false,"excerpt":"Beitrag von Juan Cole Die Rede Papst Benedikts in der Universit\u00e4t Regensburg, in der er von Islam und Djihad spricht, hat einen Sturm der Entr\u00fcstung ausgel\u00f6st. Die Ansprache ist komplexer und feinsinniger, als in der Presse dargestellt. Aber am meisten irritiert, dass der Papst einiges am Islam sachlich falsch auffasst.\u2026","rel":"","context":"In &quot;Religions- &amp; Kirchenkritik, S\u00e4kulare Szene&quot;","block_context":{"text":"Religions- &amp; Kirchenkritik, S\u00e4kulare Szene","link":"https:\/\/www.freidenker.org\/?cat=15"},"img":{"alt_text":"","src":"https:\/\/i0.wp.com\/www.freidenker.org\/fw17\/wp-content\/uploads\/2016\/08\/Papst_Benedikt.jpg?fit=800%2C445&ssl=1&resize=350%2C200","width":350,"height":200,"srcset":"https:\/\/i0.wp.com\/www.freidenker.org\/fw17\/wp-content\/uploads\/2016\/08\/Papst_Benedikt.jpg?fit=800%2C445&ssl=1&resize=350%2C200 1x, https:\/\/i0.wp.com\/www.freidenker.org\/fw17\/wp-content\/uploads\/2016\/08\/Papst_Benedikt.jpg?fit=800%2C445&ssl=1&resize=525%2C300 1.5x, https:\/\/i0.wp.com\/www.freidenker.org\/fw17\/wp-content\/uploads\/2016\/08\/Papst_Benedikt.jpg?fit=800%2C445&ssl=1&resize=700%2C400 2x"},"classes":[]}],"_links":{"self":[{"href":"https:\/\/www.freidenker.org\/index.php?rest_route=\/wp\/v2\/posts\/3223","targetHints":{"allow":["GET"]}}],"collection":[{"href":"https:\/\/www.freidenker.org\/index.php?rest_route=\/wp\/v2\/posts"}],"about":[{"href":"https:\/\/www.freidenker.org\/index.php?rest_route=\/wp\/v2\/types\/post"}],"author":[{"embeddable":true,"href":"https:\/\/www.freidenker.org\/index.php?rest_route=\/wp\/v2\/users\/3"}],"replies":[{"embeddable":true,"href":"https:\/\/www.freidenker.org\/index.php?rest_route=%2Fwp%2Fv2%2Fcomments&post=3223"}],"version-history":[{"count":0,"href":"https:\/\/www.freidenker.org\/index.php?rest_route=\/wp\/v2\/posts\/3223\/revisions"}],"wp:featuredmedia":[{"embeddable":true,"href":"https:\/\/www.freidenker.org\/index.php?rest_route=\/wp\/v2\/media\/4024"}],"wp:attachment":[{"href":"https:\/\/www.freidenker.org\/index.php?rest_route=%2Fwp%2Fv2%2Fmedia&parent=3223"}],"wp:term":[{"taxonomy":"category","embeddable":true,"href":"https:\/\/www.freidenker.org\/index.php?rest_route=%2Fwp%2Fv2%2Fcategories&post=3223"},{"taxonomy":"post_tag","embeddable":true,"href":"https:\/\/www.freidenker.org\/index.php?rest_route=%2Fwp%2Fv2%2Ftags&post=3223"}],"curies":[{"name":"wp","href":"https:\/\/api.w.org\/{rel}","templated":true}]}}