{"id":3211,"date":"2010-02-08T02:13:27","date_gmt":"2010-02-08T01:13:27","guid":{"rendered":"http:\/\/www.freidenker.org\/?p=3211"},"modified":"2018-02-18T15:10:41","modified_gmt":"2018-02-18T14:10:41","slug":"truppen-raus-aus-afghanistan","status":"publish","type":"post","link":"https:\/\/www.freidenker.org\/?p=3211","title":{"rendered":"Truppen raus aus Afghanistan"},"content":{"rendered":"<pre>Erkl\u00e4rung des Deutschen Freidenker-Verbandes<\/pre>\n<h5>Demonstration am 20. Februar 2010, Berlin:<\/h5>\n<h4>Truppen raus aus Afghanistan<\/h4>\n<p><strong>Der Deutsche Freidenker-Verband unterst\u00fctzt die Proteste von Friedens- und Antikriegsintitativen f\u00fcr ein Ende des Krieges in Afghanistan. <\/strong><\/p>\n<p>Die Freidenker unterst\u00fctzen den Appell an die Bundestagsabgeordneten: \u201eStimmen Sie mit Nein! Schicken Sie keine weiteren Truppen, sondern ziehen Sie diese ab!\u201c Den Forderungen des Demonstrations-Aufrufs \u201eWaffenstillstand, Truppenabzug und zivile Hilfe\u201c, schlie\u00dfen wir uns an.<\/p>\n<p>Aus unserer Sicht gen\u00fcgt es aber nicht, an allseits Bekanntes zu erinnern, dass n\u00e4mlich Soldaten \u201ekeine Entwicklungshelfer in Uniform\u201c sind, dass die \u201eBundeswehr t\u00f6tet\u201c, dass die Afghanen sich \u201enicht befreit, sondern besetzt\u201c f\u00fchlen. Sp\u00e4testens nach der Feststellung: \u201eDas n\u00e4hrt den bewaffneten Widerstand\u201c erwidern wir:<\/p>\n<p>Als Friedensbewegung m\u00fcssen wir sagen, was Sache ist!<\/p>\n<hr \/>\n<p><img data-recalc-dims=\"1\" loading=\"lazy\" decoding=\"async\" data-attachment-id=\"1076\" data-permalink=\"https:\/\/www.freidenker.org\/?attachment_id=1076\" data-orig-file=\"https:\/\/i0.wp.com\/www.freidenker.org\/fw17\/wp-content\/uploads\/2017\/10\/pdf_icon-2.png?fit=32%2C32&amp;ssl=1\" data-orig-size=\"32,32\" data-comments-opened=\"0\" data-image-meta=\"{&quot;aperture&quot;:&quot;0&quot;,&quot;credit&quot;:&quot;&quot;,&quot;camera&quot;:&quot;&quot;,&quot;caption&quot;:&quot;&quot;,&quot;created_timestamp&quot;:&quot;0&quot;,&quot;copyright&quot;:&quot;&quot;,&quot;focal_length&quot;:&quot;0&quot;,&quot;iso&quot;:&quot;0&quot;,&quot;shutter_speed&quot;:&quot;0&quot;,&quot;title&quot;:&quot;&quot;,&quot;orientation&quot;:&quot;0&quot;}\" data-image-title=\"pdf_icon\" data-image-description=\"\" data-image-caption=\"\" data-large-file=\"https:\/\/i0.wp.com\/www.freidenker.org\/fw17\/wp-content\/uploads\/2017\/10\/pdf_icon-2.png?fit=32%2C32&amp;ssl=1\" class=\"alignnone size-full wp-image-1076\" src=\"https:\/\/i0.wp.com\/www.freidenker.org\/fw17\/wp-content\/uploads\/2017\/10\/pdf_icon-2.png?resize=32%2C32&#038;ssl=1\" alt=\"\" width=\"32\" height=\"32\" \/> Den <a href=\"https:\/\/www.freidenker.org\/fw17\/wp-content\/uploads\/2017\/12\/afghanistanaufruf.pdf\" target=\"_blank\" rel=\"noopener\">vollst\u00e4ndigen Aufruf als PDF-Datei<\/a> gibt es hier(ca. 66 KB)<\/p>\n<hr \/>\n<p>Foto: Demonstration &#8222;Kein Soldat mehr! Dem Frieden eine Chance &#8211; Truppen raus aus Afghanistan!&#8220; am 20.2.2010 in Berlin<br \/>\nFotografiert von Hartmut Ihlefeldt, \u00a9 by arbeiterfotografie.com<\/p>\n","protected":false},"excerpt":{"rendered":"<p><strong>Erkl\u00e4rung des Deutschen Freidenker-Verbandes zur Demonstration am 20. Februar 2010 in Berlin<\/strong><br \/>\nDer Deutsche Freidenker-Verband unterst\u00fctzt die Proteste von Friedens- und Antikriegsintitativen f\u00fcr ein Ende des Krieges in Afghanistan. Die Freidenker unterst\u00fctzen den Appell an die Bundestagsabgeordneten: \u201eStimmen Sie mit Nein! Schicken Sie keine weiteren Truppen, sondern ziehen Sie diese ab!\u201c Den Forderungen des Demonstrations-Aufrufs \u201eWaffenstillstand, Truppenabzug und zivile Hilfe\u201c, schlie\u00dfen wir uns an. Aus unserer Sicht gen\u00fcgt es aber nicht, an allseits Bekanntes zu erinnern, dass n\u00e4mlich Soldaten \u201ekeine Entwicklungshelfer in Uniform\u201c sind, dass die \u201eBundeswehr t\u00f6tet\u201c, dass die Afghanen sich \u201enicht befreit, sondern besetzt\u201c f\u00fchlen. Sp\u00e4testens nach der Feststellung: \u201eDas n\u00e4hrt den bewaffneten Widerstand\u201c erwidern wir: Als Friedensbewegung m\u00fcssen wir sagen, was Sache ist!<\/p>\n","protected":false},"author":3,"featured_media":3980,"comment_status":"closed","ping_status":"closed","sticky":false,"template":"","format":"standard","meta":{"colormag_page_container_layout":"default_layout","colormag_page_sidebar_layout":"default_layout","advanced_seo_description":"","jetpack_seo_html_title":"","jetpack_seo_noindex":false,"jetpack_post_was_ever_published":false,"footnotes":""},"categories":[13,210],"tags":[823,411,335,43,649],"class_list":["post-3211","post","type-post","status-publish","format-standard","has-post-thumbnail","hentry","category-frieden-antifaschismus-solidaritaet","category-positionen","tag-afghanistan","tag-demonstration","tag-frieden","tag-friedensbewegung","tag-friedensgebot"],"jetpack_featured_media_url":"https:\/\/i0.wp.com\/www.freidenker.org\/fw17\/wp-content\/uploads\/2010\/02\/2010-02-20-hi-8485_800x445.jpg?fit=800%2C445&ssl=1","jetpack_shortlink":"https:\/\/wp.me\/p9stpK-PN","jetpack-related-posts":[{"id":2986,"url":"https:\/\/www.freidenker.org\/?p=2986","url_meta":{"origin":3211,"position":0},"title":"&#8222;Deutschland raus aus der NATO&#8220;: DFV-Weckruf an den Bundestag","author":"Webredaktion","date":"8. September 2015","format":false,"excerpt":"Interview von Klaus Hartmann, Bundesvorsitzender des Deutschen Freidenker-Verbandes, mit Sputnik Deutschland \"Deutschland raus aus der Nato, Nato raus aus Deutschland\" \u2013 fordert der Deutsche Freidenker-Verband in seinem Aufruf an die Bundestagsabgeordneten. Der Appell ist eine Reaktion auf den Nato-Konfrontationskurs gegen Russland, wie der DFV-Vorstand erkl\u00e4rt. Nach 1990 erlebte die Nato\u2026","rel":"","context":"In &quot;Frieden - Antifaschismus - Solidarit\u00e4t&quot;","block_context":{"text":"Frieden - Antifaschismus - Solidarit\u00e4t","link":"https:\/\/www.freidenker.org\/?cat=13"},"img":{"alt_text":"","src":"https:\/\/i0.wp.com\/www.freidenker.org\/fw17\/wp-content\/uploads\/2015\/09\/the-eleventh-hour-758726_800x445.jpg?fit=800%2C445&ssl=1&resize=350%2C200","width":350,"height":200,"srcset":"https:\/\/i0.wp.com\/www.freidenker.org\/fw17\/wp-content\/uploads\/2015\/09\/the-eleventh-hour-758726_800x445.jpg?fit=800%2C445&ssl=1&resize=350%2C200 1x, https:\/\/i0.wp.com\/www.freidenker.org\/fw17\/wp-content\/uploads\/2015\/09\/the-eleventh-hour-758726_800x445.jpg?fit=800%2C445&ssl=1&resize=525%2C300 1.5x, https:\/\/i0.wp.com\/www.freidenker.org\/fw17\/wp-content\/uploads\/2015\/09\/the-eleventh-hour-758726_800x445.jpg?fit=800%2C445&ssl=1&resize=700%2C400 2x"},"classes":[]},{"id":3225,"url":"https:\/\/www.freidenker.org\/?p=3225","url_meta":{"origin":3211,"position":1},"title":"Fuldaer Erkl\u00e4rung gegen den Krieg","author":"Webredaktion","date":"23. Dezember 2009","format":false,"excerpt":"Erkl\u00e4rung \"Truppenabzug jetzt! Frieden statt Krieg!\" des DGB-Kreisverbandes Fulda \"Im Oktober 2009 starb ein junger Mann aus der Region Fulda an den schweren Verletzungen, die er mehr als ein Jahr zuvor als Soldat in Afghanistan erlitten hatte. Wir sind best\u00fcrzt \u00fcber die steigende Zahl der Opfer, die der Krieg in\u2026","rel":"","context":"In &quot;Frieden - Antifaschismus - Solidarit\u00e4t&quot;","block_context":{"text":"Frieden - Antifaschismus - Solidarit\u00e4t","link":"https:\/\/www.freidenker.org\/?cat=13"},"img":{"alt_text":"","src":"https:\/\/i0.wp.com\/www.freidenker.org\/fw17\/wp-content\/uploads\/2009\/12\/Bundeswehr_in_Afghanistan_August_2011_800x445.jpg?fit=800%2C445&ssl=1&resize=350%2C200","width":350,"height":200,"srcset":"https:\/\/i0.wp.com\/www.freidenker.org\/fw17\/wp-content\/uploads\/2009\/12\/Bundeswehr_in_Afghanistan_August_2011_800x445.jpg?fit=800%2C445&ssl=1&resize=350%2C200 1x, https:\/\/i0.wp.com\/www.freidenker.org\/fw17\/wp-content\/uploads\/2009\/12\/Bundeswehr_in_Afghanistan_August_2011_800x445.jpg?fit=800%2C445&ssl=1&resize=525%2C300 1.5x, https:\/\/i0.wp.com\/www.freidenker.org\/fw17\/wp-content\/uploads\/2009\/12\/Bundeswehr_in_Afghanistan_August_2011_800x445.jpg?fit=800%2C445&ssl=1&resize=700%2C400 2x"},"classes":[]},{"id":2988,"url":"https:\/\/www.freidenker.org\/?p=2988","url_meta":{"origin":3211,"position":2},"title":"Freidenker-Brief 6-2015: Deutschland raus aus der NATO &#8211; NATO raus aus Deutschland","author":"Webredaktion","date":"27. August 2015","format":false,"excerpt":"W\u00e4hrend manche \"Institutionen\" der Friedensbewegung fortgesetzt die Diskussion \u201eWie weiter mit der Friedensbewegung?\u201c f\u00fchren, gibt es erfreulicherweise auch Friedenskr\u00e4fte, die angesichts der gef\u00e4hrlichen internationalen Entwicklung aktiv werden, die auf Aktionen und auf Klarheit dr\u00e4ngen: Einerseits die im \"AK Frieden \/ Internationales\" des Deutschen Freidenker-Verbandes erarbeitete programmatische Erkl\u00e4rung zu Fragen von\u2026","rel":"","context":"In &quot;Freidenker-Brief&quot;","block_context":{"text":"Freidenker-Brief","link":"https:\/\/www.freidenker.org\/?cat=341"},"img":{"alt_text":"","src":"https:\/\/i0.wp.com\/www.freidenker.org\/fw17\/wp-content\/uploads\/2015\/08\/Global_Hawk_800x445_mLogo.jpg?fit=800%2C445&ssl=1&resize=350%2C200","width":350,"height":200,"srcset":"https:\/\/i0.wp.com\/www.freidenker.org\/fw17\/wp-content\/uploads\/2015\/08\/Global_Hawk_800x445_mLogo.jpg?fit=800%2C445&ssl=1&resize=350%2C200 1x, https:\/\/i0.wp.com\/www.freidenker.org\/fw17\/wp-content\/uploads\/2015\/08\/Global_Hawk_800x445_mLogo.jpg?fit=800%2C445&ssl=1&resize=525%2C300 1.5x, https:\/\/i0.wp.com\/www.freidenker.org\/fw17\/wp-content\/uploads\/2015\/08\/Global_Hawk_800x445_mLogo.jpg?fit=800%2C445&ssl=1&resize=700%2C400 2x"},"classes":[]},{"id":3221,"url":"https:\/\/www.freidenker.org\/?p=3221","url_meta":{"origin":3211,"position":3},"title":"Aktiv werden gegen NATO-Kriegspolitik!","author":"Webredaktion","date":"29. Dezember 2009","format":false,"excerpt":"Die Freidenker unterst\u00fctzten den aktuellen Aufruf des Aktionsb\u00fcndnisses Gegen die Nato-Sicherheitskonferenz 2010. Darin hei\u00dft es: Den Regierungsmitgliedern der NATO-Staaten, den Milit\u00e4rs, Kriegsstrategen und R\u00fcstungslobbyisten, die sich allj\u00e4hrlich zur so genannten Sicherheitskonferenz in M\u00fcnchen treffen, ist eines gemeinsam: Sie sind mit verantwortlich f\u00fcr die v\u00f6lkerrechtswidrigen Kriege gegen Jugoslawien, gegen den Irak\u2026","rel":"","context":"In &quot;Frieden - Antifaschismus - Solidarit\u00e4t&quot;","block_context":{"text":"Frieden - Antifaschismus - Solidarit\u00e4t","link":"https:\/\/www.freidenker.org\/?cat=13"},"img":{"alt_text":"","src":"https:\/\/i0.wp.com\/www.freidenker.org\/fw17\/wp-content\/uploads\/2009\/12\/2010-02-06-wr-8048_800x445.jpg?fit=800%2C445&ssl=1&resize=350%2C200","width":350,"height":200,"srcset":"https:\/\/i0.wp.com\/www.freidenker.org\/fw17\/wp-content\/uploads\/2009\/12\/2010-02-06-wr-8048_800x445.jpg?fit=800%2C445&ssl=1&resize=350%2C200 1x, https:\/\/i0.wp.com\/www.freidenker.org\/fw17\/wp-content\/uploads\/2009\/12\/2010-02-06-wr-8048_800x445.jpg?fit=800%2C445&ssl=1&resize=525%2C300 1.5x, https:\/\/i0.wp.com\/www.freidenker.org\/fw17\/wp-content\/uploads\/2009\/12\/2010-02-06-wr-8048_800x445.jpg?fit=800%2C445&ssl=1&resize=700%2C400 2x"},"classes":[]},{"id":7120,"url":"https:\/\/www.freidenker.org\/?p=7120","url_meta":{"origin":3211,"position":4},"title":"Debatte um die Verbannung der US-Kriegsmaschinerie kommt in den Bundestag","author":"Webredaktion","date":"30. Oktober 2019","format":false,"excerpt":"Beitrag von Anneliese Fikentscher und Andreas Neumann Das ist als beachtlicher Erfolg zu werten: zum ersten Mal wird im Deutschen Bundestag der \"Vertrag \u00fcber den Aufenthalt ausl\u00e4ndischer Streitkr\u00e4fte in der Bundesrepublik\" (Truppenstationierungsvertrag) und dessen K\u00fcndigungsm\u00f6glichkeit in die Debatte eingebracht. Dies geschieht durch den Antrag \"Abzug der US-Soldaten aus Deutschland \"\u2026","rel":"","context":"In &quot;Frieden - Antifaschismus - Solidarit\u00e4t&quot;","block_context":{"text":"Frieden - Antifaschismus - Solidarit\u00e4t","link":"https:\/\/www.freidenker.org\/?cat=13"},"img":{"alt_text":"","src":"https:\/\/i0.wp.com\/www.freidenker.org\/fw17\/wp-content\/uploads\/2019\/10\/us_air_800x445.jpg?fit=800%2C445&ssl=1&resize=350%2C200","width":350,"height":200,"srcset":"https:\/\/i0.wp.com\/www.freidenker.org\/fw17\/wp-content\/uploads\/2019\/10\/us_air_800x445.jpg?fit=800%2C445&ssl=1&resize=350%2C200 1x, https:\/\/i0.wp.com\/www.freidenker.org\/fw17\/wp-content\/uploads\/2019\/10\/us_air_800x445.jpg?fit=800%2C445&ssl=1&resize=525%2C300 1.5x, https:\/\/i0.wp.com\/www.freidenker.org\/fw17\/wp-content\/uploads\/2019\/10\/us_air_800x445.jpg?fit=800%2C445&ssl=1&resize=700%2C400 2x"},"classes":[]},{"id":6359,"url":"https:\/\/www.freidenker.org\/?p=6359","url_meta":{"origin":3211,"position":5},"title":"Gr\u00fcnes Licht f\u00fcr die Friedensbewegung","author":"Webredaktion","date":"12. Mai 2019","format":false,"excerpt":"Beitrag von Anneliese Fikentscher und Andreas Neumann Im Rahmen einer Debatte wird in einem Kommentar von \"H-J Schmidt\" dargelegt, dass der zwischen den beiden deutschen Staaten und den vier M\u00e4chten USA, Gro\u00dfbritannien, Frankreich und Sowjetunion abgeschlossene Zwei-plus-Vier-Vertrag mit den dazugeh\u00f6rigen (unver\u00f6ffentlichten) Protokollnotizen den Forderungen \"NATO raus!\" entgegen st\u00fcnde und sie\u2026","rel":"","context":"In &quot;Frieden - Antifaschismus - Solidarit\u00e4t&quot;","block_context":{"text":"Frieden - Antifaschismus - Solidarit\u00e4t","link":"https:\/\/www.freidenker.org\/?cat=13"},"img":{"alt_text":"","src":"https:\/\/i0.wp.com\/www.freidenker.org\/fw17\/wp-content\/uploads\/2019\/05\/gruenes-licht-24_800x445.jpg?fit=800%2C445&ssl=1&resize=350%2C200","width":350,"height":200,"srcset":"https:\/\/i0.wp.com\/www.freidenker.org\/fw17\/wp-content\/uploads\/2019\/05\/gruenes-licht-24_800x445.jpg?fit=800%2C445&ssl=1&resize=350%2C200 1x, https:\/\/i0.wp.com\/www.freidenker.org\/fw17\/wp-content\/uploads\/2019\/05\/gruenes-licht-24_800x445.jpg?fit=800%2C445&ssl=1&resize=525%2C300 1.5x, https:\/\/i0.wp.com\/www.freidenker.org\/fw17\/wp-content\/uploads\/2019\/05\/gruenes-licht-24_800x445.jpg?fit=800%2C445&ssl=1&resize=700%2C400 2x"},"classes":[]}],"_links":{"self":[{"href":"https:\/\/www.freidenker.org\/index.php?rest_route=\/wp\/v2\/posts\/3211","targetHints":{"allow":["GET"]}}],"collection":[{"href":"https:\/\/www.freidenker.org\/index.php?rest_route=\/wp\/v2\/posts"}],"about":[{"href":"https:\/\/www.freidenker.org\/index.php?rest_route=\/wp\/v2\/types\/post"}],"author":[{"embeddable":true,"href":"https:\/\/www.freidenker.org\/index.php?rest_route=\/wp\/v2\/users\/3"}],"replies":[{"embeddable":true,"href":"https:\/\/www.freidenker.org\/index.php?rest_route=%2Fwp%2Fv2%2Fcomments&post=3211"}],"version-history":[{"count":0,"href":"https:\/\/www.freidenker.org\/index.php?rest_route=\/wp\/v2\/posts\/3211\/revisions"}],"wp:featuredmedia":[{"embeddable":true,"href":"https:\/\/www.freidenker.org\/index.php?rest_route=\/wp\/v2\/media\/3980"}],"wp:attachment":[{"href":"https:\/\/www.freidenker.org\/index.php?rest_route=%2Fwp%2Fv2%2Fmedia&parent=3211"}],"wp:term":[{"taxonomy":"category","embeddable":true,"href":"https:\/\/www.freidenker.org\/index.php?rest_route=%2Fwp%2Fv2%2Fcategories&post=3211"},{"taxonomy":"post_tag","embeddable":true,"href":"https:\/\/www.freidenker.org\/index.php?rest_route=%2Fwp%2Fv2%2Ftags&post=3211"}],"curies":[{"name":"wp","href":"https:\/\/api.w.org\/{rel}","templated":true}]}}