{"id":3208,"date":"2010-03-18T02:03:34","date_gmt":"2010-03-18T01:03:34","guid":{"rendered":"http:\/\/www.freidenker.org\/?p=3208"},"modified":"2018-02-14T21:51:38","modified_gmt":"2018-02-14T20:51:38","slug":"priesterlicher-missbrauch-erklaerung-des-dfv","status":"publish","type":"post","link":"https:\/\/www.freidenker.org\/?p=3208","title":{"rendered":"Priesterlicher Missbrauch &#8211; Erkl\u00e4rung des DFV"},"content":{"rendered":"<p>Erkl\u00e4rung der Tagung des Verbandsvorstandes am 14. M\u00e4rz 2010 in Magdeburg<\/p>\n<p><strong>\u201eLasset die Kindlein zu mir kommen\u201c:<br \/>\n<\/strong><\/p>\n<h2><strong>Scheinheilige Hirten<\/strong><\/h2>\n<p>Der Deutsche Freidenker-Verband verurteilt in sch\u00e4rfster Form die massenhaften Vergehen und Straftaten, die von W\u00fcrdentr\u00e4gern insbesondere der Katholischen Kirche gegen junge Menschen begangen wurden.<\/p>\n<p>Erst durch Einzelbeispiele, die mehr oder weniger zuf\u00e4llig an die \u00d6ffentlichkeit kamen, wurde eine Lawine von Enth\u00fcllungen ins Rollen gebracht, die ein unerh\u00f6rtes Ausma\u00df von Gewalt und sexuellem Missbrauch offenlegt. Diese sind seit Langem in kirchlichen Institutionen und klerikalen Bildungseinrichtungen an der Tagesordnung.<\/p>\n<p>Unter Missbrauch des Vertrauens von Eltern und Kindern wurde mit psychischem Druck und Angst vor Strafen die Hinnahme sexueller N\u00f6tigung und entw\u00fcrdigender Dem\u00fctigung erzwungen und zugleich die umfassende Aufkl\u00e4rung der Zust\u00e4nde unterbunden. Die f\u00fcr strafw\u00fcrdige Handlungen Verantwortlichen m\u00fcssen zur Rechenschaft gezogen werden.<\/p>\n<p>Wir fordern die schonungslose Aufkl\u00e4rung jedes Einzelfalls unabh\u00e4ngig vom jeweiligen Zeitpunkt und einer eventuell eingetretenen strafrechtlichen Verj\u00e4hrung. Die Ermittlungen sind von Anfang an ausschlie\u00dflich Aufgabe der zust\u00e4ndigen Staatsanwaltschaften. Die Praxis, zun\u00e4chst \u201einterne Untersuchungen\u201c anzustellen, und dann \u201egegebenenfalls\u201c die staatlichen Stellen zu informieren, ist genauso abwegig und inakzeptabel, wie wenn Bank\u00fcberf\u00e4lle zuerst durch die Bankr\u00e4ubervereinigung gepr\u00fcft w\u00fcrden oder f\u00fcr Mordermittlungen zun\u00e4chst die Mafia zust\u00e4ndig w\u00e4re.<\/p>\n<p>Der Deutsche Freidenker-Verband fordert auch eine strafrechtliche Untersuchung, ob das Geheimschreiben \u201eDe delictis gravioribus\u201c von Papa Ratzinger aus dem Jahr 2001, das die \u201eausschlie\u00dfliche Kompetenz des Vatikans\u201c in P\u00e4dophilief\u00e4llen (!) betont und alle Bisch\u00f6fe unter Strafe der Exkommunikation aufgefordert, alle Missbrauchsf\u00e4lle ausschlie\u00dflich und nur an den Vatikan zu melden, die Tatbest\u00e4nde der Vertuschung, Strafvereitelung, Beg\u00fcnstigung im Amte, Rechtsbeugung, Verleitung von Untergebenen zu strafbaren Handlungen und Behinderung der Justiz erf\u00fcllt.<\/p>\n<p>Der Deutsche Freidenker-Verband unterst\u00fctzt die Forderung, dass die Opfer durch Leistungen der Kirchen entsch\u00e4digt werden m\u00fcssen.<\/p>\n<p>Der Skandal wirft ein bezeichnendes Licht auf den Monopolanspruch der Kirchen auf Ethik, Moral sowie die sogenannte christlich-abendl\u00e4ndische Werteerziehung.<\/p>\n<p>Die damit einhergehende Diskriminierung konfessionsfreier Menschen belegt die staatliche Praxis, Sch\u00fclerinnen und Sch\u00fcler, die sich vom religi\u00f6sen Bekenntnisunterricht abmelden, zum Besuch eines Ersatzunterrichts zu verpflichten, da sie der ethisch-moralischen Nachhilfe bed\u00fcrftig erachtet werden.<\/p>\n<p>Die demagogische Behauptung der Kirche, dass angeblich ein totaler Werteverlust bei den Menschen eingetreten sei, weil ihre Bindung an die Kirchen rapide abnimmt, ist besonders frivol, da nach dieser Logik die kirchliche Bindung ihres eigenen Personal ja besonders locker sein muss.<\/p>\n<p>Der Deutsche Freidenker-Verband protestiert gegen die unversch\u00e4mte Feststellung von Merkw\u00fcrden Mixa, wonach die sexuelle Revolution f\u00fcr die Missbrauchsf\u00e4lle in der katholischen Kirche mitverantwortlich sei. Mixa, der sich als oberster Milit\u00e4rbischof des Landes um die Kampfmoral der Afghanistan-Krieger ebenso sorgt wie um die Geburtenrate der deutschen Mutter, will vermutlich mitteilen, dass die sexuelle Revolution besonders unter seinesgleichen wie eine Bombe eingeschlagen hat.<\/p>\n<p>Bis zum Beweis des Gegenteils gehen wir weiter davon aus, dass die mittels Z\u00f6libat zur Enthaltsamkeit Verpflichteten einfach aufgrund der verklemmten, scheinheiligen Sexualmoral der Mutter Kirche zu ihren Eskapaden getrieben werden.<\/p>\n<p>Zu dieser Skandalchronik geh\u00f6rt auch das Kapitel der Priesterkinder, zu den sich ihre V\u00e4ter nicht bekennen d\u00fcrfen, und f\u00fcr deren lebenslange Kontaktsperre die M\u00fctter von der Kirche Alimente und Schweigegeld beziehen.<\/p>\n<p>Die Abgabe des staatlichen Bildungsauftrags an private, vor allem kirchliche Institutionen f\u00fchrt zur Zerst\u00f6rung eines einheitlichen Bildungssystems und beg\u00fcnstigt den Machtmissbrauch.<\/p>\n<ul>\n<li>Die ernsten Verbrechen der Gottesm\u00e4nner gegen die Menschenrechte und die Menschenw\u00fcrde machen die Konsequenz \u00fcberf\u00e4llig, den rechtlichen Sonderstatus der Kirchen generell aufzuheben.<\/li>\n<li>\u00a0Die Sonderbeziehung von Staat und Kirche leisten dem institutionellen klerikalen Machtmissbrauch Vorschub.<\/li>\n<li>\u00a0Die Privilegierung der Kirchen bedeutet die Diskriminierung konfessionsfreier Menschen.<\/li>\n<li>\u00a0Die strikte Trennung von Staat und Kirche sowie Kirche und Schule geh\u00f6rt wieder auf die Tagesordnung.<\/li>\n<li>\u00a0Keine rechtsfreien R\u00e4ume f\u00fcr Kleriker, Arbeits- und Tarifrecht auch in kirchlichen Einrichtungen, Kirchen raus aus dem Bildungswesen, Abschaffung der \u201eMilit\u00e4rseelsorge\u201c!<\/li>\n<\/ul>\n<p>&nbsp;<\/p>\n<hr \/>\n<p><img data-recalc-dims=\"1\" loading=\"lazy\" decoding=\"async\" data-attachment-id=\"1076\" data-permalink=\"https:\/\/www.freidenker.org\/?attachment_id=1076\" data-orig-file=\"https:\/\/i0.wp.com\/www.freidenker.org\/fw17\/wp-content\/uploads\/2017\/10\/pdf_icon-2.png?fit=32%2C32&amp;ssl=1\" data-orig-size=\"32,32\" data-comments-opened=\"0\" data-image-meta=\"{&quot;aperture&quot;:&quot;0&quot;,&quot;credit&quot;:&quot;&quot;,&quot;camera&quot;:&quot;&quot;,&quot;caption&quot;:&quot;&quot;,&quot;created_timestamp&quot;:&quot;0&quot;,&quot;copyright&quot;:&quot;&quot;,&quot;focal_length&quot;:&quot;0&quot;,&quot;iso&quot;:&quot;0&quot;,&quot;shutter_speed&quot;:&quot;0&quot;,&quot;title&quot;:&quot;&quot;,&quot;orientation&quot;:&quot;0&quot;}\" data-image-title=\"pdf_icon\" data-image-description=\"\" data-image-caption=\"\" data-large-file=\"https:\/\/i0.wp.com\/www.freidenker.org\/fw17\/wp-content\/uploads\/2017\/10\/pdf_icon-2.png?fit=32%2C32&amp;ssl=1\" class=\"alignnone size-full wp-image-1076\" src=\"https:\/\/i0.wp.com\/www.freidenker.org\/fw17\/wp-content\/uploads\/2017\/10\/pdf_icon-2.png?resize=32%2C32&#038;ssl=1\" alt=\"\" width=\"32\" height=\"32\" \/>\u00a0<a href=\"https:\/\/www.freidenker.org\/fw17\/wp-content\/uploads\/2017\/12\/priesterlicher_missbrauch.pdf\" target=\"_blank\" rel=\"noopener\">Download der Erkl\u00e4rung<\/a> (ca. 540 KB)<\/p>\n<hr \/>\n<p>Bild: pixabay.com \/ User: Alexas_Fotos<\/p>\n","protected":false},"excerpt":{"rendered":"<p><strong>Erkl\u00e4rung der Tagung des Verbandsvorstandes am 14. M\u00e4rz 2010 in Magdeburg<\/strong><br \/>\nDer Deutsche Freidenker-Verband verurteilt in sch\u00e4rfster Form die massenhaften Vergehen und Straftaten, die von W\u00fcrdentr\u00e4gern insbesondere der Katholischen Kirche gegen junge Menschen begangen wurden. Erst durch Einzelbeispiele, die mehr oder weniger zuf\u00e4llig an die \u00d6ffentlichkeit kamen, wurde eine Lawine von Enth\u00fcllungen ins Rollen gebracht, die ein unerh\u00f6rtes Ausma\u00df von Gewalt und sexuellem Missbrauch offenlegt. Diese sind seit Langem in kirchlichen Institutionen und klerikalen Bildungseinrichtungen an der Tagesordnung.<\/p>\n","protected":false},"author":3,"featured_media":3978,"comment_status":"closed","ping_status":"closed","sticky":false,"template":"","format":"standard","meta":{"colormag_page_container_layout":"default_layout","colormag_page_sidebar_layout":"default_layout","advanced_seo_description":"","jetpack_seo_html_title":"","jetpack_seo_noindex":false,"jetpack_post_was_ever_published":false,"footnotes":""},"categories":[210,15],"tags":[778,388,575,563,576,827,826],"class_list":["post-3208","post","type-post","status-publish","format-standard","has-post-thumbnail","hentry","category-positionen","category-religions-kirchenkritik","tag-ethik-und-moral","tag-katholische-kirche","tag-kindesmissbrauch","tag-menschenrechte","tag-missbrauchsskandale","tag-werteverlust","tag-zoelibat"],"jetpack_featured_media_url":"https:\/\/i0.wp.com\/www.freidenker.org\/fw17\/wp-content\/uploads\/2010\/03\/child-1154951_800x445.jpg?fit=800%2C445&ssl=1","jetpack_shortlink":"https:\/\/wp.me\/p9stpK-PK","jetpack-related-posts":[{"id":752,"url":"https:\/\/www.freidenker.org\/?p=752","url_meta":{"origin":3208,"position":0},"title":"FREIDENKER 4-11 &#8211; &#8222;Antizionismus&#8220; = &#8222;Antisemitismus&#8220;?","author":"Webmaster","date":"16. Dezember 2011","format":false,"excerpt":"Die Ausgabe 4-11 des Verbandsorgans FREIDENKER hat das Schwerpunkt-Thema \u201eAntizionismus = Antisemitismus?\u201c und enth\u00e4lt u.a folgende Beitr\u00e4ge: Susanne Witt-Stahl: \u201eSieg oder Holocaust\u201c - Evelyn Hecht-Galinski: Holocaust-Missbrauch f\u00fcr Kriegsdrohung gegen Iran - Jan Bretschneider: Antizionismus = Antisemitismus? Versuch einer Kl\u00e4rung - Klaus von Raussendorff: Judentum \u2013 Judaismus \u2013 Zionismus \u2013 Israel\u2026","rel":"","context":"In &quot;Verbandsorgan FREIDENKER&quot;","block_context":{"text":"Verbandsorgan FREIDENKER","link":"https:\/\/www.freidenker.org\/?cat=8"},"img":{"alt_text":"","src":"https:\/\/i0.wp.com\/www.freidenker.org\/fw17\/wp-content\/uploads\/2017\/12\/FD_2011-04_Titel_mR.jpg?fit=800%2C445&ssl=1&resize=350%2C200","width":350,"height":200,"srcset":"https:\/\/i0.wp.com\/www.freidenker.org\/fw17\/wp-content\/uploads\/2017\/12\/FD_2011-04_Titel_mR.jpg?fit=800%2C445&ssl=1&resize=350%2C200 1x, https:\/\/i0.wp.com\/www.freidenker.org\/fw17\/wp-content\/uploads\/2017\/12\/FD_2011-04_Titel_mR.jpg?fit=800%2C445&ssl=1&resize=525%2C300 1.5x, https:\/\/i0.wp.com\/www.freidenker.org\/fw17\/wp-content\/uploads\/2017\/12\/FD_2011-04_Titel_mR.jpg?fit=800%2C445&ssl=1&resize=700%2C400 2x"},"classes":[]},{"id":5036,"url":"https:\/\/www.freidenker.org\/?p=5036","url_meta":{"origin":3208,"position":1},"title":"Gottesstaat Bayern: Nur S\u00f6der ist bl\u00f6der","author":"Webredaktion","date":"26. April 2018","format":false,"excerpt":"Wie verschiedene Medien meldeten, hat der wahlk\u00e4mpfende Gotteskrieger S\u00f6der sofort nach der Sitzung des Bayerischen Ministerrates am 24. April 2018 ein Kreuz in der Staatskanzlei aufgeh\u00e4ngt. Kreuzzug aktuell: Ab 1. Juni 2018 Pflicht in allen Beh\u00f6rden der k\u00f6niglich-bayerischen Staatsverwaltung: Ein Kreuz. \"Das Kreuz ist nicht ein Zeichen einer Religion\", wird\u2026","rel":"","context":"In &quot;Religions- &amp; Kirchenkritik, S\u00e4kulare Szene&quot;","block_context":{"text":"Religions- &amp; Kirchenkritik, S\u00e4kulare Szene","link":"https:\/\/www.freidenker.org\/?cat=15"},"img":{"alt_text":"","src":"https:\/\/i0.wp.com\/www.freidenker.org\/fw17\/wp-content\/uploads\/2018\/04\/Bayern_kreuz.jpg?fit=800%2C445&ssl=1&resize=350%2C200","width":350,"height":200,"srcset":"https:\/\/i0.wp.com\/www.freidenker.org\/fw17\/wp-content\/uploads\/2018\/04\/Bayern_kreuz.jpg?fit=800%2C445&ssl=1&resize=350%2C200 1x, https:\/\/i0.wp.com\/www.freidenker.org\/fw17\/wp-content\/uploads\/2018\/04\/Bayern_kreuz.jpg?fit=800%2C445&ssl=1&resize=525%2C300 1.5x, https:\/\/i0.wp.com\/www.freidenker.org\/fw17\/wp-content\/uploads\/2018\/04\/Bayern_kreuz.jpg?fit=800%2C445&ssl=1&resize=700%2C400 2x"},"classes":[]},{"id":22342,"url":"https:\/\/www.freidenker.org\/?p=22342","url_meta":{"origin":3208,"position":2},"title":"F\u00fcr die Trennung von Staat und Kirche, Kirche und Schule sowie den Dialog mit religi\u00f6sen Menschen","author":"Webredaktion","date":"9. Juli 2025","format":false,"excerpt":"Neu herausgegeben: Das aktualisierte Forderungsprogramm\u00a0des Deutschen Freidenker-Verbandes\u00a0zum Verh\u00e4ltnis Staat - Kirche auf der Grundlage der Berliner Erkl\u00e4rung von 1994 und mit Ausz\u00fcgen aus den Thesen zur Religion [Aus dem Editorial:] Die Forderung nach strikter Trennung von Staat und Kirche ist eine fundamentale For\u00adderung der europ\u00e4ischen Aufkl\u00e4rung, von deren Verwirklichung in\u2026","rel":"","context":"In &quot;Aktuelles&quot;","block_context":{"text":"Aktuelles","link":"https:\/\/www.freidenker.org\/?cat=574"},"img":{"alt_text":"","src":"https:\/\/i0.wp.com\/www.freidenker.org\/fw17\/wp-content\/uploads\/2025\/07\/Broschuere_Trennung_Staat_Kirche_800x450.jpg?fit=800%2C453&ssl=1&resize=350%2C200","width":350,"height":200,"srcset":"https:\/\/i0.wp.com\/www.freidenker.org\/fw17\/wp-content\/uploads\/2025\/07\/Broschuere_Trennung_Staat_Kirche_800x450.jpg?fit=800%2C453&ssl=1&resize=350%2C200 1x, https:\/\/i0.wp.com\/www.freidenker.org\/fw17\/wp-content\/uploads\/2025\/07\/Broschuere_Trennung_Staat_Kirche_800x450.jpg?fit=800%2C453&ssl=1&resize=525%2C300 1.5x, https:\/\/i0.wp.com\/www.freidenker.org\/fw17\/wp-content\/uploads\/2025\/07\/Broschuere_Trennung_Staat_Kirche_800x450.jpg?fit=800%2C453&ssl=1&resize=700%2C400 2x"},"classes":[]},{"id":692,"url":"https:\/\/www.freidenker.org\/?p=692","url_meta":{"origin":3208,"position":3},"title":"Katholische Kirche und die Missbrauchsskandale","author":"Webmaster","date":"17. M\u00e4rz 2013","format":false,"excerpt":"Beitrag von Dennis Riehle aus FREIDENKER 1-13 Dass der Vatikan es nicht so ernst mit der Aufkl\u00e4rung der weltweiten Missbrauchsskandale durch die eigenen Bisch\u00f6fe und Priester nimmt, hat nicht zuletzt der Austausch des dortigen Beauftragten gezeigt, der den oberen Kirchenh\u00fctern in seiner Arbeit offenbar zu engagiert schien und Tatsachen zutage\u2026","rel":"","context":"In &quot;Religions- &amp; Kirchenkritik, S\u00e4kulare Szene&quot;","block_context":{"text":"Religions- &amp; Kirchenkritik, S\u00e4kulare Szene","link":"https:\/\/www.freidenker.org\/?cat=15"},"img":{"alt_text":"","src":"https:\/\/i0.wp.com\/www.freidenker.org\/fw17\/wp-content\/uploads\/2016\/08\/Rosenkranz.jpg?fit=800%2C445&ssl=1&resize=350%2C200","width":350,"height":200,"srcset":"https:\/\/i0.wp.com\/www.freidenker.org\/fw17\/wp-content\/uploads\/2016\/08\/Rosenkranz.jpg?fit=800%2C445&ssl=1&resize=350%2C200 1x, https:\/\/i0.wp.com\/www.freidenker.org\/fw17\/wp-content\/uploads\/2016\/08\/Rosenkranz.jpg?fit=800%2C445&ssl=1&resize=525%2C300 1.5x, https:\/\/i0.wp.com\/www.freidenker.org\/fw17\/wp-content\/uploads\/2016\/08\/Rosenkranz.jpg?fit=800%2C445&ssl=1&resize=700%2C400 2x"},"classes":[]},{"id":11987,"url":"https:\/\/www.freidenker.org\/?p=11987","url_meta":{"origin":3208,"position":4},"title":"Missbrauchsskandal und Kollateralschaden","author":"Webredaktion","date":"14. Januar 2022","format":false,"excerpt":"Beitrag von Dagmar Henn In wenigen Tagen soll ein neues Gutachten zu sexuellem Missbrauch im katholischen Erzbistum M\u00fcnchen und Freising vorgestellt werden. Seit dem Jahr 2010, also bereits seit \u00fcber zehn Jahren, wird insbesondere die katholische Kirche dieses Thema nicht mehr los. Es hat ihr einen gravierenden Einflussverlust beschert. Dass\u2026","rel":"","context":"In &quot;Religions- &amp; Kirchenkritik, S\u00e4kulare Szene&quot;","block_context":{"text":"Religions- &amp; Kirchenkritik, S\u00e4kulare Szene","link":"https:\/\/www.freidenker.org\/?cat=15"},"img":{"alt_text":"","src":"https:\/\/i0.wp.com\/www.freidenker.org\/fw17\/wp-content\/uploads\/2022\/01\/church-4019523_800x450.jpg?fit=800%2C450&ssl=1&resize=350%2C200","width":350,"height":200,"srcset":"https:\/\/i0.wp.com\/www.freidenker.org\/fw17\/wp-content\/uploads\/2022\/01\/church-4019523_800x450.jpg?fit=800%2C450&ssl=1&resize=350%2C200 1x, https:\/\/i0.wp.com\/www.freidenker.org\/fw17\/wp-content\/uploads\/2022\/01\/church-4019523_800x450.jpg?fit=800%2C450&ssl=1&resize=525%2C300 1.5x, https:\/\/i0.wp.com\/www.freidenker.org\/fw17\/wp-content\/uploads\/2022\/01\/church-4019523_800x450.jpg?fit=800%2C450&ssl=1&resize=700%2C400 2x"},"classes":[]},{"id":9592,"url":"https:\/\/www.freidenker.org\/?p=9592","url_meta":{"origin":3208,"position":5},"title":"US-Medienbericht: Deutsche Nonnen &#8222;vermieteten&#8220; Waisenkinder f\u00fcr Orgien","author":"Webredaktion","date":"17. Februar 2021","format":false,"excerpt":"Beitrag von RT DE Die katholische Erzdi\u00f6zese in K\u00f6ln steht schon seit L\u00e4ngerem schwer in der Kritik. 2020 sollte ein\u00a0Gutachten der M\u00fcnchner Anwaltskanzlei Westpfahl Spilker Wastl zu Missbrauchsvorw\u00fcrfen erscheinen, die zum Teil Jahrzehnte zur\u00fcckreichen. In Auftrag gegeben wurde\u00a0das\u00a0Gutachten vom K\u00f6lner Erzbischof Rainer Maria Woelki.\u00a0Der Bericht sollte untersuchen, wie Bistumsverantwortliche in\u2026","rel":"","context":"In &quot;Religions- &amp; Kirchenkritik, S\u00e4kulare Szene&quot;","block_context":{"text":"Religions- &amp; Kirchenkritik, S\u00e4kulare Szene","link":"https:\/\/www.freidenker.org\/?cat=15"},"img":{"alt_text":"","src":"https:\/\/i0.wp.com\/www.freidenker.org\/fw17\/wp-content\/uploads\/2021\/02\/boy-1636731_800x450.jpg?fit=800%2C450&ssl=1&resize=350%2C200","width":350,"height":200,"srcset":"https:\/\/i0.wp.com\/www.freidenker.org\/fw17\/wp-content\/uploads\/2021\/02\/boy-1636731_800x450.jpg?fit=800%2C450&ssl=1&resize=350%2C200 1x, https:\/\/i0.wp.com\/www.freidenker.org\/fw17\/wp-content\/uploads\/2021\/02\/boy-1636731_800x450.jpg?fit=800%2C450&ssl=1&resize=525%2C300 1.5x, https:\/\/i0.wp.com\/www.freidenker.org\/fw17\/wp-content\/uploads\/2021\/02\/boy-1636731_800x450.jpg?fit=800%2C450&ssl=1&resize=700%2C400 2x"},"classes":[]}],"_links":{"self":[{"href":"https:\/\/www.freidenker.org\/index.php?rest_route=\/wp\/v2\/posts\/3208","targetHints":{"allow":["GET"]}}],"collection":[{"href":"https:\/\/www.freidenker.org\/index.php?rest_route=\/wp\/v2\/posts"}],"about":[{"href":"https:\/\/www.freidenker.org\/index.php?rest_route=\/wp\/v2\/types\/post"}],"author":[{"embeddable":true,"href":"https:\/\/www.freidenker.org\/index.php?rest_route=\/wp\/v2\/users\/3"}],"replies":[{"embeddable":true,"href":"https:\/\/www.freidenker.org\/index.php?rest_route=%2Fwp%2Fv2%2Fcomments&post=3208"}],"version-history":[{"count":0,"href":"https:\/\/www.freidenker.org\/index.php?rest_route=\/wp\/v2\/posts\/3208\/revisions"}],"wp:featuredmedia":[{"embeddable":true,"href":"https:\/\/www.freidenker.org\/index.php?rest_route=\/wp\/v2\/media\/3978"}],"wp:attachment":[{"href":"https:\/\/www.freidenker.org\/index.php?rest_route=%2Fwp%2Fv2%2Fmedia&parent=3208"}],"wp:term":[{"taxonomy":"category","embeddable":true,"href":"https:\/\/www.freidenker.org\/index.php?rest_route=%2Fwp%2Fv2%2Fcategories&post=3208"},{"taxonomy":"post_tag","embeddable":true,"href":"https:\/\/www.freidenker.org\/index.php?rest_route=%2Fwp%2Fv2%2Ftags&post=3208"}],"curies":[{"name":"wp","href":"https:\/\/api.w.org\/{rel}","templated":true}]}}