{"id":3196,"date":"2010-08-23T01:17:46","date_gmt":"2010-08-22T23:17:46","guid":{"rendered":"http:\/\/www.freidenker.org\/?p=3196"},"modified":"2018-02-18T19:16:44","modified_gmt":"2018-02-18T18:16:44","slug":"unterschriftenaktion-den-krieg-gegen-iran-verhindern","status":"publish","type":"post","link":"https:\/\/www.freidenker.org\/?p=3196","title":{"rendered":"Unterschriftenaktion: Den Krieg gegen Iran verhindern!"},"content":{"rendered":"<pre>Eine bundesweite Unterschriftenaktion der Antikriegsbewegung.<\/pre>\n<h2>Den Krieg gegen Iran verhindern<\/h2>\n<h4>Kriegstreiber stoppen, Sanktionen aufheben<\/h4>\n<p>Wir fordern von Bundestag und Bundesregierung<\/p>\n<ul>\n<li><strong>Stopp aller Sanktionen und sonstigen Kriegsvorbereitungen<\/strong><\/li>\n<li><strong>keine Beteiligung am milit\u00e4rischen Aufmarsch gegen den Iran<\/strong><\/li>\n<li><strong>sofortiger Abzug der Bundeswehr aus Afghanistan und dem gesamten Nahen und Mittleren Osten sowie Einstellung aller Waffenexporte<\/strong><\/li>\n<li><strong>Eintreten f\u00fcr die Geltung des Atomwaffensperrvertrages f\u00fcr alle L\u00e4nder und eine atomwaffenfreie Zone im Nahen und Mittleren Osten einschlie\u00dflich Iran und Israel<\/strong><\/li>\n<\/ul>\n<p>Nur so hat ein gerechter Frieden zwischen gleichberechtigten und souver\u00e4nen Staaten im Nahen und Mittleren Osten eine Chance<\/p>\n<hr \/>\n<h5>Download<\/h5>\n<p><img data-recalc-dims=\"1\" loading=\"lazy\" decoding=\"async\" data-attachment-id=\"1076\" data-permalink=\"https:\/\/www.freidenker.org\/?attachment_id=1076\" data-orig-file=\"https:\/\/i0.wp.com\/www.freidenker.org\/fw17\/wp-content\/uploads\/2017\/10\/pdf_icon-2.png?fit=32%2C32&amp;ssl=1\" data-orig-size=\"32,32\" data-comments-opened=\"0\" data-image-meta=\"{&quot;aperture&quot;:&quot;0&quot;,&quot;credit&quot;:&quot;&quot;,&quot;camera&quot;:&quot;&quot;,&quot;caption&quot;:&quot;&quot;,&quot;created_timestamp&quot;:&quot;0&quot;,&quot;copyright&quot;:&quot;&quot;,&quot;focal_length&quot;:&quot;0&quot;,&quot;iso&quot;:&quot;0&quot;,&quot;shutter_speed&quot;:&quot;0&quot;,&quot;title&quot;:&quot;&quot;,&quot;orientation&quot;:&quot;0&quot;}\" data-image-title=\"pdf_icon\" data-image-description=\"\" data-image-caption=\"\" data-large-file=\"https:\/\/i0.wp.com\/www.freidenker.org\/fw17\/wp-content\/uploads\/2017\/10\/pdf_icon-2.png?fit=32%2C32&amp;ssl=1\" class=\"alignnone size-full wp-image-1076\" src=\"https:\/\/i0.wp.com\/www.freidenker.org\/fw17\/wp-content\/uploads\/2017\/10\/pdf_icon-2.png?resize=32%2C32&#038;ssl=1\" alt=\"\" width=\"32\" height=\"32\" \/> <a href=\"https:\/\/www.freidenker.org\/fw17\/wp-content\/uploads\/2017\/12\/Iran_Aufruf_Flugi_fr_Unterschriftenaktion.pdf\" target=\"_blank\" rel=\"noopener\">Unterschriftenaktion &#8222;Den Krieg gegen Iran verhindern&#8220;<\/a> (PDF-Dokument, ca. 160 KB)<\/p>\n<hr \/>\n<h5>Liste der Erstrunterzeichnerinnen und Erstunterzeichner<\/h5>\n<table>\n<tbody>\n<tr>\n<td>\u00a0<strong>Name<\/strong><\/td>\n<td>\u00a0<strong>Beruf, Funktion, Wohnort<\/strong><\/td>\n<\/tr>\n<tr>\n<td>Erhard Arendt<\/td>\n<td>Das Pal\u00e4stina Portal, Dortmund<\/td>\n<\/tr>\n<tr>\n<td>Hans Bauer<\/td>\n<td>Rechtanwalt, Gesellschaft zur rechtlichen und humanit\u00e4ren Hilfe -GRH-, Berlin<\/td>\n<\/tr>\n<tr>\n<td>Dr. Johannes M. Becker<\/td>\n<td>Privatdozent, VS Arbeitskreis Marburger WissenschaftlerInnen f\u00fcr Friedens- und Abr\u00fcstungsforschung<\/td>\n<\/tr>\n<tr>\n<td>Christine Buchholz<\/td>\n<td>MdB, Friedenspolitische Sprecherin, DIE LINKE<\/td>\n<\/tr>\n<tr>\n<td>Elias Davidsson<\/td>\n<td>Komponist u. Musikp\u00e4dagoge, Bonn<\/td>\n<\/tr>\n<tr>\n<td>Hermann Dierkes<\/td>\n<td>Vors. d. Ratsfraktion DIE LINKE, Duisburg<\/td>\n<\/tr>\n<tr>\n<td>Annelies Fikentscher<\/td>\n<td>Bundesvorsitzende der Arbeiterfotografie, K\u00f6ln<\/td>\n<\/tr>\n<tr>\n<td>R\u00fcdiger G\u00f6bel<\/td>\n<td>Stellvertr. Chefredakteur, junge Welt, Berlin<\/td>\n<\/tr>\n<tr>\n<td>Andreas Gr\u00fcnwaldt<\/td>\n<td>Solidarit\u00e4t International\/N\u00fcrnberg<\/td>\n<\/tr>\n<tr>\n<td>Joachim Guilliard<\/td>\n<td>Heidelberger Forum gegen Militarismus und Krieg<\/td>\n<\/tr>\n<tr>\n<td>Heinz-W. Hammer<\/td>\n<td>Dipl.Soz.P\u00e4d., VS FG BRD-Kuba, Regionalgruppe Essen<\/td>\n<\/tr>\n<tr>\n<td>Klaus Hartmann<\/td>\n<td>Bundesvorsitzender des Deutschen Freidenker-Verbandes, Offenbach am Main<\/td>\n<\/tr>\n<tr>\n<td>Evelyn Hecht-Galinski<\/td>\n<td>Publizistin<\/td>\n<\/tr>\n<tr>\n<td>Inge H\u00f6ger<\/td>\n<td>MdB, Sprecherin f\u00fcr Abr\u00fcstungspolitik, DIE LINKE<\/td>\n<\/tr>\n<tr>\n<td>Matthias Jochheim<\/td>\n<td>Internationale \u00c4rzte f\u00fcr die Verh\u00fctung des Atomkrieges &#8211; IPPNW -, Frankfurt\/M<\/td>\n<\/tr>\n<tr>\n<td>Claudia Karas<\/td>\n<td>Pal\u00e4stina-Forum-Nahost\/Frankfurt\/M<\/td>\n<\/tr>\n<tr>\n<td>Dr. Sabine Kebir<\/td>\n<td>Publizistin, Islamexpertin, Berlin<\/td>\n<\/tr>\n<tr>\n<td>Dietrich Kittner<\/td>\n<td>Satiriker \u2013 Autor<\/td>\n<\/tr>\n<tr>\n<td>Christoph Kr\u00e4mer<\/td>\n<td>Internationale \u00c4rzte f\u00fcr die Verh\u00fctung des Atomkrieges &#8211; IPPNW, Deutsche Sektion, Helmstedt<\/td>\n<\/tr>\n<tr>\n<td>Wolfgang Kuhlmann<\/td>\n<td>FriedensTreiberAgentur &#8211; FTA &#8211; , D\u00fcsseldorf<\/td>\n<\/tr>\n<tr>\n<td>Hans-Peter Laubenthal<\/td>\n<td>Deutscher Friedensrat, Berlin<\/td>\n<\/tr>\n<tr>\n<td>Prof. Dr. Siegfried Mechler<\/td>\n<td>Ostdeutsches Kuratorium von Verb\u00e4nden, Berlin<\/td>\n<\/tr>\n<tr>\n<td>Knut Mellenthin<\/td>\n<td>Journalist, Hamburg<\/td>\n<\/tr>\n<tr>\n<td>Dr. Amir Mortasawi<\/td>\n<td>Arzt und Autor, G\u00f6ttingen<\/td>\n<\/tr>\n<tr>\n<td>Regine Naeckel<\/td>\n<td>Journalistin, Berlin<\/td>\n<\/tr>\n<tr>\n<td>Andreas Neumann<\/td>\n<td>Arbeiterfotografie, K\u00f6ln<\/td>\n<\/tr>\n<tr>\n<td>Prof. Dr. Norman Paech<\/td>\n<td>V\u00f6lkerrechtler\/Free Gaza Movement, Hamburg<\/td>\n<\/tr>\n<tr>\n<td>Doris Pumphrey<\/td>\n<td>Nahostkomitee in der Berliner Friko<\/td>\n<\/tr>\n<tr>\n<td>George Pumphrey<\/td>\n<td>Nahostkomitee in der Berliner Friko<\/td>\n<\/tr>\n<tr>\n<td>Klaus von Raussendorff<\/td>\n<td>Publizist, Bonn<\/td>\n<\/tr>\n<tr>\n<td>Prof. Dr. Wolfgang Richter<\/td>\n<td>Bundesvorsitzender der Gesellschaft zum Schutz von B\u00fcrgerrecht und Menschenw\u00fcrde &#8211; GBM &#8211;<\/td>\n<\/tr>\n<tr>\n<td>Ellen Rohlfs<\/td>\n<td>\u00dcbersetzerin u. Publizistin, Leer<\/td>\n<\/tr>\n<tr>\n<td>Rainer Rupp<\/td>\n<td>Journalist, Saarburg<\/td>\n<\/tr>\n<tr>\n<td>Dr. Sabine Schiffer<\/td>\n<td>Wissenschaftlerin und Publizistin<\/td>\n<\/tr>\n<tr>\n<td>Eberhard Schinck<\/td>\n<td>Stellvertr. Bundesvorsitzender, Deutscher Freidenker-Verband, Bad Feilnbach<\/td>\n<\/tr>\n<tr>\n<td>Claus Schreer<\/td>\n<td>M\u00fcnchner B\u00fcndnis gegen Krieg und Rassismus<\/td>\n<\/tr>\n<tr>\n<td>Helmut Semmelmann<\/td>\n<td>Europ\u00e4isches Friedensforum, Berlin<\/td>\n<\/tr>\n<tr>\n<td>Thomas Immanuel Steinberg<\/td>\n<td>SteinbergRecherche.com<\/td>\n<\/tr>\n<tr>\n<td>Prof. Dr. Malcolm Sylvers<\/td>\n<td>Historiker, Berlin<\/td>\n<\/tr>\n<tr>\n<td>Sahra Wagenknecht<\/td>\n<td>Stellvertr. Vorsitzende, DIE LINKE, Berlin<\/td>\n<\/tr>\n<tr>\n<td>Dr. Gabriele Weber<\/td>\n<td>\u00c4rztin, Netzwerkerin, &#8222;Cafe Palestine&#8220;, Freiburg<\/td>\n<\/tr>\n<tr>\n<td>Elke Zwinge-Makamizile<\/td>\n<td>FG BRD-Kuba, Berlin<\/td>\n<\/tr>\n<tr>\n<td><\/td>\n<td><\/td>\n<\/tr>\n<\/tbody>\n<\/table>\n<p>(Funktionsbezeichnung dient nur zur Identifikation)<\/p>\n<hr \/>\n<p>Foto: Iranische Flagge im Bergdorf Abyaneh im Iran<br \/>\nQuelle: Nick Taylor &#8211; https:\/\/www.flickr.com\/photos\/indigoprime\/2449051923\/, CC BY 2.0, https:\/\/commons.wikimedia.org\/w\/index.php?curid=4331984<\/p>\n","protected":false},"excerpt":{"rendered":"<p><strong>Unterschriftenaktion &#8222;Den Krieg gegen Iran verhindern &#8211; Kriegstreiber stoppen, Sanktionen aufheben&#8220;<\/strong><br \/>\nWir fordern von Bundestag und Bundesregierung:<br \/>\n&#8211; Stopp aller Sanktionen und sonstigen Kriegsvorbereitungen<br \/>\n&#8211; keine Beteiligung am milit\u00e4rischen Aufmarsch gegen den Iran<br \/>\n&#8211; sofortiger Abzug der Bundeswehr aus Afghanistan und dem gesamten Nahen und Mittleren Osten sowie Einstellung aller Waffenexporte<br \/>\n&#8211; Eintreten f\u00fcr die Geltung des Atomwaffensperrvertrages f\u00fcr alle L\u00e4nder und eine atomwaffenfreie Zone im Nahen und Mittleren Osten einschlie\u00dflich Iran und Israel<\/p>\n","protected":false},"author":3,"featured_media":3974,"comment_status":"closed","ping_status":"closed","sticky":false,"template":"","format":"standard","meta":{"colormag_page_container_layout":"default_layout","colormag_page_sidebar_layout":"default_layout","advanced_seo_description":"","jetpack_seo_html_title":"","jetpack_seo_noindex":false,"jetpack_post_was_ever_published":false,"footnotes":""},"categories":[13,210],"tags":[823,824,688,660,57,719],"class_list":["post-3196","post","type-post","status-publish","format-standard","has-post-thumbnail","hentry","category-frieden-antifaschismus-solidaritaet","category-positionen","tag-afghanistan","tag-atomwaffensperrvertrag","tag-bundeswehr","tag-iran","tag-kriegsgefahr","tag-sanktionen"],"jetpack_featured_media_url":"https:\/\/i0.wp.com\/www.freidenker.org\/fw17\/wp-content\/uploads\/2010\/08\/Iran_flag_photo_800x445.jpg?fit=800%2C445&ssl=1","jetpack_shortlink":"https:\/\/wp.me\/p9stpK-Py","jetpack-related-posts":[{"id":24915,"url":"https:\/\/www.freidenker.org\/?p=24915","url_meta":{"origin":3196,"position":0},"title":"Im Fokus: Libanon, Syrien, Pal\u00e4stina, Iran","author":"Webredaktion","date":"19. April 2026","format":false,"excerpt":"Interview von Sabine Kebir mit Karin Leukefeld Im Gespr\u00e4ch mit Dr. Sabine Kebir erl\u00e4utert Nahostkorrespondentin Karin Leukefeld von den Medien unber\u00fccksichtigte Aspekte der eskalierenden politischen und humanit\u00e4ren Situation im Nahen Osten. Der Krieg gegen den Iran soll westliche Kontrolle \u00fcber den Nahen und Mittleren Osten von Afghanistan bis zum Atlantik\u2026","rel":"","context":"In &quot;Aktuelles&quot;","block_context":{"text":"Aktuelles","link":"https:\/\/www.freidenker.org\/?cat=574"},"img":{"alt_text":"","src":"https:\/\/i0.wp.com\/www.freidenker.org\/fw17\/wp-content\/uploads\/2026\/04\/kebir_leukefeld_im-fokus_800x450.jpg?fit=800%2C450&ssl=1&resize=350%2C200","width":350,"height":200,"srcset":"https:\/\/i0.wp.com\/www.freidenker.org\/fw17\/wp-content\/uploads\/2026\/04\/kebir_leukefeld_im-fokus_800x450.jpg?fit=800%2C450&ssl=1&resize=350%2C200 1x, https:\/\/i0.wp.com\/www.freidenker.org\/fw17\/wp-content\/uploads\/2026\/04\/kebir_leukefeld_im-fokus_800x450.jpg?fit=800%2C450&ssl=1&resize=525%2C300 1.5x, https:\/\/i0.wp.com\/www.freidenker.org\/fw17\/wp-content\/uploads\/2026\/04\/kebir_leukefeld_im-fokus_800x450.jpg?fit=800%2C450&ssl=1&resize=700%2C400 2x"},"classes":[]},{"id":3191,"url":"https:\/\/www.freidenker.org\/?p=3191","url_meta":{"origin":3196,"position":1},"title":"Den Krieg gegen Iran verhindern!","author":"Webredaktion","date":"13. September 2010","format":false,"excerpt":"Interview mit Klaus Hartmann aus: jW vom 03.09.2010 KH: Einen Schwerpunkt auf die Mobilisierung gegen den deutschen Kriegseinsatz in Afghanistan zu setzen, ist nicht verkehrt. Aber darf man dabei das st\u00e4ndige S\u00e4belrasseln der USA und Israels gegen Iran \u00fcbersehen oder bewu\u00dft ausblenden? Auch andere in der Friedensbewegung sind alarmiert, die\u2026","rel":"","context":"In &quot;Frieden - Antifaschismus - Solidarit\u00e4t&quot;","block_context":{"text":"Frieden - Antifaschismus - Solidarit\u00e4t","link":"https:\/\/www.freidenker.org\/?cat=13"},"img":{"alt_text":"","src":"https:\/\/i0.wp.com\/www.freidenker.org\/fw17\/wp-content\/uploads\/2010\/09\/globe-1029210_800x445.jpg?fit=800%2C445&ssl=1&resize=350%2C200","width":350,"height":200,"srcset":"https:\/\/i0.wp.com\/www.freidenker.org\/fw17\/wp-content\/uploads\/2010\/09\/globe-1029210_800x445.jpg?fit=800%2C445&ssl=1&resize=350%2C200 1x, https:\/\/i0.wp.com\/www.freidenker.org\/fw17\/wp-content\/uploads\/2010\/09\/globe-1029210_800x445.jpg?fit=800%2C445&ssl=1&resize=525%2C300 1.5x, https:\/\/i0.wp.com\/www.freidenker.org\/fw17\/wp-content\/uploads\/2010\/09\/globe-1029210_800x445.jpg?fit=800%2C445&ssl=1&resize=700%2C400 2x"},"classes":[]},{"id":7182,"url":"https:\/\/www.freidenker.org\/?p=7182","url_meta":{"origin":3196,"position":2},"title":"H\u00e4nde weg vom Iran!","author":"Webredaktion","date":"12. November 2019","format":false,"excerpt":"Eine internationale Kampagne zur Wahrung des V\u00f6lkerrechts, der nationalen Souver\u00e4nit\u00e4t und territorialen Unversehrtheit der L\u00e4nder sowie des Selbstbestimmungsrechts der V\u00f6lker. Die Strategie der totalen weltweiten Vormachtstellung der Vereinigten Staaten, der erfolgte Umbau der NATO und der milit\u00e4rischen EU-Einheiten mit dem Ziel der globalen Kriegsf\u00fchrung sowie die Aus\u00fcbung der neoliberalen Wirtschaftspolitik\u2026","rel":"","context":"In &quot;Frieden - Antifaschismus - Solidarit\u00e4t&quot;","block_context":{"text":"Frieden - Antifaschismus - Solidarit\u00e4t","link":"https:\/\/www.freidenker.org\/?cat=13"},"img":{"alt_text":"","src":"https:\/\/i0.wp.com\/www.freidenker.org\/fw17\/wp-content\/uploads\/2019\/11\/hands_off_iran_800x445.jpg?fit=800%2C445&ssl=1&resize=350%2C200","width":350,"height":200,"srcset":"https:\/\/i0.wp.com\/www.freidenker.org\/fw17\/wp-content\/uploads\/2019\/11\/hands_off_iran_800x445.jpg?fit=800%2C445&ssl=1&resize=350%2C200 1x, https:\/\/i0.wp.com\/www.freidenker.org\/fw17\/wp-content\/uploads\/2019\/11\/hands_off_iran_800x445.jpg?fit=800%2C445&ssl=1&resize=525%2C300 1.5x, https:\/\/i0.wp.com\/www.freidenker.org\/fw17\/wp-content\/uploads\/2019\/11\/hands_off_iran_800x445.jpg?fit=800%2C445&ssl=1&resize=700%2C400 2x"},"classes":[]},{"id":22128,"url":"https:\/\/www.freidenker.org\/?p=22128","url_meta":{"origin":3196,"position":3},"title":"Israel bombt eine Weltkrise herbei","author":"Webredaktion","date":"14. Juni 2025","format":false,"excerpt":"Der Angriff auf den Iran wird unabsehbare globale Folgen haben Beitrag von Arn Strohmeyer Der V\u00f6lkermord im Gazastreifen ist noch nicht genug. Israel bombt weiter, wie es will \u2013 in Syrien, dem Libanon und im Jemen und nun nimmt es die Atomanlagen im Iran unter Bombardement. Der \u201ewerteorientierte\u201c Westen schaut\u2026","rel":"","context":"In &quot;Frieden - Antifaschismus - Solidarit\u00e4t&quot;","block_context":{"text":"Frieden - Antifaschismus - Solidarit\u00e4t","link":"https:\/\/www.freidenker.org\/?cat=13"},"img":{"alt_text":"","src":"https:\/\/i0.wp.com\/www.freidenker.org\/fw17\/wp-content\/uploads\/2025\/06\/Pictures_of_the_Israeli_attack_on_Tehran_1_Mehr_2_800x450.jpg?fit=800%2C450&ssl=1&resize=350%2C200","width":350,"height":200,"srcset":"https:\/\/i0.wp.com\/www.freidenker.org\/fw17\/wp-content\/uploads\/2025\/06\/Pictures_of_the_Israeli_attack_on_Tehran_1_Mehr_2_800x450.jpg?fit=800%2C450&ssl=1&resize=350%2C200 1x, https:\/\/i0.wp.com\/www.freidenker.org\/fw17\/wp-content\/uploads\/2025\/06\/Pictures_of_the_Israeli_attack_on_Tehran_1_Mehr_2_800x450.jpg?fit=800%2C450&ssl=1&resize=525%2C300 1.5x, https:\/\/i0.wp.com\/www.freidenker.org\/fw17\/wp-content\/uploads\/2025\/06\/Pictures_of_the_Israeli_attack_on_Tehran_1_Mehr_2_800x450.jpg?fit=800%2C450&ssl=1&resize=700%2C400 2x"},"classes":[]},{"id":21809,"url":"https:\/\/www.freidenker.org\/?p=21809","url_meta":{"origin":3196,"position":4},"title":"Neue US-Sanktionen gegen Iran gef\u00e4hrden Nuklearverhandlungen","author":"Webredaktion","date":"12. Mai 2025","format":false,"excerpt":"Beitrag von Rainer Rupp In den ersten Monaten nach dem Amtsantritt von Pr\u00e4sident Donald Trump am 20. Januar hatten die politischen Spannungen zwischen den USA und Iran eine neue Eskalationsstufe erreicht. Aber mit der Ernennung seines langj\u00e4hrigen pers\u00f6nlichen Freundes und Immobilienmilliard\u00e4rs Steve Witkoff als seinen Sondergesandten \u2013 generell f\u00fcr den\u2026","rel":"","context":"In &quot;Demokratie \u2013 Medien \u2013 Aufkl\u00e4rung&quot;","block_context":{"text":"Demokratie \u2013 Medien \u2013 Aufkl\u00e4rung","link":"https:\/\/www.freidenker.org\/?cat=12"},"img":{"alt_text":"","src":"https:\/\/i0.wp.com\/www.freidenker.org\/fw17\/wp-content\/uploads\/2025\/05\/Trump_und_Witkoff_P20250506DT-0611_800x450.jpg?fit=800%2C450&ssl=1&resize=350%2C200","width":350,"height":200,"srcset":"https:\/\/i0.wp.com\/www.freidenker.org\/fw17\/wp-content\/uploads\/2025\/05\/Trump_und_Witkoff_P20250506DT-0611_800x450.jpg?fit=800%2C450&ssl=1&resize=350%2C200 1x, https:\/\/i0.wp.com\/www.freidenker.org\/fw17\/wp-content\/uploads\/2025\/05\/Trump_und_Witkoff_P20250506DT-0611_800x450.jpg?fit=800%2C450&ssl=1&resize=525%2C300 1.5x, https:\/\/i0.wp.com\/www.freidenker.org\/fw17\/wp-content\/uploads\/2025\/05\/Trump_und_Witkoff_P20250506DT-0611_800x450.jpg?fit=800%2C450&ssl=1&resize=700%2C400 2x"},"classes":[]},{"id":6702,"url":"https:\/\/www.freidenker.org\/?p=6702","url_meta":{"origin":3196,"position":5},"title":"USA-Iran: Makabrer Tanz am Rande des Abgrunds","author":"Webredaktion","date":"14. Juli 2019","format":false,"excerpt":"In der Rubrik Tagesdosis wurde am 12.07.2019 bei KenFM der Beitrag \u201eUSA-Iran: Makabrer Tanz am Rande des Abgrunds\u201c von Rainer Rupp, Mitglied des Beirats des Deutschen Freidenker-Verbandes, ver\u00f6ffentlicht. Weder Trump noch Iran wollen einen hei\u00dfen Krieg. Nicht nur die Weltwirtschaft, und damit auch die US-Wirtschaft, w\u00fcrden durch den Krieg schwer\u2026","rel":"","context":"In &quot;Frieden - Antifaschismus - Solidarit\u00e4t&quot;","block_context":{"text":"Frieden - Antifaschismus - Solidarit\u00e4t","link":"https:\/\/www.freidenker.org\/?cat=13"},"img":{"alt_text":"","src":"https:\/\/i0.wp.com\/www.freidenker.org\/fw17\/wp-content\/uploads\/2019\/07\/iran-usa-ziel-geopolitik-agnes-karikaturen-800x445.jpg?fit=800%2C445&ssl=1&resize=350%2C200","width":350,"height":200,"srcset":"https:\/\/i0.wp.com\/www.freidenker.org\/fw17\/wp-content\/uploads\/2019\/07\/iran-usa-ziel-geopolitik-agnes-karikaturen-800x445.jpg?fit=800%2C445&ssl=1&resize=350%2C200 1x, https:\/\/i0.wp.com\/www.freidenker.org\/fw17\/wp-content\/uploads\/2019\/07\/iran-usa-ziel-geopolitik-agnes-karikaturen-800x445.jpg?fit=800%2C445&ssl=1&resize=525%2C300 1.5x, https:\/\/i0.wp.com\/www.freidenker.org\/fw17\/wp-content\/uploads\/2019\/07\/iran-usa-ziel-geopolitik-agnes-karikaturen-800x445.jpg?fit=800%2C445&ssl=1&resize=700%2C400 2x"},"classes":[]}],"_links":{"self":[{"href":"https:\/\/www.freidenker.org\/index.php?rest_route=\/wp\/v2\/posts\/3196","targetHints":{"allow":["GET"]}}],"collection":[{"href":"https:\/\/www.freidenker.org\/index.php?rest_route=\/wp\/v2\/posts"}],"about":[{"href":"https:\/\/www.freidenker.org\/index.php?rest_route=\/wp\/v2\/types\/post"}],"author":[{"embeddable":true,"href":"https:\/\/www.freidenker.org\/index.php?rest_route=\/wp\/v2\/users\/3"}],"replies":[{"embeddable":true,"href":"https:\/\/www.freidenker.org\/index.php?rest_route=%2Fwp%2Fv2%2Fcomments&post=3196"}],"version-history":[{"count":0,"href":"https:\/\/www.freidenker.org\/index.php?rest_route=\/wp\/v2\/posts\/3196\/revisions"}],"wp:featuredmedia":[{"embeddable":true,"href":"https:\/\/www.freidenker.org\/index.php?rest_route=\/wp\/v2\/media\/3974"}],"wp:attachment":[{"href":"https:\/\/www.freidenker.org\/index.php?rest_route=%2Fwp%2Fv2%2Fmedia&parent=3196"}],"wp:term":[{"taxonomy":"category","embeddable":true,"href":"https:\/\/www.freidenker.org\/index.php?rest_route=%2Fwp%2Fv2%2Fcategories&post=3196"},{"taxonomy":"post_tag","embeddable":true,"href":"https:\/\/www.freidenker.org\/index.php?rest_route=%2Fwp%2Fv2%2Ftags&post=3196"}],"curies":[{"name":"wp","href":"https:\/\/api.w.org\/{rel}","templated":true}]}}