{"id":3189,"date":"2010-10-04T00:58:27","date_gmt":"2010-10-03T22:58:27","guid":{"rendered":"http:\/\/www.freidenker.org\/?p=3189"},"modified":"2018-02-18T23:34:12","modified_gmt":"2018-02-18T22:34:12","slug":"freidenkerkonferenz-der-westen-gegen-den-rest-der-welt","status":"publish","type":"post","link":"https:\/\/www.freidenker.org\/?p=3189","title":{"rendered":"Freidenkerkonferenz &#8222;Der Westen gegen den Rest der Welt?&#8220;"},"content":{"rendered":"<p><em>Freidenker-Konferenz<br \/>\nin der Begegnungsst\u00e4tte der Volkssolidarit\u00e4t in Berlin<\/em><br \/>\n<strong><br \/>\nDER WESTEN GEGEN DEN REST DER WELT?<\/strong><br \/>\nWas hat die Aggressionspolitik mit der totalit\u00e4ren Formierung der Gesellschaft zu tun?<\/p>\n<p>Referate:<\/p>\n<p><strong>&#8222;Strategien des deutschen Kapitals und Rolle Deutschlands in den imperialistischen B\u00fcndnissen&#8220;<\/strong><br \/>\nKlaus Hartmann (Verbandsvors. DFV e. V.)<\/p>\n<p><strong>&#8222;Regimewechsel &#8211; Umbau des Herrschaftssystems Richtung Totalitarismus?&#8220;<\/strong><br \/>\nKlaus von Raussendorf (Vors. AK International)<\/p>\n<p><strong>&#8222;US-Weltmacht im Niedergang &#8211; neue milit\u00e4rische Gefahr?&#8220; <\/strong><br \/>\nRainer Rupp (Publizist, Saarburg)<\/p>\n<p>Sonnabend, 9. Oktober 2010<br \/>\n11.00 &#8211; 17.00 Uhr<br \/>\nBegegnungsst\u00e4tte der Volkssolidarit\u00e4t<br \/>\nTorstra\u00dfe 203 &#8211; 205<br \/>\n10115 Berlin<\/p>\n<hr \/>\n<p>Collage: rlx (unter Verwendung eines Fotos \u00a9 by arbeiterfotografie.com und einer Grafik von photoshopper24 [pixabay.com])<\/p>\n","protected":false},"excerpt":{"rendered":"<p><strong>Veranstaltungsank\u00fcndigung Freidenker-Konferenz &#8222;Der Westen gegen den Rest der Welt?&#8220; am 9. Oktober 2010 in Berlin<\/strong><br \/>\nGeplante Referate:<br \/>\n&#8211; Klaus Hartmann: &#8222;Strategien des deutschen Kapitals und Rolle Deutschlands in den imperialistischen B\u00fcndnissen&#8220;<br \/>\n&#8211; Klaus von Raussendorff: &#8222;Regimewechsel &#8211; Umbau des Herrschaftssystems Richtung Totalitarismus?&#8220;<br \/>\n&#8211; Rainer Rupp: &#8222;US-Weltmacht im Niedergang &#8211; neue milit\u00e4rische Gefahr?&#8220;<\/p>\n","protected":false},"author":3,"featured_media":3968,"comment_status":"closed","ping_status":"closed","sticky":false,"template":"","format":"standard","meta":{"colormag_page_container_layout":"default_layout","colormag_page_sidebar_layout":"default_layout","advanced_seo_description":"","jetpack_seo_html_title":"","jetpack_seo_noindex":false,"jetpack_post_was_ever_published":false,"footnotes":""},"categories":[20],"tags":[801,467,404,820,185],"class_list":["post-3189","post","type-post","status-publish","format-standard","has-post-thumbnail","hentry","category-zentrale-veranstaltungen","tag-aggressionskrieg","tag-herrschaft","tag-imperialismus","tag-imperialistische-buendnisse","tag-usa"],"jetpack_featured_media_url":"https:\/\/i0.wp.com\/www.freidenker.org\/fw17\/wp-content\/uploads\/2010\/10\/westen-gegen-rest_800x445.jpg?fit=800%2C445&ssl=1","jetpack_shortlink":"https:\/\/wp.me\/p9stpK-Pr","jetpack-related-posts":[{"id":807,"url":"https:\/\/www.freidenker.org\/?p=807","url_meta":{"origin":3189,"position":0},"title":"FREIDENKER 4-14 EXTRA &#8211; Der &#8222;Westen&#8220; und Russland","author":"Webmaster","date":"16. Dezember 2014","format":false,"excerpt":"Die Extra-Ausgabe 4-14 des Verbandsorgans FREIDENKER enth\u00e4lt die Beitr\u00e4ge der Konferenz \u201eDer \"Westen\" und Russland\u201c, die am 06.09.2014 in Berlin stattfand. Darin u.a.: - Dr. Georgi Starikovich: Begr\u00fc\u00dfungsrede der Botschaft der Russischen F\u00f6deration - Viktor Grossmann: Gru\u00dfwort - Wilfried Handwerk: Die Entstehung und Urheber des Konfliktes in der Ukraine -\u2026","rel":"","context":"In &quot;Verbandsorgan FREIDENKER&quot;","block_context":{"text":"Verbandsorgan FREIDENKER","link":"https:\/\/www.freidenker.org\/?cat=8"},"img":{"alt_text":"","src":"https:\/\/i0.wp.com\/www.freidenker.org\/fw17\/wp-content\/uploads\/2017\/12\/FD_2014-04_Titel_mR.jpg?fit=800%2C445&ssl=1&resize=350%2C200","width":350,"height":200,"srcset":"https:\/\/i0.wp.com\/www.freidenker.org\/fw17\/wp-content\/uploads\/2017\/12\/FD_2014-04_Titel_mR.jpg?fit=800%2C445&ssl=1&resize=350%2C200 1x, https:\/\/i0.wp.com\/www.freidenker.org\/fw17\/wp-content\/uploads\/2017\/12\/FD_2014-04_Titel_mR.jpg?fit=800%2C445&ssl=1&resize=525%2C300 1.5x, https:\/\/i0.wp.com\/www.freidenker.org\/fw17\/wp-content\/uploads\/2017\/12\/FD_2014-04_Titel_mR.jpg?fit=800%2C445&ssl=1&resize=700%2C400 2x"},"classes":[]},{"id":578,"url":"https:\/\/www.freidenker.org\/?p=578","url_meta":{"origin":3189,"position":1},"title":"Konferenz: 1914 \/ 2014 &#8211; Der &#8222;Westen&#8220; und Russland","author":"Webmaster","date":"27. Juli 2014","format":false,"excerpt":"Einladung zur \u00d6ffentlichen Wissenschaftlichen Konferenz \"1914 \/ 2014 - Der \"Westen\" und Russland - Internationale Lage und geopolitische Spannungen - vor Beginn des 1. Weltkrieges bis heute\" 6. September 2014, 10:30 Uhr, Rathaus Berlin Pankow, Ratssaal Vortr\u00e4ge von Wilfried Handwerk, Prof. Dr. Anton Latzo, Karl-Heinz Wendt, Dr. Hans-G\u00fcnter Szalkiewicz, Dr.\u2026","rel":"","context":"In &quot;Zentrale Veranstaltungen&quot;","block_context":{"text":"Zentrale Veranstaltungen","link":"https:\/\/www.freidenker.org\/?cat=20"},"img":{"alt_text":"","src":"https:\/\/i0.wp.com\/www.freidenker.org\/fw17\/wp-content\/uploads\/2016\/08\/Konferenz_2014.jpg?fit=800%2C445&ssl=1&resize=350%2C200","width":350,"height":200,"srcset":"https:\/\/i0.wp.com\/www.freidenker.org\/fw17\/wp-content\/uploads\/2016\/08\/Konferenz_2014.jpg?fit=800%2C445&ssl=1&resize=350%2C200 1x, https:\/\/i0.wp.com\/www.freidenker.org\/fw17\/wp-content\/uploads\/2016\/08\/Konferenz_2014.jpg?fit=800%2C445&ssl=1&resize=525%2C300 1.5x, https:\/\/i0.wp.com\/www.freidenker.org\/fw17\/wp-content\/uploads\/2016\/08\/Konferenz_2014.jpg?fit=800%2C445&ssl=1&resize=700%2C400 2x"},"classes":[]},{"id":728,"url":"https:\/\/www.freidenker.org\/?p=728","url_meta":{"origin":3189,"position":2},"title":"FREIDENKER 3-10 &#8211; Kinderrechte st\u00e4rken!","author":"Webmaster","date":"16. September 2010","format":false,"excerpt":"Die Ausgabe 3-10 des Verbandsorgans FREIDENKER hat das Schwerpunkt-Thema \u201eKinderrechte st\u00e4rken!\u201c und enth\u00e4lt u.a folgende Beitr\u00e4ge: - Thomas Mohrs: \u201eKinderwille ist K\u00e4lberdreck\u201c \u2013 Die Geschichte der Kinderrechte - Elke Zwinge-Makamizile: Kinderarmut in der BRD und weltweit - Uta Mader: Kinder vor wirtschaftlicher Ausbeutung sch\u00fctzen - Edith Ockel: Das Recht des\u2026","rel":"","context":"In &quot;Verbandsorgan FREIDENKER&quot;","block_context":{"text":"Verbandsorgan FREIDENKER","link":"https:\/\/www.freidenker.org\/?cat=8"},"img":{"alt_text":"","src":"https:\/\/i0.wp.com\/www.freidenker.org\/fw17\/wp-content\/uploads\/2017\/12\/FD_2010-03_Titel_mR.jpg?fit=800%2C445&ssl=1&resize=350%2C200","width":350,"height":200,"srcset":"https:\/\/i0.wp.com\/www.freidenker.org\/fw17\/wp-content\/uploads\/2017\/12\/FD_2010-03_Titel_mR.jpg?fit=800%2C445&ssl=1&resize=350%2C200 1x, https:\/\/i0.wp.com\/www.freidenker.org\/fw17\/wp-content\/uploads\/2017\/12\/FD_2010-03_Titel_mR.jpg?fit=800%2C445&ssl=1&resize=525%2C300 1.5x, https:\/\/i0.wp.com\/www.freidenker.org\/fw17\/wp-content\/uploads\/2017\/12\/FD_2010-03_Titel_mR.jpg?fit=800%2C445&ssl=1&resize=700%2C400 2x"},"classes":[]},{"id":3877,"url":"https:\/\/www.freidenker.org\/?p=3877","url_meta":{"origin":3189,"position":3},"title":"Die Welt und der Rest \u2013 Klaus Hartmann bei Dr. Seltsam","author":"Webredaktion","date":"9. Januar 2018","format":false,"excerpt":"Veranstaltungshinweis Dr. Seltsam zum Kreuzverh\u00f6r: Der Kabarettist trifft Klaus Hartmann, Bundesvorsitzender des Deutschen Freidenker-Verbandes Sonntag, 14. Januar 2018, 14 Uhr, im Brauhaus am S\u00fcdstern, Hasenheide 69, 10967 Berlin-Kreuzberg","rel":"","context":"In &quot;Zentrale Veranstaltungen&quot;","block_context":{"text":"Zentrale Veranstaltungen","link":"https:\/\/www.freidenker.org\/?cat=20"},"img":{"alt_text":"","src":"https:\/\/i0.wp.com\/www.freidenker.org\/fw17\/wp-content\/uploads\/2018\/01\/dr-seltsam_k-hartmann_2017_800x445.jpg?fit=800%2C445&ssl=1&resize=350%2C200","width":350,"height":200,"srcset":"https:\/\/i0.wp.com\/www.freidenker.org\/fw17\/wp-content\/uploads\/2018\/01\/dr-seltsam_k-hartmann_2017_800x445.jpg?fit=800%2C445&ssl=1&resize=350%2C200 1x, https:\/\/i0.wp.com\/www.freidenker.org\/fw17\/wp-content\/uploads\/2018\/01\/dr-seltsam_k-hartmann_2017_800x445.jpg?fit=800%2C445&ssl=1&resize=525%2C300 1.5x, https:\/\/i0.wp.com\/www.freidenker.org\/fw17\/wp-content\/uploads\/2018\/01\/dr-seltsam_k-hartmann_2017_800x445.jpg?fit=800%2C445&ssl=1&resize=700%2C400 2x"},"classes":[]},{"id":6932,"url":"https:\/\/www.freidenker.org\/?p=6932","url_meta":{"origin":3189,"position":4},"title":"Konferenz &#8222;Der tiefe Staat \u2013 oder: Wer regiert den Westen?&#8220;","author":"Webredaktion","date":"5. September 2019","format":false,"excerpt":"Der Deutsche Freideker-Verband l\u00e4dt ein zur Konferenz \"Der tiefe Staat \u2013 oder: Wer regiert den Westen? Samstag, 16. November 2019, 10:30 - 17 Uhr, Naturfreundehaus Fuchsrain, Stuttgart, Vortr\u00e4ge: Ullrich Mies: Wer oder was ist der Tiefe Staat? \/ Hermann Ploppa: Betreutes Denken: Medien, Think Tanks, NGOs & transatlantische Netzwerke \/\u2026","rel":"","context":"In &quot;Zentrale Veranstaltungen&quot;","block_context":{"text":"Zentrale Veranstaltungen","link":"https:\/\/www.freidenker.org\/?cat=20"},"img":{"alt_text":"","src":"https:\/\/i0.wp.com\/www.freidenker.org\/fw17\/wp-content\/uploads\/2019\/09\/tieferstaat_800x445.jpg?fit=800%2C445&ssl=1&resize=350%2C200","width":350,"height":200,"srcset":"https:\/\/i0.wp.com\/www.freidenker.org\/fw17\/wp-content\/uploads\/2019\/09\/tieferstaat_800x445.jpg?fit=800%2C445&ssl=1&resize=350%2C200 1x, https:\/\/i0.wp.com\/www.freidenker.org\/fw17\/wp-content\/uploads\/2019\/09\/tieferstaat_800x445.jpg?fit=800%2C445&ssl=1&resize=525%2C300 1.5x, https:\/\/i0.wp.com\/www.freidenker.org\/fw17\/wp-content\/uploads\/2019\/09\/tieferstaat_800x445.jpg?fit=800%2C445&ssl=1&resize=700%2C400 2x"},"classes":[]},{"id":4209,"url":"https:\/\/www.freidenker.org\/?p=4209","url_meta":{"origin":3189,"position":5},"title":"Video: Klaus Hartmann im Kreuzverh\u00f6r bei Dr. Seltsam 2018","author":"Webredaktion","date":"25. Januar 2018","format":false,"excerpt":"Klaus Hartmann bei Dr. Seltam am 14.01.2018 in Berlin Realsatire \u2013 auch wenn die Lage ernst ist... Was war (2017) und was ist los in der Welt? Was ist los in der Friedensbewegung? Ziele, B\u00fcndnisse und St\u00f6rman\u00f6ver, Spaltungsversuche. Der Vorsitzende des Deutschen Freidenker-Verbandes, Klaus Hartmann, steht f\u00fcr ebenso glasklare wie\u2026","rel":"","context":"In &quot;Demokratie \u2013 Medien \u2013 Aufkl\u00e4rung&quot;","block_context":{"text":"Demokratie \u2013 Medien \u2013 Aufkl\u00e4rung","link":"https:\/\/www.freidenker.org\/?cat=12"},"img":{"alt_text":"","src":"https:\/\/i0.wp.com\/www.freidenker.org\/fw17\/wp-content\/uploads\/2018\/01\/dr-seltsam_2018_af-video.jpg?fit=800%2C445&ssl=1&resize=350%2C200","width":350,"height":200,"srcset":"https:\/\/i0.wp.com\/www.freidenker.org\/fw17\/wp-content\/uploads\/2018\/01\/dr-seltsam_2018_af-video.jpg?fit=800%2C445&ssl=1&resize=350%2C200 1x, https:\/\/i0.wp.com\/www.freidenker.org\/fw17\/wp-content\/uploads\/2018\/01\/dr-seltsam_2018_af-video.jpg?fit=800%2C445&ssl=1&resize=525%2C300 1.5x, https:\/\/i0.wp.com\/www.freidenker.org\/fw17\/wp-content\/uploads\/2018\/01\/dr-seltsam_2018_af-video.jpg?fit=800%2C445&ssl=1&resize=700%2C400 2x"},"classes":[]}],"_links":{"self":[{"href":"https:\/\/www.freidenker.org\/index.php?rest_route=\/wp\/v2\/posts\/3189","targetHints":{"allow":["GET"]}}],"collection":[{"href":"https:\/\/www.freidenker.org\/index.php?rest_route=\/wp\/v2\/posts"}],"about":[{"href":"https:\/\/www.freidenker.org\/index.php?rest_route=\/wp\/v2\/types\/post"}],"author":[{"embeddable":true,"href":"https:\/\/www.freidenker.org\/index.php?rest_route=\/wp\/v2\/users\/3"}],"replies":[{"embeddable":true,"href":"https:\/\/www.freidenker.org\/index.php?rest_route=%2Fwp%2Fv2%2Fcomments&post=3189"}],"version-history":[{"count":0,"href":"https:\/\/www.freidenker.org\/index.php?rest_route=\/wp\/v2\/posts\/3189\/revisions"}],"wp:featuredmedia":[{"embeddable":true,"href":"https:\/\/www.freidenker.org\/index.php?rest_route=\/wp\/v2\/media\/3968"}],"wp:attachment":[{"href":"https:\/\/www.freidenker.org\/index.php?rest_route=%2Fwp%2Fv2%2Fmedia&parent=3189"}],"wp:term":[{"taxonomy":"category","embeddable":true,"href":"https:\/\/www.freidenker.org\/index.php?rest_route=%2Fwp%2Fv2%2Fcategories&post=3189"},{"taxonomy":"post_tag","embeddable":true,"href":"https:\/\/www.freidenker.org\/index.php?rest_route=%2Fwp%2Fv2%2Ftags&post=3189"}],"curies":[{"name":"wp","href":"https:\/\/api.w.org\/{rel}","templated":true}]}}