{"id":3186,"date":"2010-10-20T00:45:59","date_gmt":"2010-10-19T22:45:59","guid":{"rendered":"http:\/\/www.freidenker.org\/?p=3186"},"modified":"2018-02-18T15:45:00","modified_gmt":"2018-02-18T14:45:00","slug":"trauer-um-hermann-scheer","status":"publish","type":"post","link":"https:\/\/www.freidenker.org\/?p=3186","title":{"rendered":"Trauer um Hermann Scheer"},"content":{"rendered":"<div style=\"border: 3pt solid; padding: 20pt;\">Liebe Freundinnen und Freunde,<br \/>\nliebe Genossinnen und Genossen,<\/p>\n<p>mit Best\u00fcrzung und Schmerz haben wir die Nachricht vom Tod Hermann Scheers aufgenommen.Sein jahrzehntelanges unerm\u00fcdliches Engagement f\u00fcr eine grundlegende \u00f6kologische Wende, f\u00fcr soziale Gerechtigkeit, f\u00fcr Frieden und Abr\u00fcstung sowie f\u00fcr eine Demokratie, die diesen Namen verdient, machte ihn zu einem der raren Ausnahmepolitiker in dieser Republik.Unter jenen, die ihm nach seinem Tod Anerkennung zollen, sind auch Einige, die ihn zu Lebzeiten eher als st\u00f6rend und l\u00e4stig wahrnahmen, da er sich jedem Anpassertum gegen\u00fcber den als \u201aSachzw\u00e4nge\u2018 ausgegebenen Interessen der Kapitalherrschaft entschieden widersetzte. Auch in seiner SPD, f\u00fcr die er seit 1980 Bundestagsabgeordneter war, und deren Parteivorstand er von 1993 bis 2009 angeh\u00f6rte, fanden seine Positionen nicht ungeteilten Beifall.Hermann hat nicht nur Visionen entwickelt, geforscht und publiziert, er hat als \u201aVater\u2018 des Erneuerbare-Energien-Gesetzes und des 100.000-D\u00e4cher-Programms die Politik in Deutschland auch praktisch und sichtbar ver\u00e4ndert. Doch mehr Anerkennung als zu Hause wurde dem Pionier neuer Energiepolitik im internationalen Ma\u00dfstab mit Auszeichnungen wie \u201cHero of the Green Century\u201c, dem Weltsolarpreis und dem Alternativen Nobelpreis zuteil. Ein Schlaglicht auf die Machtverh\u00e4ltnisse hierzulande warf die Auseinandersetzung 2008, als die Energiewende in Hessen mit allen Mitteln verhindert wurde, die Energiekonzerne und ihre politischen Auftragnehmer den abgew\u00e4hlten Ministerpr\u00e4sident Koch an der Macht hielten und Andrea Ypsilanti in einer beispiellosen medialen Hexenjagd zur Strecke brachten.Im Mittelpunkt vieler Nachrufe steht Hermanns Einsatz f\u00fcr die Erneuerbare Energien, doch er begriff unter \u00d6kologie mehr als Umweltschutz, er fasste \u00d6kologie im urspr\u00fcnglichen griechischen Wortsinn als Lehre von der Gesamtheit der Wechselbeziehungen zwischen belebter und unbelebter Natur auf. Die logische Konsequenz dieses umfassenden Ansatzes war sein Eintreten gegen Krieg, f\u00fcr demokratische und soziale Rechte. Augenf\u00e4llig wurde dieser Zusammenhang mit den Eurosolar-Anzeigen &#8222;Frieden durch Sonnenenergie statt Krieg um Erd\u00f6l&#8220; im Vorfeld des Irak-\u00dcberfalls 2003. Hermann warf den USA \u201eBruch des V\u00f6lkerrechts\u201c und \u201eeklatante Ignorierung des UN-Sicherheitsrats\u201c vor, und charakterisierte die Entwicklung als Abl\u00f6sung der Kolonialzeit durch einen Energie-Imperialismus. Der gef\u00e4hrliche Trend zur Aush\u00f6hlung von UN und OSZE hatte bereits ein Jahrzehnt zuvor begonnen.Er wies auf die vom Westen seit 1991 gef\u00f6rderte Konflikteskalation in Jugoslawien durch die Anerkennung einer Staatenbildung nach ethnisch-religi\u00f6sen Abgrenzungsprinzipien hin und beklagte die Doppelmoral bei Duldung der Vertreibung der Serben aus der Krajina. Der rot-gr\u00fcnen Bundesregierung warf er vor, \u00d6ffentlichkeit und Bundestag zur Vorbereitung der NATO-Aggression 1999 gegen Jugoslawien in die Irre gef\u00fchrt zu haben, da \u201eRambouillet\u201c kein Vertrag, sondern ein Diktat war, das nicht Frieden versprach, sondern freien Zugang der NATO in ganz Jugoslawien verlangte, was kein Staat ohne vollst\u00e4ndige Kapitulation unterzeichnen konnte. Die Bombardierung nannte er ein Kriegsverbrechen unter Missachtung des V\u00f6lkerrechts, des NATO-Statuts und des Grundgesetzes, im Interesse der angestrebten neue Rolle der NATO als Weltordnungsmacht.<\/p>\n<p>Als scharfsichtiger Analytiker hat Hermann Scheer vor der Gefahr eines Zerfalls der Demokratie gewarnt, die von Politikern gef\u00f6rdert werde. Er stellte eine zunehmende Entfremdung zwischen den Repr\u00e4sentierten und ihren Repr\u00e4sentanten fest, die er als Zeichen einer sich entwickelnden Systemkrise deutete. Zu den j\u00fcngsten Beispielen geh\u00f6rt der durch die Bundesregierung geplante Ausstieg aus dem Atomausstiegsvertrag, womit den gro\u00dfen Stromkonzernen f\u00fcr die vergangenen zehn Jahre mehr als 60 Milliarden Euro Steuergelder geschenkt werden sollen, von den k\u00fcnftigen Extraprofiten ganz zu schweigen. Ein weiteres Beispiel ist der Bahnhofsneubau \u201eStuttgart 21\u201c, der gegen den Willen der Bev\u00f6lkerungsmehrheit exekutiert werden soll. Schon seit Jahren hatte Hermann den Pl\u00e4nen von B\u00f6rsengang und Privatisierung der Bahn ein Konzept einer B\u00fcrgerbahn mit Wachstum in der Fl\u00e4che, hoher Netzdichte, bundesweitem Taktfahrplan und transparentem Tarifsystem entgegengesetzt. In beiden B\u00fcrgerbewegungen, gegen \u201eStuttgart 21\u201c und gegen die Kumpanei mit der Atomlobby, hat sich Herrmann bis zu seinem Lebensende aktiv engagiert.<\/p>\n<p>Die Krise der Demokratie hat f\u00fcr Hermann tiefere Ursachen. In seinem Buch \u201earchimedische Wende gegen den Zerfall der Demokratie\u201c sieht er die Weltgesellschaft seit Ende der 1980er Jahre immer mehr von einer Art westlichem Fundamentalismus beherrscht. Den vermeintlichen Sachzw\u00e4ngen des Weltmarkts werden Handlungsspielr\u00e4ume demokratischer Politik geopfert, und damit alle Bem\u00fchungen zur Rettung der \u00d6kosph\u00e4re unterlaufen, bestehende Sozialsysteme demontiert und kulturelle Werte zerst\u00f6rt. Die angeblich fehlenden politischen Alternativen produzieren die Verdrossenheit gegen\u00fcber Staat, Politik und Parteien, die Forderung nach einem &#8222;Zur\u00fcck zur Politik&#8220; ist f\u00fcr eine langfristige Zukunftssicherung unabdingbar. Der vom sogenannten Neoliberalismus produzierten W\u00fcste m\u00fcsse eine gesellschaftliche Gegenoffensive, eine sozial-\u00f6kologische Perspektive entgegengesetzt werden.<\/p>\n<p>Als Kennzeichen der Demokratiekrise bezeichnet er jene technokratische Herrschaft, die die B\u00fcrgerinnen und B\u00fcrger von allen wesentlichen Entscheidungen ausschlie\u00dft. Wenn durch Medien Diskussionen als Zeichen von Schw\u00e4che gewertet werden, f\u00f6rdern sie eine antidemokratische Vorstellung von Politik und Gesellschaft als eines hierarchischen Gebildes. Dieser Denunzierung des demokratischen Willensbildungsprozesses, die er auch als Feudalismus bezeichnete, hat Hermann energisch widersprochen. Eine Revitalisierung der politischen Demokratie kann nur erfolgen, wenn die Menschen in die Lage versetzt werden, ihre Verh\u00e4ltnisse auch real verbessern k\u00f6nnen.<\/p>\n<p>Deshalb ist Widerst\u00e4ndigkeit statt Anpassung angesagt, als notwendige Tugend, um der Entzivilisierung von Kultur und Gesellschaft entgegenzutreten. In einer Buchrezension schrieb die Stuttgarter Zeitung, \u201e\u00fcbertriebenes Harmoniebed\u00fcrfnis und behutsames Eintauchen in den politischen Mainstream kann man Hermann Scheer nicht vorwerfen&#8220;. Besser l\u00e4sst sich kaum ausdr\u00fccken, was Freidenkerinnen und Freidenker an Hermann so besonders sch\u00e4tzten.<\/p>\n<p>Die L\u00fccke die Hermann hinterl\u00e4sst, wird nicht zu schlie\u00dfen sein. Aber seine Ideen und programmatischen Ziele bleiben aktuell, und sein Engagement, sein Mut und seine Charakterst\u00e4rke inspirieren uns, in seinem Sinne f\u00fcr eine humane Gesellschaft weiterzuk\u00e4mpfen.<\/p>\n<p>Klaus Hartmann<\/p>\n<p>Bundesvorsitzender des Deutschen Freidenker-Verbandes<br \/>\nMitglied des Instituts Solidarische Moderne<strong><br \/>\n<\/strong><\/p>\n<p>17. Oktober 2010<\/p>\n<\/div>\n<p><span style=\"font-size: 8pt;\">Foto: Grabst\u00e4tte von Hermann Scheer auf dem Friedhof Heerstra\u00dfe, Berlin \/ <\/span><span style=\"font-size: 8pt;\">von Molgreen &#8211; Eigenes Werk, CC-BY-SA 4.0, https:\/\/commons.wikimedia.org\/w\/index.php?curid=41800832<\/span><\/p>\n","protected":false},"excerpt":{"rendered":"<p>Mit Best\u00fcrzung und Schmerz haben wir die Nachricht vom Tod Hermann Scheers aufgenommen. Sein jahrzehntelanges unerm\u00fcdliches Engagement f\u00fcr eine grundlegende \u00f6kologische Wende, f\u00fcr soziale Gerechtigkeit, f\u00fcr Frieden und Abr\u00fcstung sowie f\u00fcr eine Demokratie, die diesen Namen verdient, machte ihn zu einem der raren Ausnahmepolitiker in dieser Republik. &#8230; Die L\u00fccke die Hermann hinterl\u00e4sst, wird nicht zu schlie\u00dfen sein. Aber seine Ideen und programmatischen Ziele bleiben aktuell, und sein Engagement, sein Mut und seine Charakterst\u00e4rke inspirieren uns, in seinem Sinne f\u00fcr eine humane Gesellschaft weiterzuk\u00e4mpfen.<\/p>\n","protected":false},"author":3,"featured_media":3965,"comment_status":"closed","ping_status":"closed","sticky":false,"template":"","format":"standard","meta":{"colormag_page_container_layout":"default_layout","colormag_page_sidebar_layout":"default_layout","advanced_seo_description":"","jetpack_seo_html_title":"","jetpack_seo_noindex":false,"jetpack_post_was_ever_published":false,"footnotes":""},"categories":[17],"tags":[477,627,813,700,814,815],"class_list":["post-3186","post","type-post","status-publish","format-standard","has-post-thumbnail","hentry","category-weltliche-trauerkultur","tag-bundestag","tag-energiepolitik","tag-hermann-scheer","tag-nachruf","tag-oekologie","tag-spd"],"jetpack_featured_media_url":"https:\/\/i0.wp.com\/www.freidenker.org\/fw17\/wp-content\/uploads\/2010\/10\/Hermann_Scheer_Grabstaette_mR_800x445.jpg?fit=800%2C445&ssl=1","jetpack_shortlink":"https:\/\/wp.me\/p9stpK-Po","jetpack-related-posts":[{"id":17197,"url":"https:\/\/www.freidenker.org\/?p=17197","url_meta":{"origin":3186,"position":0},"title":"Solidarit\u00e4t mit Hermann Kopp","author":"Webredaktion","date":"7. Oktober 2023","format":false,"excerpt":"Zur Spaltung und Zersetzung der Friedenskr\u00e4fte haben in letzter Zeit besonders denunziatorische Aussagen wie \"rechtsoffen\" und \"Querfront\" Konjunktur. Dass die Regierung, ihre Medien und Geheimdienste daran interessiert sind und diese Kampagnen befeuern, verwundert nicht. Wenn aber ein Funktion\u00e4r der VVN (die K\u00fcrzel stand einstmals f\u00fcr \"Verfolgte des Naziregimes\") namens Uwe\u2026","rel":"","context":"In &quot;Zeit der Verleumder - Freidenker f\u00fcr Klartext&quot;","block_context":{"text":"Zeit der Verleumder - Freidenker f\u00fcr Klartext","link":"https:\/\/www.freidenker.org\/?cat=937"},"img":{"alt_text":"","src":"https:\/\/i0.wp.com\/www.freidenker.org\/fw17\/wp-content\/uploads\/2023\/10\/klartext_hermann_kopp_nrhz_800x450.jpg?fit=800%2C450&ssl=1&resize=350%2C200","width":350,"height":200,"srcset":"https:\/\/i0.wp.com\/www.freidenker.org\/fw17\/wp-content\/uploads\/2023\/10\/klartext_hermann_kopp_nrhz_800x450.jpg?fit=800%2C450&ssl=1&resize=350%2C200 1x, https:\/\/i0.wp.com\/www.freidenker.org\/fw17\/wp-content\/uploads\/2023\/10\/klartext_hermann_kopp_nrhz_800x450.jpg?fit=800%2C450&ssl=1&resize=525%2C300 1.5x, https:\/\/i0.wp.com\/www.freidenker.org\/fw17\/wp-content\/uploads\/2023\/10\/klartext_hermann_kopp_nrhz_800x450.jpg?fit=800%2C450&ssl=1&resize=700%2C400 2x"},"classes":[]},{"id":5637,"url":"https:\/\/www.freidenker.org\/?p=5637","url_meta":{"origin":3186,"position":1},"title":"Trauer um Lorenz Knorr","author":"Webredaktion","date":"19. Dezember 2018","format":false,"excerpt":"Trauerede von Klaus Hartmann, Bundesvorsitzender des Deutschen Freidenker-Verbandes, gehalten in Frankfurt am Main am 17.12.2018 Wir, die Freidenker, trauern um Lorenz Knorr (18. Juli 1921 \u2013 26. November 2018). Neben den vielen schon erw\u00e4hnten und auch nicht genannten Engagements war Lorenz auch und bis zuletzt Mitglied des Beirats des Deutschen\u2026","rel":"","context":"In &quot;Weltliche Trauerkultur&quot;","block_context":{"text":"Weltliche Trauerkultur","link":"https:\/\/www.freidenker.org\/?cat=17"},"img":{"alt_text":"","src":"https:\/\/i0.wp.com\/www.freidenker.org\/fw17\/wp-content\/uploads\/2018\/12\/Lorenz_Knorr_b.jpg?fit=800%2C445&ssl=1&resize=350%2C200","width":350,"height":200,"srcset":"https:\/\/i0.wp.com\/www.freidenker.org\/fw17\/wp-content\/uploads\/2018\/12\/Lorenz_Knorr_b.jpg?fit=800%2C445&ssl=1&resize=350%2C200 1x, https:\/\/i0.wp.com\/www.freidenker.org\/fw17\/wp-content\/uploads\/2018\/12\/Lorenz_Knorr_b.jpg?fit=800%2C445&ssl=1&resize=525%2C300 1.5x, https:\/\/i0.wp.com\/www.freidenker.org\/fw17\/wp-content\/uploads\/2018\/12\/Lorenz_Knorr_b.jpg?fit=800%2C445&ssl=1&resize=700%2C400 2x"},"classes":[]},{"id":9128,"url":"https:\/\/www.freidenker.org\/?p=9128","url_meta":{"origin":3186,"position":2},"title":"Abschied von Christian Kr\u00e4hling","author":"Webredaktion","date":"30. Dezember 2020","format":false,"excerpt":"Trauerrede von Ernst \u201eErnesto\u201c Schwarz f\u00fcr Christian Kr\u00e4hling (10. Dezember 1977 \u2013 10. Dezember 2020) Die Familie trauert um ihren liebevollen Vater, Sohn und Bruder. \u00a0Wir trauern um einen lieben Freund, Kollegen und Genossen, wie wir uns kaum einen besseren w\u00fcnschen konnten. Wir trauern um einen K\u00e4mpfer f\u00fcr eine wirklich\u2026","rel":"","context":"In &quot;Arbeit &amp; Soziales&quot;","block_context":{"text":"Arbeit &amp; Soziales","link":"https:\/\/www.freidenker.org\/?cat=11"},"img":{"alt_text":"","src":"https:\/\/i0.wp.com\/www.freidenker.org\/fw17\/wp-content\/uploads\/2020\/12\/christian_kraehling_trauerfeier.jpg?fit=800%2C450&ssl=1&resize=350%2C200","width":350,"height":200,"srcset":"https:\/\/i0.wp.com\/www.freidenker.org\/fw17\/wp-content\/uploads\/2020\/12\/christian_kraehling_trauerfeier.jpg?fit=800%2C450&ssl=1&resize=350%2C200 1x, https:\/\/i0.wp.com\/www.freidenker.org\/fw17\/wp-content\/uploads\/2020\/12\/christian_kraehling_trauerfeier.jpg?fit=800%2C450&ssl=1&resize=525%2C300 1.5x, https:\/\/i0.wp.com\/www.freidenker.org\/fw17\/wp-content\/uploads\/2020\/12\/christian_kraehling_trauerfeier.jpg?fit=800%2C450&ssl=1&resize=700%2C400 2x"},"classes":[]},{"id":18850,"url":"https:\/\/www.freidenker.org\/?p=18850","url_meta":{"origin":3186,"position":3},"title":"Hetze statt Diplomatie &#8211; Michael Roth, einer der Schlimmsten","author":"Webredaktion","date":"25. April 2024","format":false,"excerpt":"Beitrag von Tom J. Wellbrock Mein erster Impuls, als ich das folgende Bild auf \"X\" auf dem Profil von Michael Roth gesehen habe, war ein Post mit der \u00dcberschrift: \"Michael Roth macht jetzt Satire.\". Das ist zynisch, aber nicht halb so zynisch wie die scheinbar feste \u00dcberzeugung Roths, tats\u00e4chlich einer\u2026","rel":"","context":"In &quot;Demokratie \u2013 Medien \u2013 Aufkl\u00e4rung&quot;","block_context":{"text":"Demokratie \u2013 Medien \u2013 Aufkl\u00e4rung","link":"https:\/\/www.freidenker.org\/?cat=12"},"img":{"alt_text":"","src":"https:\/\/i0.wp.com\/www.freidenker.org\/fw17\/wp-content\/uploads\/2024\/04\/Michael_Roth_SPD_MdB_by_Olaf_Kosinsky-7848_Ausschnitt_800x450.jpg?fit=800%2C450&ssl=1&resize=350%2C200","width":350,"height":200,"srcset":"https:\/\/i0.wp.com\/www.freidenker.org\/fw17\/wp-content\/uploads\/2024\/04\/Michael_Roth_SPD_MdB_by_Olaf_Kosinsky-7848_Ausschnitt_800x450.jpg?fit=800%2C450&ssl=1&resize=350%2C200 1x, https:\/\/i0.wp.com\/www.freidenker.org\/fw17\/wp-content\/uploads\/2024\/04\/Michael_Roth_SPD_MdB_by_Olaf_Kosinsky-7848_Ausschnitt_800x450.jpg?fit=800%2C450&ssl=1&resize=525%2C300 1.5x, https:\/\/i0.wp.com\/www.freidenker.org\/fw17\/wp-content\/uploads\/2024\/04\/Michael_Roth_SPD_MdB_by_Olaf_Kosinsky-7848_Ausschnitt_800x450.jpg?fit=800%2C450&ssl=1&resize=700%2C400 2x"},"classes":[]},{"id":9641,"url":"https:\/\/www.freidenker.org\/?p=9641","url_meta":{"origin":3186,"position":4},"title":"Trauerrede f\u00fcr Andr\u00e9 M\u00fcller sen.","author":"Webredaktion","date":"1. M\u00e4rz 2021","format":false,"excerpt":"Trauerrede von Klaus Hartmann f\u00fcr Andr\u00e9 M\u00fcller sen. Wir trauern um unseren Genossen Andr\u00e9 M\u00fcller sen.. Wir verlieren einen Vater, einen liebenswerten und wertvollen Menschen, einen zuverl\u00e4ssigen, standhaften Genossen; der Deutsche Freidenker-Verband verliert sein \u00e4ltestes Beiratsmitglied. Andr\u00e9 wurde am 8. M\u00e4rz 1925 geboren, in K\u00f6ln, in einer Arbeiterfamilie, unter dem\u2026","rel":"","context":"In &quot;Kultur &amp; Kunst&quot;","block_context":{"text":"Kultur &amp; Kunst","link":"https:\/\/www.freidenker.org\/?cat=913"},"img":{"alt_text":"","src":"https:\/\/i0.wp.com\/www.freidenker.org\/fw17\/wp-content\/uploads\/2021\/03\/andremuellersen_800x450.jpg?fit=800%2C449&ssl=1&resize=350%2C200","width":350,"height":200,"srcset":"https:\/\/i0.wp.com\/www.freidenker.org\/fw17\/wp-content\/uploads\/2021\/03\/andremuellersen_800x450.jpg?fit=800%2C449&ssl=1&resize=350%2C200 1x, https:\/\/i0.wp.com\/www.freidenker.org\/fw17\/wp-content\/uploads\/2021\/03\/andremuellersen_800x450.jpg?fit=800%2C449&ssl=1&resize=525%2C300 1.5x, https:\/\/i0.wp.com\/www.freidenker.org\/fw17\/wp-content\/uploads\/2021\/03\/andremuellersen_800x450.jpg?fit=800%2C449&ssl=1&resize=700%2C400 2x"},"classes":[]},{"id":21782,"url":"https:\/\/www.freidenker.org\/?p=21782","url_meta":{"origin":3186,"position":5},"title":"Gegen die Torheit des Antikommunismus &#8211; Ein Nachruf auf Dieter S\u00fcverkr\u00fcp","author":"Webredaktion","date":"8. Mai 2025","format":false,"excerpt":"Dieter S\u00fcverkr\u00fcp - 30. Mai 1934 - 16. M\u00e4rz 2025 Nachruf von Stefan Siegert Der Liedermacher, Lieders\u00e4nger, Komponist und beste deutsche Jazzgitarrist des Jahres 1957, der Filmproduzent, Drehbuchscheiber, Verlagsgr\u00fcnder und Verlagsautor, der last but not least vom Werbegrafiker und \u201eAtelierleiter\u201c (sechzehn Jahre Art Director) zum mit Stift und Feder zeichnenden,\u2026","rel":"","context":"In &quot;Kultur &amp; Kunst&quot;","block_context":{"text":"Kultur &amp; Kunst","link":"https:\/\/www.freidenker.org\/?cat=913"},"img":{"alt_text":"","src":"https:\/\/i0.wp.com\/www.freidenker.org\/fw17\/wp-content\/uploads\/2025\/05\/Sueverkruep1_800x450.jpg?fit=800%2C450&ssl=1&resize=350%2C200","width":350,"height":200,"srcset":"https:\/\/i0.wp.com\/www.freidenker.org\/fw17\/wp-content\/uploads\/2025\/05\/Sueverkruep1_800x450.jpg?fit=800%2C450&ssl=1&resize=350%2C200 1x, https:\/\/i0.wp.com\/www.freidenker.org\/fw17\/wp-content\/uploads\/2025\/05\/Sueverkruep1_800x450.jpg?fit=800%2C450&ssl=1&resize=525%2C300 1.5x, https:\/\/i0.wp.com\/www.freidenker.org\/fw17\/wp-content\/uploads\/2025\/05\/Sueverkruep1_800x450.jpg?fit=800%2C450&ssl=1&resize=700%2C400 2x"},"classes":[]}],"_links":{"self":[{"href":"https:\/\/www.freidenker.org\/index.php?rest_route=\/wp\/v2\/posts\/3186","targetHints":{"allow":["GET"]}}],"collection":[{"href":"https:\/\/www.freidenker.org\/index.php?rest_route=\/wp\/v2\/posts"}],"about":[{"href":"https:\/\/www.freidenker.org\/index.php?rest_route=\/wp\/v2\/types\/post"}],"author":[{"embeddable":true,"href":"https:\/\/www.freidenker.org\/index.php?rest_route=\/wp\/v2\/users\/3"}],"replies":[{"embeddable":true,"href":"https:\/\/www.freidenker.org\/index.php?rest_route=%2Fwp%2Fv2%2Fcomments&post=3186"}],"version-history":[{"count":0,"href":"https:\/\/www.freidenker.org\/index.php?rest_route=\/wp\/v2\/posts\/3186\/revisions"}],"wp:featuredmedia":[{"embeddable":true,"href":"https:\/\/www.freidenker.org\/index.php?rest_route=\/wp\/v2\/media\/3965"}],"wp:attachment":[{"href":"https:\/\/www.freidenker.org\/index.php?rest_route=%2Fwp%2Fv2%2Fmedia&parent=3186"}],"wp:term":[{"taxonomy":"category","embeddable":true,"href":"https:\/\/www.freidenker.org\/index.php?rest_route=%2Fwp%2Fv2%2Fcategories&post=3186"},{"taxonomy":"post_tag","embeddable":true,"href":"https:\/\/www.freidenker.org\/index.php?rest_route=%2Fwp%2Fv2%2Ftags&post=3186"}],"curies":[{"name":"wp","href":"https:\/\/api.w.org\/{rel}","templated":true}]}}