{"id":3184,"date":"2010-11-02T00:34:24","date_gmt":"2010-11-01T23:34:24","guid":{"rendered":"http:\/\/www.freidenker.org\/?p=3184"},"modified":"2018-02-14T21:49:48","modified_gmt":"2018-02-14T20:49:48","slug":"protest-gegen-israel-kongress-in-frankfurt-am-main","status":"publish","type":"post","link":"https:\/\/www.freidenker.org\/?p=3184","title":{"rendered":"Protest gegen &#8222;Israel-Kongress&#8220; in Frankfurt am Main"},"content":{"rendered":"<p>Gegen den <strong>&#8222;1. Deutsche Israelkongress&#8220;<\/strong> am 31.10.2010 in Frankfurt am Main, veranstaltet von zionistischen Lobby-Organisationen,\u00a0 protestierte die Pal\u00e4stinensische Gemeinde Deutschland, die Deutsch-Pal\u00e4stinensische Gesellschaft und die Pal\u00e4stinensische Gemeinde Hessen.<\/p>\n<p>Der Deutsche Freidenker-Verband hat den <strong>OFFENEN BRIEF<\/strong> mitunterzeichnet:<\/p>\n<h3><strong>Mit welchem Israel solidarisieren Sie sich?<\/strong><\/h3>\n<p>Solidarisch zu sein, ist ein ehrenwerter Charakterzug. Fraglos. Ehren- und auch bewundernswert. Anders verh\u00e4lt es sich, wenn es um eine blinde, kritiklose und undifferenzierte Solidarit\u00e4t geht. Und genauso verh\u00e4lt es sich mit der Solidarit\u00e4t der Teilnehmerinnen und Teilnehmer an der bevorstehenden Israel-Solidarit\u00e4ts-Konferenz in Frankfurt.<\/p>\n<p>Mit Recht darf die Frage gestellt werden, mit welchem Israel sie sich denn tats\u00e4chlich solidarisieren?<\/p>\n<p>Insbesondere diejenigen, die Personen des \u00f6ffentlichen Lebens sind und in ihrer Funktion politische Parteien und kirchliche Institutionen repr\u00e4sentieren. Israel ist vielf\u00e4ltig &#8211; gesellschaftlich, politisch und ethnisch. Der Kongress blendet aber genau diese Vielfalt aus und fokussiert das offizielle politische Israel. Jenes Israel n\u00e4mlich, das von ultrarechten Politikern regiert und gef\u00fchrt wird.<\/p>\n<p>Solidarisieren Sie sich mit der israelischen Bev\u00f6lkerung, die Woche f\u00fcr Woche in Ostjerusalem gegen die Judaisierung des arabischen Teils der Stadt protestiert?<\/p>\n<p>Solidarisieren Sie sich mit der israelischen Bev\u00f6lkerung, die immer und immer wieder in Bil\u00b4in Seite an Seite mit gewaltfreien pal\u00e4stinensischen und internationalen Widerst\u00e4ndlern gegen die Apartheidsmauer demonstriert?<\/p>\n<p>Solidarisieren Sie sich mit den israelischen Soldaten, die den Milit\u00e4rdienst im Besetzten Pal\u00e4stina aus Gewissens- und humanit\u00e4ren Gr\u00fcnden verweigern?<\/p>\n<p>Solidarisieren Sie sich mit den israelischen K\u00fcnstlern, die sich weigern, in den rechtswidrig errichteten Siedlungen im Besetzten Pal\u00e4stina aufzutreten?<\/p>\n<p>Solidarisieren Sie sich mit der pal\u00e4stinensischen Minderheit in Israel, die seit der Gr\u00fcndung des Staates Repressalien und rassistischen Gesetzen unterworfen ist?<\/p>\n<p>Wenn Sie sich mit diesem Israel solidarisieren, dann haben Sie unser Verst\u00e4ndnis und unsere<br \/>\nUnterst\u00fctzung. Denn das ist das Israel, das Frieden und Gerechtigkeit anstrebt und somit jede Form der Solidarit\u00e4t verdient.<\/p>\n<p>Aber Sie nehmen jetzt an einem Kongress teil, der Solidarit\u00e4t mit einem anderen, mit dem offiziellen und damit radikalen und brutalen Israel widerspiegelt. Ein Israel, das auf Siedlungsbau, Enteignung und Entrechtung setzt. Ein Israel, das sich seit Jahrzehnten \u00fcber internationales Recht und internationale Beschl\u00fcsse hinwegsetzt. Ein Israel, das seit Jahrzehnten Landstriche anderer Staaten in der Region besetzt h\u00e4lt. Ein Israel, das seit \u00fcber 60 Jahren das Recht des pal\u00e4stinensischen Volkes auf Selbstbestimmung und R\u00fcckkehr verhindert. Ein Israel, das jeglichen Friedensgedanken hinter Mauern sperrt und seit \u00fcber drei Jahren weit \u00fcber eine Millionen Menschen in dem gr\u00f6\u00dften Freiluftgef\u00e4ngnis der Welt \u2013 Gazastreifen gefangen h\u00e4lt. Ein Israel, das die friedliebende j\u00fcdische Religion ad absurdum f\u00fchrt und stattdessen rassistische Gesetze verabschiedet, die Minderheiten benachteiligt und ein Apartheidsystem langfristig manifestiert.<\/p>\n<p>Wollen Sie sich wirklich genau mit diesem Israel solidarisieren? Dann sind Sie auch ein Teil dieses Unrechtssystems und negieren gleicherma\u00dfen die demokratischen, menschenachtenden Regeln, auf denen Deutschland fu\u00dft.<\/p>\n<hr \/>\n<p>Foto: Felsendom auf dem Tempelberg in Jerusalem \/ Quelle: pixabay.com, user: rquevenco<\/p>\n","protected":false},"excerpt":{"rendered":"<p><strong>Offener Brief gegen den &#8222;1. Deutschen Israelkongress&#8220; am 31.10.2010 in Frankfurt am Main, mitunterzeichnet vom Deutschen Freidenker-Verband. <\/strong><br \/>\nSolidarisch zu sein, ist ein ehrenwerter Charakterzug. Fraglos. Ehren- und auch bewundernswert. Anders verh\u00e4lt es sich, wenn es um eine blinde, kritiklose und undifferenzierte Solidarit\u00e4t geht. Und genauso verh\u00e4lt es sich mit der Solidarit\u00e4t der Teilnehmerinnen und Teilnehmer an der bevorstehenden Israel-Solidarit\u00e4ts-Konferenz in Frankfurt. Mit Recht darf die Frage gestellt werden, mit welchem Israel sie sich denn tats\u00e4chlich solidarisieren? &#8230; Israel ist vielf\u00e4ltig &#8211; gesellschaftlich, politisch und ethnisch. Der Kongress blendet aber genau diese Vielfalt aus und fokussiert das offizielle politische Israel. Jenes Israel n\u00e4mlich, das von ultrarechten Politikern regiert und gef\u00fchrt wird.<\/p>\n","protected":false},"author":3,"featured_media":3963,"comment_status":"closed","ping_status":"closed","sticky":false,"template":"","format":"standard","meta":{"colormag_page_container_layout":"default_layout","colormag_page_sidebar_layout":"default_layout","advanced_seo_description":"","jetpack_seo_html_title":"","jetpack_seo_noindex":false,"jetpack_post_was_ever_published":false,"footnotes":""},"categories":[13,210],"tags":[393,394,812,579],"class_list":["post-3184","post","type-post","status-publish","format-standard","has-post-thumbnail","hentry","category-frieden-antifaschismus-solidaritaet","category-positionen","tag-israel","tag-palaestina","tag-protest","tag-zionismus"],"jetpack_featured_media_url":"https:\/\/i0.wp.com\/www.freidenker.org\/fw17\/wp-content\/uploads\/2010\/11\/barbed-wire-1876148_800x445.jpg?fit=800%2C445&ssl=1","jetpack_shortlink":"https:\/\/wp.me\/p9stpK-Pm","jetpack-related-posts":[{"id":21521,"url":"https:\/\/www.freidenker.org\/?p=21521","url_meta":{"origin":3184,"position":0},"title":"Stoppt den Genozid! Sofort!","author":"Webredaktion","date":"22. April 2025","format":false,"excerpt":"Video von Marlies und S\u00f6nke Hundt\u00a0 Unbarmherzig und vor den Augen der Welt\u00f6ffentlichkeit wird der V\u00f6lkermord an den Pal\u00e4stinensern in Gaza weitergef\u00fchrt. Die Pal\u00e4stinensische Gemeinde in Bremen hat am 05.04.2025 wieder zum Protest gegen den Genozid in Gaza aufgerufen. Mit einer Demonstration vom Hauptbahnhof und einer Kundgebung auf dem Marktplatz.\u2026","rel":"","context":"In &quot;Frieden - Antifaschismus - Solidarit\u00e4t&quot;","block_context":{"text":"Frieden - Antifaschismus - Solidarit\u00e4t","link":"https:\/\/www.freidenker.org\/?cat=13"},"img":{"alt_text":"","src":"https:\/\/i0.wp.com\/www.freidenker.org\/fw17\/wp-content\/uploads\/2025\/04\/video_soenke_hundt.jpg?fit=800%2C450&ssl=1&resize=350%2C200","width":350,"height":200,"srcset":"https:\/\/i0.wp.com\/www.freidenker.org\/fw17\/wp-content\/uploads\/2025\/04\/video_soenke_hundt.jpg?fit=800%2C450&ssl=1&resize=350%2C200 1x, https:\/\/i0.wp.com\/www.freidenker.org\/fw17\/wp-content\/uploads\/2025\/04\/video_soenke_hundt.jpg?fit=800%2C450&ssl=1&resize=525%2C300 1.5x, https:\/\/i0.wp.com\/www.freidenker.org\/fw17\/wp-content\/uploads\/2025\/04\/video_soenke_hundt.jpg?fit=800%2C450&ssl=1&resize=700%2C400 2x"},"classes":[]},{"id":20659,"url":"https:\/\/www.freidenker.org\/?p=20659","url_meta":{"origin":3184,"position":1},"title":"Stoppt das Morden in Pal\u00e4stina und der Ukraine","author":"Webredaktion","date":"14. Januar 2025","format":false,"excerpt":"Kundgebung und Demonstrationszug am Samstag, 18. Januar 2025 um 14 Uhr (vor dem DGB-Haus) in D\u00fcsseldorf, Friedrich-Ebert-Stra\u00dfe 32 mit: Andrej Hunko (MdB), Moaz Abdallah (International Generation), Wa\u2019el Jarar(Pal\u00e4stinensische Gemeinde), Michael Aggelidis (Friedensb\u00fcndnis NRW) Unsere Bundesregierung unterst\u00fctzt das sinnlose Sterben in der Ukraine und den V\u00f6lkermord in Pal\u00e4stina unter Nutzung deutscher\u2026","rel":"","context":"In &quot;Frieden - Antifaschismus - Solidarit\u00e4t&quot;","block_context":{"text":"Frieden - Antifaschismus - Solidarit\u00e4t","link":"https:\/\/www.freidenker.org\/?cat=13"},"img":{"alt_text":"","src":"https:\/\/i0.wp.com\/www.freidenker.org\/fw17\/wp-content\/uploads\/2025\/01\/friedensbuendnis-nrw-galerie-16_800x450.jpg?fit=800%2C450&ssl=1&resize=350%2C200","width":350,"height":200,"srcset":"https:\/\/i0.wp.com\/www.freidenker.org\/fw17\/wp-content\/uploads\/2025\/01\/friedensbuendnis-nrw-galerie-16_800x450.jpg?fit=800%2C450&ssl=1&resize=350%2C200 1x, https:\/\/i0.wp.com\/www.freidenker.org\/fw17\/wp-content\/uploads\/2025\/01\/friedensbuendnis-nrw-galerie-16_800x450.jpg?fit=800%2C450&ssl=1&resize=525%2C300 1.5x, https:\/\/i0.wp.com\/www.freidenker.org\/fw17\/wp-content\/uploads\/2025\/01\/friedensbuendnis-nrw-galerie-16_800x450.jpg?fit=800%2C450&ssl=1&resize=700%2C400 2x"},"classes":[]},{"id":22251,"url":"https:\/\/www.freidenker.org\/?p=22251","url_meta":{"origin":3184,"position":2},"title":"Gaza: Massaker, Aushungern, Vertreibung stoppen!","author":"Webredaktion","date":"30. Juni 2025","format":false,"excerpt":"Aufruf zu einer \u00fcberregionalen Demonstration in Heidelberg Gaza: Massaker, Aushungern, Vertreibung stoppen! Kriege gegen Iran, Syrien und Libanon beenden! Schluss mit Waffen und Beihilfe aus Deutschland! F\u00fcr einen gerechten Frieden im Nahen Osten! u.a. mit Tsafrir Cohen (medico inernational) und Prof. Helga Baumgarten (Birzeit Universit\u00e4t) am 05.07.2025 in Heidelberg, Auftakt:\u2026","rel":"","context":"In &quot;Frieden - Antifaschismus - Solidarit\u00e4t&quot;","block_context":{"text":"Frieden - Antifaschismus - Solidarit\u00e4t","link":"https:\/\/www.freidenker.org\/?cat=13"},"img":{"alt_text":"","src":"https:\/\/i0.wp.com\/www.freidenker.org\/fw17\/wp-content\/uploads\/2025\/06\/gaza_demo_heidelberg_plakat2_800x450.jpg?fit=800%2C450&ssl=1&resize=350%2C200","width":350,"height":200,"srcset":"https:\/\/i0.wp.com\/www.freidenker.org\/fw17\/wp-content\/uploads\/2025\/06\/gaza_demo_heidelberg_plakat2_800x450.jpg?fit=800%2C450&ssl=1&resize=350%2C200 1x, https:\/\/i0.wp.com\/www.freidenker.org\/fw17\/wp-content\/uploads\/2025\/06\/gaza_demo_heidelberg_plakat2_800x450.jpg?fit=800%2C450&ssl=1&resize=525%2C300 1.5x, https:\/\/i0.wp.com\/www.freidenker.org\/fw17\/wp-content\/uploads\/2025\/06\/gaza_demo_heidelberg_plakat2_800x450.jpg?fit=800%2C450&ssl=1&resize=700%2C400 2x"},"classes":[]},{"id":16091,"url":"https:\/\/www.freidenker.org\/?p=16091","url_meta":{"origin":3184,"position":3},"title":"75 Jahre Nakba \u2013 75 Jahre zionistische Kolonisation Pal\u00e4stinas","author":"Webredaktion","date":"18. Mai 2023","format":false,"excerpt":"Beitrag von kommunistische-organisation.de W\u00e4hrend die europ\u00e4isch-zionistische Siedlerkolonie Israel am 15. Mai 2023 ihr 75-j\u00e4hriges Bestehen feiert, erinnern Pal\u00e4stinenserinnen und Pal\u00e4stinenser an die seit 75 Jahren anhaltende ethnische S\u00e4uberung ihrer Heimat. Die zionistischen Kolonialherren und ihre europ\u00e4ischen Partner planten bereits lange vor der Nakba, Pal\u00e4stina von \u201eden Arabern zu befreien\u201c, was\u2026","rel":"","context":"In &quot;Frieden - Antifaschismus - Solidarit\u00e4t&quot;","block_context":{"text":"Frieden - Antifaschismus - Solidarit\u00e4t","link":"https:\/\/www.freidenker.org\/?cat=13"},"img":{"alt_text":"","src":"https:\/\/i0.wp.com\/www.freidenker.org\/fw17\/wp-content\/uploads\/2023\/05\/The_key_of_return_52081830136_800x450.jpg?fit=800%2C450&ssl=1&resize=350%2C200","width":350,"height":200,"srcset":"https:\/\/i0.wp.com\/www.freidenker.org\/fw17\/wp-content\/uploads\/2023\/05\/The_key_of_return_52081830136_800x450.jpg?fit=800%2C450&ssl=1&resize=350%2C200 1x, https:\/\/i0.wp.com\/www.freidenker.org\/fw17\/wp-content\/uploads\/2023\/05\/The_key_of_return_52081830136_800x450.jpg?fit=800%2C450&ssl=1&resize=525%2C300 1.5x, https:\/\/i0.wp.com\/www.freidenker.org\/fw17\/wp-content\/uploads\/2023\/05\/The_key_of_return_52081830136_800x450.jpg?fit=800%2C450&ssl=1&resize=700%2C400 2x"},"classes":[]},{"id":18521,"url":"https:\/\/www.freidenker.org\/?p=18521","url_meta":{"origin":3184,"position":4},"title":"Gegen den Genozid im Namen \u201efeministischer Au\u00dfenpolitik\u201c!","author":"Webredaktion","date":"9. M\u00e4rz 2024","format":false,"excerpt":"Beitrag der Kommunistischen Organisation Vor gut einem Jahr wurden die Leitlinien f\u00fcr die \u201eFeministische Au\u00dfenpolitik\u201c der Bundesregierung ver\u00f6ffentlicht. Sie sprechen darin von \u201enachhaltigem Frieden durch die Einbeziehung von Frauen\u201c. Was sich sch\u00f6n anh\u00f6rt, ist in Wahrheit Rechtfertigungsfolie f\u00fcr imperialistische Intervention. So wird der brutale Krieg, den Israel in Gaza f\u00fchrt,\u2026","rel":"","context":"In &quot;Frieden - Antifaschismus - Solidarit\u00e4t&quot;","block_context":{"text":"Frieden - Antifaschismus - Solidarit\u00e4t","link":"https:\/\/www.freidenker.org\/?cat=13"},"img":{"alt_text":"","src":"https:\/\/i0.wp.com\/www.freidenker.org\/fw17\/wp-content\/uploads\/2024\/03\/gaza-3829405_800x450.jpg?fit=800%2C450&ssl=1&resize=350%2C200","width":350,"height":200,"srcset":"https:\/\/i0.wp.com\/www.freidenker.org\/fw17\/wp-content\/uploads\/2024\/03\/gaza-3829405_800x450.jpg?fit=800%2C450&ssl=1&resize=350%2C200 1x, https:\/\/i0.wp.com\/www.freidenker.org\/fw17\/wp-content\/uploads\/2024\/03\/gaza-3829405_800x450.jpg?fit=800%2C450&ssl=1&resize=525%2C300 1.5x, https:\/\/i0.wp.com\/www.freidenker.org\/fw17\/wp-content\/uploads\/2024\/03\/gaza-3829405_800x450.jpg?fit=800%2C450&ssl=1&resize=700%2C400 2x"},"classes":[]},{"id":10352,"url":"https:\/\/www.freidenker.org\/?p=10352","url_meta":{"origin":3184,"position":5},"title":"15. Mai 2021: 73. Jahrestag der Nakba \u2013 der pal\u00e4stinensischen Katastrophe","author":"Webredaktion","date":"15. Mai 2021","format":false,"excerpt":"Der Deutsche Freidenker-Verband erkl\u00e4rt seine Solidarit\u00e4t mit dem pal\u00e4stinensischen Volk und verurteilt den Terror der israelischen Besatzer. Die deutschen Politiker und die sogenannten \u201eQualit\u00e4tsmedien\u201c wollen uns weismachen, dass die Schuld wie immer bei den sogenannten \u201emilitanten\u201d Pal\u00e4stinensern und der Hamas liegt, die deshalb immer \u201eradikal-islamische\u201d Hamas genannt werden muss. Die\u2026","rel":"","context":"In &quot;Frieden - Antifaschismus - Solidarit\u00e4t&quot;","block_context":{"text":"Frieden - Antifaschismus - Solidarit\u00e4t","link":"https:\/\/www.freidenker.org\/?cat=13"},"img":{"alt_text":"","src":"https:\/\/i0.wp.com\/www.freidenker.org\/fw17\/wp-content\/uploads\/2021\/05\/nakba_2021_v2_800x450.jpg?fit=800%2C450&ssl=1&resize=350%2C200","width":350,"height":200,"srcset":"https:\/\/i0.wp.com\/www.freidenker.org\/fw17\/wp-content\/uploads\/2021\/05\/nakba_2021_v2_800x450.jpg?fit=800%2C450&ssl=1&resize=350%2C200 1x, https:\/\/i0.wp.com\/www.freidenker.org\/fw17\/wp-content\/uploads\/2021\/05\/nakba_2021_v2_800x450.jpg?fit=800%2C450&ssl=1&resize=525%2C300 1.5x, https:\/\/i0.wp.com\/www.freidenker.org\/fw17\/wp-content\/uploads\/2021\/05\/nakba_2021_v2_800x450.jpg?fit=800%2C450&ssl=1&resize=700%2C400 2x"},"classes":[]}],"_links":{"self":[{"href":"https:\/\/www.freidenker.org\/index.php?rest_route=\/wp\/v2\/posts\/3184","targetHints":{"allow":["GET"]}}],"collection":[{"href":"https:\/\/www.freidenker.org\/index.php?rest_route=\/wp\/v2\/posts"}],"about":[{"href":"https:\/\/www.freidenker.org\/index.php?rest_route=\/wp\/v2\/types\/post"}],"author":[{"embeddable":true,"href":"https:\/\/www.freidenker.org\/index.php?rest_route=\/wp\/v2\/users\/3"}],"replies":[{"embeddable":true,"href":"https:\/\/www.freidenker.org\/index.php?rest_route=%2Fwp%2Fv2%2Fcomments&post=3184"}],"version-history":[{"count":0,"href":"https:\/\/www.freidenker.org\/index.php?rest_route=\/wp\/v2\/posts\/3184\/revisions"}],"wp:featuredmedia":[{"embeddable":true,"href":"https:\/\/www.freidenker.org\/index.php?rest_route=\/wp\/v2\/media\/3963"}],"wp:attachment":[{"href":"https:\/\/www.freidenker.org\/index.php?rest_route=%2Fwp%2Fv2%2Fmedia&parent=3184"}],"wp:term":[{"taxonomy":"category","embeddable":true,"href":"https:\/\/www.freidenker.org\/index.php?rest_route=%2Fwp%2Fv2%2Fcategories&post=3184"},{"taxonomy":"post_tag","embeddable":true,"href":"https:\/\/www.freidenker.org\/index.php?rest_route=%2Fwp%2Fv2%2Ftags&post=3184"}],"curies":[{"name":"wp","href":"https:\/\/api.w.org\/{rel}","templated":true}]}}