{"id":3182,"date":"2010-11-04T00:31:33","date_gmt":"2010-11-03T23:31:33","guid":{"rendered":"http:\/\/www.freidenker.org\/?p=3182"},"modified":"2018-02-18T20:08:48","modified_gmt":"2018-02-18T19:08:48","slug":"pflege-notstand-gelbe-karte-fuer-angela-merkel","status":"publish","type":"post","link":"https:\/\/www.freidenker.org\/?p=3182","title":{"rendered":"Pflege-Notstand: Gelbe Karte f\u00fcr Angela Merkel!"},"content":{"rendered":"<p>Der Deutsche Berufsverband f\u00fcr Pflegeberufe (DBfK) ruft zu einer Protestkartenaktion auf, den wir Freidenkerinnen und Freidenker nachdr\u00fccklich unterst\u00fctzen:<br \/>\n&#8222;Was f\u00fcr den Fu\u00dfball gilt hat auch im politischen Leben Relevanz: Fehlverhalten auf Kosten Anderer muss geahndet werden. Das Instrument daf\u00fcr \u2013 die \u00bbGelbe Karte\u00ab. In Anbetracht ihrer Gesamtverantwortung f\u00fcr die Politik der Bundesregierung, mittlerweile bereits in der zweiten Amtsperiode, zeigt der Deutsche Berufsverband f\u00fcr Pflegeberufe (DBfK) Bundeskanzlerin Dr. Angela Merkel jetzt die Gelbe Karte. Wir fordern alle Pflegekr\u00e4fte, Patienten, Bewohner, Angeh\u00f6rige und besorgten B\u00fcrger ausdr\u00fccklich auf:<\/p>\n<h3 style=\"margin-top: 18px;\">Zeigen Sie der Bundeskanzlerin die Gelbe Karte!&#8220;<\/h3>\n<p><span style=\"font-size: 10pt;\">Ausl\u00f6ser ist die desolate Situation in vielen Bereichen der Pflege, gekennzeichnet durch Versorgungsdefizite und immensen Arbeitsdruck f\u00fcr immer weniger qualifizierte Mitarbeiter. Die daraus resultierende Gef\u00e4hrdung f\u00fcr Patienten und Pflegebed\u00fcrftige ist hoch. Der Pflegenotstand ist l\u00e4ngst da, die Betroffenen erleben dies t\u00e4glich.<\/span><\/p>\n<p style=\"text-align: justify; line-height: 115%;\"><strong><span style=\"font-size: 10pt; line-height: 115%;\">Die Gelbe Karte kann als E-Card unter <span style=\"color: #006daa;\"><a href=\"http:\/\/www.dbfk.de\/gelbekarte\">www.dbfk.de\/gelbekarte<\/a><\/span> oder per Post <\/span><\/strong><span style=\"font-size: 10pt; line-height: 115%;\">(Downloads auf der Kampagnenseite)<strong> an das Bundeskanzleramt geschickt werden.<\/strong><\/span><\/p>\n<p style=\"text-align: justify; line-height: 115%;\"><span style=\"font-size: 10pt;\">Mitmachen bis 30.11.2010!<\/span><\/p>\n<hr \/>\n<p>Collage: rlx (unter Verwendung eines Bildes von pixabay.com \/ geralt)<\/p>\n","protected":false},"excerpt":{"rendered":"<p><strong>Der Deutsche Berufsverband f\u00fcr Pflegeberufe (DBfK) ruft zu einer Protestkartenaktion auf, den wir Freidenkerinnen und Freidenker nachdr\u00fccklich unterst\u00fctzen:<\/strong><br \/>\n&#8222;Was f\u00fcr den Fu\u00dfball gilt hat auch im politischen Leben Relevanz: Fehlverhalten auf Kosten Anderer muss geahndet werden. Das Instrument daf\u00fcr \u2013 die \u00bbGelbe Karte\u00ab. In Anbetracht ihrer Gesamtverantwortung f\u00fcr die Politik der Bundesregierung, mittlerweile bereits in der zweiten Amtsperiode, zeigt der Deutsche Berufsverband f\u00fcr Pflegeberufe (DBfK) Bundeskanzlerin Dr. Angela Merkel jetzt die Gelbe Karte. Wir fordern alle Pflegekr\u00e4fte, Patienten, Bewohner, Angeh\u00f6rige und besorgten B\u00fcrger ausdr\u00fccklich auf: Zeigen Sie der Bundeskanzlerin die Gelbe Karte!&#8220;<\/p>\n","protected":false},"author":3,"featured_media":3961,"comment_status":"closed","ping_status":"closed","sticky":false,"template":"","format":"standard","meta":{"colormag_page_container_layout":"default_layout","colormag_page_sidebar_layout":"default_layout","advanced_seo_description":"","jetpack_seo_html_title":"","jetpack_seo_noindex":false,"jetpack_post_was_ever_published":false,"footnotes":""},"categories":[11],"tags":[682,811,812],"class_list":["post-3182","post","type-post","status-publish","format-standard","has-post-thumbnail","hentry","category-arbeit-soziales","tag-angela-merkel","tag-pflegenotstand","tag-protest"],"jetpack_featured_media_url":"https:\/\/i0.wp.com\/www.freidenker.org\/fw17\/wp-content\/uploads\/2010\/11\/merkel_yellow_card_800x445.jpg?fit=800%2C445&ssl=1","jetpack_shortlink":"https:\/\/wp.me\/p9stpK-Pk","jetpack-related-posts":[{"id":6478,"url":"https:\/\/www.freidenker.org\/?p=6478","url_meta":{"origin":3182,"position":0},"title":"DFV Nord protestiert gegen die Werbekampagne f\u00fcr die Bundeswehr","author":"Webredaktion","date":"16. Juni 2019","format":false,"excerpt":"Der Deutsche Freidenker-Verband, Landesverband Nord e.V., hat sich mit einem offenen Brief an Bundeskanzlerin Angela Merkel und Bundesverteidigungsministerin Ursula von der Leyen gewandt und protestiert gegen die laufende Werbekampagne der Bundeswehr. Ein Plakat mit den Schlagworten \u201eWasser, Gas, Schiessen\u201c ist so etwas von Kriegspropaganda, die unertr\u00e4glich ist.","rel":"","context":"In &quot;Frieden - Antifaschismus - Solidarit\u00e4t&quot;","block_context":{"text":"Frieden - Antifaschismus - Solidarit\u00e4t","link":"https:\/\/www.freidenker.org\/?cat=13"},"img":{"alt_text":"","src":"https:\/\/i0.wp.com\/www.freidenker.org\/fw17\/wp-content\/uploads\/2019\/06\/panzer-948809_800x445.jpg?fit=800%2C445&ssl=1&resize=350%2C200","width":350,"height":200,"srcset":"https:\/\/i0.wp.com\/www.freidenker.org\/fw17\/wp-content\/uploads\/2019\/06\/panzer-948809_800x445.jpg?fit=800%2C445&ssl=1&resize=350%2C200 1x, https:\/\/i0.wp.com\/www.freidenker.org\/fw17\/wp-content\/uploads\/2019\/06\/panzer-948809_800x445.jpg?fit=800%2C445&ssl=1&resize=525%2C300 1.5x, https:\/\/i0.wp.com\/www.freidenker.org\/fw17\/wp-content\/uploads\/2019\/06\/panzer-948809_800x445.jpg?fit=800%2C445&ssl=1&resize=700%2C400 2x"},"classes":[]},{"id":14826,"url":"https:\/\/www.freidenker.org\/?p=14826","url_meta":{"origin":3182,"position":1},"title":"Das V\u00f6lkerrecht als Buffet f\u00fcr den Westen","author":"Webredaktion","date":"16. Dezember 2022","format":false,"excerpt":"Beitrag von Dagmar Henn Es wirkt fast, als h\u00e4tten sie sich verabredet. Es ist erst wenige Tage her, dass Ex-Bundeskanzlerin Angela Merkel im Gespr\u00e4ch mit der Zeit \u00f6ffentlich erkl\u00e4rte, auch sie habe, wie Poroschenko, die Minsker Vereinbarungen nur abgeschlossen, um der Ukraine Zeit zu verschaffen; und nun twittert Au\u00dfenministerin Annalena\u2026","rel":"","context":"In &quot;Frieden - Antifaschismus - Solidarit\u00e4t&quot;","block_context":{"text":"Frieden - Antifaschismus - Solidarit\u00e4t","link":"https:\/\/www.freidenker.org\/?cat=13"},"img":{"alt_text":"","src":"https:\/\/i0.wp.com\/www.freidenker.org\/fw17\/wp-content\/uploads\/2022\/12\/Angela_Merkel_auf_Werbebanner_Berlin-Alexanderplatz_800x450.jpg?fit=800%2C450&ssl=1&resize=350%2C200","width":350,"height":200,"srcset":"https:\/\/i0.wp.com\/www.freidenker.org\/fw17\/wp-content\/uploads\/2022\/12\/Angela_Merkel_auf_Werbebanner_Berlin-Alexanderplatz_800x450.jpg?fit=800%2C450&ssl=1&resize=350%2C200 1x, https:\/\/i0.wp.com\/www.freidenker.org\/fw17\/wp-content\/uploads\/2022\/12\/Angela_Merkel_auf_Werbebanner_Berlin-Alexanderplatz_800x450.jpg?fit=800%2C450&ssl=1&resize=525%2C300 1.5x, https:\/\/i0.wp.com\/www.freidenker.org\/fw17\/wp-content\/uploads\/2022\/12\/Angela_Merkel_auf_Werbebanner_Berlin-Alexanderplatz_800x450.jpg?fit=800%2C450&ssl=1&resize=700%2C400 2x"},"classes":[]},{"id":2992,"url":"https:\/\/www.freidenker.org\/?p=2992","url_meta":{"origin":3182,"position":2},"title":"Nach 70 Jahren immer noch \u00c4rger mit der Befreiung vom Faschismus","author":"Webredaktion","date":"28. April 2015","format":false,"excerpt":"Bundeskanzlerin Merkel wird laut einem Bericht nicht an der Weltkriegsgedenkfeier in Moskau teilnehmen. Regierungssprecher Seibert dementierte, dass Merkel \u00fcber die Befreiung vom Faschismus ver\u00e4rgert sei. Er wies auch Spekulationen zur\u00fcck, die Kanzlerin wolle bei der aktuellen Mobilmachung gegen Russland nicht daran erinnert werden, wie der letzte Feldzug endete. Die Gr\u00fcnde\u2026","rel":"","context":"In &quot;Demokratie \u2013 Medien \u2013 Aufkl\u00e4rung&quot;","block_context":{"text":"Demokratie \u2013 Medien \u2013 Aufkl\u00e4rung","link":"https:\/\/www.freidenker.org\/?cat=12"},"img":{"alt_text":"","src":"https:\/\/i0.wp.com\/www.freidenker.org\/fw17\/wp-content\/uploads\/2015\/04\/merkel_parade_collage_800x445.jpg?fit=800%2C445&ssl=1&resize=350%2C200","width":350,"height":200,"srcset":"https:\/\/i0.wp.com\/www.freidenker.org\/fw17\/wp-content\/uploads\/2015\/04\/merkel_parade_collage_800x445.jpg?fit=800%2C445&ssl=1&resize=350%2C200 1x, https:\/\/i0.wp.com\/www.freidenker.org\/fw17\/wp-content\/uploads\/2015\/04\/merkel_parade_collage_800x445.jpg?fit=800%2C445&ssl=1&resize=525%2C300 1.5x, https:\/\/i0.wp.com\/www.freidenker.org\/fw17\/wp-content\/uploads\/2015\/04\/merkel_parade_collage_800x445.jpg?fit=800%2C445&ssl=1&resize=700%2C400 2x"},"classes":[]},{"id":6754,"url":"https:\/\/www.freidenker.org\/?p=6754","url_meta":{"origin":3182,"position":3},"title":"Merkel zittert, Deutschland wankt","author":"Webredaktion","date":"23. Juli 2019","format":false,"excerpt":"Eine verheerende Bilanz nach 14 Jahren Merkel-Kanzlerschaft zieht Andreas Richter vom RT deutsch-Team. Tansatlantische Gefolgschaft, Gegnerschaft zu Russland, Bevormundung der EU, Niedriglohnsektor und Pfandflaschen sammeln, verfallende Infrastruktur und teurer, aber unsicher werdende Energieversorgung - das sind einige der Stichw\u00f6rter f\u00fcr einen Kurs, der \"ungebremst gegen die Wand\" steuert. Wir danken\u2026","rel":"","context":"In &quot;Demokratie \u2013 Medien \u2013 Aufkl\u00e4rung&quot;","block_context":{"text":"Demokratie \u2013 Medien \u2013 Aufkl\u00e4rung","link":"https:\/\/www.freidenker.org\/?cat=12"},"img":{"alt_text":"","src":"https:\/\/i0.wp.com\/www.freidenker.org\/fw17\/wp-content\/uploads\/2019\/07\/Angela_Merkel_v_Tobias_Koch_800x445.jpg?fit=800%2C445&ssl=1&resize=350%2C200","width":350,"height":200,"srcset":"https:\/\/i0.wp.com\/www.freidenker.org\/fw17\/wp-content\/uploads\/2019\/07\/Angela_Merkel_v_Tobias_Koch_800x445.jpg?fit=800%2C445&ssl=1&resize=350%2C200 1x, https:\/\/i0.wp.com\/www.freidenker.org\/fw17\/wp-content\/uploads\/2019\/07\/Angela_Merkel_v_Tobias_Koch_800x445.jpg?fit=800%2C445&ssl=1&resize=525%2C300 1.5x, https:\/\/i0.wp.com\/www.freidenker.org\/fw17\/wp-content\/uploads\/2019\/07\/Angela_Merkel_v_Tobias_Koch_800x445.jpg?fit=800%2C445&ssl=1&resize=700%2C400 2x"},"classes":[]},{"id":3049,"url":"https:\/\/www.freidenker.org\/?p=3049","url_meta":{"origin":3182,"position":4},"title":"OFFENER BRIEF an die Bundeskanzlerin","author":"Webredaktion","date":"6. April 2014","format":false,"excerpt":"Offener Brief des DFV an die Bundeskanzlerin Angela Merkel Auszug: Der Deutsche Freidenker-Verband warnt, gemeinsam mit anderen dem Frieden verpflichteten Verb\u00e4nden und Vereinen, vor der weiteren Zuspitzung der Auseinandersetzungen zwischen dem Westen und Russland. Wir verlangen ein Ende der Feindbildproduktion und Desinformation sowie der antirussischen Kampagnen und der D\u00e4monisierung des\u2026","rel":"","context":"In &quot;Frieden - Antifaschismus - Solidarit\u00e4t&quot;","block_context":{"text":"Frieden - Antifaschismus - Solidarit\u00e4t","link":"https:\/\/www.freidenker.org\/?cat=13"},"img":{"alt_text":"","src":"https:\/\/i0.wp.com\/www.freidenker.org\/fw17\/wp-content\/uploads\/2014\/04\/open-letter-1566551_800x445.jpg?fit=800%2C445&ssl=1&resize=350%2C200","width":350,"height":200,"srcset":"https:\/\/i0.wp.com\/www.freidenker.org\/fw17\/wp-content\/uploads\/2014\/04\/open-letter-1566551_800x445.jpg?fit=800%2C445&ssl=1&resize=350%2C200 1x, https:\/\/i0.wp.com\/www.freidenker.org\/fw17\/wp-content\/uploads\/2014\/04\/open-letter-1566551_800x445.jpg?fit=800%2C445&ssl=1&resize=525%2C300 1.5x, https:\/\/i0.wp.com\/www.freidenker.org\/fw17\/wp-content\/uploads\/2014\/04\/open-letter-1566551_800x445.jpg?fit=800%2C445&ssl=1&resize=700%2C400 2x"},"classes":[]},{"id":24688,"url":"https:\/\/www.freidenker.org\/?p=24688","url_meta":{"origin":3182,"position":5},"title":"Der Krieg der USA und Israels gegen den Iran ist eine Bedrohung f\u00fcr die ganze Welt","author":"Webredaktion","date":"23. M\u00e4rz 2026","format":false,"excerpt":"Die deutsche Staatsr\u00e4son gegen\u00fcber dem zionistischen Staat geh\u00f6rt angesichts dieser Zerst\u00f6rungsorgie auf den M\u00fcllhaufen der Geschichte Beitrag von Arn Strohmeyer Die Sicherheit Israels ist deutsche Staatsr\u00e4son, das ist seit der Rede von Kanzlerin Angela Merkel 2008 in der Knesset in Jerusalem ein unumst\u00f6\u00dfliches Dogma der deutschen Politik, das eng mit\u2026","rel":"","context":"In &quot;Frieden - Antifaschismus - Solidarit\u00e4t&quot;","block_context":{"text":"Frieden - Antifaschismus - Solidarit\u00e4t","link":"https:\/\/www.freidenker.org\/?cat=13"},"img":{"alt_text":"","src":"https:\/\/i0.wp.com\/www.freidenker.org\/fw17\/wp-content\/uploads\/2026\/03\/Shajareh_Tayyebeh_school_in_Minab_photos_from_Mehr_3_800x450.jpg?fit=800%2C450&ssl=1&resize=350%2C200","width":350,"height":200,"srcset":"https:\/\/i0.wp.com\/www.freidenker.org\/fw17\/wp-content\/uploads\/2026\/03\/Shajareh_Tayyebeh_school_in_Minab_photos_from_Mehr_3_800x450.jpg?fit=800%2C450&ssl=1&resize=350%2C200 1x, https:\/\/i0.wp.com\/www.freidenker.org\/fw17\/wp-content\/uploads\/2026\/03\/Shajareh_Tayyebeh_school_in_Minab_photos_from_Mehr_3_800x450.jpg?fit=800%2C450&ssl=1&resize=525%2C300 1.5x, https:\/\/i0.wp.com\/www.freidenker.org\/fw17\/wp-content\/uploads\/2026\/03\/Shajareh_Tayyebeh_school_in_Minab_photos_from_Mehr_3_800x450.jpg?fit=800%2C450&ssl=1&resize=700%2C400 2x"},"classes":[]}],"_links":{"self":[{"href":"https:\/\/www.freidenker.org\/index.php?rest_route=\/wp\/v2\/posts\/3182","targetHints":{"allow":["GET"]}}],"collection":[{"href":"https:\/\/www.freidenker.org\/index.php?rest_route=\/wp\/v2\/posts"}],"about":[{"href":"https:\/\/www.freidenker.org\/index.php?rest_route=\/wp\/v2\/types\/post"}],"author":[{"embeddable":true,"href":"https:\/\/www.freidenker.org\/index.php?rest_route=\/wp\/v2\/users\/3"}],"replies":[{"embeddable":true,"href":"https:\/\/www.freidenker.org\/index.php?rest_route=%2Fwp%2Fv2%2Fcomments&post=3182"}],"version-history":[{"count":0,"href":"https:\/\/www.freidenker.org\/index.php?rest_route=\/wp\/v2\/posts\/3182\/revisions"}],"wp:featuredmedia":[{"embeddable":true,"href":"https:\/\/www.freidenker.org\/index.php?rest_route=\/wp\/v2\/media\/3961"}],"wp:attachment":[{"href":"https:\/\/www.freidenker.org\/index.php?rest_route=%2Fwp%2Fv2%2Fmedia&parent=3182"}],"wp:term":[{"taxonomy":"category","embeddable":true,"href":"https:\/\/www.freidenker.org\/index.php?rest_route=%2Fwp%2Fv2%2Fcategories&post=3182"},{"taxonomy":"post_tag","embeddable":true,"href":"https:\/\/www.freidenker.org\/index.php?rest_route=%2Fwp%2Fv2%2Ftags&post=3182"}],"curies":[{"name":"wp","href":"https:\/\/api.w.org\/{rel}","templated":true}]}}