{"id":3174,"date":"2010-11-10T00:02:14","date_gmt":"2010-11-09T23:02:14","guid":{"rendered":"http:\/\/www.freidenker.org\/?p=3174"},"modified":"2018-02-18T16:15:54","modified_gmt":"2018-02-18T15:15:54","slug":"verwaltungsgericht-stadt-freiburg-muss-abgesagte-nakba-ausstellung-zeigen","status":"publish","type":"post","link":"https:\/\/www.freidenker.org\/?p=3174","title":{"rendered":"Verwaltungsgericht: Stadt Freiburg muss abgesagte Nakba-Ausstellung zeigen"},"content":{"rendered":"<p><strong>Nach urspr\u00fcnglicher Zusage <\/strong>verweigerte die Stadt Freiburg kurzfristig die R\u00e4ume f\u00fcr die Ausstellung <span style=\"color: black;\">\u201eDie Nakba \u2013 Flucht und Vertreibung der Pal\u00e4stinenser 1948\u201c<\/span>\u2013 auf Druck dubioser \u201eIsrael-Freunde\u201c. Auf Antrag des veranstaltenden Freiburger &#8222;Caf\u00e9 Palestine&#8220;wies das Verwaltungsgericht die Stadt an, die Ausstellung doch stattfinden zu lassen. Die Ausstellung versto\u00dfe inhaltlich nicht gegen Strafgesetze und sei von der Meinungsfreiheit getragen. Er\u00f6ffnung der bis zum 27.11. dauernden Ausstellung ist am Freitag, 12.11.10 um 20 Uhr, Stadtbibliothek.<\/p>\n<p><strong>Wir dokumentieren <\/strong>die Pressemitteilung der Stadt und den Protestbrief von Abi Melzer, <span style=\"color: black;\">Herausgeber und Chefredakteur von DER SEMIT &#8211; Unabh\u00e4ngige J\u00fcdische Zeitschrift<\/span><\/p>\n<p><strong><span style=\"color: black;\">Oberb\u00fcrgermeister Dieter Salomon: <\/span><\/strong><span style=\"color: black;\">\u201eEinseitige Schuldzuweisungen und Freund-Feind-Schemata f\u00f6rdern nicht die Einsicht in die komplizierten Zusammenh\u00e4nge im Nahen Osten und tragen nicht zu einer Verst\u00e4ndigung und friedlichen Entwicklung in dieser Region bei.\u201c<\/span><\/p>\n<p><strong><span style=\"color: black;\">Der j\u00fcdische Verleger Abi Melzer: <\/span><\/strong><span style=\"color: black;\">\u201eSie tragen zwar einen j\u00fcdischen Namen, haben aber offensichtlich eine philosemitische bzw. antisemitische Gesinnung, die zum Himmel schreit. Blinde Israel-Besch\u00fctzer haben keine Ahnung von der Geschichte der Juden und der Geschichte des Nahost-Konflikts.\u201c<\/span><\/p>\n<hr \/>\n<h4><strong style=\"font-size: 12pt;\">Pressemitteilung, <\/strong><strong style=\"font-size: 12pt;\">4. November 2010<\/strong><\/h4>\n<p><strong style=\"color: black;\">Stadt Freiburg sagt Ausstellung \u201eDie Nakba \u2013 Flucht und Vertreibung der Pal\u00e4stinenser 1948\u201c in Stadtbibliothek wegen einseitiger Darstellung des Themas ab<\/strong><\/p>\n<p><strong style=\"color: black;\">Oberb\u00fcrgermeister Dieter Salomon: \u201eEinseitige Schuldzuweisungen und Freund-Feind-Schemata f\u00f6rdern nicht die Einsicht in die komplizierten Zusammenh\u00e4nge im Nahen Osten und tragen nicht zu einer Verst\u00e4ndigung und friedlichen Entwicklung in dieser Region bei.\u201c<\/strong><\/p>\n<p style=\"color: black;\">Die Stadtbibliothek Freiburg hatte geplant, vom 12. bis 27. November die Ausstellung \u201eDie Nakba \u2013 Flucht und Vertreibung der Pal\u00e4stinenser 1948\u201c in ihren R\u00e4umen zu zeigen. Die Ausstellung wurde vom Verein \u201eFl\u00fcchtlingskinder im Libanon e.V.\u201c erstellt und f\u00fcr Freiburg von Seiten des Vereins Caf\u00e9 Palestine veranstaltet. Auf insgesamt 14 Tafeln stellt die Wanderausstellung die Nahostgeschichte seit den ersten j\u00fcdischen Einwanderungen \u00fcber die Staatsgr\u00fcndung Israels, die Flucht der Pal\u00e4stinenser bis zur Situation der Fl\u00fcchtlinge heute dar. Seit dem Jahr 2008 wurde sie in mehreren Dutzend St\u00e4dten vor allem in evangelischen Kirchengemeinden gezeigt.<\/p>\n<p style=\"color: black;\">Nach kritischer Durchsicht der Ausstellungstafeln durch mehrere Stellen in der Stadtverwaltung ist deutlich geworden, dass die Ausstellung trotz vieler zutreffender Aussagen die Gesamtsituation zu einseitig darstellt. Oberb\u00fcrgermeister Dieter Salomon hat daher die Ausstellung in den R\u00e4umen der Stadtbibliothek abgesagt. Die Stadtverwaltung bedauert allerdings, dass die Sichtung der Tafeln erst nach Zusage einer Ausstellung erfolgte.<\/p>\n<p style=\"color: black;\">Inhaltlich lastet die Ausstellung die Alleinverantwortung f\u00fcr die Vertreibung der Pal\u00e4stinenser den Israelis an. Die pal\u00e4stinensischen Araber als verantwortlich und aktiv Handelnde in diesem Konflikt kommen in der Pr\u00e4sentation nicht vor. Keine Rede ist beispielsweise von den antisemitisch motivierten arabischen Pogromen, die bereits seit Mitte des 19. Jahrhunderts und vor allem nach 1945 in den j\u00fcdischen Siedlungsgebieten des arabischen Raumes stattfanden. Diese andere \u201cNakba\u201d (deutsch: Katastrophe) bedeutete Flucht und Vertreibung f\u00fcr Hunderttausende arabischer Juden, die ihre Heimat verlassen mussten und in Israel aufgenommen wurden.<\/p>\n<p style=\"color: black;\">Unerw\u00e4hnt bleibt auch die Tatsache, dass Hitlerdeutschland die Gr\u00fcndung des Staates Israel verhindern wollte und dabei mit den pal\u00e4stinensischen Arabern, allen voran mit dem geistigen und politischen F\u00fchrer und Gro\u00dfmufti von Jerusalem, Mohammed Amin al-Husseini, aufs engste kooperierte und sowohl ideologisch wie materiell unterst\u00fctzte. Und keine Rede ist davon, dass die arabischen Anrainerstaaten die Pal\u00e4stinenser zur Evakuierung der Kampfgebiete vor dem Angriffskrieg auf Israel 1948 aufforderten. Seit Jahrzehnten bilden die pal\u00e4stinensischen Fl\u00fcchtlinge eine politische Man\u00f6vriermasse, die den arabischen Staaten als politisch-moralisches Druckmittel gegen Israel dient.<\/p>\n<p style=\"color: black;\">Ebenfalls ist nicht erw\u00e4hnt, dass die PLO als politische Repr\u00e4sentanz der Pal\u00e4stinenser das Existenzrecht Israels in ihrer Gr\u00fcndungserkl\u00e4rung verneinte, so wie es heute noch Hamas, Hisbollah oder manche arabische Staaten tun und mit Attentaten und Raketenagriffen auf Israel unterstreichen.<\/p>\n<p style=\"color: black;\">Die Ausstellung ber\u00fccksichtigt \u00fcberdies nur den Zeitraum vor 1949 sowie die Gegenwart, nicht jedoch die dazwischen liegenden 60 Jahre, in denen sich das Fl\u00fcchtlingselend und die Unvers\u00f6hnlichkeit der Lager noch versch\u00e4rft haben. Auch an dieser Entwicklung waren die Pal\u00e4stinenser und ihre arabischen Unterst\u00fctzer nicht unbeteiligt. Erst mit der Gr\u00fcndung des Staates Israel konnte die tausendj\u00e4hrige Zeit der Pogrome gegen das j\u00fcdische Volk beendet werden. \u201eDass Auschwitz sich nicht wiederholen darf und auch der Staat Israel hierf\u00fcr ein Garant ist, ist die zentrale Lehre, die aus dem Nationalsozialismus zu ziehen ist\u201c, so Oberb\u00fcrgermeister Salomon. \u201eEinseitige Schuldzuweisungen und Freund-Feind-Schemata f\u00f6rdern nicht die Einsicht in die komplizierten Zusammenh\u00e4nge im Nahen Osten und tragen nicht zu einer Verst\u00e4ndigung und friedlichen Entwicklung in der Region bei\u201c, erkl\u00e4rt Salomon zur Absage der Ausstellung. Die Stadt m\u00f6chte daher eine verzerrende und polarisierende Darstellung in einer ihrer wichtigsten Bildungseinrichtungen, der Stadtbibliothek, nicht zeigen.<\/p>\n<hr \/>\n<h4><strong style=\"font-size: 12pt;\">Brief von Abi Melzer an den Freiburger Oberb\u00fcrgermeister<\/strong><\/h4>\n<p><strong style=\"color: black;\">Der j\u00fcdische Verleger Abi Melzer: \u201eSie tragen zwar einen j\u00fcdischen Namen, haben aber offensichtlich eine philosemitische bzw. antisemitische Gesinnung, die zum Himmel schreit. Blinde Israel-Besch\u00fctzer haben keine Ahnung von der Geschichte der Juden und der Geschichte des Nahost-Konflikts.\u201c<\/strong><\/p>\n<p><span style=\"color: black;\">Sehr geehrter Herr Dieter Salomon,<\/span><\/p>\n<p>ich kann leider nur mit den Worten des ber\u00fchmten j\u00fcdischen K\u00fcnstler und Pr\u00e4sident der Deutschen Akademie der K\u00fcnste, Max Liebermann, beginnen. Angesichts Ihrer Presseerkl\u00e4rung muss ich seine ber\u00fchmten Worte zu Adolf Hitler wiederholen: Ich kann gar nicht so viel essen, wie ich kotzen m\u00f6chte.<\/p>\n<p>Ja, Herr Salomon. Sie tragen zwar einen j\u00fcdischen Namen, haben aber offensichtlich eine philosemitische bzw. antisemitische Gesinnung, die zum Himmel schreit. Ich schreibe &#8222;antisemitisch&#8220; deshalb, weil inzwischen jeder wei\u00df, dass Philosemitismus nichts anderes ist als Antisemitismus von Leuten, die die Juden lieben oder vor ihnen Angst haben oder die Moslems mehr verachten als die Juden. Ihr Philosemitismus ist uns Juden peinlich und widerlich.<\/p>\n<p>Die Presseerkl\u00e4rung, die Sie verbreiten lie\u00dfen, zeigt wieder einmal, dass Israel Besch\u00fctzer hat, die keine Ahnung haben, was sie tun und erst Recht keine Ahnung von der Geschichte der Juden und besonders der Geschichte des Nahost-Konflikts. Sie lassen sich von blinden Israel-Besch\u00fctzern gegen die Pal\u00e4stinenser aufhetzen und wissen gar nicht was Sie tun. F\u00fcr solche Politiker wie Sie m\u00fcsste sich die Stadt Freiburg sch\u00e4men und eigentlich ganz Deutschland, so wie sich fast ganz Deutschland f\u00fcr Thilo Sarrazin sch\u00e4mt. Auch Sie diffamieren unschuldige Menschen. Ich jedenfalls sch\u00e4me mich f\u00fcr Sie.<\/p>\n<p>Sie bem\u00e4ngeln, dass die Ausstellung die Vertreibung der Pal\u00e4stinenser den Israelis anlastet. K\u00f6nnen Sie mir sagen, wer anders als die Israelis f\u00fcr die Vertreibung der Pal\u00e4stinenser verantwortlich ist? Ich kann es Ihnen sagen: Sie, die Deutschen, die die Juden aus Deutschland und aus ganz Europa vertrieben haben. Die UN, als die Weltgemeinschaft, die den Juden ein Land geschenkt hat, das ihr gar nicht geh\u00f6rte. Die anderen Europ\u00e4er, die mit ihrem Judenhass daf\u00fcr gesorgt haben, dass die Pal\u00e4stinenser die Zeche f\u00fcr die Europ\u00e4er zahlen mussten.<\/p>\n<p>Wie h\u00e4tten Sie entschieden, wenn eine fremde Macht gekommen w\u00e4re und ihnen Ihr Land, Ihr Grundst\u00fcck und Ihr Haus weggenommen h\u00e4tte?<\/p>\n<p>Sie wollen nicht, dass Auschwitz sich wiederholt und lassen zu, dass man ein Volk vertreibt, entrechtet, verfolgt und ihm heute noch eine Heimat verwehrt. Oder haben Sie schon gegen die v\u00f6lkerrechtliche unerlaubte Siedlungspolitik der Israelis protestiert oder gegen die sinnlose Ermordung von mehr als 1400 Menschen in Gaza.<\/p>\n<p>Sie beklagen einseitige Schuldzuweisungen. Haben Sie schon eine Schuldzuweisung an die Israelis geschickt, nachdem Sie in Ihrer Presseerkl\u00e4rung die Pal\u00e4stinenser grundlos und widerw\u00e4rtig beschuldigt haben?<\/p>\n<p>Was haben denn die Pal\u00e4stinenser verbrochen? Sie haben den Israelis ihr Land nicht auf einem silbernen Tablett gereicht? Sie waren mit der ungerechten Teilung nicht einverstanden? Sie haben sich gegen ihre Vertreibung, Enteignung und Ermordung gewehrt?<\/p>\n<p>H\u00e4tten Sie das nicht getan? Erst k\u00fcrzlich hat der israelische Verteidigungsminister Ehud Barak gesagt, dass er auch Widerstandk\u00e4mpfer geworden w\u00e4re, wenn er als Pal\u00e4stinenser geboren w\u00e4re. Sie nicht? Was f\u00fcr ein Feigling sind Sie?<\/p>\n<p>Ich hoffe, dass diese Aff\u00e4re sich so ausweitet, dass Sie Ihren Stuhl ihretwegen verlieren. Weniger haben Sie wahrlich nicht verdient.<\/p>\n<p>Abraham Melzer<br \/>\nHerausgeber und Chefredakteur von<br \/>\nDER SEMIT &#8211; Unabh\u00e4ngige J\u00fcdische Zeitschrift<\/p>\n<hr \/>\n<p><em>Weitere Stellungnahmen dokumentiert Hartmut Barth-Engelbarth, Freidenker aus Hanau, auf seiner Homepage: <a href=\"http:\/\/www.barth-engelbart.de\/?p=748\" target=\"_blank\" rel=\"noopener\">http:\/\/www.barth-engelbart.de\/?p=748<\/a><br \/>\n<\/em><\/p>\n<p><em>Homepage der (sabotierten) Verranstalter: <a href=\"http:\/\/cafepalestinefreiburg.blogspot.com\/\" target=\"_blank\" rel=\"noopener\">http:\/\/cafepalestinefreiburg.blogspot.com\/ <\/a><\/em><\/p>\n<hr \/>\n<p>Foto: Pal\u00e4stinensische Fl\u00fcchtlinge 1948 &#8211; By Hanini &#8211; hanini.org, CC BY 3.0, https:\/\/commons.wikimedia.org\/w\/index.php?curid=3632020<\/p>\n","protected":false},"excerpt":{"rendered":"<p>Nach urspr\u00fcnglicher Zusage verweigerte die Stadt Freiburg kurzfristig die R\u00e4ume f\u00fcr die Ausstellung \u201eDie Nakba \u2013 Flucht und Vertreibung der Pal\u00e4stinenser 1948\u201c\u2013 auf Druck dubioser \u201eIsrael-Freunde\u201c. Auf Antrag des veranstaltenden Freiburger &#8222;Caf\u00e9 Palestine&#8220; wies das Verwaltungsgericht die Stadt an, die Ausstellung doch stattfinden zu lassen. Die Ausstellung versto\u00dfe inhaltlich nicht gegen Strafgesetze und sei von der Meinungsfreiheit getragen. Er\u00f6ffnung der bis zum 27.11. dauernden Ausstellung ist am Freitag, 12.11.10 um 20 Uhr, Stadtbibliothek.<br \/>\n<strong>Wir dokumentieren die Pressemitteilung der Stadt und den Protestbrief von Abi Melzer, Herausgeber und Chefredakteur von DER SEMIT &#8211; Unabh\u00e4ngige J\u00fcdische Zeitschrift<\/strong><\/p>\n","protected":false},"author":3,"featured_media":3945,"comment_status":"closed","ping_status":"closed","sticky":false,"template":"","format":"standard","meta":{"colormag_page_container_layout":"default_layout","colormag_page_sidebar_layout":"default_layout","advanced_seo_description":"","jetpack_seo_html_title":"","jetpack_seo_noindex":false,"jetpack_post_was_ever_published":false,"footnotes":""},"categories":[13],"tags":[809,512,402,806,393,807,394,992],"class_list":["post-3174","post","type-post","status-publish","format-standard","has-post-thumbnail","hentry","category-frieden-antifaschismus-solidaritaet","tag-abraham-melzer","tag-antisemitismus","tag-flucht","tag-freiburg","tag-israel","tag-nakba","tag-palaestina","tag-vertreibung"],"jetpack_featured_media_url":"https:\/\/i0.wp.com\/www.freidenker.org\/fw17\/wp-content\/uploads\/2010\/11\/Oldman_girl_nakba_800x445.jpg?fit=800%2C445&ssl=1","jetpack_shortlink":"https:\/\/wp.me\/p9stpK-Pc","jetpack-related-posts":[{"id":2729,"url":"https:\/\/www.freidenker.org\/?p=2729","url_meta":{"origin":3174,"position":0},"title":"7 Jahre Cafe Palestine Freiburg &#8211; Eine kleine R\u00fcckschau","author":"Webredaktion","date":"16. Juli 2017","format":false,"excerpt":"Beitrag von Gabi Weber aus: FREIDENKER 2-17 Die Geschichte von Cafe Palestine Freiburg ist einerseits die unglaubliche Geschichte einer Organisation, die seit Mai 2010 besteht, sich mit dem \u201eNahost-Konflikt\u201c besch\u00e4ftigt und in regelm\u00e4\u00dfigen Abst\u00e4nden sehr deutlich vor Augen f\u00fchrt, welche Mechanismen in Gang gesetzt werden, sobald man sich in Deutschland\u2026","rel":"","context":"In &quot;Frieden - Antifaschismus - Solidarit\u00e4t&quot;","block_context":{"text":"Frieden - Antifaschismus - Solidarit\u00e4t","link":"https:\/\/www.freidenker.org\/?cat=13"},"img":{"alt_text":"","src":"https:\/\/i0.wp.com\/www.freidenker.org\/fw17\/wp-content\/uploads\/2017\/12\/cafe_palestine_Logo_800x445.jpg?fit=800%2C445&ssl=1&resize=350%2C200","width":350,"height":200,"srcset":"https:\/\/i0.wp.com\/www.freidenker.org\/fw17\/wp-content\/uploads\/2017\/12\/cafe_palestine_Logo_800x445.jpg?fit=800%2C445&ssl=1&resize=350%2C200 1x, https:\/\/i0.wp.com\/www.freidenker.org\/fw17\/wp-content\/uploads\/2017\/12\/cafe_palestine_Logo_800x445.jpg?fit=800%2C445&ssl=1&resize=525%2C300 1.5x, https:\/\/i0.wp.com\/www.freidenker.org\/fw17\/wp-content\/uploads\/2017\/12\/cafe_palestine_Logo_800x445.jpg?fit=800%2C445&ssl=1&resize=700%2C400 2x"},"classes":[]},{"id":10352,"url":"https:\/\/www.freidenker.org\/?p=10352","url_meta":{"origin":3174,"position":1},"title":"15. Mai 2021: 73. Jahrestag der Nakba \u2013 der pal\u00e4stinensischen Katastrophe","author":"Webredaktion","date":"15. Mai 2021","format":false,"excerpt":"Der Deutsche Freidenker-Verband erkl\u00e4rt seine Solidarit\u00e4t mit dem pal\u00e4stinensischen Volk und verurteilt den Terror der israelischen Besatzer. Die deutschen Politiker und die sogenannten \u201eQualit\u00e4tsmedien\u201c wollen uns weismachen, dass die Schuld wie immer bei den sogenannten \u201emilitanten\u201d Pal\u00e4stinensern und der Hamas liegt, die deshalb immer \u201eradikal-islamische\u201d Hamas genannt werden muss. Die\u2026","rel":"","context":"In &quot;Frieden - Antifaschismus - Solidarit\u00e4t&quot;","block_context":{"text":"Frieden - Antifaschismus - Solidarit\u00e4t","link":"https:\/\/www.freidenker.org\/?cat=13"},"img":{"alt_text":"","src":"https:\/\/i0.wp.com\/www.freidenker.org\/fw17\/wp-content\/uploads\/2021\/05\/nakba_2021_v2_800x450.jpg?fit=800%2C450&ssl=1&resize=350%2C200","width":350,"height":200,"srcset":"https:\/\/i0.wp.com\/www.freidenker.org\/fw17\/wp-content\/uploads\/2021\/05\/nakba_2021_v2_800x450.jpg?fit=800%2C450&ssl=1&resize=350%2C200 1x, https:\/\/i0.wp.com\/www.freidenker.org\/fw17\/wp-content\/uploads\/2021\/05\/nakba_2021_v2_800x450.jpg?fit=800%2C450&ssl=1&resize=525%2C300 1.5x, https:\/\/i0.wp.com\/www.freidenker.org\/fw17\/wp-content\/uploads\/2021\/05\/nakba_2021_v2_800x450.jpg?fit=800%2C450&ssl=1&resize=700%2C400 2x"},"classes":[]},{"id":10366,"url":"https:\/\/www.freidenker.org\/?p=10366","url_meta":{"origin":3174,"position":2},"title":"Stoppt den Krieg und die Vertreibung, bestraft Kriegsverbrecher!","author":"Webredaktion","date":"25. Mai 2021","format":false,"excerpt":"Das Aktionsb\u00fcndnis \"Pal\u00e4stina spricht\" hatte zum 15.05.2020 zu deutschlandweiten Demonstrationen unter dem Motto \"Ongoing Nakba Action Days\" aufgerufen, die in Berlin, K\u00f6ln, Stuttgart, Frankfurt a.M., Freiburg, Hamburg und Kassel stattfanden. Dem Aufruf waren Tausende Menschen gefolgt, darunter viele Freidenker. Wir dokumentieren hier die Rede von Annette Groth, ehem. MdB und\u2026","rel":"","context":"In &quot;Frieden - Antifaschismus - Solidarit\u00e4t&quot;","block_context":{"text":"Frieden - Antifaschismus - Solidarit\u00e4t","link":"https:\/\/www.freidenker.org\/?cat=13"},"img":{"alt_text":"","src":"https:\/\/i0.wp.com\/www.freidenker.org\/fw17\/wp-content\/uploads\/2021\/05\/nakba_2021-05-15_800x450.jpg?fit=800%2C450&ssl=1&resize=350%2C200","width":350,"height":200,"srcset":"https:\/\/i0.wp.com\/www.freidenker.org\/fw17\/wp-content\/uploads\/2021\/05\/nakba_2021-05-15_800x450.jpg?fit=800%2C450&ssl=1&resize=350%2C200 1x, https:\/\/i0.wp.com\/www.freidenker.org\/fw17\/wp-content\/uploads\/2021\/05\/nakba_2021-05-15_800x450.jpg?fit=800%2C450&ssl=1&resize=525%2C300 1.5x, https:\/\/i0.wp.com\/www.freidenker.org\/fw17\/wp-content\/uploads\/2021\/05\/nakba_2021-05-15_800x450.jpg?fit=800%2C450&ssl=1&resize=700%2C400 2x"},"classes":[]},{"id":16340,"url":"https:\/\/www.freidenker.org\/?p=16340","url_meta":{"origin":3174,"position":3},"title":"Wenn der B\u00fcrger zum Feind gemacht wird","author":"Webredaktion","date":"15. Juni 2023","format":false,"excerpt":"Kommentar von Evelyn Hecht-Galinski Werden wir B\u00fcrger demn\u00e4chst zu schweigenden \u201eAbnickern\u201c einer ungewollten Politik von Zwangsma\u00dfnahmen gemacht, die uns zu willenlosen Individuen degradiert? Fast scheint es so! ... Was f\u00fcr eine sch\u00f6ne gr\u00fcne Zukunft? Umrahmt von einem politischen Evangelischen Kirchentag, fest in gr\u00fcner Hand. Fast meint man, einer Au\u00dfenstelle der\u2026","rel":"","context":"In &quot;Demokratie \u2013 Medien \u2013 Aufkl\u00e4rung&quot;","block_context":{"text":"Demokratie \u2013 Medien \u2013 Aufkl\u00e4rung","link":"https:\/\/www.freidenker.org\/?cat=12"},"img":{"alt_text":"","src":"https:\/\/i0.wp.com\/www.freidenker.org\/fw17\/wp-content\/uploads\/2023\/06\/EKT_Info-Saeule__Wasserstelle_Juni_2023_800x450.jpg?fit=800%2C450&ssl=1&resize=350%2C200","width":350,"height":200,"srcset":"https:\/\/i0.wp.com\/www.freidenker.org\/fw17\/wp-content\/uploads\/2023\/06\/EKT_Info-Saeule__Wasserstelle_Juni_2023_800x450.jpg?fit=800%2C450&ssl=1&resize=350%2C200 1x, https:\/\/i0.wp.com\/www.freidenker.org\/fw17\/wp-content\/uploads\/2023\/06\/EKT_Info-Saeule__Wasserstelle_Juni_2023_800x450.jpg?fit=800%2C450&ssl=1&resize=525%2C300 1.5x, https:\/\/i0.wp.com\/www.freidenker.org\/fw17\/wp-content\/uploads\/2023\/06\/EKT_Info-Saeule__Wasserstelle_Juni_2023_800x450.jpg?fit=800%2C450&ssl=1&resize=700%2C400 2x"},"classes":[]},{"id":8783,"url":"https:\/\/www.freidenker.org\/?p=8783","url_meta":{"origin":3174,"position":4},"title":"Potsdamer Friko gegen Ausstellung der Bundeswehr in der Garnisonkirche","author":"Webredaktion","date":"13. Oktober 2020","format":false,"excerpt":"Pressemitteilung der Friedenskoordination Potsdam zur Finanzierung der Dauerausstellung im Turm der Potsdamer Garnisonkirche durch die Bundeswehr In der letzten Woche war der lokalen Presse ... zu entnehmen, dass sich die Bundeswehr finanziell in das umstrittene Projekt zum Wiederaufbau der Potsdamer Hof- und Garnisonkirche einmischt. Dabei soll die neue Dauerausstellung im\u2026","rel":"","context":"In &quot;Frieden - Antifaschismus - Solidarit\u00e4t&quot;","block_context":{"text":"Frieden - Antifaschismus - Solidarit\u00e4t","link":"https:\/\/www.freidenker.org\/?cat=13"},"img":{"alt_text":"","src":"https:\/\/i0.wp.com\/www.freidenker.org\/fw17\/wp-content\/uploads\/2020\/10\/Bundesarchiv_Bild_183-S38324_Tag_von_Potsdam_Adolf_Hitler_Paul_v._Hindenburg_800x450.jpg?fit=800%2C450&ssl=1&resize=350%2C200","width":350,"height":200,"srcset":"https:\/\/i0.wp.com\/www.freidenker.org\/fw17\/wp-content\/uploads\/2020\/10\/Bundesarchiv_Bild_183-S38324_Tag_von_Potsdam_Adolf_Hitler_Paul_v._Hindenburg_800x450.jpg?fit=800%2C450&ssl=1&resize=350%2C200 1x, https:\/\/i0.wp.com\/www.freidenker.org\/fw17\/wp-content\/uploads\/2020\/10\/Bundesarchiv_Bild_183-S38324_Tag_von_Potsdam_Adolf_Hitler_Paul_v._Hindenburg_800x450.jpg?fit=800%2C450&ssl=1&resize=525%2C300 1.5x, https:\/\/i0.wp.com\/www.freidenker.org\/fw17\/wp-content\/uploads\/2020\/10\/Bundesarchiv_Bild_183-S38324_Tag_von_Potsdam_Adolf_Hitler_Paul_v._Hindenburg_800x450.jpg?fit=800%2C450&ssl=1&resize=700%2C400 2x"},"classes":[]},{"id":14621,"url":"https:\/\/www.freidenker.org\/?p=14621","url_meta":{"origin":3174,"position":5},"title":"Freidenker-Zitate zum Nachdenken","author":"Webredaktion","date":"7. November 2022","format":false,"excerpt":"Information zur Webseite \"Freidenker-Galerie\" von Rainer Ostendorf Die Freidenker Galerie zeigt in verschiedenen Themen-Galerien ber\u00fchmte Zitate und Spr\u00fcche von ber\u00fchmten Dichtern und Denkern zum Thema Leben - Zitate, Weisheiten, Aphorismen und Spr\u00fcche, die zum Nachdenken und Schmunzeln anregen. Sie finden in der Online-Galerie Zitate, lustige Spr\u00fcche und weise Spr\u00fcche von\u2026","rel":"","context":"In &quot;Religions- &amp; Kirchenkritik, S\u00e4kulare Szene&quot;","block_context":{"text":"Religions- &amp; Kirchenkritik, S\u00e4kulare Szene","link":"https:\/\/www.freidenker.org\/?cat=15"},"img":{"alt_text":"","src":"https:\/\/i0.wp.com\/www.freidenker.org\/fw17\/wp-content\/uploads\/2022\/11\/Leo-Tolstoi_800x450.jpg?fit=800%2C450&ssl=1&resize=350%2C200","width":350,"height":200,"srcset":"https:\/\/i0.wp.com\/www.freidenker.org\/fw17\/wp-content\/uploads\/2022\/11\/Leo-Tolstoi_800x450.jpg?fit=800%2C450&ssl=1&resize=350%2C200 1x, https:\/\/i0.wp.com\/www.freidenker.org\/fw17\/wp-content\/uploads\/2022\/11\/Leo-Tolstoi_800x450.jpg?fit=800%2C450&ssl=1&resize=525%2C300 1.5x, https:\/\/i0.wp.com\/www.freidenker.org\/fw17\/wp-content\/uploads\/2022\/11\/Leo-Tolstoi_800x450.jpg?fit=800%2C450&ssl=1&resize=700%2C400 2x"},"classes":[]}],"_links":{"self":[{"href":"https:\/\/www.freidenker.org\/index.php?rest_route=\/wp\/v2\/posts\/3174","targetHints":{"allow":["GET"]}}],"collection":[{"href":"https:\/\/www.freidenker.org\/index.php?rest_route=\/wp\/v2\/posts"}],"about":[{"href":"https:\/\/www.freidenker.org\/index.php?rest_route=\/wp\/v2\/types\/post"}],"author":[{"embeddable":true,"href":"https:\/\/www.freidenker.org\/index.php?rest_route=\/wp\/v2\/users\/3"}],"replies":[{"embeddable":true,"href":"https:\/\/www.freidenker.org\/index.php?rest_route=%2Fwp%2Fv2%2Fcomments&post=3174"}],"version-history":[{"count":0,"href":"https:\/\/www.freidenker.org\/index.php?rest_route=\/wp\/v2\/posts\/3174\/revisions"}],"wp:featuredmedia":[{"embeddable":true,"href":"https:\/\/www.freidenker.org\/index.php?rest_route=\/wp\/v2\/media\/3945"}],"wp:attachment":[{"href":"https:\/\/www.freidenker.org\/index.php?rest_route=%2Fwp%2Fv2%2Fmedia&parent=3174"}],"wp:term":[{"taxonomy":"category","embeddable":true,"href":"https:\/\/www.freidenker.org\/index.php?rest_route=%2Fwp%2Fv2%2Fcategories&post=3174"},{"taxonomy":"post_tag","embeddable":true,"href":"https:\/\/www.freidenker.org\/index.php?rest_route=%2Fwp%2Fv2%2Ftags&post=3174"}],"curies":[{"name":"wp","href":"https:\/\/api.w.org\/{rel}","templated":true}]}}