{"id":3172,"date":"2010-11-22T23:57:14","date_gmt":"2010-11-22T22:57:14","guid":{"rendered":"http:\/\/www.freidenker.org\/?p=3172"},"modified":"2018-02-14T21:49:16","modified_gmt":"2018-02-14T20:49:16","slug":"kondolenzschreiben-an-die-botschaft-venezuelas","status":"publish","type":"post","link":"https:\/\/www.freidenker.org\/?p=3172","title":{"rendered":"Kondolenzschreiben an die Botschaft Venezuelas"},"content":{"rendered":"<div style=\"border: 3pt solid; padding: 20pt;\">\n<p>Sehr geehrte Damen und Herren, liebe Genossinnen und Genossen, die Nachricht vom Tod Ihrer Exzellenz Frau Dr. Blancanieve Portocarrero de Guzm\u00e1n, Botschafterin der Bolivarischen Republik Venezuela in der Bundesrepublik Deutschland, hat uns tief getroffen.<\/p>\n<p>Wir hatten in den vergangenen Jahren das Gl\u00fcck und die Freude, Genossin Blancanieve als K\u00e4mpferin f\u00fcr eine gerechtere Welt, f\u00fcr den Sieg der bolivarischen Revolution, f\u00fcr eine bessere Zukunft der Menschen in ihrer venezolanischen Heimat kennenzulernen.<\/p>\n<p>Bei Begegnungen in der Botschaft, wie zur Feier des 200. Jahrestages der Unabh\u00e4ngigkeit Venezuelas oder bei\u00a0 den Konferenzen der bundesweiten\u00a0 Solidarit\u00e4tsbewegung mit dem Land der bolivarischen Revolution konnten wir Blancanieve als warmherzige Freundin und prinzipienfeste Streiterin f\u00fcr die W\u00fcrde und Rechte der Menschen und f\u00fcr eine sozialistische Zukunft erleben.<\/p>\n<p>Unvergessen ist Blancanieves Rede bei der Freidenkerkonferenz \u00fcber \u201eDie b\u00f6sen Befreier \u2013 von Zarismus, Faschismus und Kolonialismus\u201c \u00a0aus Anlass des 90. Jahrestages der Oktoberrevolution\u00a0 im\u00a0 Russischen Haus der Wissenschaft und Kultur\u00a0 in Berlin am 20. Oktober 2007. Mit leidenschaftlichen Worten vertrat sie die Ideale der Solidarit\u00e4t, des Internationalismus und der Revolution, die unsere Herzen ber\u00fchrten, die Flamme der Revolution neu entfachten. Sie hat sich unausl\u00f6schlich in unsere Erinnerung eingeschrieben.<\/p>\n<p>Wir trauern um Blancanieve. Ihr k\u00e4mpferisches Herz hat aufgeh\u00f6rt zu schlagen. Wir denken an sie mit Hochachtung, Liebe und Z\u00e4rtlichkeit. Unser Mitgef\u00fchl gilt ihren Angeh\u00f6rigen, ihren Freunden und Genossen, ihren Kolleginnen und Kollegen. \u00a0Unsere unverbr\u00fcchliche Solidarit\u00e4t gilt dem venezolanischen Volk, seine Revolution bleibt unsere Sache,\u00a0 in unserem gemeinsamen antiimperialistischen Kampf marschiert auch Blancanieve weiter an unserer Seite.<\/p>\n<p>Mit br\u00fcderlichen und schwesterlichen Kampfesgr\u00fc\u00dfen<\/p>\n<p>Klaus Hartmann, Bundesvorsitzender<\/p>\n<\/div>\n<p><span style=\"font-size: 8pt;\">Bild: Isla Margarita (Venezuela), Quelle: pixabay.com \/ skeeze<\/span><\/p>\n","protected":false},"excerpt":{"rendered":"<p>Sehr geehrte Damen und Herren, liebe Genossinnen und Genossen, die Nachricht vom Tod Ihrer Exzellenz Frau Dr. Blancanieve Portocarrero de Guzm\u00e1n, Botschafterin der Bolivarischen Republik Venezuela in der Bundesrepublik Deutschland, hat uns tief getroffen. Wir hatten in den vergangenen Jahren das Gl\u00fcck und die Freude, Genossin Blancanieve als K\u00e4mpferin f\u00fcr eine gerechtere Welt, f\u00fcr den Sieg der bolivarischen Revolution, f\u00fcr eine bessere Zukunft der Menschen in ihrer venezolanischen Heimat kennenzulernen.<\/p>\n","protected":false},"author":3,"featured_media":3943,"comment_status":"closed","ping_status":"closed","sticky":false,"template":"","format":"standard","meta":{"colormag_page_container_layout":"default_layout","colormag_page_sidebar_layout":"default_layout","advanced_seo_description":"","jetpack_seo_html_title":"","jetpack_seo_noindex":false,"jetpack_post_was_ever_published":false,"footnotes":""},"categories":[17],"tags":[804,700,396],"class_list":["post-3172","post","type-post","status-publish","format-standard","has-post-thumbnail","hentry","category-weltliche-trauerkultur","tag-blancanieve-portocarrero-de-guzman","tag-nachruf","tag-venezuela"],"jetpack_featured_media_url":"https:\/\/i0.wp.com\/www.freidenker.org\/fw17\/wp-content\/uploads\/2010\/11\/sunset-539510_800x445.jpg?fit=800%2C445&ssl=1","jetpack_shortlink":"https:\/\/wp.me\/p9stpK-Pa","jetpack-related-posts":[{"id":5891,"url":"https:\/\/www.freidenker.org\/?p=5891","url_meta":{"origin":3172,"position":0},"title":"Kundgebung: Weltweite Solidarit\u00e4t mit Nicol\u00e1s Maduro","author":"Webredaktion","date":"21. Februar 2019","format":false,"excerpt":"Weltweite Solidarit\u00e4t mit dem einzig legitim gew\u00e4hlten Pr\u00e4sident der Bolivarischen Republik Venezuela, Nicolas Maduro! - Kundgebung am Samstag, 23.02.2019, von 16:30 - 19:00 Uhr in Frankfurt am Main Venezuelas Pr\u00e4sident Nicol\u00e1s Maduro ist am Donnerstag, 10.01.2019, vor dem Obersten Gerichtshof in Caracas f\u00fcr eine neue Amtszeit vereidigt worden. Auf \u00bbBol\u00edvar,\u2026","rel":"","context":"In &quot;Frieden - Antifaschismus - Solidarit\u00e4t&quot;","block_context":{"text":"Frieden - Antifaschismus - Solidarit\u00e4t","link":"https:\/\/www.freidenker.org\/?cat=13"},"img":{"alt_text":"","src":"https:\/\/i0.wp.com\/www.freidenker.org\/fw17\/wp-content\/uploads\/2019\/02\/maduro_mitLogo_800x445.jpg?fit=800%2C445&ssl=1&resize=350%2C200","width":350,"height":200,"srcset":"https:\/\/i0.wp.com\/www.freidenker.org\/fw17\/wp-content\/uploads\/2019\/02\/maduro_mitLogo_800x445.jpg?fit=800%2C445&ssl=1&resize=350%2C200 1x, https:\/\/i0.wp.com\/www.freidenker.org\/fw17\/wp-content\/uploads\/2019\/02\/maduro_mitLogo_800x445.jpg?fit=800%2C445&ssl=1&resize=525%2C300 1.5x, https:\/\/i0.wp.com\/www.freidenker.org\/fw17\/wp-content\/uploads\/2019\/02\/maduro_mitLogo_800x445.jpg?fit=800%2C445&ssl=1&resize=700%2C400 2x"},"classes":[]},{"id":24124,"url":"https:\/\/www.freidenker.org\/?p=24124","url_meta":{"origin":3172,"position":1},"title":"Alles wie gehabt: USA mit M\u00f6rder-Pr\u00e4sident an der Spitze","author":"Webredaktion","date":"3. Januar 2026","format":false,"excerpt":"Erkl\u00e4rung des Deutschen Freidenker-Verbandes, Kommuniqu\u00e9 der Regierung Venezuelas zur US-Aggression und Erkl\u00e4rung der Antiimperialistischen Koordination (AIK) Der Deutsche Freidenker-Verband verurteilt den v\u00f6lkerrechtswidrigen Angriffskrieg der USA gegen das souver\u00e4ne und freiheitsliebende Venezuela. Das Kidnapping des gew\u00e4hlten Pr\u00e4sidenten der Bolivarischen Republik Nicol\u00e1s Maduro ist ein krimineller Piratenakt. Der Einsatz brutaler milit\u00e4rischer Gewalt\u2026","rel":"","context":"In &quot;Frieden - Antifaschismus - Solidarit\u00e4t&quot;","block_context":{"text":"Frieden - Antifaschismus - Solidarit\u00e4t","link":"https:\/\/www.freidenker.org\/?cat=13"},"img":{"alt_text":"","src":"https:\/\/i0.wp.com\/www.freidenker.org\/fw17\/wp-content\/uploads\/2026\/01\/angriff_auf_venezuela_02_800x450.jpg?fit=800%2C450&ssl=1&resize=350%2C200","width":350,"height":200,"srcset":"https:\/\/i0.wp.com\/www.freidenker.org\/fw17\/wp-content\/uploads\/2026\/01\/angriff_auf_venezuela_02_800x450.jpg?fit=800%2C450&ssl=1&resize=350%2C200 1x, https:\/\/i0.wp.com\/www.freidenker.org\/fw17\/wp-content\/uploads\/2026\/01\/angriff_auf_venezuela_02_800x450.jpg?fit=800%2C450&ssl=1&resize=525%2C300 1.5x, https:\/\/i0.wp.com\/www.freidenker.org\/fw17\/wp-content\/uploads\/2026\/01\/angriff_auf_venezuela_02_800x450.jpg?fit=800%2C450&ssl=1&resize=700%2C400 2x"},"classes":[]},{"id":5859,"url":"https:\/\/www.freidenker.org\/?p=5859","url_meta":{"origin":3172,"position":2},"title":"H\u00e4nde weg von Venezuela!","author":"Webredaktion","date":"13. Februar 2019","format":false,"excerpt":"F\u00fcr den Frieden und die Souver\u00e4nit\u00e4t Lateinamerikas! Der Deutsche Freidenker-Verband ruft auf zur Teilnahme an der Solidarit\u00e4tskundgebung \"H\u00e4nde weg von Venezuela\" am 16. Februar 2019 in Berlin. Kommt alle! SCHLUSS MIT DEM TRUPPENAUFMARSCH AN DEN GRENZEN VENEZUELAS! SCHLUSS MIT DEN DROHUNGEN GEGEN DIE VERFASSUNGSM\u00c4\u00dfIGE REGIERUNG VON PR\u00c4SIDENT NICOL\u00c1S MADURO! GEGEN\u2026","rel":"","context":"In &quot;Frieden - Antifaschismus - Solidarit\u00e4t&quot;","block_context":{"text":"Frieden - Antifaschismus - Solidarit\u00e4t","link":"https:\/\/www.freidenker.org\/?cat=13"},"img":{"alt_text":"","src":"https:\/\/i0.wp.com\/www.freidenker.org\/fw17\/wp-content\/uploads\/2019\/02\/paz_venezuela_800x445.jpg?fit=800%2C445&ssl=1&resize=350%2C200","width":350,"height":200,"srcset":"https:\/\/i0.wp.com\/www.freidenker.org\/fw17\/wp-content\/uploads\/2019\/02\/paz_venezuela_800x445.jpg?fit=800%2C445&ssl=1&resize=350%2C200 1x, https:\/\/i0.wp.com\/www.freidenker.org\/fw17\/wp-content\/uploads\/2019\/02\/paz_venezuela_800x445.jpg?fit=800%2C445&ssl=1&resize=525%2C300 1.5x, https:\/\/i0.wp.com\/www.freidenker.org\/fw17\/wp-content\/uploads\/2019\/02\/paz_venezuela_800x445.jpg?fit=800%2C445&ssl=1&resize=700%2C400 2x"},"classes":[]},{"id":21069,"url":"https:\/\/www.freidenker.org\/?p=21069","url_meta":{"origin":3172,"position":3},"title":"Veranstaltung: Venezuela als Vorbild f\u00fcr Souver\u00e4nit\u00e4t in imperialen Kontexten","author":"Webredaktion","date":"3. M\u00e4rz 2025","format":false,"excerpt":"Einladung des Landesvorstandes der Berliner Freidenker Angesichts der gegenw\u00e4rtigen nordamerikanischen Anwandlungen hinsichtlich einer Annexion Kanadas und Gr\u00f6nlands denkt man an Schillers Wilhelm Tell: \"Der Fr\u00f6mmste kann nicht in Frieden leben, wenn es dem b\u00f6sen Nachbarn nicht gef\u00e4llt.\" ... Umso mehr freut sich jeder Demokrat, dass das souver\u00e4ne, sozialistisch ausgerichtete ALBA-B\u00fcndnis,\u2026","rel":"","context":"In &quot;Veranstaltungen in den DFV-Landesverb\u00e4nden&quot;","block_context":{"text":"Veranstaltungen in den DFV-Landesverb\u00e4nden","link":"https:\/\/www.freidenker.org\/?cat=19"},"img":{"alt_text":"","src":"https:\/\/i0.wp.com\/www.freidenker.org\/fw17\/wp-content\/uploads\/2025\/03\/GeFis-800x450-1.jpg?fit=800%2C450&ssl=1&resize=350%2C200","width":350,"height":200,"srcset":"https:\/\/i0.wp.com\/www.freidenker.org\/fw17\/wp-content\/uploads\/2025\/03\/GeFis-800x450-1.jpg?fit=800%2C450&ssl=1&resize=350%2C200 1x, https:\/\/i0.wp.com\/www.freidenker.org\/fw17\/wp-content\/uploads\/2025\/03\/GeFis-800x450-1.jpg?fit=800%2C450&ssl=1&resize=525%2C300 1.5x, https:\/\/i0.wp.com\/www.freidenker.org\/fw17\/wp-content\/uploads\/2025\/03\/GeFis-800x450-1.jpg?fit=800%2C450&ssl=1&resize=700%2C400 2x"},"classes":[]},{"id":3076,"url":"https:\/\/www.freidenker.org\/?p=3076","url_meta":{"origin":3172,"position":4},"title":"Trauer um Hugo Ch\u00e1vez Fr\u00edas","author":"Webredaktion","date":"7. M\u00e4rz 2013","format":false,"excerpt":"Der Deutsche Freidenker-Verband trauert um den Pr\u00e4sidenten der Bolivarischen Republik Venezuela Hugo Ch\u00e1vez Fr\u00edas (28. Juli 1954 \u2013 5. M\u00e4rz 2013). Unser Mitgef\u00fchl gilt seiner Familie und seinen Genossinnen und Genossen. Das venezolanische Volk, die V\u00f6lker Lateinamerikas und alle friedliebenden Menschen verlieren mit Hugo Ch\u00e1vez Fr\u00edas einen konsequenten und unbeugsamen\u2026","rel":"","context":"In &quot;Weltliche Trauerkultur&quot;","block_context":{"text":"Weltliche Trauerkultur","link":"https:\/\/www.freidenker.org\/?cat=17"},"img":{"alt_text":"","src":"https:\/\/i0.wp.com\/www.freidenker.org\/fw17\/wp-content\/uploads\/2013\/03\/HugoChavez1824_800x445_v2.jpg?fit=800%2C445&ssl=1&resize=350%2C200","width":350,"height":200,"srcset":"https:\/\/i0.wp.com\/www.freidenker.org\/fw17\/wp-content\/uploads\/2013\/03\/HugoChavez1824_800x445_v2.jpg?fit=800%2C445&ssl=1&resize=350%2C200 1x, https:\/\/i0.wp.com\/www.freidenker.org\/fw17\/wp-content\/uploads\/2013\/03\/HugoChavez1824_800x445_v2.jpg?fit=800%2C445&ssl=1&resize=525%2C300 1.5x, https:\/\/i0.wp.com\/www.freidenker.org\/fw17\/wp-content\/uploads\/2013\/03\/HugoChavez1824_800x445_v2.jpg?fit=800%2C445&ssl=1&resize=700%2C400 2x"},"classes":[]},{"id":5931,"url":"https:\/\/www.freidenker.org\/?p=5931","url_meta":{"origin":3172,"position":5},"title":"Humanit\u00e4rer Angriff auf Venezuela","author":"Webredaktion","date":"24. Februar 2019","format":false,"excerpt":"Beitrag von R\u00fcdiger Rauls Die USA bringen sich an der kolumbianisch-venezolanischen Grenze in Stellung. Noch drohen sie nicht mit Milit\u00e4rger\u00e4t, sondern mit Lebensmitteln und Medikamenten. Sie sagen, sie wollen die Armut bek\u00e4mpfen. Aber man will auch die Armeef\u00fchrung zu einer Entscheidung zwingen. Man scheint in Eile zu sein. ... Glaubt\u2026","rel":"","context":"In &quot;Demokratie \u2013 Medien \u2013 Aufkl\u00e4rung&quot;","block_context":{"text":"Demokratie \u2013 Medien \u2013 Aufkl\u00e4rung","link":"https:\/\/www.freidenker.org\/?cat=12"},"img":{"alt_text":"","src":"https:\/\/i0.wp.com\/www.freidenker.org\/fw17\/wp-content\/uploads\/2019\/02\/venezuela-1460595_800x445.jpg?fit=800%2C445&ssl=1&resize=350%2C200","width":350,"height":200,"srcset":"https:\/\/i0.wp.com\/www.freidenker.org\/fw17\/wp-content\/uploads\/2019\/02\/venezuela-1460595_800x445.jpg?fit=800%2C445&ssl=1&resize=350%2C200 1x, https:\/\/i0.wp.com\/www.freidenker.org\/fw17\/wp-content\/uploads\/2019\/02\/venezuela-1460595_800x445.jpg?fit=800%2C445&ssl=1&resize=525%2C300 1.5x, https:\/\/i0.wp.com\/www.freidenker.org\/fw17\/wp-content\/uploads\/2019\/02\/venezuela-1460595_800x445.jpg?fit=800%2C445&ssl=1&resize=700%2C400 2x"},"classes":[]}],"_links":{"self":[{"href":"https:\/\/www.freidenker.org\/index.php?rest_route=\/wp\/v2\/posts\/3172","targetHints":{"allow":["GET"]}}],"collection":[{"href":"https:\/\/www.freidenker.org\/index.php?rest_route=\/wp\/v2\/posts"}],"about":[{"href":"https:\/\/www.freidenker.org\/index.php?rest_route=\/wp\/v2\/types\/post"}],"author":[{"embeddable":true,"href":"https:\/\/www.freidenker.org\/index.php?rest_route=\/wp\/v2\/users\/3"}],"replies":[{"embeddable":true,"href":"https:\/\/www.freidenker.org\/index.php?rest_route=%2Fwp%2Fv2%2Fcomments&post=3172"}],"version-history":[{"count":0,"href":"https:\/\/www.freidenker.org\/index.php?rest_route=\/wp\/v2\/posts\/3172\/revisions"}],"wp:featuredmedia":[{"embeddable":true,"href":"https:\/\/www.freidenker.org\/index.php?rest_route=\/wp\/v2\/media\/3943"}],"wp:attachment":[{"href":"https:\/\/www.freidenker.org\/index.php?rest_route=%2Fwp%2Fv2%2Fmedia&parent=3172"}],"wp:term":[{"taxonomy":"category","embeddable":true,"href":"https:\/\/www.freidenker.org\/index.php?rest_route=%2Fwp%2Fv2%2Fcategories&post=3172"},{"taxonomy":"post_tag","embeddable":true,"href":"https:\/\/www.freidenker.org\/index.php?rest_route=%2Fwp%2Fv2%2Ftags&post=3172"}],"curies":[{"name":"wp","href":"https:\/\/api.w.org\/{rel}","templated":true}]}}