{"id":3166,"date":"2011-03-18T04:07:20","date_gmt":"2011-03-18T03:07:20","guid":{"rendered":"http:\/\/www.freidenker.org\/?p=3166"},"modified":"2018-02-18T19:48:01","modified_gmt":"2018-02-18T18:48:01","slug":"haende-weg-von-libyen","status":"publish","type":"post","link":"https:\/\/www.freidenker.org\/?p=3166","title":{"rendered":"H\u00e4nde weg von Libyen!"},"content":{"rendered":"<pre>Erkl\u00e4rung des Deutschen Freidenker-Verbandes vom M\u00e4rz 2011<\/pre>\n<p>Unter der F\u00fchrung der USA, Gro\u00dfbritanniens und Frankreichs wird ein Angriffskrieg gegen Libyen (Libysch-Arabische Dschamahirija) gef\u00fchrt. Der UNO-Beschluss \u00fcber eine Flugverbotszone wird zur Legitimation eines Zerst\u00f6rungskrieges herangezogen. Das Ziel liegt auf der Hand: Es geht um geopolitische Machtfragen sowie den Zugriff auf die Erd\u00f6l- und Erdgasvorkommen des Landes. Die nationalisierte \u00d6lproduktion soll wieder unter die Kontrolle der \u00d6lmultis kommen. Wie beim \u00dcberfall auf den Irak stellt Deutschland seine Infrastruktur f\u00fcr die Aggression zur Verf\u00fcgung, die vom Afrika-Kommando der US-Streitkr\u00e4fte (AFRICOM) bei Stuttgart koordiniert wird.<\/p>\n<h3>Der Propaganda der Aggressoren widerstehen!<\/h3>\n<p>Die Propagandamaschine l\u00e4uft auf Hochtouren, um schnell ein paar &#8222;ehrenhafte&#8220; Kriegsgr\u00fcnde vorzuschieben &#8211; Libyens Revolutionsf\u00fchrer Muammar al-Ghaddafi ist &#8220; auch in den deutschen Massenmedien &#8220; vom Diktator zum &#8222;irren Schl\u00e4chter&#8220; und &#8222;V\u00f6lkerm\u00f6rder&#8220; bef\u00f6rdert worden. Die von den Kriegstreibern ausger\u00fcstete monarchistische Rebellenarmee wird als &#8222;Demokratiebewegung&#8220; geadelt. Ein wohlbekanntes Muster, nach welchem schon Hitlers Annexion des &#8222;Sudetenlandes&#8220; oder der NATO-Angriff gegen Jugoslawien entfesselt wurden. Die franz\u00f6sischen, britischen und US-Imperialisten haben das Entstehen der echten Demokratiebewegung in der arabischen Welt, die sich gegen westliche Lakaien richtet, ausgenutzt, um den B\u00fcrgerkrieg in Libyen zu entfachen, der sich nur scheinbar in die Vorg\u00e4nge in den Nachbarl\u00e4ndern einreiht. Doch bei n\u00e4herem Hinsehen ist die Situation in diesem Land mit der geringsten Armut auf dem ganzen afrikanischen Kontinent eine andere. Die Rebellen kommen nicht von der Stra\u00dfe, sondern sie sind gezielt aufgebaut, bewaffnet und vom CIA trainiert worden, um die Zentralregierung zu destabilisieren. Anders als in Tunesien, \u00c4gypten, Bahrain oder im Jemen schwenken sie nicht die Staatsflagge, welche die nationale Befreiung vom kolonialistischen Joch symbolisiert, sondern die alte Flagge des K\u00f6nigreichs Libyen, die Flagge der kolonialen Sklaverei. F\u00fcr die behaupteten Luftangriffe der libyschen Streitkr\u00e4fte auf &#8222;Demonstranten&#8220; fehlt hingegen jede Spur eines Beweises. W\u00e4hrend der Westen angesichts unbewaffneter Demonstranten in Tunesien und \u00c4gypten &#8222;beide Seiten\u2018 zum &#8222;Gewaltverzicht\u2018 aufrief, wird dies angesichts schwerbewaffneter Rebellen in Libyen nur von der Regierung verlangt. Gegen die saudische Milit\u00e4rintervention gegen die gewaltfreien Demonstranten in Bahrain gibt es nur laue Ermahnungen.<\/p>\n<h3>Nein zur verbrecherischen Aggression!<\/h3>\n<p>Der UN-Sicherheitsrat hat die UNO-Mitgliedsstaaten erm\u00e4chtigt &#8222;alle notwendigen Ma\u00dfnahmen zu ergreifen, &#8230; um Zivilisten und von Zivilisten bewohnte Gebiete zu sch\u00fctzen&#8220;. Die Hauptkriegstreiber USA, Gro\u00dfbritannien und Frankreich legen dies als Generalerm\u00e4chtigung f\u00fcr Luftangriffe auf Libyen aus, f\u00fcr deren Koordinierung sie die NATO in Bewegung setzen wollen. Nachdem eine &#8222;Flugverbotszone&#8220; bei Unbedarften einen &#8222;humanit\u00e4ren\u2018 Eindruck erwecken konnte, wird nun offen &#8222;Ghaddafi weggebombt&#8220;. Eine &#8222;Humanit\u00e4re Intervention&#8220; ist erfahrungsgem\u00e4\u00df die Tarnung f\u00fcr einen imperialistischen Raubkrieg. Die Angriffe, vorgeblich zum Schutz von Zivilisten, fordern wieder haupts\u00e4chlich zivile Opfer. Nach der aus Jugoslawien, Irak und Afghanistan bekannten Strategie zielen die Angriffe auf eine maximale Zerst\u00f6rung der zivilen Infrastruktur. Bleibende Armut und Unterentwicklung werden die Folge f\u00fcr das libysche Volk sein. Gelingt es der<br \/>\nRebellenarmee, unterst\u00fctzt von den Bomben der Kriegsallianz, die Kontrolle im Land zu \u00fcbernehmen, steht dem Volk eine grausame Terrorherrschaft bevor, die alle tats\u00e4chlichen und vermeintlichen Gewalttaten der bisherigen Regierung in den Schatten stellen w\u00fcrde.<\/p>\n<h3>Solidarit\u00e4t mit dem libyschen Volk hei\u00dft Solidarit\u00e4t mit der rechtm\u00e4\u00dfigen libyschen Regierung!<\/h3>\n<p>Ob die Staats- und Gesellschaftsordnung in der Libysch-Arabischen Dschamahirija den Interessen des libyschen Volkes entspricht, kann das Volk nur in freier Selbstbestimmung entscheiden. Eine vom Ausland unterst\u00fctzte Rebellenarmee kann niemals die Interessen des libyschen Volkes vertreten, schon gar nicht, wenn sie unter der Deckung von Bombenangriffen k\u00e4mpft. In der Stunde des barbarischen Angriffs auf die libysche Souver\u00e4nit\u00e4t darf es keine ideologische Verwirrung, keine Konzessionen an die Kriegspropaganda, kein unentschlossenes &#8222;Ja, aber&#8230;&#8220; auf Seiten der Friedensbewegung geben. Ihre Unterst\u00fctzung muss ausnahmslos allen zuteilwerden, die den Angriff der Imperialisten und ihrer f\u00fcnften Kolonne abwehren, mit der rechtm\u00e4\u00dfigen libyschen Regierung an der Spitze. F\u00fcr das &#8222;Feindbild Ghaddafi&#8220; ist nur Platz im Propaganda-Arsenal der Aggressoren. Man kann nur ganz oder gar nicht gegen diesen Krieg sein!<\/p>\n<h3>Lang lebe die Libysch-Arabische Dschamahirija! Stoppt die Aggressoren!<\/h3>\n<p>M\u00e4rz 2011<\/p>\n<p>ViSdP: Deutscher Freidenker-Verband,<br \/>\nKlaus Hartmann, Schillstr. 7,<br \/>\n63067 Offenbach am Main,<br \/>\nvorstand@freidenker.de<\/p>\n<hr \/>\n<p><img data-recalc-dims=\"1\" loading=\"lazy\" decoding=\"async\" data-attachment-id=\"1076\" data-permalink=\"https:\/\/www.freidenker.org\/?attachment_id=1076\" data-orig-file=\"https:\/\/i0.wp.com\/www.freidenker.org\/fw17\/wp-content\/uploads\/2017\/10\/pdf_icon-2.png?fit=32%2C32&amp;ssl=1\" data-orig-size=\"32,32\" data-comments-opened=\"0\" data-image-meta=\"{&quot;aperture&quot;:&quot;0&quot;,&quot;credit&quot;:&quot;&quot;,&quot;camera&quot;:&quot;&quot;,&quot;caption&quot;:&quot;&quot;,&quot;created_timestamp&quot;:&quot;0&quot;,&quot;copyright&quot;:&quot;&quot;,&quot;focal_length&quot;:&quot;0&quot;,&quot;iso&quot;:&quot;0&quot;,&quot;shutter_speed&quot;:&quot;0&quot;,&quot;title&quot;:&quot;&quot;,&quot;orientation&quot;:&quot;0&quot;}\" data-image-title=\"pdf_icon\" data-image-description=\"\" data-image-caption=\"\" data-large-file=\"https:\/\/i0.wp.com\/www.freidenker.org\/fw17\/wp-content\/uploads\/2017\/10\/pdf_icon-2.png?fit=32%2C32&amp;ssl=1\" class=\"alignnone size-full wp-image-1076\" src=\"https:\/\/i0.wp.com\/www.freidenker.org\/fw17\/wp-content\/uploads\/2017\/10\/pdf_icon-2.png?resize=32%2C32&#038;ssl=1\" alt=\"\" width=\"32\" height=\"32\" \/> <a href=\"https:\/\/www.freidenker.org\/fw17\/wp-content\/uploads\/2017\/12\/110318_DFV_Flugblatt_Hnde_weg_von_Libyen_01.pdf\" target=\"_blank\" rel=\"noopener\"><strong>Download der Erkl\u00e4rung<\/strong><\/a><\/p>\n<p>&nbsp;<\/p>\n","protected":false},"excerpt":{"rendered":"<p><strong>Erkl\u00e4rung des Deutschen Freidenker-Verbandes<\/strong><br \/>\nDie Propagandamaschine l\u00e4uft auf Hochtouren, um schnell ein paar &#8222;ehrenhafte&#8220; Kriegsgr\u00fcnde vorzuschieben &#8211; Libyens Revolutionsf\u00fchrer Muammar al-Ghaddafi ist &#8220; auch in den deutschen Massenmedien &#8220; vom Diktator zum &#8222;irren Schl\u00e4chter&#8220; und &#8222;V\u00f6lkerm\u00f6rder&#8220; bef\u00f6rdert worden. Die von den Kriegstreibern ausger\u00fcstete monarchistische Rebellenarmee wird als &#8222;Demokratiebewegung&#8220; geadelt. Ein wohlbekanntes Muster, nach welchem schon Hitlers Annexion des &#8222;Sudetenlandes&#8220; oder der NATO-Angriff gegen Jugoslawien entfesselt wurden. <\/p>\n","protected":false},"author":3,"featured_media":4012,"comment_status":"closed","ping_status":"closed","sticky":false,"template":"","format":"standard","meta":{"colormag_page_container_layout":"default_layout","colormag_page_sidebar_layout":"default_layout","advanced_seo_description":"","jetpack_seo_html_title":"","jetpack_seo_noindex":false,"jetpack_post_was_ever_published":false,"footnotes":""},"categories":[13,210],"tags":[801,339,773,779,645,796,345],"class_list":["post-3166","post","type-post","status-publish","format-standard","has-post-thumbnail","hentry","category-frieden-antifaschismus-solidaritaet","category-positionen","tag-aggressionskrieg","tag-kriegspropaganda","tag-libyen","tag-muammar-gaddafi","tag-staatliche-souveraenitaet","tag-un-sicherheitsrat","tag-voelkerrecht"],"jetpack_featured_media_url":"https:\/\/i0.wp.com\/www.freidenker.org\/fw17\/wp-content\/uploads\/2011\/03\/peace-2131207_800x445_v2.jpg?fit=800%2C445&ssl=1","jetpack_shortlink":"https:\/\/wp.me\/p9stpK-P4","jetpack-related-posts":[{"id":3162,"url":"https:\/\/www.freidenker.org\/?p=3162","url_meta":{"origin":3166,"position":0},"title":"Aggression gegen Libyen beenden! V\u00f6lkerrecht verteidigen!","author":"Webredaktion","date":"4. April 2011","format":false,"excerpt":"Offener Brief des Vorsitzenden des DFV, Klaus Hartmann, an die Fraktionen des Deutschen Bundestags Seit dem 19. M\u00e4rz 2011 f\u00fchrt eine Allianz unter F\u00fchrung Frankreichs, Gro\u00dfbritanniens und der USA einen Interventionskrieg gegen die Libysch-Arabische Dschamahirija. Die Interventionsm\u00e4chte sind dabei, eine Anschlussoperation unter F\u00fchrung der NATO zu organisieren. Die \u00f6ffentliche Begr\u00fcndung\u2026","rel":"","context":"In &quot;Frieden - Antifaschismus - Solidarit\u00e4t&quot;","block_context":{"text":"Frieden - Antifaschismus - Solidarit\u00e4t","link":"https:\/\/www.freidenker.org\/?cat=13"},"img":{"alt_text":"","src":"https:\/\/i0.wp.com\/www.freidenker.org\/fw17\/wp-content\/uploads\/2011\/04\/B-2_Landing_after_bomb_run_over_Libya_800x445.jpg?fit=800%2C445&ssl=1&resize=350%2C200","width":350,"height":200,"srcset":"https:\/\/i0.wp.com\/www.freidenker.org\/fw17\/wp-content\/uploads\/2011\/04\/B-2_Landing_after_bomb_run_over_Libya_800x445.jpg?fit=800%2C445&ssl=1&resize=350%2C200 1x, https:\/\/i0.wp.com\/www.freidenker.org\/fw17\/wp-content\/uploads\/2011\/04\/B-2_Landing_after_bomb_run_over_Libya_800x445.jpg?fit=800%2C445&ssl=1&resize=525%2C300 1.5x, https:\/\/i0.wp.com\/www.freidenker.org\/fw17\/wp-content\/uploads\/2011\/04\/B-2_Landing_after_bomb_run_over_Libya_800x445.jpg?fit=800%2C445&ssl=1&resize=700%2C400 2x"},"classes":[]},{"id":3150,"url":"https:\/\/www.freidenker.org\/?p=3150","url_meta":{"origin":3166,"position":1},"title":"Anti-Kriegstag 2011: Wie mit dem Libyen-Krieg umgehen?","author":"Webredaktion","date":"23. August 2011","format":false,"excerpt":"Nachrichtenanalyse und Kommentar der Redaktion des \u201eFreidenker\u201c Der Deutsche Freidenker-Verband rief bereits in den ersten Tagen des Angriffs auf Libyen in einer Erkl\u00e4rung dazu auf, zu dieser verbrecherischen Aggression nein zu sagen, der Propaganda der Aggressoren zu widerstehen und Solidarit\u00e4t mit dem libyschen Volk und seiner rechtm\u00e4\u00dfigen libyschen Regierung zu\u2026","rel":"","context":"In &quot;Frieden - Antifaschismus - Solidarit\u00e4t&quot;","block_context":{"text":"Frieden - Antifaschismus - Solidarit\u00e4t","link":"https:\/\/www.freidenker.org\/?cat=13"},"img":{"alt_text":"","src":"https:\/\/i0.wp.com\/www.freidenker.org\/fw17\/wp-content\/uploads\/2011\/08\/libyen_kontur_mH_800x445.jpg?fit=800%2C445&ssl=1&resize=350%2C200","width":350,"height":200,"srcset":"https:\/\/i0.wp.com\/www.freidenker.org\/fw17\/wp-content\/uploads\/2011\/08\/libyen_kontur_mH_800x445.jpg?fit=800%2C445&ssl=1&resize=350%2C200 1x, https:\/\/i0.wp.com\/www.freidenker.org\/fw17\/wp-content\/uploads\/2011\/08\/libyen_kontur_mH_800x445.jpg?fit=800%2C445&ssl=1&resize=525%2C300 1.5x, https:\/\/i0.wp.com\/www.freidenker.org\/fw17\/wp-content\/uploads\/2011\/08\/libyen_kontur_mH_800x445.jpg?fit=800%2C445&ssl=1&resize=700%2C400 2x"},"classes":[]},{"id":3164,"url":"https:\/\/www.freidenker.org\/?p=3164","url_meta":{"origin":3166,"position":2},"title":"&#8222;Alle notwendigen Mittel\u201d","author":"Webredaktion","date":"4. April 2011","format":false,"excerpt":"Memorandum des Pr\u00e4sidenten der International Progress Organization, Prof. Dr. Hans K\u00f6chler Es ist offensichtlich, dass die \u00dcbertragung praktisch unbeschr\u00e4nkter Vollmachten an interessierte Parteien und regionale Gruppen \" wie seit den Golf- Kriegsbeschl\u00fcssen von 1990\/1991 \u00fcblich \" nicht nur mit der Charta der Vereinten Nationen sondern mit dem internationalen Recht an\u2026","rel":"","context":"In &quot;Frieden - Antifaschismus - Solidarit\u00e4t&quot;","block_context":{"text":"Frieden - Antifaschismus - Solidarit\u00e4t","link":"https:\/\/www.freidenker.org\/?cat=13"},"img":{"alt_text":"","src":"https:\/\/i0.wp.com\/www.freidenker.org\/fw17\/wp-content\/uploads\/2011\/04\/uno_libyen_800x445.jpg?fit=800%2C445&ssl=1&resize=350%2C200","width":350,"height":200,"srcset":"https:\/\/i0.wp.com\/www.freidenker.org\/fw17\/wp-content\/uploads\/2011\/04\/uno_libyen_800x445.jpg?fit=800%2C445&ssl=1&resize=350%2C200 1x, https:\/\/i0.wp.com\/www.freidenker.org\/fw17\/wp-content\/uploads\/2011\/04\/uno_libyen_800x445.jpg?fit=800%2C445&ssl=1&resize=525%2C300 1.5x, https:\/\/i0.wp.com\/www.freidenker.org\/fw17\/wp-content\/uploads\/2011\/04\/uno_libyen_800x445.jpg?fit=800%2C445&ssl=1&resize=700%2C400 2x"},"classes":[]},{"id":6442,"url":"https:\/\/www.freidenker.org\/?p=6442","url_meta":{"origin":3166,"position":3},"title":"Der Westen schw\u00e4chelt","author":"Webredaktion","date":"18. Mai 2019","format":false,"excerpt":"Beitrag von R\u00fcdiger Rauls Seit dem Ende der Sowjetunion und des Sozialismus hat sich der Systemkonkurrent Kapitalismus \u00fcber den ganzen Erdball ausdehnen k\u00f6nnen. Wo sich Widerstand regte, griff man zur Strategie des Regime-Change. Sanktionen, Farbenrevolutionen und offene Milit\u00e4rinterventionen sollten den f\u00fchrenden kapitalistischen Staaten den Marktzugang erzwingen. Aber die Zeit der\u2026","rel":"","context":"In &quot;Demokratie \u2013 Medien \u2013 Aufkl\u00e4rung&quot;","block_context":{"text":"Demokratie \u2013 Medien \u2013 Aufkl\u00e4rung","link":"https:\/\/www.freidenker.org\/?cat=12"},"img":{"alt_text":"","src":"https:\/\/i0.wp.com\/www.freidenker.org\/fw17\/wp-content\/uploads\/2019\/05\/compass-2779371_800x445.jpg?fit=800%2C445&ssl=1&resize=350%2C200","width":350,"height":200,"srcset":"https:\/\/i0.wp.com\/www.freidenker.org\/fw17\/wp-content\/uploads\/2019\/05\/compass-2779371_800x445.jpg?fit=800%2C445&ssl=1&resize=350%2C200 1x, https:\/\/i0.wp.com\/www.freidenker.org\/fw17\/wp-content\/uploads\/2019\/05\/compass-2779371_800x445.jpg?fit=800%2C445&ssl=1&resize=525%2C300 1.5x, https:\/\/i0.wp.com\/www.freidenker.org\/fw17\/wp-content\/uploads\/2019\/05\/compass-2779371_800x445.jpg?fit=800%2C445&ssl=1&resize=700%2C400 2x"},"classes":[]},{"id":3137,"url":"https:\/\/www.freidenker.org\/?p=3137","url_meta":{"origin":3166,"position":4},"title":"Warum \u201eUnselig-Sprechung\u201c durch den Deutschen Freidenker-Verband?","author":"Webredaktion","date":"16. November 2011","format":false,"excerpt":"Soll \u00fcber Fragen der Ethik und Moral Klarheit geschaffen werden, so scheinen manchmal auch neue Formen angebracht. Warum nicht an Beispielen moralisch verwerflichen Verhaltens \u00fcber das Richtige und Gebotene aufkl\u00e4ren? Die Methode ist alt, neu ist das Verfahren, das eine alte kompromittierte Institution karikieren und im dialektischen Sinne \u201eaufheben\u201c will.\u2026","rel":"","context":"In &quot;Demokratie \u2013 Medien \u2013 Aufkl\u00e4rung&quot;","block_context":{"text":"Demokratie \u2013 Medien \u2013 Aufkl\u00e4rung","link":"https:\/\/www.freidenker.org\/?cat=12"},"img":{"alt_text":"","src":"https:\/\/i0.wp.com\/www.freidenker.org\/fw17\/wp-content\/uploads\/2011\/11\/o2_with_devil.jpg?fit=800%2C445&ssl=1&resize=350%2C200","width":350,"height":200,"srcset":"https:\/\/i0.wp.com\/www.freidenker.org\/fw17\/wp-content\/uploads\/2011\/11\/o2_with_devil.jpg?fit=800%2C445&ssl=1&resize=350%2C200 1x, https:\/\/i0.wp.com\/www.freidenker.org\/fw17\/wp-content\/uploads\/2011\/11\/o2_with_devil.jpg?fit=800%2C445&ssl=1&resize=525%2C300 1.5x, https:\/\/i0.wp.com\/www.freidenker.org\/fw17\/wp-content\/uploads\/2011\/11\/o2_with_devil.jpg?fit=800%2C445&ssl=1&resize=700%2C400 2x"},"classes":[]},{"id":7182,"url":"https:\/\/www.freidenker.org\/?p=7182","url_meta":{"origin":3166,"position":5},"title":"H\u00e4nde weg vom Iran!","author":"Webredaktion","date":"12. November 2019","format":false,"excerpt":"Eine internationale Kampagne zur Wahrung des V\u00f6lkerrechts, der nationalen Souver\u00e4nit\u00e4t und territorialen Unversehrtheit der L\u00e4nder sowie des Selbstbestimmungsrechts der V\u00f6lker. Die Strategie der totalen weltweiten Vormachtstellung der Vereinigten Staaten, der erfolgte Umbau der NATO und der milit\u00e4rischen EU-Einheiten mit dem Ziel der globalen Kriegsf\u00fchrung sowie die Aus\u00fcbung der neoliberalen Wirtschaftspolitik\u2026","rel":"","context":"In &quot;Frieden - Antifaschismus - Solidarit\u00e4t&quot;","block_context":{"text":"Frieden - Antifaschismus - Solidarit\u00e4t","link":"https:\/\/www.freidenker.org\/?cat=13"},"img":{"alt_text":"","src":"https:\/\/i0.wp.com\/www.freidenker.org\/fw17\/wp-content\/uploads\/2019\/11\/hands_off_iran_800x445.jpg?fit=800%2C445&ssl=1&resize=350%2C200","width":350,"height":200,"srcset":"https:\/\/i0.wp.com\/www.freidenker.org\/fw17\/wp-content\/uploads\/2019\/11\/hands_off_iran_800x445.jpg?fit=800%2C445&ssl=1&resize=350%2C200 1x, https:\/\/i0.wp.com\/www.freidenker.org\/fw17\/wp-content\/uploads\/2019\/11\/hands_off_iran_800x445.jpg?fit=800%2C445&ssl=1&resize=525%2C300 1.5x, https:\/\/i0.wp.com\/www.freidenker.org\/fw17\/wp-content\/uploads\/2019\/11\/hands_off_iran_800x445.jpg?fit=800%2C445&ssl=1&resize=700%2C400 2x"},"classes":[]}],"_links":{"self":[{"href":"https:\/\/www.freidenker.org\/index.php?rest_route=\/wp\/v2\/posts\/3166","targetHints":{"allow":["GET"]}}],"collection":[{"href":"https:\/\/www.freidenker.org\/index.php?rest_route=\/wp\/v2\/posts"}],"about":[{"href":"https:\/\/www.freidenker.org\/index.php?rest_route=\/wp\/v2\/types\/post"}],"author":[{"embeddable":true,"href":"https:\/\/www.freidenker.org\/index.php?rest_route=\/wp\/v2\/users\/3"}],"replies":[{"embeddable":true,"href":"https:\/\/www.freidenker.org\/index.php?rest_route=%2Fwp%2Fv2%2Fcomments&post=3166"}],"version-history":[{"count":0,"href":"https:\/\/www.freidenker.org\/index.php?rest_route=\/wp\/v2\/posts\/3166\/revisions"}],"wp:featuredmedia":[{"embeddable":true,"href":"https:\/\/www.freidenker.org\/index.php?rest_route=\/wp\/v2\/media\/4012"}],"wp:attachment":[{"href":"https:\/\/www.freidenker.org\/index.php?rest_route=%2Fwp%2Fv2%2Fmedia&parent=3166"}],"wp:term":[{"taxonomy":"category","embeddable":true,"href":"https:\/\/www.freidenker.org\/index.php?rest_route=%2Fwp%2Fv2%2Fcategories&post=3166"},{"taxonomy":"post_tag","embeddable":true,"href":"https:\/\/www.freidenker.org\/index.php?rest_route=%2Fwp%2Fv2%2Ftags&post=3166"}],"curies":[{"name":"wp","href":"https:\/\/api.w.org\/{rel}","templated":true}]}}