{"id":3162,"date":"2011-04-04T03:54:34","date_gmt":"2011-04-04T01:54:34","guid":{"rendered":"http:\/\/www.freidenker.org\/?p=3162"},"modified":"2018-02-18T14:51:59","modified_gmt":"2018-02-18T13:51:59","slug":"aggression-gegen-libyen-beenden-voelkerrecht-verteidigen","status":"publish","type":"post","link":"https:\/\/www.freidenker.org\/?p=3162","title":{"rendered":"Aggression gegen Libyen beenden! V\u00f6lkerrecht verteidigen!"},"content":{"rendered":"<h2>Offener Brief an die Fraktionen des Deutschen Bundestags<\/h2>\n<p>Seit dem 19. M\u00e4rz 2011 f\u00fchrt eine Allianz unter F\u00fchrung Frankreichs, Gro\u00dfbritanniens und der USA einen Interventionskrieg gegen die Libysch-Arabische Dschamahirija. Die Interventionsm\u00e4chte sind dabei, eine Anschlussoperation unter F\u00fchrung der NATO zu organisieren.<\/p>\n<p>Die \u00f6ffentliche Begr\u00fcndung der Milit\u00e4roperation st\u00fctzt sich auf die Behauptung, dass unter der F\u00fchrung des Obersten Muammar al-Gaddafi, (der unsinnigerweise als &#8222;Machthaber&#8220; bezeichnet wird, obwohl er kein Staatsamt bekleidet), eine Demokratiebewegung mit solch brutaler Gewalt niedergeschlagen werde, dass ein Eingreifen aus humanit\u00e4ren Gr\u00fcnden geboten sei. Die Angriffe dienten dem Schutz von Zivilisten. Die Diskrepanz zwischen dieser Darstellung und der objektiven Situation k\u00f6nnte nicht gr\u00f6\u00dfer sein. Read More<\/p>\n<p>Tats\u00e4chlich dienen die Angriffe der Schw\u00e4chung der regul\u00e4ren libyschen Streitkr\u00e4fte, die sich in einem B\u00fcrgerkrieg mit bewaffneten, unter dem Banner der Monarchie k\u00e4mpfenden Gegnern der demokratischen Staatsordnung befinden. Durch den Eingriff der Allianz wurde der B\u00fcrgerkrieg, der schon so gut wie entschieden war, k\u00fcnstlich verl\u00e4ngert und so das Leid des libyschen Volkes vergr\u00f6\u00dfert. Zivile Opfer der ausl\u00e4ndischen Angriffe sind in Anbetracht der Kriegsf\u00fchrung und der eingesetzten Waffen unvermeidlich.<\/p>\n<p>Von den eigenn\u00fctzigen Interessen der Hauptinterventionsm\u00e4chte ist in der breiten \u00d6ffentlichkeit keine Rede: Westliche Energiekonzerne haben Vertr\u00e4ge zur \u00d6l- und Erdgasf\u00f6rderung mit Libyen abgeschlossen, in denen sie sich verpflichten, den \u00fcberwiegenden Teil der F\u00f6rderungen an libysche Unternehmen abzugeben. Eine neue, von den Interventionsm\u00e4chten auf Gedeih und Verderb abh\u00e4ngige Staatsmacht w\u00fcrde diese Vertr\u00e4ge annullieren und eine ungehemmte Ausbeutung der libyschen Bodensch\u00e4tze durch ausl\u00e4ndische Investoren zulassen. Dar\u00fcber hinaus scheinen seit langem existierende geopolitische Strategieziele ein ma\u00dfgebliches Motiv hinter der Intervention zu sein.<\/p>\n<p>Zwar berufen sich die Interventen auf die Resolution 1973 (2011) des UNO-Sicherheitsrats vom 17. M\u00e4rz 2011, die milit\u00e4rische Ma\u00dfnahmen gegen Libyen zum Schutz der Zivilbev\u00f6lkerung zul\u00e4sst, jedoch erlaubt diese Resolution keine Parteinahme zugunsten einer Partei in einem B\u00fcrgerkrieg, was auch durch die Grunds\u00e4tze des allgemeinen V\u00f6lkerrechts und die UN-Charta untersagt wird.<\/p>\n<p>Der Deutsche Freidenkerverband hat auf diese Umst\u00e4nde bereits zu Beginn der Milit\u00e4roperation hingewiesen.<\/p>\n<p>Allerdings h\u00e4lt auch die UNO-Sicherheitsrats-Resolution 1973 selbst keiner juristischen \u00dcberpr\u00fcfung stand. Das diesem Schreiben als Anlage beigef\u00fcgte Memorandum des V\u00f6lkerrechtlers Prof. Dr. Hans K\u00f6chler, des Pr\u00e4sidenten der International Progress Organisation mit Sitz in Wien, macht deutlich, dass der Sicherheitsrat mit der Verabschiedung der Resolution 1973 seine durch die UN-Charta definierten Kompetenzen \u00fcberschritten und gegen Grunds\u00e4tze des allgemeinen V\u00f6lkerrechts versto\u00dfen hat.<\/p>\n<p>Prof. Dr. K\u00f6chler zeigt auf, dass der Sicherheitsrat allen Staaten der Welt einen Freibrief zur Intervention in Libyen ohne Vorgaben bez\u00fcglich der Dauer, der Art der Durchf\u00fchrung und der einzusetzenden Mittel ausgestellt hat. Ein Kontrollmechanismus, der dar\u00fcber wacht, ob die Ma\u00dfnahmen tats\u00e4chlich dem von der Resolution bestimmten Ziel des Schutzes der Zivilbev\u00f6lkerung dienen, wurde nicht eingerichtet.<\/p>\n<p>Ich m\u00f6chte Prof. Dr. K\u00f6chler ausdr\u00fccklich in seiner Feststellung zustimmen: &#8222;Es ist offensichtlich, dass die \u00dcbertragung praktisch unbeschr\u00e4nkter Vollmachten an interessierte Parteien und regionale Gruppen [&#8230;] nicht nur mit der Charta der Vereinten Nationen sondern mit dem internationalen Recht an sich nicht vereinbar ist.&#8220;<\/p>\n<p>Ferner weist Prof. Dr. K\u00f6chler darauf hin, dass die Resolution 1973 durch diese Generalerm\u00e4chtigung zur Intervention erst die Bedrohung des Weltfriedens und der internationalen Sicherheit geschaffen hat, einzig zu deren Eind\u00e4mmung der Sicherheitsrat doch milit\u00e4rische Ma\u00dfnahmen beschlie\u00dfen darf.<\/p>\n<p>Prof. Dr. K\u00f6chler schl\u00e4gt eine v\u00f6lkerrechtliche Bewertung der Sicherheitsratsresolution 1973 durch den Internationalen Gerichtshof vor. Ein entsprechender Antrag an den Internationalen Gerichtshof k\u00f6nnte von der UNO-Generalversammlung oder dem Sicherheitsrat gestellt werden.<\/p>\n<p>Einstweilen sind nach Auffassung des Deutschen Freidenkerverbandes die Argumente Prof. Dr. K\u00f6chlers so \u00fcberzeugend, dass von der V\u00f6lkerrechtswidrigkeit der Sicherheitsratsresolution 1973 auszugehen ist.<\/p>\n<p>Aus der V\u00f6lkerrechtswidrigkeit der Resolution folgt aber ihre Unwirksamkeit, und aus ihrer Unwirksamkeit wiederum folgt, dass jedwede ausl\u00e4ndische Angriffshandlung gegen libysche Ziele v\u00f6lkerrechtswidrig ist und den Tatbestand der Aggression erf\u00fcllt. Dieser entspricht dem Begriff des Angriffskrieges im deutschen Strafgesetzbuch. Die laufende Milit\u00e4roperation einschlie\u00dflich der k\u00fcnftigen von der NATO koordinierten Ma\u00dfnahmen in Bezug auf Libyen muss im Interesse des V\u00f6lkerrechts sofort beendet werden. Auf deutschem Boden ausgef\u00fchrte Handlungen, die mit ihr im Zusammenhang stehen, sind strafbar.<\/p>\n<p>Der Deutsche Freidenkerverband hat sich wiederholt gegen die systematische Verletzung des V\u00f6lkerrechts durch m\u00e4chtige Staaten und die theoretische Negierung des V\u00f6lkerrechts durch die demagogische Doktrin der &#8222;Humanit\u00e4ren Intervention&#8220; bzw. &#8222;Responsibility To Protect&#8220; ausgesprochen. Mit dem Libyen-Krieg ist es erneut akut notwendig geworden, das V\u00f6lkerrecht im Interesse des Weltfriedens und der Gerechtigkeit zu verteidigen und einer demagogischen &#8222;humanit\u00e4ren&#8220; Kriegspropaganda entgegenzutreten.<\/p>\n<p>Die deutsche Bundesregierung hat sich bei der Abstimmung \u00fcber die Resolution 1973 im UNO-Sicherheitsrat, dem Deutschland derzeit angeh\u00f6rt, enthalten und die Teilnahme der Bundeswehr an der Intervention auch unter NATO- Kommando kategorisch ausgeschlossen. Beides ist angesichts der offensichtlichen Rechtswidrigkeit der Resolution 1973 und des kriminellen Charakters der alliierten Intervention anerkennenswert. Es gibt Deutschland auch die moralische Legitimit\u00e4t, auf internationaler Ebene das v\u00f6lkerrechtswidrige Verhalten der Interventionsm\u00e4chte zu thematisieren. Gleichzeitig beteiligt sich Deutschland jedoch indirekt an den Angriffshandlungen gegen Libyen: Erstens durch Entlastung der Interventionsm\u00e4chte in Afghanistan mittels \u00dcbernahme von AWACS-Eins\u00e4tzen durch die Bundeswehr; zweitens, indem die Koordinierung der US-Operationen in Libyen durch die AFRICOM-Zentrale in Stuttgart<br \/>\nund die Nutzung von US-Milit\u00e4rst\u00fctzpunkten in Deutschland nicht unterbunden wird. Nach der Definition des Aggressionsverbrechens, die durch die UNO-Generalversammlung in ihrer Resolution 29\/3314 vom 14. Dezember 1974 festgeschrieben wurde, ist ein Land, das einem Aggressor sein Territorium zur Durchf\u00fchrung einer Aggression zur Verf\u00fcgung stellt, selbst ein Aggressor.<\/p>\n<p>Ich ersuche Sie hiermit im Namen des Deutschen Freidenkerverbandes, einen Gesetzentwurf im Bundestag einzubringen, der die Bundesregierung an ihre v\u00f6lkerrechtlichen Verpflichtungen in Bezug auf Libyen erinnert und sie insbesondere beauftragt,<\/p>\n<p>1. auf internationaler Ebene eine sofortige Beendigung des v\u00f6lkerrechtswidrigen Interventionskrieg gegen die Libysch-Arabische Dschamarihija zu fordern;<\/p>\n<p>2. Jedwede indirekte Unterst\u00fctzung f\u00fcr die Intervention sofort zur\u00fcckzuziehen und die Steuerung der US-Operationen in Libyen durch die AFRICOM-Zentrale in Stuttgart sowie die Nutzung von US-Milit\u00e4rst\u00fctzpunkten nicht l\u00e4nger zu<br \/>\ndulden;<\/p>\n<p>3. sich in der UNO f\u00fcr die Einholung eines Rechtsgutachtens des Internationalen Gerichtshofs \u00fcber die Rechtswirksamkeit der Sicherheitsratsresolution 1973 (2011) zu engagieren, vorrangig im Sicherheitsrat, dem Deutschland zur Zeit angeh\u00f6rt;<\/p>\n<p>4. dar\u00fcber zu wachen, dass die strafrechtliche Verfolgung von Personen, die sich in Deutschland mutma\u00dflich des Aufstachelns zum Angriffskrieg oder der Vorbereitung eines Angriffskrieges im Sinne der \u00a7\u00a7 80, 80a StGB im Zusammenhang mit dem Libyen-Krieg schuldig gemacht haben, effizient betrieben wird.<\/p>\n<p>04. April 2011<\/p>\n<p>Hochachtungsvoll<\/p>\n<p>Klaus Hartmann Bundesvorsitzender<\/p>\n<hr \/>\n<p>Beachtet zu diesem Thema auch die <a href=\"https:\/\/www.freidenker.org\/?page_id=3166\">Erkl\u00e4rung &#8222;H\u00e4nde weg von Libyen&#8220;<\/a> des Deutschen Freidenker-Verbandes vom M\u00e4rz 2011<\/p>\n<hr \/>\n<p>Bild: B-2-Bomber landet nach einem Angriff gegen Libyen, 20. M\u00e4rz 2011 &#8211; von Senior Airman Kenny Holston &#8211; http:\/\/www.af.mil\/news\/story.asp?id=123247715, Gemeinfrei, https:\/\/commons.wikimedia.org\/w\/index.php?curid=14657482<\/p>\n","protected":false},"excerpt":{"rendered":"<p><strong>Offener Brief des Vorsitzenden des DFV, Klaus Hartmann, an die Fraktionen des Deutschen Bundestags<\/strong><br \/>\nSeit dem 19. M\u00e4rz 2011 f\u00fchrt eine Allianz unter F\u00fchrung Frankreichs, Gro\u00dfbritanniens und der USA einen Interventionskrieg gegen die Libysch-Arabische Dschamahirija. Die Interventionsm\u00e4chte sind dabei, eine Anschlussoperation unter F\u00fchrung der NATO zu organisieren. Die \u00f6ffentliche Begr\u00fcndung der Milit\u00e4roperation st\u00fctzt sich auf die Behauptung, dass unter der F\u00fchrung des Obersten Muammar al-Gaddafi &#8230; eine Demokratiebewegung mit solch brutaler Gewalt niedergeschlagen werde, dass ein Eingreifen aus humanit\u00e4ren Gr\u00fcnden geboten sei. Die Angriffe dienten dem Schutz von Zivilisten. Die Diskrepanz zwischen dieser Darstellung und der objektiven Situation k\u00f6nnte nicht gr\u00f6\u00dfer sein.<\/p>\n","protected":false},"author":3,"featured_media":3940,"comment_status":"closed","ping_status":"closed","sticky":false,"template":"","format":"standard","meta":{"colormag_page_container_layout":"default_layout","colormag_page_sidebar_layout":"default_layout","advanced_seo_description":"","jetpack_seo_html_title":"","jetpack_seo_noindex":false,"jetpack_post_was_ever_published":false,"footnotes":""},"categories":[13,210],"tags":[801,799,773,946,796,345],"class_list":["post-3162","post","type-post","status-publish","format-standard","has-post-thumbnail","hentry","category-frieden-antifaschismus-solidaritaet","category-positionen","tag-aggressionskrieg","tag-interventionskrieg","tag-libyen","tag-un-charta","tag-un-sicherheitsrat","tag-voelkerrecht"],"jetpack_featured_media_url":"https:\/\/i0.wp.com\/www.freidenker.org\/fw17\/wp-content\/uploads\/2011\/04\/B-2_Landing_after_bomb_run_over_Libya_800x445.jpg?fit=800%2C445&ssl=1","jetpack_shortlink":"https:\/\/wp.me\/p9stpK-P0","jetpack-related-posts":[{"id":2932,"url":"https:\/\/www.freidenker.org\/?p=2932","url_meta":{"origin":3162,"position":0},"title":"\u00c4ndert sich das V\u00f6lkerrecht?","author":"Webredaktion","date":"17. Dezember 2013","format":false,"excerpt":"Beitrag von Klaus von Raussendorff aus: FREIDENKER 4-13 Mit dem Ende des \u201eKatastrophenzeitalters\u201c (Eric Hobsbawm), das 1914 mit der Entfesselung des Ersten Weltkrieges begann und mit dem Sieg der Alliierten \u00fcber Deutschland und Japan im Zweiten Weltkrieg 1945 endete, wurde auch der Wandel zum so genannten \u201emodernen\u201c V\u00f6lkerrecht vollzogen. Die\u2026","rel":"","context":"In &quot;Demokratie \u2013 Medien \u2013 Aufkl\u00e4rung&quot;","block_context":{"text":"Demokratie \u2013 Medien \u2013 Aufkl\u00e4rung","link":"https:\/\/www.freidenker.org\/?cat=12"},"img":{"alt_text":"","src":"https:\/\/i0.wp.com\/www.freidenker.org\/fw17\/wp-content\/uploads\/2017\/12\/globe-1033435_800x445.jpg?fit=800%2C445&ssl=1&resize=350%2C200","width":350,"height":200,"srcset":"https:\/\/i0.wp.com\/www.freidenker.org\/fw17\/wp-content\/uploads\/2017\/12\/globe-1033435_800x445.jpg?fit=800%2C445&ssl=1&resize=350%2C200 1x, https:\/\/i0.wp.com\/www.freidenker.org\/fw17\/wp-content\/uploads\/2017\/12\/globe-1033435_800x445.jpg?fit=800%2C445&ssl=1&resize=525%2C300 1.5x, https:\/\/i0.wp.com\/www.freidenker.org\/fw17\/wp-content\/uploads\/2017\/12\/globe-1033435_800x445.jpg?fit=800%2C445&ssl=1&resize=700%2C400 2x"},"classes":[]},{"id":3166,"url":"https:\/\/www.freidenker.org\/?p=3166","url_meta":{"origin":3162,"position":1},"title":"H\u00e4nde weg von Libyen!","author":"Webredaktion","date":"18. M\u00e4rz 2011","format":false,"excerpt":"Erkl\u00e4rung des Deutschen Freidenker-Verbandes Die Propagandamaschine l\u00e4uft auf Hochtouren, um schnell ein paar \"ehrenhafte\" Kriegsgr\u00fcnde vorzuschieben - Libyens Revolutionsf\u00fchrer Muammar al-Ghaddafi ist \" auch in den deutschen Massenmedien \" vom Diktator zum \"irren Schl\u00e4chter\" und \"V\u00f6lkerm\u00f6rder\" bef\u00f6rdert worden. Die von den Kriegstreibern ausger\u00fcstete monarchistische Rebellenarmee wird als \"Demokratiebewegung\" geadelt. Ein\u2026","rel":"","context":"In &quot;Frieden - Antifaschismus - Solidarit\u00e4t&quot;","block_context":{"text":"Frieden - Antifaschismus - Solidarit\u00e4t","link":"https:\/\/www.freidenker.org\/?cat=13"},"img":{"alt_text":"","src":"https:\/\/i0.wp.com\/www.freidenker.org\/fw17\/wp-content\/uploads\/2011\/03\/peace-2131207_800x445_v2.jpg?fit=800%2C445&ssl=1&resize=350%2C200","width":350,"height":200,"srcset":"https:\/\/i0.wp.com\/www.freidenker.org\/fw17\/wp-content\/uploads\/2011\/03\/peace-2131207_800x445_v2.jpg?fit=800%2C445&ssl=1&resize=350%2C200 1x, https:\/\/i0.wp.com\/www.freidenker.org\/fw17\/wp-content\/uploads\/2011\/03\/peace-2131207_800x445_v2.jpg?fit=800%2C445&ssl=1&resize=525%2C300 1.5x, https:\/\/i0.wp.com\/www.freidenker.org\/fw17\/wp-content\/uploads\/2011\/03\/peace-2131207_800x445_v2.jpg?fit=800%2C445&ssl=1&resize=700%2C400 2x"},"classes":[]},{"id":26,"url":"https:\/\/www.freidenker.org\/?p=26","url_meta":{"origin":3162,"position":2},"title":"Freidenker-Brief 4-2012: Verantwortungslos &#8211; Verhalten der Bundesregierung im Syrien-Konflikt","author":"Webmaster","date":"18. November 2012","format":false,"excerpt":"Eine Petition an den Deutschen Bundestag unter der laufenden Nummer 37867, die sich gegen das verantwortungslose Verhalten der Bundesregierung im gegenw\u00e4rtigen Syrienkonflikt richtet, kann demn\u00e4chst online unterst\u00fctzt werden. Die Petition ist eine Initiative des Deutschen Freidenker-Verbands und des Frankfurter Solidarit\u00e4tskomitees f\u00fcr Syrien. Auszug: \u201eWir erheben Beschwerde dagegen, dass der Bundesminister\u2026","rel":"","context":"In &quot;Freidenker-Brief&quot;","block_context":{"text":"Freidenker-Brief","link":"https:\/\/www.freidenker.org\/?cat=341"},"img":{"alt_text":"","src":"https:\/\/i0.wp.com\/www.freidenker.org\/fw17\/wp-content\/uploads\/2012\/11\/syria-1886425_800_445.jpg?fit=800%2C445&ssl=1&resize=350%2C200","width":350,"height":200,"srcset":"https:\/\/i0.wp.com\/www.freidenker.org\/fw17\/wp-content\/uploads\/2012\/11\/syria-1886425_800_445.jpg?fit=800%2C445&ssl=1&resize=350%2C200 1x, https:\/\/i0.wp.com\/www.freidenker.org\/fw17\/wp-content\/uploads\/2012\/11\/syria-1886425_800_445.jpg?fit=800%2C445&ssl=1&resize=525%2C300 1.5x, https:\/\/i0.wp.com\/www.freidenker.org\/fw17\/wp-content\/uploads\/2012\/11\/syria-1886425_800_445.jpg?fit=800%2C445&ssl=1&resize=700%2C400 2x"},"classes":[]},{"id":24903,"url":"https:\/\/www.freidenker.org\/?p=24903","url_meta":{"origin":3162,"position":3},"title":"Wenn der T\u00e4ter sich zum Richter erhebt","author":"Webredaktion","date":"18. April 2026","format":false,"excerpt":"Einige Anmerkungen zur Einf\u00fchrung der Todesstrafe f\u00fcr pal\u00e4stinensische \u201eTerroristen\u201c in Israel Beitrag von Arn Strohmeyer Wer es bisher immer noch nicht geglaubt oder sogar abgestritten hat, dass Israel ein Apartheidstaat ist, jetzt hat er den endg\u00fcltigen Beweis daf\u00fcr. Der zionistische Staat hat die Todesstrafe eingef\u00fchrt \u2013 aber nur f\u00fcr Pal\u00e4stinenser!\u2026","rel":"","context":"In &quot;Aktuelles&quot;","block_context":{"text":"Aktuelles","link":"https:\/\/www.freidenker.org\/?cat=574"},"img":{"alt_text":"","src":"https:\/\/i0.wp.com\/www.freidenker.org\/fw17\/wp-content\/uploads\/2026\/04\/The_knesset_illuminated_800x450.jpg?fit=800%2C450&ssl=1&resize=350%2C200","width":350,"height":200,"srcset":"https:\/\/i0.wp.com\/www.freidenker.org\/fw17\/wp-content\/uploads\/2026\/04\/The_knesset_illuminated_800x450.jpg?fit=800%2C450&ssl=1&resize=350%2C200 1x, https:\/\/i0.wp.com\/www.freidenker.org\/fw17\/wp-content\/uploads\/2026\/04\/The_knesset_illuminated_800x450.jpg?fit=800%2C450&ssl=1&resize=525%2C300 1.5x, https:\/\/i0.wp.com\/www.freidenker.org\/fw17\/wp-content\/uploads\/2026\/04\/The_knesset_illuminated_800x450.jpg?fit=800%2C450&ssl=1&resize=700%2C400 2x"},"classes":[]},{"id":6296,"url":"https:\/\/www.freidenker.org\/?p=6296","url_meta":{"origin":3162,"position":4},"title":"08.05.2019 \u2013 Syrien, Venezuela, Libyen \u2013 Grenzen des Regime-Change","author":"Webredaktion","date":"1. Mai 2019","format":false,"excerpt":"Syrien, Venezuela, Libyen \u2013 Grenzen des Regime-Change - Veranstaltung am Mittwoch, den 8.5.2019 um 19:30 im Gasthaus Ternes, Dom\u00e4nenstr. 54, Trier - Veranstalter: Jenny-Marx-Club Trier, Unterst\u00fctzer: Freidenker RLP\/Saar und Nachdenkseiten-Trier Nach dem\u00a0Niedergang der UdSSR war das westliche Modell von Demokratie und Marktwirtschaft zum beherrschenden System weltweit geworden. Viele Staaten jedoch\u2026","rel":"","context":"In &quot;Veranstaltungen in den DFV-Landesverb\u00e4nden&quot;","block_context":{"text":"Veranstaltungen in den DFV-Landesverb\u00e4nden","link":"https:\/\/www.freidenker.org\/?cat=19"},"img":{"alt_text":"","src":"https:\/\/i0.wp.com\/www.freidenker.org\/fw17\/wp-content\/uploads\/2019\/05\/pixabay_diskussion_800.jpg?fit=800%2C445&ssl=1&resize=350%2C200","width":350,"height":200,"srcset":"https:\/\/i0.wp.com\/www.freidenker.org\/fw17\/wp-content\/uploads\/2019\/05\/pixabay_diskussion_800.jpg?fit=800%2C445&ssl=1&resize=350%2C200 1x, https:\/\/i0.wp.com\/www.freidenker.org\/fw17\/wp-content\/uploads\/2019\/05\/pixabay_diskussion_800.jpg?fit=800%2C445&ssl=1&resize=525%2C300 1.5x, https:\/\/i0.wp.com\/www.freidenker.org\/fw17\/wp-content\/uploads\/2019\/05\/pixabay_diskussion_800.jpg?fit=800%2C445&ssl=1&resize=700%2C400 2x"},"classes":[]},{"id":3164,"url":"https:\/\/www.freidenker.org\/?p=3164","url_meta":{"origin":3162,"position":5},"title":"&#8222;Alle notwendigen Mittel\u201d","author":"Webredaktion","date":"4. April 2011","format":false,"excerpt":"Memorandum des Pr\u00e4sidenten der International Progress Organization, Prof. Dr. Hans K\u00f6chler Es ist offensichtlich, dass die \u00dcbertragung praktisch unbeschr\u00e4nkter Vollmachten an interessierte Parteien und regionale Gruppen \" wie seit den Golf- Kriegsbeschl\u00fcssen von 1990\/1991 \u00fcblich \" nicht nur mit der Charta der Vereinten Nationen sondern mit dem internationalen Recht an\u2026","rel":"","context":"In &quot;Frieden - Antifaschismus - Solidarit\u00e4t&quot;","block_context":{"text":"Frieden - Antifaschismus - Solidarit\u00e4t","link":"https:\/\/www.freidenker.org\/?cat=13"},"img":{"alt_text":"","src":"https:\/\/i0.wp.com\/www.freidenker.org\/fw17\/wp-content\/uploads\/2011\/04\/uno_libyen_800x445.jpg?fit=800%2C445&ssl=1&resize=350%2C200","width":350,"height":200,"srcset":"https:\/\/i0.wp.com\/www.freidenker.org\/fw17\/wp-content\/uploads\/2011\/04\/uno_libyen_800x445.jpg?fit=800%2C445&ssl=1&resize=350%2C200 1x, https:\/\/i0.wp.com\/www.freidenker.org\/fw17\/wp-content\/uploads\/2011\/04\/uno_libyen_800x445.jpg?fit=800%2C445&ssl=1&resize=525%2C300 1.5x, https:\/\/i0.wp.com\/www.freidenker.org\/fw17\/wp-content\/uploads\/2011\/04\/uno_libyen_800x445.jpg?fit=800%2C445&ssl=1&resize=700%2C400 2x"},"classes":[]}],"_links":{"self":[{"href":"https:\/\/www.freidenker.org\/index.php?rest_route=\/wp\/v2\/posts\/3162","targetHints":{"allow":["GET"]}}],"collection":[{"href":"https:\/\/www.freidenker.org\/index.php?rest_route=\/wp\/v2\/posts"}],"about":[{"href":"https:\/\/www.freidenker.org\/index.php?rest_route=\/wp\/v2\/types\/post"}],"author":[{"embeddable":true,"href":"https:\/\/www.freidenker.org\/index.php?rest_route=\/wp\/v2\/users\/3"}],"replies":[{"embeddable":true,"href":"https:\/\/www.freidenker.org\/index.php?rest_route=%2Fwp%2Fv2%2Fcomments&post=3162"}],"version-history":[{"count":0,"href":"https:\/\/www.freidenker.org\/index.php?rest_route=\/wp\/v2\/posts\/3162\/revisions"}],"wp:featuredmedia":[{"embeddable":true,"href":"https:\/\/www.freidenker.org\/index.php?rest_route=\/wp\/v2\/media\/3940"}],"wp:attachment":[{"href":"https:\/\/www.freidenker.org\/index.php?rest_route=%2Fwp%2Fv2%2Fmedia&parent=3162"}],"wp:term":[{"taxonomy":"category","embeddable":true,"href":"https:\/\/www.freidenker.org\/index.php?rest_route=%2Fwp%2Fv2%2Fcategories&post=3162"},{"taxonomy":"post_tag","embeddable":true,"href":"https:\/\/www.freidenker.org\/index.php?rest_route=%2Fwp%2Fv2%2Ftags&post=3162"}],"curies":[{"name":"wp","href":"https:\/\/api.w.org\/{rel}","templated":true}]}}