{"id":3160,"date":"2011-05-10T03:50:10","date_gmt":"2011-05-10T01:50:10","guid":{"rendered":"http:\/\/www.freidenker.org\/?p=3160"},"modified":"2018-02-18T19:48:52","modified_gmt":"2018-02-18T18:48:52","slug":"zur-ermordung-von-osama-bin-laden","status":"publish","type":"post","link":"https:\/\/www.freidenker.org\/?p=3160","title":{"rendered":"Zur Ermordung von Osama bin Laden"},"content":{"rendered":"<p>Kommentar von <em><strong>Elias Davidsson<\/strong><\/em><br \/>\n(3. Mai 2011)<\/p>\n<p>Nach Medienberichten wurde Osama bin Laden am 1. Mai 2011 ermordet, zusammen mit &#8222;anderen Familienmitgliedern&#8220;, deren Identit\u00e4t unbekannt ist. Der Pr\u00e4sident der Vereinigten Staaten von Amerika hat sich diesen Mord als Verdienst angerechnet. Mord ist jedoch in jedem rechtsstaatlichen System verboten. Er ist eine strafbare Handlung, nach dem Recht aller zivilisierten Staaten wie nach dem V\u00f6lkerrecht. Deshalb muss Pr\u00e4sident Obama als Auftraggeber wegen Mords angeklagt werden.<\/p>\n<p>1. Die Amerikaner haben die Ermordung bin Ladens gefeiert, so berichten es uns die Medien. CNN zufolge hat eine Menschenmenge &#8222;God Bless America&#8220; in der N\u00e4he von Ground Zero gesungen, und vor dem Wei\u00dfen Haus versammelte sich eine \u201ejubelnde\u201c Menschenmenge. Viele sangen angeblich die Nationalhymne, als ob der Mord ein patriotischer Akt w\u00e4re. Einen Mord zu feiern ist eine barbarische Praxis. Zivilisierte Menschen k\u00f6nnen niemals einen Mord billigen, geschweige denn verherrlichen.<\/p>\n<p>2. Osama bin Laden wurde wegen seiner angeblichen Verbindungen zu 9\/11 nie offiziell angeklagt. Kein US-Pr\u00e4sident hat ihm jemals die Verbrechen von 9\/11 direkt zur Last gelegt. Im M\u00e4rz 2002 erkl\u00e4rte Pr\u00e4sident George W. Bush auf einer Pressekonferenz, dass er sich keine Sorgen mehr \u00fcber das Schicksal oder den Verbleib von Osama bin Laden mache [1]. Sagte er die Unwahrheit, oder war bin Laden zu diesem Zeitpunkt bereits tot, wie in pakistanischen Medien berichtet wurde [2]? Als der amerikanische Journalist Ed Haas 2006 entdeckte, dass der Steckbrief des FBI \u00fcber bin Laden die Anschl\u00e4ge von 9\/11 gar nicht erw\u00e4hnt, wunderte er sich, dass der Sprecher des FBI Rex Tomb ihm zur Antwort gab, die Beh\u00f6rde habe keine \u201ekonkrete Beweise\u201c f\u00fcr die Teilnahme Osamas an den Anschl\u00e4gen [3]. Diese Antwort h\u00e4tte normalerweise weltweit f\u00fcr Schlagzeilen sorgen m\u00fcssen. Aber sie h\u00e4tte damit das Konstrukt des islamistischen Terrorismus beeintr\u00e4chtigt. Das durfte nicht sein. Also wurde die Nachricht verschwiegen. Bei genauem Studium von Obamas Erkl\u00e4rung zur Ermordung von Osama bin Laden f\u00e4llt jedoch auf, dass er ihn nicht direkt mit den Anschl\u00e4gen von 9\/11 in Verbindung bringt, sondern sie blo\u00df unterstellt.<\/p>\n<p>3. Auch mutma\u00dfliche Straft\u00e4ter haben Anspruch auf ein ordentliches Gerichtsverfahren. In L\u00e4ndern, in denen noch die Todesstrafe praktiziert wird wie in den USA, k\u00f6nnen sie zum Tode verurteilt werden, wenn sie schwerste Verbrechen begangen haben und ihre Schuld durch ein unabh\u00e4ngiges Gericht festgestellt wurde. Osama bin Laden wurden zwar viele Verbrechen unterstellt. Er wurde aber niemals wegen T\u00e4terschaft oder Beihilfe zum Massenmord von 9\/11 angeklagt. Er wurde weithin verd\u00e4chtigt, ein muslimischer Extremist zu sein. War er es? Dient der Vorwurf dem Ziel, den Islam zu schm\u00e4hen? In wessen Interesse ist es, den Islam zu diskreditieren?<\/p>\n<p>4. Wir k\u00f6nnen nicht sicher sein, dass es Osama bin Laden war, der bei dem \u00dcberfall in Abbottabad get\u00f6tet wurde. Der \u00d6ffentlichkeit fehlt der Beweis seiner Identit\u00e4t. Seine Leiche soll ins Meer geworfen worden sein, vorgeblich zur Beachtung islamischer Traditionen. Werfen Muslime die Leichen ihrer Toten ins Meer?<\/p>\n<p>Andere Stimmen behaupten, durch die Versenkung im Meer h\u00e4tten die USA verhindern wollen, dass sein Grab zu einer Art Pilgerst\u00e4tte w\u00fcrde. Die rasche Beseitigung der Leiche kann noch andere Motive haben. War das Opfer verst\u00fcmmelt, und sollte die \u00d6ffentlichkeit das nicht erfahren? War der Ermordete \u00fcberhaupt Osama bin Laden? Sicher bedeutet seine Beseitigung f\u00fcr die Auftraggeber des Mordes eine Erleichterung: Nun wird Osama nicht mehr \u00fcber seine Beziehungen zur CIA aussagen k\u00f6nnen [4].<\/p>\n<p>5. Das Stillschweigen um die Identit\u00e4t der &#8222;anderen Familienmitglieder&#8220;, die ebenfalls ermordet wurden, zeigt die geringe Achtung der US-Regierung gegen\u00fcber Menschenleben. Auch wenn ihr Tod nicht direkt beabsichtigt war, wurde er doch billigend in Kauf genommen. Diese T\u00f6tung gilt nach b\u00fcrgerlichem Recht als Totschlag, wenn nicht gar Mord, f\u00fcr den Pr\u00e4sident Barack Obama zur Rechenschaft gezogen werden m\u00fcsste.<\/p>\n<p>6. Die Gl\u00fcckwunschadressen aus aller Welt sind absto\u00dfend. Ein Staats- oder Regierungschef, der seine Zufriedenheit \u00fcber diesen offen erkennbaren Mord zum Ausdruck bringt, verliert seine moralische Legitimation. In der ganzen Welt sollten sich anst\u00e4ndige Menschen f\u00fcr die Entfernung solchen Politiker aus ihren \u00f6ffentlichen \u00c4mtern einsetzen.<\/p>\n<p>7. Der 10. Jahrestag des Massenmordes von 9\/11 r\u00fcckt n\u00e4her. Die Ermordung einer Person, die angeblich Osama bin Laden ist, soll die L\u00fcge st\u00fctzen, dass Muslime dieses Massaker begangen haben [5]. Das wird nicht gelingen. Diese Episode des B\u00f6sen wurde minuti\u00f6s dokumentiert, und die Gerechtigkeit wird sich am Ende durchsetzen.<\/p>\n<p>Die M\u00f6rder von Osama bin Laden m\u00fcssen zur Rechenschaft gezogen und bestraft werden. Solche Taten d\u00fcrfen sich nicht wiederholen.<\/p>\n<p>ENDE<\/p>\n<p>[1]<a href=\"http:\/\/www.presidency.ucsb.edu\/ws\/index.php?pid=65091#axzz1LJzqsQXE\" target=\"_blank\" rel=\"noopener\">\u00a0President&#8217;s News Conference, March 13, 2002<\/a><\/p>\n<p>[2]\u00a0<a href=\"http:\/\/www.foxnews.com\/story\/0,2933,41576,00.html\" target=\"_blank\" rel=\"noopener\">Report: Bin Laden Already Dead, Fox News, December 26, 2001<\/a><\/p>\n<p>[3]\u00a0<a href=\"http:\/\/www.informationclearinghouse.info\/article13664.htm\" target=\"_blank\" rel=\"noopener\">Ed Haas, FBI says, it has &#8222;No hard evidence connecting Bin Laden to 9\/11&#8220;, June 18, 2006<\/a><\/p>\n<p>[4]\u00a0<a href=\"http:\/\/www.guardian.co.uk\/world\/2001\/nov\/01\/afghanistan.terrorism\" target=\"_blank\" rel=\"noopener\">Anthony Sampson, CIA agent alleged to have met Bin Laden in July [2001], The Guardian, November 1, 2001<\/a><\/p>\n<p>[5]<a href=\"http:\/\/www.steinbergrecherche.com\/09motassadeq.htm\" target=\"_blank\" rel=\"noopener\">\u00a0Elias Davidsson, Es gibt keine Beweise daf\u00fcr, dass Muslime am 11. September 2001 Flugzeuge entf\u00fchrten<\/a><\/p>\n<p>Quelle:\u00a0\u00a0 <a href=\"http:\/\/www.juscogens.org\/german\/index.php\" target=\"_blank\" rel=\"noopener\">http:\/\/www.juscogens.org\/german\/index.php\u00a0 \u00a0<\/a><\/p>\n<hr \/>\n<p>Bild: rlx (unter Verwendung von By Sajjad Ali Qureshi (Flickr) [CC BY 2.0 (http:\/\/creativecommons.org\/licenses\/by\/2.0)], via Wikimedia Commons, Quelle: https:\/\/commons.wikimedia.org\/wiki\/File:Osama_bin_Laden_compound2.jpg und https:\/\/pixabay.com\/de\/osama-bin-laden-al-qaida-taliban-304048\/)<\/p>\n","protected":false},"excerpt":{"rendered":"<p><strong>Kommentar von Elias Davidsson<\/strong><br \/>\nNach Medienberichten wurde Osama bin Laden am 1. Mai 2011 ermordet, zusammen mit &#8222;anderen Familienmitgliedern&#8220;, deren Identit\u00e4t unbekannt ist. Der Pr\u00e4sident der Vereinigten Staaten von Amerika hat sich diesen Mord als Verdienst angerechnet. Mord ist jedoch in jedem rechtsstaatlichen System verboten. Er ist eine strafbare Handlung, nach dem Recht aller zivilisierten Staaten wie nach dem V\u00f6lkerrecht. Deshalb muss Pr\u00e4sident Obama als Auftraggeber wegen Mords angeklagt werden.<\/p>\n","protected":false},"author":3,"featured_media":3936,"comment_status":"closed","ping_status":"closed","sticky":false,"template":"","format":"standard","meta":{"colormag_page_container_layout":"default_layout","colormag_page_sidebar_layout":"default_layout","advanced_seo_description":"","jetpack_seo_html_title":"","jetpack_seo_noindex":false,"jetpack_post_was_ever_published":false,"footnotes":""},"categories":[12],"tags":[414,792,791,794,351],"class_list":["post-3160","post","type-post","status-publish","format-standard","has-post-thumbnail","hentry","category-demokratie-medien-aufklaerung","tag-414","tag-barack-obama","tag-osama-bin-laden","tag-rechtsstaatlichkeit","tag-terrorismus"],"jetpack_featured_media_url":"https:\/\/i0.wp.com\/www.freidenker.org\/fw17\/wp-content\/uploads\/2011\/05\/Osama_bin_Laden_coll_800x445.jpg?fit=800%2C445&ssl=1","jetpack_shortlink":"https:\/\/wp.me\/p9stpK-OY","jetpack-related-posts":[{"id":9492,"url":"https:\/\/www.freidenker.org\/?p=9492","url_meta":{"origin":3160,"position":0},"title":"CIA-Impfprogramm: Verschw\u00f6rungsfakt oder Fake News mit t\u00f6dlichen Folgen?","author":"Webredaktion","date":"4. Februar 2021","format":false,"excerpt":"Beitrag von Rainer Rupp Was hat eine geheime CIA-Polio-Impfkampagne damit zu tun, dass Pakistan und Afghanistan die einzigen L\u00e4nder sind, in denen die ber\u00fcchtigte \"Kinderl\u00e4hmung\" bis heute noch nicht ausgerottet ist? Und warum werden dort bis heute Impf-Teams mit Waffengewalt verjagt oder ermordet? Vor allem in den Stammesregionen Pakistans herrscht\u2026","rel":"","context":"In &quot;Demokratie \u2013 Medien \u2013 Aufkl\u00e4rung&quot;","block_context":{"text":"Demokratie \u2013 Medien \u2013 Aufkl\u00e4rung","link":"https:\/\/www.freidenker.org\/?cat=12"},"img":{"alt_text":"","src":"https:\/\/i0.wp.com\/www.freidenker.org\/fw17\/wp-content\/uploads\/2021\/02\/Vaccination-polio-india_800x450.jpg?fit=800%2C450&ssl=1&resize=350%2C200","width":350,"height":200,"srcset":"https:\/\/i0.wp.com\/www.freidenker.org\/fw17\/wp-content\/uploads\/2021\/02\/Vaccination-polio-india_800x450.jpg?fit=800%2C450&ssl=1&resize=350%2C200 1x, https:\/\/i0.wp.com\/www.freidenker.org\/fw17\/wp-content\/uploads\/2021\/02\/Vaccination-polio-india_800x450.jpg?fit=800%2C450&ssl=1&resize=525%2C300 1.5x, https:\/\/i0.wp.com\/www.freidenker.org\/fw17\/wp-content\/uploads\/2021\/02\/Vaccination-polio-india_800x450.jpg?fit=800%2C450&ssl=1&resize=700%2C400 2x"},"classes":[]},{"id":11194,"url":"https:\/\/www.freidenker.org\/?p=11194","url_meta":{"origin":3160,"position":1},"title":"Afghanistan jenseits von 9\/11","author":"Webredaktion","date":"12. September 2021","format":false,"excerpt":"Beitrag von Dr. Sabine Schiffer Zwei Tage vor dem 11. September, am 9.9.2001, starb der aussichtsreichste Kandidat auf das Pr\u00e4sidentenamt in einem geeinten Afghanistan, Ahmad Schah Massoud, der L\u00f6we des Pandschschir, F\u00fchrer der Nordallianz. Fatal, wie die falschen Reaktionen auf 9\/11 sich als fatal erwiesen, war es, dieses Faktum zu\u2026","rel":"","context":"In &quot;Demokratie \u2013 Medien \u2013 Aufkl\u00e4rung&quot;","block_context":{"text":"Demokratie \u2013 Medien \u2013 Aufkl\u00e4rung","link":"https:\/\/www.freidenker.org\/?cat=12"},"img":{"alt_text":"","src":"https:\/\/i0.wp.com\/www.freidenker.org\/fw17\/wp-content\/uploads\/2021\/09\/Massoud_the_cult_800x450.jpg?fit=800%2C450&ssl=1&resize=350%2C200","width":350,"height":200,"srcset":"https:\/\/i0.wp.com\/www.freidenker.org\/fw17\/wp-content\/uploads\/2021\/09\/Massoud_the_cult_800x450.jpg?fit=800%2C450&ssl=1&resize=350%2C200 1x, https:\/\/i0.wp.com\/www.freidenker.org\/fw17\/wp-content\/uploads\/2021\/09\/Massoud_the_cult_800x450.jpg?fit=800%2C450&ssl=1&resize=525%2C300 1.5x, https:\/\/i0.wp.com\/www.freidenker.org\/fw17\/wp-content\/uploads\/2021\/09\/Massoud_the_cult_800x450.jpg?fit=800%2C450&ssl=1&resize=700%2C400 2x"},"classes":[]},{"id":17370,"url":"https:\/\/www.freidenker.org\/?p=17370","url_meta":{"origin":3160,"position":2},"title":"Panik im Wei\u00dfen Haus?","author":"Webredaktion","date":"30. Oktober 2023","format":false,"excerpt":"\u00a0\u2013 geplagt von \"epischen Sorgen und historischer Gefahr\" Beitrag von Dagmar Henn Es ist im Grunde schon seit Monaten die zentrale Frage, die alle Beobachter au\u00dferhalb des Westens umtreibt: Gibt es irgendjemanden im Regierungsapparat der Vereinigten Staaten, der die kontinuierliche Eskalation anh\u00e4lt? Die Informationsquellen, die man finden kann, um einen\u2026","rel":"","context":"In &quot;Demokratie \u2013 Medien \u2013 Aufkl\u00e4rung&quot;","block_context":{"text":"Demokratie \u2013 Medien \u2013 Aufkl\u00e4rung","link":"https:\/\/www.freidenker.org\/?cat=12"},"img":{"alt_text":"","src":"https:\/\/i0.wp.com\/www.freidenker.org\/fw17\/wp-content\/uploads\/2023\/10\/White_House_Party_5-1-2011_5680869878_800x450.jpg?fit=800%2C450&ssl=1&resize=350%2C200","width":350,"height":200,"srcset":"https:\/\/i0.wp.com\/www.freidenker.org\/fw17\/wp-content\/uploads\/2023\/10\/White_House_Party_5-1-2011_5680869878_800x450.jpg?fit=800%2C450&ssl=1&resize=350%2C200 1x, https:\/\/i0.wp.com\/www.freidenker.org\/fw17\/wp-content\/uploads\/2023\/10\/White_House_Party_5-1-2011_5680869878_800x450.jpg?fit=800%2C450&ssl=1&resize=525%2C300 1.5x, https:\/\/i0.wp.com\/www.freidenker.org\/fw17\/wp-content\/uploads\/2023\/10\/White_House_Party_5-1-2011_5680869878_800x450.jpg?fit=800%2C450&ssl=1&resize=700%2C400 2x"},"classes":[]},{"id":22894,"url":"https:\/\/www.freidenker.org\/?p=22894","url_meta":{"origin":3160,"position":3},"title":"Causa Charlie Kirk und deutsche Medien \u2012 &#8222;Gute&#8220; Einsch\u00e4tzungen und &#8222;negative Polarisierungen&#8220;","author":"Webredaktion","date":"20. September 2025","format":false,"excerpt":"Beitrag von Bernhard Loyen Die Ermordung des US-Aktivisten Charlie Kirk, enger Vertrauter und einflussreicher Unterst\u00fctzer von US-Pr\u00e4sident Donald Trump, liefert in den Reaktionen\u00a0\u2012 wenig \u00fcberraschend \u2012 eine erneute umgehende Spiegelung der deutschen Gesellschaft. Dies bezieht sich speziell auf die seit 2020 forcierten K\u00e4mpfe um Deutungshoheit, Reflexion und Provokation, Gut und\u2026","rel":"","context":"In &quot;Demokratie \u2013 Medien \u2013 Aufkl\u00e4rung&quot;","block_context":{"text":"Demokratie \u2013 Medien \u2013 Aufkl\u00e4rung","link":"https:\/\/www.freidenker.org\/?cat=12"},"img":{"alt_text":"","src":"https:\/\/i0.wp.com\/www.freidenker.org\/fw17\/wp-content\/uploads\/2025\/09\/Charlie_Kirk_54506777721_800x450.jpg?fit=800%2C450&ssl=1&resize=350%2C200","width":350,"height":200,"srcset":"https:\/\/i0.wp.com\/www.freidenker.org\/fw17\/wp-content\/uploads\/2025\/09\/Charlie_Kirk_54506777721_800x450.jpg?fit=800%2C450&ssl=1&resize=350%2C200 1x, https:\/\/i0.wp.com\/www.freidenker.org\/fw17\/wp-content\/uploads\/2025\/09\/Charlie_Kirk_54506777721_800x450.jpg?fit=800%2C450&ssl=1&resize=525%2C300 1.5x, https:\/\/i0.wp.com\/www.freidenker.org\/fw17\/wp-content\/uploads\/2025\/09\/Charlie_Kirk_54506777721_800x450.jpg?fit=800%2C450&ssl=1&resize=700%2C400 2x"},"classes":[]},{"id":8445,"url":"https:\/\/www.freidenker.org\/?p=8445","url_meta":{"origin":3160,"position":4},"title":"Eine Farbenrevolution in den USA?","author":"Webredaktion","date":"20. Juli 2020","format":false,"excerpt":"Ein Kommentar von Rainer Rupp Wird dem US-Oligarchenregime in Washington jetzt seine eigene Medizin serviert, mit der es in den letzten Jahrzehnten rund um den Globus Regierungen gest\u00fcrzt hat, die sich seiner neoliberalen Weltordnung nicht unterordnen wollten? Auf den ersten Blick sieht es tats\u00e4chlich so aus, als ob sich in\u2026","rel":"","context":"In &quot;Demokratie \u2013 Medien \u2013 Aufkl\u00e4rung&quot;","block_context":{"text":"Demokratie \u2013 Medien \u2013 Aufkl\u00e4rung","link":"https:\/\/www.freidenker.org\/?cat=12"},"img":{"alt_text":"","src":"https:\/\/i0.wp.com\/www.freidenker.org\/fw17\/wp-content\/uploads\/2020\/07\/Minneapolis_2020_800x450.jpg?fit=800%2C450&ssl=1&resize=350%2C200","width":350,"height":200,"srcset":"https:\/\/i0.wp.com\/www.freidenker.org\/fw17\/wp-content\/uploads\/2020\/07\/Minneapolis_2020_800x450.jpg?fit=800%2C450&ssl=1&resize=350%2C200 1x, https:\/\/i0.wp.com\/www.freidenker.org\/fw17\/wp-content\/uploads\/2020\/07\/Minneapolis_2020_800x450.jpg?fit=800%2C450&ssl=1&resize=525%2C300 1.5x, https:\/\/i0.wp.com\/www.freidenker.org\/fw17\/wp-content\/uploads\/2020\/07\/Minneapolis_2020_800x450.jpg?fit=800%2C450&ssl=1&resize=700%2C400 2x"},"classes":[]},{"id":23296,"url":"https:\/\/www.freidenker.org\/?p=23296","url_meta":{"origin":3160,"position":5},"title":"Trump gesteht &#8211; Ich geh\u00f6re der reichsten Zionistin der Welt","author":"Webredaktion","date":"23. Oktober 2025","format":false,"excerpt":"Kommentar von\u00a0Rainer Rupp Es ist mehr als ein Witz, wie wenig Aufmerksamkeit die Mainstream-Medien dem Fakt schenken, dass der Pr\u00e4sident der Vereinigten Staaten wieder und wieder \u00f6ffentlich zugibt, von der reichsten Israelin der Welt gekauft worden zu sein. Das ist besonders ironisch, wenn man bedenkt, wie besessen seine politischen Gegner\u2026","rel":"","context":"In &quot;Demokratie \u2013 Medien \u2013 Aufkl\u00e4rung&quot;","block_context":{"text":"Demokratie \u2013 Medien \u2013 Aufkl\u00e4rung","link":"https:\/\/www.freidenker.org\/?cat=12"},"img":{"alt_text":"","src":"https:\/\/i0.wp.com\/www.freidenker.org\/fw17\/wp-content\/uploads\/2025\/10\/Adelson_und_Trump_800x450.jpg?fit=800%2C450&ssl=1&resize=350%2C200","width":350,"height":200,"srcset":"https:\/\/i0.wp.com\/www.freidenker.org\/fw17\/wp-content\/uploads\/2025\/10\/Adelson_und_Trump_800x450.jpg?fit=800%2C450&ssl=1&resize=350%2C200 1x, https:\/\/i0.wp.com\/www.freidenker.org\/fw17\/wp-content\/uploads\/2025\/10\/Adelson_und_Trump_800x450.jpg?fit=800%2C450&ssl=1&resize=525%2C300 1.5x, https:\/\/i0.wp.com\/www.freidenker.org\/fw17\/wp-content\/uploads\/2025\/10\/Adelson_und_Trump_800x450.jpg?fit=800%2C450&ssl=1&resize=700%2C400 2x"},"classes":[]}],"_links":{"self":[{"href":"https:\/\/www.freidenker.org\/index.php?rest_route=\/wp\/v2\/posts\/3160","targetHints":{"allow":["GET"]}}],"collection":[{"href":"https:\/\/www.freidenker.org\/index.php?rest_route=\/wp\/v2\/posts"}],"about":[{"href":"https:\/\/www.freidenker.org\/index.php?rest_route=\/wp\/v2\/types\/post"}],"author":[{"embeddable":true,"href":"https:\/\/www.freidenker.org\/index.php?rest_route=\/wp\/v2\/users\/3"}],"replies":[{"embeddable":true,"href":"https:\/\/www.freidenker.org\/index.php?rest_route=%2Fwp%2Fv2%2Fcomments&post=3160"}],"version-history":[{"count":0,"href":"https:\/\/www.freidenker.org\/index.php?rest_route=\/wp\/v2\/posts\/3160\/revisions"}],"wp:featuredmedia":[{"embeddable":true,"href":"https:\/\/www.freidenker.org\/index.php?rest_route=\/wp\/v2\/media\/3936"}],"wp:attachment":[{"href":"https:\/\/www.freidenker.org\/index.php?rest_route=%2Fwp%2Fv2%2Fmedia&parent=3160"}],"wp:term":[{"taxonomy":"category","embeddable":true,"href":"https:\/\/www.freidenker.org\/index.php?rest_route=%2Fwp%2Fv2%2Fcategories&post=3160"},{"taxonomy":"post_tag","embeddable":true,"href":"https:\/\/www.freidenker.org\/index.php?rest_route=%2Fwp%2Fv2%2Ftags&post=3160"}],"curies":[{"name":"wp","href":"https:\/\/api.w.org\/{rel}","templated":true}]}}