{"id":316,"date":"2010-09-17T16:06:01","date_gmt":"2010-09-17T14:06:01","guid":{"rendered":"http:\/\/www.freidenker.org\/fw17\/?p=316"},"modified":"2017-12-27T23:25:21","modified_gmt":"2017-12-27T22:25:21","slug":"kinderarmut-in-der-brd-und-weltweit","status":"publish","type":"post","link":"https:\/\/www.freidenker.org\/?p=316","title":{"rendered":"Kinderarmut in der BRD und weltweit"},"content":{"rendered":"<p>Aus: <a href=\"https:\/\/www.freidenker.org\/?p=728\">&#8222;Freidenker&#8220; Nr. 3-10 September 2010<\/a>, S. 9-13, 69. Jahrgang<\/p>\n<p><strong><em>Von Elke Zwinge-Makamizile<\/em><\/strong><\/p>\n<p>Ankn\u00fcpfend an den ausf\u00fchrlichen Text \u00fcber <a href=\"https:\/\/www.freidenker.org\/?p=312\" target=\"_blank\" rel=\"noopener\">Kinderrechte<\/a> von Thomas Mohrs m\u00f6chte ich besonders auf die v\u00f6lkerrechtlichen Grundlagen betreffend der Situation von Kindern verweisen, weil sich genau hierin ein Problembewusstsein \u00fcber die weltweite dramatische Lage der Kinder widerspiegelt.<br \/>\nDabei nimmt die Pr\u00e4ambel der Kinderrechtskonvention von 1989 Bezug auf die bereits existierenden Menschenrechtskonventionen und UNO-Pakte, die wiederum Ergebnis von langj\u00e4hrigen Befreiungs- und sozialen K\u00e4mpfen sind und die aus den Lehren der beiden Weltkriege entstanden sind.<br \/>\nIn der Pr\u00e4ambel hei\u00dft es: \u201e\u2026in der Erw\u00e4gung, dass das Kind im Geist der in der Charta der Vereinten Nationen verk\u00fcndeten Ideale und insbesondere im Geist des Friedens, der W\u00fcrde, der Toleranz, der Freiheit, der Gleichheit und der Solidarit\u00e4t erzogen werden sollte, \u2026dass in der Genfer Erkl\u00e4rung von 1924 \u00fcber die Rechte des Kindes und in der 1959 angenommenen Erkl\u00e4rung zu den Rechten des Kindes und in der Allgemeinen Erkl\u00e4rung der Menschenrechte, im Internationalen Pakt \u00fcber b\u00fcrgerliche und politische Rechte (Zivilpakt von 1966) , im Internationalen Pakt \u00fcber wirtschaftliche, soziale und kulturelle Rechte (Sozial-pakt 1966) \u2026 anerkannt worden ist, &#8230; unter geb\u00fchrender Beachtung der Bedeutung der Traditionen und kulturellen Werte jedes Volkes f\u00fcr den Schutz und die harmonische Entwicklung des Kindes, in Anerkennung der Bedeutung der internationalen Zusammenarbeit f\u00fcr die Verbesserung der Lebensbedingungen der Kinder in allen L\u00e4ndern, insbesondere den Entwicklungsl\u00e4nder, haben die Vertragsstaaten folgendes vereinbart\u2026\u201c Es folgen 54 Artikel.<br \/>\nMit der Kinderrechtskonvention wurde erstmalig \u00fcber die UNO die Situation der Kinder weltweit in den Focus genommen. Als zu l\u00f6sende Probleme wurden benannt: Kinderarmut, Kinderarbeit, mangelnde Gesundheits- und Bildungsangebote, Fl\u00fcchtlingskinder, willk\u00fcrlich inhaftierte Kinder, Kindersoldaten und Kinderprostitution.<br \/>\nEs muss uns bewusst sein, dass die meisten der genannten Missst\u00e4nde ein Resultat von Armut und Krieg sind und deshalb auch haupts\u00e4chlich in den Entwicklungsl\u00e4ndern anzutreffen sind, aber eben nicht nur dort.<br \/>\nDie Kinderarmut ist nicht zu trennen von der Armut der Eltern, Familienangeh\u00f6rigen und deren sozialer Schicht. Es ist kein individuelles, sondern ein gesellschaftliches Problem, das im globalen Zusammenhang betrachtet werden muss. Zudem gibt es mehr Kinder in Armut als Erwachsene.<br \/>\nJean Ziegler kommt in Hinblick auf den globalen Kontext zu dem radikalen Schluss: \u201eEin Kind, das an Hunger stirbt, wird ermordet.\u201c Als UN-Sonderberichterstatter f\u00fcr das Recht auf Nahrung benannte er die Haupt-Schuldigen f\u00fcr den skandal\u00f6sen Zustand, dass alle 5 Sekunden ein Kind unter 10 Jahren an Hunger stirbt. Zieglers Einsch\u00e4tzung nach sind Einrichtungen wie der Weltw\u00e4hrungsfond und die Weltbank (bei-de schizophrenerweise Einrichtungen der UNO) sowie die Welthandelsorganisation, insbesondere aber die neoliberale Ausrichtung der USA und die m\u00f6rderische EU-Agrarpolitik die eigentlichen Verursacher dieser menschlichen Katastrophe.<br \/>\nLaut Angabe des Weltern\u00e4hrungsberichts k\u00f6nnten n\u00e4mlich problemlos 12 Milliarden Menschen ern\u00e4hrt werden \u2013 allerdings, so Jean Ziegler und andere \u2013 dies nur bei einer anderen Weltordnung. Die neoliberale Welt-ordnung hat die Probleme nicht zur\u00fcckgefahren, im Gegenteil: Hunger, die Epidemien und die Zerst\u00f6rung der Menschen durch extreme Armut sind in den letzten Jahren angestiegen.<\/p>\n<p><strong>Die Lage der Kinder als besonders verletzbarer Teil der Gesellschaft<\/strong><\/p>\n<p>UNICEF beklagt, dass die Lage der Kinder keine Verbesserung, sondern eine Abw\u00e4rts-Tendenz aufweist, auch wenn diese in den einzelnen L\u00e4ndern graduell unterschiedlich ist. Aus der Studie von UNICEF Child Poverty in Rich Countries 2005 geht hervor, dass die Kinderarmut in 17 von 24 OECD-Staaten seit 1990 angestiegen ist und dass sich die Situation von Kindern in den meisten der untersuchten L\u00e4nder verschlechtert hat. So waren 2005 in D\u00e4nemark und Finnland die geringsten Prozents\u00e4tze an Kinderarmut (3 % und 3,5 %) und in den USA und Mexiko die h\u00f6chsten (21 % und 27 %).<\/p>\n<p>Deutschland steht mit 10,2 Prozent Kinderarmut an 12. Stelle der internationalen Vergleichsstudie von UNICEF. Seit 1990 ist die relative Kinderarmut in Deutschland mit 2,7 Prozent st\u00e4rker gestiegen als in den meisten anderen Industrienationen. 1,5 Millionen Kinder und Jugendliche unter 18 Jahren wachsen hier in relativer Armut auf. In Westdeutschland hat sich die Kinderarmut seit 1989 mehr als verdoppelt: von 4,5 Prozent auf 9,8 Prozent im Jahr 2001. In Ostdeutschland ist der Anteil armer Kinder seit 1991 von 8,3 auf 12,6 Prozent gestiegen.<br \/>\nDie Artikel von Edith Ockel und Heidrun Kahl f\u00fchren zu dem Schluss, dass das Ma\u00df der Verschlechterungen in Ostdeutschland noch viel brisanter ist, wenn man den Zeit-raum vor 1989 hinzu nimmt.<br \/>\nEine Langzeit-Studie der Arbeiterwohlfahrt von 1998 bis 2008 bezieht sich auf die kindspezifischen Dimensionen von Armut wie materielle Armut; Bildungsbenachteiligung; geistige und kulturelle Armut; soziale Armut; fehlende Werte; seelische, emotionale und psychische Armut; Vernachl\u00e4ssigung, falsche Versorgung und ausl\u00e4nderspezifische Benachteiligung.<br \/>\nDie Studie weist u.a. unterschiedliche Lebensbedingungen f\u00fcr Kinder nach Migrationshintergrund und Geschlecht nach und stellt gesellschaftlichen und politischen Handlungsbedarf fest.<br \/>\nDie UNICEF-Teilstudie zu Deutschland \u201eA Portrait of Child Poverty in Germany\u201c betont die Rolle des Steuer- und Sozialsystem zur Verringerung des Risikos von Armut bei Kindern.<br \/>\nAuch der Kinderreport Deutschland des Deutschen Kinderhilfswerks sieht das deutsche Steuer- und Sozialrecht als entscheidenden Grund f\u00fcr die Entwicklung der Kinderarmut.<br \/>\nDer radikale Abbau von Sozialleistungen einerseits und Steuererleichterungen f\u00fcr die Reichen andererseits tr\u00e4gt eine gro\u00dfe Verantwortung f\u00fcr die hohe Kinderarmut. Inzwischen gibt es einen Wettlauf um die niedrigsten Unternehmenssteuern, Sozialleistungen und L\u00f6hne in praktisch allen Staaten der Welt.<\/p>\n<p><strong>Kinder sind die gro\u00dfen Verlierer<\/strong><\/p>\n<figure id=\"attachment_317\" aria-describedby=\"caption-attachment-317\" style=\"width: 598px\" class=\"wp-caption alignleft\"><img data-recalc-dims=\"1\" loading=\"lazy\" decoding=\"async\" data-attachment-id=\"317\" data-permalink=\"https:\/\/www.freidenker.org\/?attachment_id=317\" data-orig-file=\"https:\/\/i0.wp.com\/www.freidenker.org\/fw17\/wp-content\/uploads\/2016\/07\/kinder-armut.jpg?fit=800%2C445&amp;ssl=1\" data-orig-size=\"800,445\" data-comments-opened=\"0\" data-image-meta=\"{&quot;aperture&quot;:&quot;0&quot;,&quot;credit&quot;:&quot;&quot;,&quot;camera&quot;:&quot;&quot;,&quot;caption&quot;:&quot;&quot;,&quot;created_timestamp&quot;:&quot;0&quot;,&quot;copyright&quot;:&quot;&quot;,&quot;focal_length&quot;:&quot;0&quot;,&quot;iso&quot;:&quot;0&quot;,&quot;shutter_speed&quot;:&quot;0&quot;,&quot;title&quot;:&quot;&quot;,&quot;orientation&quot;:&quot;0&quot;}\" data-image-title=\"kinder-armut\" data-image-description=\"&lt;p&gt;Bild:https:\/\/pixabay.com\/de\/users\/tasarimci06 \/ m\u00fcjgan g\u00fcl&lt;\/p&gt;\n\" data-image-caption=\"&lt;p&gt;Bild:https:\/\/pixabay.com\/de\/users\/tasarimci06 \/ m\u00fcjgan g\u00fcl&lt;\/p&gt;\n\" data-large-file=\"https:\/\/i0.wp.com\/www.freidenker.org\/fw17\/wp-content\/uploads\/2016\/07\/kinder-armut.jpg?fit=800%2C445&amp;ssl=1\" class=\" wp-image-317\" src=\"https:\/\/i0.wp.com\/www.freidenker.org\/fw17\/wp-content\/uploads\/2016\/07\/kinder-armut.jpg?resize=598%2C304&#038;ssl=1\" alt=\"Bild:https:\/\/pixabay.com\/de\/users\/tasarimci06 \/ m\u00fcjgan g\u00fcl\" width=\"598\" height=\"304\" \/><figcaption id=\"caption-attachment-317\" class=\"wp-caption-text\">Bild:https:\/\/pixabay.com\/de\/users\/tasarimci06 \/ m\u00fcjgan g\u00fcl<\/figcaption><\/figure>\n<p>Kinder sind die gro\u00dfen Verlierer der globalen Krise und es ist zu bef\u00fcrchten, dass Ausbeutung, Hunger, Kinder- und M\u00fcttersterblichkeit drastisch zunehmen. Die Finanz- und Wirtschaftskrise, die laut Aussagen der Weltbank 100 Millionen Menschen mehr in die Armut getrieben hat, ist ein weiterer R\u00fcckschlag. Steuergelder flie\u00dfen in die Kan\u00e4le der Banken und immer weniger in die Entwicklungshilfe. Die weltweiten R\u00fcstungsausgaben von 1 Billion Dollar dienen der potentiellen und realen Vernichtung von Leben und Lebensgrundlagen, aber nicht der Beseitigung von Armut und Elend.<br \/>\nWeltweit gibt es Organisationen wie UNICEF (Kinderhilfswerk der Vereinten Nationen) und viele NGOs (Nichtregierungsorganisationen), die als Teile der verantwortungsvollen Zivilgesellschaft humanit\u00e4re Katastrophen zu mildern versuchen. Eigentlich w\u00e4re dies Aufgabe eines sozial ausgerichteten Staates. Zu fragen ist deshalb, was tut der Staat, welche politischen Ma\u00dfnahmen ergreift er, um den ratifizierten \u00dcbereinkommen Gen\u00fcge zu tun? Werden die UNO-Konventionen und \u00dcbereinkommen in der Tendenz befolgt oder sind sie Makulatur?<br \/>\nDie UNO-Menschenrechtskonventionen und das V\u00f6lkerrecht dr\u00fccken immerhin das humane Gewissen der Welt aus und sind moralisch und rechtlich die weit entwickeltste Grundlage unseres gemeinsamen Lebens auf unserem Planeten.<br \/>\nGrunds\u00e4tzlich stellt sich deshalb die Frage nach der Einhaltung von ratifizierten internationalen Rechtsgrundlagen, denn \u201eder moralische Fortschritt bemisst sich nicht an Worten, sondern an Taten.\u201c (Norberto Bobbio)<\/p>\n<p>Die Nachkriegsgeschichte, nach Schaffung der UNO 1945, zeigt, dass die westlichen Staaten trotz Unterzeichnung der UNO-Charta weiterhin Kolonialm\u00e4chte bis in die 60-er Jahre blieben, Aggressionskriege f\u00fchrten und f\u00fchren wie den Vietnamkrieg, NATO-Kriege gegen Jugoslawien, Irak und Afghanistan, Israels Krieg in Libanon und in Gaza, \u00fcber 100 Interventionen der USA in Lateinamerika.<br \/>\nDie weltweiten Probleme durch Armut und Krieg sind aber derart brisant (wie auch die Zerst\u00f6rung unserer Umwelt), dass sie mehr oder weniger das Gewissen der Menschen ber\u00fchren und immer wieder internationale Richtlinien und Abkommen ausgehandelt werden, um diese humane Schande (von der eingangs bei Jean Ziegler die Rede war) anzugehen und zu mildern.<br \/>\nDie Milleniumsentwicklungsziele (oder Milleniumsziele) hatten die Verbesserung der weltweiten Lage der Menschen in Hinblick auf Armut, Hunger, Gesundheitsversorgung, Bildung, gute Beziehungen zwischen den L\u00e4ndern bis zum Jahre 2015 im Blick.<br \/>\nDie acht von der UNO, der OECD, der Weltbank und mehreren NGOs gesteckten Ziele sind allerdings \u2013 und das muss immer wieder betont werden \u2013 in den neoliberalen und den mit ihnen durch ungleiche Handelsvertr\u00e4ge verbundenen L\u00e4ndern weit entfernt von einer Realisierung. Der Zwischenbericht im Jahre 2000 machte dies deutlich. Armutsbek\u00e4mpfung, Friedenserhaltung und Umweltschutz wurden als die wichtigsten Ziele der internationalen Gemeinschaft best\u00e4tigt, sie sind aber beileibe nicht das Zentrum politischer Verantwortung in den Regierungen westlicher L\u00e4nder.<br \/>\nAls Beispiel f\u00fcr ungleiche Handelsvertr\u00e4ge kann das Freihandelsabkommen der EU mit Kolumbien herangezogen werden, durch das bessere M\u00f6glichkeiten des Imports von Palm\u00f6l aus Kolumbien in die EU geschaffen werden.<br \/>\nDieses Abkommen sichert den gro\u00dfen Konzernen Profite durch Anbau von \u00d6lpalmen auf Land, das ehemals Kleinbauern geh\u00f6rte, die dadurch vertrieben wurden. Mittlerweile gibt es in Kolumbien mehr als 4 Millionen vertriebene Menschen, die in gro\u00dfer Armut in den Slums der gro\u00dfen St\u00e4dte leben (aus einem Bericht von Heike H\u00e4nsel, entwicklungspolitische Sprecherin der Linken im Bundestag).<br \/>\nDie wirtschaftlichen Beziehungen zwischen den kapitalistischen Industriel\u00e4ndern und den von ihnen wirtschaftlich abh\u00e4ngigen L\u00e4ndern des S\u00fcdens wirken sich auf die Lebensbedingungen in beiden Bl\u00f6cken aus. Aber auch innerhalb der Gesellschaften in den Industriel\u00e4ndern ist ein zunehmendes Auseinanderklaffen von arm und reich seit den 90-er Jahren festzustellen.<br \/>\nJohan Galtung beklagt die hohen Raten der Kinderarmut in einem wohlhabenden, wenn nicht reichen Land wie Deutschland, und er bezeichnet dies als eine strukturelle Gewalt und ein politisches Armutszeugnis f\u00fcr Staat, Wirtschaft und Gesellschaft.<\/p>\n<p><strong>Gibt es Gegenmodelle zu dieser strukturellen Gewalt?<\/strong><\/p>\n<p>Ein Beitrag des vorliegenden Heftes befasst sich mit der Situation der Kinder in Cuba. Hier wird deutlich, dass ein anderes Gesellschaftssystem als das neoliberale, kapitalistische bei der Bek\u00e4mpfung von Armut ganz andere Ergebnisse aufweist.<br \/>\nErg\u00e4nzend m\u00f6chte ich auf politische, soziale und kulturelle Entwicklungen in Venezuela und den anderen ALBA-L\u00e4ndern (Bolivarische Allianz f\u00fcr die V\u00f6lker unseres Amerika) hinweisen. Die Frage ist in diesem Zusammenhang: N\u00e4hern sich diese politisch anders ausgerichteten Staaten den Milleniumszielen \u2013 ihren \u00f6konomischen M\u00f6glichkeiten entsprechend?<br \/>\nWelche politischen Schwerpunkte setzen die Alba-L\u00e4nder Cuba, Venezuela, Bolivien, Ecuador, Nicaragua in Hinblick auf die Bek\u00e4mpfung von Armut? Wie sieht es mit der Akzeptanz und Einhaltung des V\u00f6lkerrechts und den UNO-Resolutionen und Konventionen aus?<br \/>\nSeitdem die Bolivarische Revolution in Venezuela die Weltb\u00fchne betreten hat, untermauert sie das internationale Recht. So ist dieses in der neuen Verfassung Venezuelas ein \u00fcbergeordneter Bestandteil (ganz im Gegenteil zur Europ\u00e4ischen Verfassung\/Lissabon-Vertrag). Der venezolanische Pr\u00e4sident Hugo Chavez fordert auf UNO-Vollversammlungen auf zur Einhaltung der Konventionen und erinnert an die Aufgaben zur Bek\u00e4mpfung der Armut. Es wurden in Venezuela Programme zur Alphabetisierung der Bev\u00f6lkerung durchgef\u00fchrt mit Unterst\u00fctzung von cubanischen Lehrern, so dass Venezuela seit 2006 analphabetenfrei ist. Die kostenlose Gesundheitsversorgung und kostenlose Bildungseinrichtungen sind geschaffen.<br \/>\nBildung gilt grunds\u00e4tzlich als wichtige Voraussetzung zur Bek\u00e4mpfung von Armut.<br \/>\nSolidarische Beziehungen zwischen \u00f6konomisch st\u00e4rkeren und \u00f6konomisch schw\u00e4cheren L\u00e4ndern in Lateinamerika f\u00fchrten zur Verbesserung der Lage der Armen (entgegen den politischen Ma\u00dfnahmen der EU-Wirtschaftszone \u2013 siehe Griechenland \u2013 und den bilateralen Handelsvertr\u00e4gen der USA mit L\u00e4ndern des S\u00fcdens). In den ALBA-L\u00e4ndern werden Vertr\u00e4ge geschlossen, die den gemeinsamen Bereich Schutz des Kulturerbes und des traditionellen Wissens betreffen, sowie den Aufbau eines alternativen \u00f6konomischen Modells vorantreiben z. B. mit Hilfe eines eigenen Bankenwesens.<br \/>\nDer Index der extremen Armut verringerte sich in Venezuela in den letzten 9 Jahren in beeindruckendem Ma\u00df von 42 % auf 9,5 %, die Kindersterblichkeit ging um 49 % zur\u00fcck. Der Pr\u00e4sident der UNO-Vollversammlung zollte deshalb Venezuela offiziell Anerkennung f\u00fcr die voranschreitende Erf\u00fcllung der UN-Milleniumsziele (Juli 2010).<\/p>\n<p><strong>Welche Welt erwartet unsere Kinder? Worauf k\u00f6nnen wir hoffen?<\/strong><\/p>\n<p>Emanuel Kant \u00e4u\u00dferte, dass ihn neben dem Sternenhimmel die Tatsache des moralischen Gewissens am meisten in Erstaunen versetzen w\u00fcrde. Nach Norberto Bobbio muss man das moralische Gewissen im Zusammenhang mit der Herausbildung und dem zunehmenden Bewusstsein von Elend und Armut sehen, in dem die Menschen auf der Erde leben und mit dem zunehmenden Gef\u00fchl der Ablehnung f\u00fcr diese Zust\u00e4nde. Bleibt die Frage: F\u00fchrt Kants Maxime zu einer materiellen Ver\u00e4nderung?<\/p>\n<p>Die aufgezeigten Entwicklungstendenzen der kapitalistischen L\u00e4nder bei der Bek\u00e4mpfung von Armut lassen leider keinen Optimismus zu!<br \/>\nGegen die Armuts-Entwicklung stellen sich jedoch Menschen, Organisationen und Regierungen, f\u00fcr die die Einhaltung der UNO-Charta, das V\u00f6lkerrecht und die Menschenrechte dreier Generationen Verpflichtung ist. Dies ist das Ma\u00df, an dem sich der menschliche Fortschritt messen l\u00e4sst.<br \/>\n<em>Elke Zwinge-Makamizile, Berlin, Dipl.-P\u00e4dagogin i.R., Mitglied im Deutschen Friedensrat e.V. und im Deutschen Freidenker-Verband<\/em><\/p>\n<hr \/>\n<p>Bild:https:\/\/pixabay.com\/de\/users\/tasarimci06 \/ M\u00fcjgan G\u00fcl<\/p>\n","protected":false},"excerpt":{"rendered":"<p><strong>Beitrag von Elke Zwinge-Makamizile aus FREIDENKER 3-10<\/strong><br \/>\nAnkn\u00fcpfend an den ausf\u00fchrlichen Text \u00fcber Kinderrechte von Thomas Mohrs m\u00f6chte ich besonders auf die v\u00f6lkerrechtlichen Grundlagen betreffend der Situation von Kindern verweisen, weil sich genau hierin ein Problembewusstsein \u00fcber die weltweite dramatische Lage der Kinder widerspiegelt. Dabei nimmt die Pr\u00e4ambel der Kinderrechtskonvention von 1989 Bezug auf die bereits existierenden Menschenrechtskonventionen und UNO-Pakte, die wiederum Ergebnis von langj\u00e4hrigen Befreiungs- und sozialen K\u00e4mpfen sind und die aus den Lehren der beiden Weltkriege entstanden sind.<\/p>\n","protected":false},"author":2,"featured_media":319,"comment_status":"closed","ping_status":"closed","sticky":false,"template":"","format":"standard","meta":{"colormag_page_container_layout":"default_layout","colormag_page_sidebar_layout":"default_layout","advanced_seo_description":"","jetpack_seo_html_title":"","jetpack_seo_noindex":false,"jetpack_post_was_ever_published":false,"footnotes":""},"categories":[11],"tags":[98],"class_list":["post-316","post","type-post","status-publish","format-standard","has-post-thumbnail","hentry","category-arbeit-soziales","tag-kinderarmut"],"jetpack_featured_media_url":"https:\/\/i0.wp.com\/www.freidenker.org\/fw17\/wp-content\/uploads\/2016\/07\/Kinderarmut.jpg?fit=800%2C445&ssl=1","jetpack_shortlink":"https:\/\/wp.me\/p9stpK-56","jetpack-related-posts":[{"id":6197,"url":"https:\/\/www.freidenker.org\/?p=6197","url_meta":{"origin":316,"position":0},"title":"Kinderarmut? Kein Thema f\u00fcr die Tagesschau","author":"Webredaktion","date":"14. April 2019","format":false,"excerpt":"Beitrag von Friedhelm Klinkhammer und Volker Br\u00e4utigam Mitten unter uns leben 4 Millionen Kinder an oder unter der Armutsgrenze. Falls wir \u00fcberhaupt davon erfahren, geschieht es nur beil\u00e4ufig. Unsere Leit- und Qualit\u00e4tsmedien interessiert das Thema einfach nicht. Marktf\u00fchrer ARD-aktuell informiert uns zwar fast t\u00e4glich \u00fcber die B\u00f6rse, vermeidet aber krampfhaft,\u2026","rel":"","context":"In &quot;Arbeit &amp; Soziales&quot;","block_context":{"text":"Arbeit &amp; Soziales","link":"https:\/\/www.freidenker.org\/?cat=11"},"img":{"alt_text":"","src":"https:\/\/i0.wp.com\/www.freidenker.org\/fw17\/wp-content\/uploads\/2019\/04\/Heinrich_Zille_Hunger_800x445.jpg?fit=800%2C445&ssl=1&resize=350%2C200","width":350,"height":200,"srcset":"https:\/\/i0.wp.com\/www.freidenker.org\/fw17\/wp-content\/uploads\/2019\/04\/Heinrich_Zille_Hunger_800x445.jpg?fit=800%2C445&ssl=1&resize=350%2C200 1x, https:\/\/i0.wp.com\/www.freidenker.org\/fw17\/wp-content\/uploads\/2019\/04\/Heinrich_Zille_Hunger_800x445.jpg?fit=800%2C445&ssl=1&resize=525%2C300 1.5x, https:\/\/i0.wp.com\/www.freidenker.org\/fw17\/wp-content\/uploads\/2019\/04\/Heinrich_Zille_Hunger_800x445.jpg?fit=800%2C445&ssl=1&resize=700%2C400 2x"},"classes":[]},{"id":16911,"url":"https:\/\/www.freidenker.org\/?p=16911","url_meta":{"origin":316,"position":1},"title":"Gef\u00fchlsarmut + Kinderarmut = Ampelpolitik","author":"Webredaktion","date":"12. September 2023","format":false,"excerpt":"Beitrag von Tom J. Wellbrock Das nennt man dann wohl \"aus Kacke Bonbons machen\". Jetzt, da die uns\u00e4gliche Debatte \u00fcber die Kindergrundsicherung abgeschlossen wurde, r\u00fchmen sich alle Beteiligten mit dem gro\u00dfen sozialen Wurf. Dabei ist nicht einmal die Reduzierung von 12 Milliarden Euro auf etwas mehr als zwei Milliarden der\u2026","rel":"","context":"In &quot;Arbeit &amp; Soziales&quot;","block_context":{"text":"Arbeit &amp; Soziales","link":"https:\/\/www.freidenker.org\/?cat=11"},"img":{"alt_text":"","src":"https:\/\/i0.wp.com\/www.freidenker.org\/fw17\/wp-content\/uploads\/2023\/09\/money-6815202_800x450.jpg?fit=800%2C450&ssl=1&resize=350%2C200","width":350,"height":200,"srcset":"https:\/\/i0.wp.com\/www.freidenker.org\/fw17\/wp-content\/uploads\/2023\/09\/money-6815202_800x450.jpg?fit=800%2C450&ssl=1&resize=350%2C200 1x, https:\/\/i0.wp.com\/www.freidenker.org\/fw17\/wp-content\/uploads\/2023\/09\/money-6815202_800x450.jpg?fit=800%2C450&ssl=1&resize=525%2C300 1.5x, https:\/\/i0.wp.com\/www.freidenker.org\/fw17\/wp-content\/uploads\/2023\/09\/money-6815202_800x450.jpg?fit=800%2C450&ssl=1&resize=700%2C400 2x"},"classes":[]},{"id":15138,"url":"https:\/\/www.freidenker.org\/?p=15138","url_meta":{"origin":316,"position":2},"title":"Jedes f\u00fcnfte Kind arm? Jedes vierte? Egal, Panzer sind wichtiger","author":"Webredaktion","date":"4. Februar 2023","format":false,"excerpt":"Beitrag von Dagmar Henn Die Bertelsmann-Stiftung ist dieses Jahr etwas zu fr\u00fch dran, um das Thema \"Kinderarmut\" in die Presse zu bringen. Das Gehege f\u00fcr Sozialthemen in der deutschen Medienlandschaft erstreckt sich n\u00e4mlich zweimal im Jahr \u00fcber jeweils vier Wochen \u2013 vor Ostern und vor Weihnachten. Den Rest des Jahres\u2026","rel":"","context":"In &quot;Arbeit &amp; Soziales&quot;","block_context":{"text":"Arbeit &amp; Soziales","link":"https:\/\/www.freidenker.org\/?cat=11"},"img":{"alt_text":"","src":"https:\/\/i0.wp.com\/www.freidenker.org\/fw17\/wp-content\/uploads\/2023\/02\/doll-87407_800x450.jpg?fit=800%2C450&ssl=1&resize=350%2C200","width":350,"height":200,"srcset":"https:\/\/i0.wp.com\/www.freidenker.org\/fw17\/wp-content\/uploads\/2023\/02\/doll-87407_800x450.jpg?fit=800%2C450&ssl=1&resize=350%2C200 1x, https:\/\/i0.wp.com\/www.freidenker.org\/fw17\/wp-content\/uploads\/2023\/02\/doll-87407_800x450.jpg?fit=800%2C450&ssl=1&resize=525%2C300 1.5x, https:\/\/i0.wp.com\/www.freidenker.org\/fw17\/wp-content\/uploads\/2023\/02\/doll-87407_800x450.jpg?fit=800%2C450&ssl=1&resize=700%2C400 2x"},"classes":[]},{"id":12340,"url":"https:\/\/www.freidenker.org\/?p=12340","url_meta":{"origin":316,"position":3},"title":"Der Donbass und seine kleinen begrabenen K\u00f6rper","author":"Webredaktion","date":"27. Februar 2022","format":false,"excerpt":"Ein Essay von Sabiene Jahn Aus der Ferne, gem\u00fctlich auf der Couch sitzend, geht man oft oberfl\u00e4chlich mit Zahlen von Opfern um, die uns vom Nachrichtensprecher aus einem Krisengebiet \u00fcberbracht werden. Zu viele Meldungen sind es geworden, zu viele Krisen. Das an sich ist schon sehr tragisch. Und dann gibt\u2026","rel":"","context":"In &quot;Frieden - Antifaschismus - Solidarit\u00e4t&quot;","block_context":{"text":"Frieden - Antifaschismus - Solidarit\u00e4t","link":"https:\/\/www.freidenker.org\/?cat=13"},"img":{"alt_text":"","src":"https:\/\/i0.wp.com\/www.freidenker.org\/fw17\/wp-content\/uploads\/2022\/02\/donbass_begrabene_koerper_800x450.jpg?fit=800%2C450&ssl=1&resize=350%2C200","width":350,"height":200,"srcset":"https:\/\/i0.wp.com\/www.freidenker.org\/fw17\/wp-content\/uploads\/2022\/02\/donbass_begrabene_koerper_800x450.jpg?fit=800%2C450&ssl=1&resize=350%2C200 1x, https:\/\/i0.wp.com\/www.freidenker.org\/fw17\/wp-content\/uploads\/2022\/02\/donbass_begrabene_koerper_800x450.jpg?fit=800%2C450&ssl=1&resize=525%2C300 1.5x, https:\/\/i0.wp.com\/www.freidenker.org\/fw17\/wp-content\/uploads\/2022\/02\/donbass_begrabene_koerper_800x450.jpg?fit=800%2C450&ssl=1&resize=700%2C400 2x"},"classes":[]},{"id":8743,"url":"https:\/\/www.freidenker.org\/?p=8743","url_meta":{"origin":316,"position":4},"title":"Gedenken zum 75. Jahrestag des Elbe Day in Torgau","author":"Webredaktion","date":"6. Oktober 2020","format":false,"excerpt":"Am 25. April 1945 trafen sich in Torgau an der Elbe US-amerikanische und sowjetische Soldaten \u2013 ein Symbol f\u00fcr den milit\u00e4rischen Sieg der Streitkr\u00e4fte der Antihitlerkoalition \u00fcber den deutschen Faschismus. Die Soldaten der beiden Armeen versicherten sich, f\u00fcr die \u00c4chtung des Krieges und V\u00f6lkerfreundschaft einzutreten. Am 3. Oktober 2020 \u2013\u2026","rel":"","context":"In &quot;Frieden - Antifaschismus - Solidarit\u00e4t&quot;","block_context":{"text":"Frieden - Antifaschismus - Solidarit\u00e4t","link":"https:\/\/www.freidenker.org\/?cat=13"},"img":{"alt_text":"","src":"https:\/\/i0.wp.com\/www.freidenker.org\/fw17\/wp-content\/uploads\/2020\/10\/torgau_09_bea_800x450.jpg?fit=800%2C450&ssl=1&resize=350%2C200","width":350,"height":200,"srcset":"https:\/\/i0.wp.com\/www.freidenker.org\/fw17\/wp-content\/uploads\/2020\/10\/torgau_09_bea_800x450.jpg?fit=800%2C450&ssl=1&resize=350%2C200 1x, https:\/\/i0.wp.com\/www.freidenker.org\/fw17\/wp-content\/uploads\/2020\/10\/torgau_09_bea_800x450.jpg?fit=800%2C450&ssl=1&resize=525%2C300 1.5x, https:\/\/i0.wp.com\/www.freidenker.org\/fw17\/wp-content\/uploads\/2020\/10\/torgau_09_bea_800x450.jpg?fit=800%2C450&ssl=1&resize=700%2C400 2x"},"classes":[]},{"id":3229,"url":"https:\/\/www.freidenker.org\/?p=3229","url_meta":{"origin":316,"position":5},"title":"Bundespr\u00e4sident K\u00f6hlers g\u00f6ttliche Amtsauffassung","author":"Webredaktion","date":"12. Oktober 2009","format":false,"excerpt":"Korrespondenz von Bert Steffens mit dem Bundespr\u00e4sidenten Horst K\u00f6hler \"Gott halte seine Hand sch\u00fctzend \u00fcber uns alle und unsere gemeinsame Welt. Gott segne unser Deutschland.\" Mit diesen Worten endete die Dankesrede von Horst K\u00f6hler anl\u00e4sslich seiner Wiederwahl zum Bundespr\u00e4sidenten. Ein \"Pr\u00e4sident aller Deutschen\" h\u00f6rt sich anders an. Das fand auch\u2026","rel":"","context":"In &quot;Religions- &amp; Kirchenkritik, S\u00e4kulare Szene&quot;","block_context":{"text":"Religions- &amp; Kirchenkritik, S\u00e4kulare Szene","link":"https:\/\/www.freidenker.org\/?cat=15"},"img":{"alt_text":"","src":"https:\/\/i0.wp.com\/www.freidenker.org\/fw17\/wp-content\/uploads\/2009\/10\/Koehler08032007_800x445.jpg?fit=800%2C445&ssl=1&resize=350%2C200","width":350,"height":200,"srcset":"https:\/\/i0.wp.com\/www.freidenker.org\/fw17\/wp-content\/uploads\/2009\/10\/Koehler08032007_800x445.jpg?fit=800%2C445&ssl=1&resize=350%2C200 1x, https:\/\/i0.wp.com\/www.freidenker.org\/fw17\/wp-content\/uploads\/2009\/10\/Koehler08032007_800x445.jpg?fit=800%2C445&ssl=1&resize=525%2C300 1.5x, https:\/\/i0.wp.com\/www.freidenker.org\/fw17\/wp-content\/uploads\/2009\/10\/Koehler08032007_800x445.jpg?fit=800%2C445&ssl=1&resize=700%2C400 2x"},"classes":[]}],"_links":{"self":[{"href":"https:\/\/www.freidenker.org\/index.php?rest_route=\/wp\/v2\/posts\/316","targetHints":{"allow":["GET"]}}],"collection":[{"href":"https:\/\/www.freidenker.org\/index.php?rest_route=\/wp\/v2\/posts"}],"about":[{"href":"https:\/\/www.freidenker.org\/index.php?rest_route=\/wp\/v2\/types\/post"}],"author":[{"embeddable":true,"href":"https:\/\/www.freidenker.org\/index.php?rest_route=\/wp\/v2\/users\/2"}],"replies":[{"embeddable":true,"href":"https:\/\/www.freidenker.org\/index.php?rest_route=%2Fwp%2Fv2%2Fcomments&post=316"}],"version-history":[{"count":0,"href":"https:\/\/www.freidenker.org\/index.php?rest_route=\/wp\/v2\/posts\/316\/revisions"}],"wp:featuredmedia":[{"embeddable":true,"href":"https:\/\/www.freidenker.org\/index.php?rest_route=\/wp\/v2\/media\/319"}],"wp:attachment":[{"href":"https:\/\/www.freidenker.org\/index.php?rest_route=%2Fwp%2Fv2%2Fmedia&parent=316"}],"wp:term":[{"taxonomy":"category","embeddable":true,"href":"https:\/\/www.freidenker.org\/index.php?rest_route=%2Fwp%2Fv2%2Fcategories&post=316"},{"taxonomy":"post_tag","embeddable":true,"href":"https:\/\/www.freidenker.org\/index.php?rest_route=%2Fwp%2Fv2%2Ftags&post=316"}],"curies":[{"name":"wp","href":"https:\/\/api.w.org\/{rel}","templated":true}]}}