{"id":3156,"date":"2011-08-01T02:43:02","date_gmt":"2011-08-01T00:43:02","guid":{"rendered":"http:\/\/www.freidenker.org\/?p=3156"},"modified":"2018-02-18T14:54:42","modified_gmt":"2018-02-18T13:54:42","slug":"terror-in-norwegen-i","status":"publish","type":"post","link":"https:\/\/www.freidenker.org\/?p=3156","title":{"rendered":"Terror in Norwegen (I)"},"content":{"rendered":"<p><a href=\"http:\/\/www.nrhz.de\/flyer\/beitrag.php?id=16776\" target=\"_blank\" rel=\"noopener\"><span class=\"text_small\">NRhZ-Online &#8211; Neue Rheinische Zeitung<\/span> &#8211; online-Flyer 25.07.2011<\/a><\/p>\n<p><strong>Dieser Norweger hat offenbar einiges von unserem &#8222;Beutedeutschen&#8220; gelernt<\/strong><\/p>\n<h3>Broder und sein m\u00f6rderischer Fan<\/h3>\n<p>Von Evelyn Hecht-Galinski<\/p>\n<p>H.M. Broder hat es also geschafft! Er hat einen (m\u00f6rderischen) Fan in Norwegen, der ihn vor seiner grauenvollen, unvorstellbaren Bluttat in einem schon monatelang geplanten &#8222;Manifest&#8220; zitiert. Dass Broder Fans hat, wissen wir. Diese Tatsache an sich ist normal in der heutigen Zeit. Schlie\u00dflich hat Thilo Sarrazin auch viele Fans.<\/p>\n<p><a href=\"http:\/\/www.nrhz.de\/flyer\/beitrag.php?id=16776\">http:\/\/www.nrhz.de\/flyer\/beitrag.php?id=16776<\/a><\/p>\n<p>&nbsp;<\/p>\n<p>Gab nicht Broder einen an ihn gedachten Journalistenpreis des Deutschen Kulturrates aus Protest gegen &#8222;antidemokratische \u00c4u\u00dferungen&#8220; gegen den Besuch von Thilo Sarrazin in Kreuzberg zur\u00fcck? Ist dieser Schritt nicht die Konsequenz einer Zusammengeh\u00f6rigkeit zweier &#8222;Kleingeister&#8220;? Wird Broder im &#8222;Manifest&#8220; des mutma\u00dflichen Rechtsterroristen Anders Berhring Breivik nicht mit den Passagen aus dem &#8222;De Volkskrant&#8220;-Interview zitiert, dass junge freiheitsliebende Menschen Europa lieber verlassen sollten?<\/p>\n<p>Ich zitiere weiter aus dem Berliner Tagesspiegel, einer Zeitung des Holtzbrinck-Verlages, f\u00fcr den Broder als Gastkommentator t\u00e4tig war, wie folgt: Der Autor oder die Autoren des &#8222;Manifests&#8220;, dessen Authentizit\u00e4t die norwegische Polizei inzwischen laut einer &#8222;Reuters&#8220;-Meldung best\u00e4tigt hat, zieht Broder vor allem als Kronzeugen daf\u00fcr heran, dass sich Europa widerstandslos dem Islam unterordne. Dabei zitiert das &#8222;Manifest&#8220; einen drastischen Vergleich aus dem Broder-Gespr\u00e4ch mit der niederl\u00e4ndischen Zeitung: Der in Europa dominante Ethos werde &#8222;perfekt ausgedr\u00fcckt von einer dummen blonden Frau, mit der der Autor k\u00fcrzlich diskutierte. Sie sagte, dass es manchmal besser sei, sich vergewaltigen zu lassen als schwere Verletzungen zu riskieren, weil man sich wehrt. Es sei manchmal besser, den Kampf zu vermeiden als das Risiko einzugehen, get\u00f6tet zu werden.&#8220;<\/p>\n<p>Hier allerdings hakt Broder ein: &#8222;Nur ein Detail stimmt nicht&#8220;, schreibt er in seiner Stellungnahme. &#8222;Ich habe mit keiner blonden Frau diskutiert, die vergewaltigt wurde, ich habe aus irgendeinem Artikel zitiert, in dem eine vergewaltigte Frau dar\u00fcber r\u00e4sonierte, dass es besser w\u00e4re, sich nicht zu wehren, wenn man mit dem Leben davonkommen will.&#8220; Davon abgesehen, so Broder weiter in seiner Stellungnahme, stimmten aber insgesamt die ihm zugeschriebenen Zitate im &#8222;Manifest.&#8220; Ende des Original Textes im Tagesspiegel.<\/p>\n<p>Was f\u00e4llt uns auf? Den ehemaligen Redakteur der St. Pauli Nachrichten und Pornoverfasser, haben nur seine \u00fcbersprudelnden &#8222;Vergewaltigungs-Gespr\u00e4che&#8220; mit blonden dummen Frauen zu einer R\u00fccknahme veranlasst, oder? Aber in den gef\u00e4hrlichen relevanten Punkten, in denen er zitiert wird, nimmt er nichts zur\u00fcck. Warum wohl? Ist er vielleicht noch stolz darauf, dass die Saat, die er und andere Islamophobie- und Antisemitismus-Experten ges\u00e4t haben, auch durch den &#8222;Kunst-D\u00fcnger&#8220; aus Norwegen so gut aufgegangen ist? Nach diesem &#8222;Manifest&#8220; und dieser schrecklich Mordtat, muss man sich schon fragen, wo bleibt da der Verfassungsschutz? Ist nicht eine Achse im Internet eine Gefahr, die jetzt nach dem &#8222;Manifest&#8220; einen Artikel unter dem Titel &#8222;Me and The Manifesto&#8220; ver\u00f6ffentlicht, in dem von diversen Autoren so krude Thesen aufgestellt werden, dass man schon sehr verschreckt aufh\u00f6rt?<\/p>\n<p>Da wird man doch fragen d\u00fcrfen: Wo f\u00e4ngt Volksverhetzung an? Ist es nicht gerade Broder, der j\u00fcngst die Antisemitismus-Jagd in der Linken ins Rollen brachte? Ist es nicht gerade Broder, der sich \u00fcber alles und jeden hinwegzusetzen glaubt, gest\u00e4rkt durch die Springer Presse? Anscheinend war das der Welt aber so peinlich, dass sie Broder l\u00f6schte. D.h. sie l\u00f6schte die peinlichen Passagen \u00fcber Broder im &#8222;Manifest&#8220;. Ist es nicht an der Zeit, Broder ganz aus den Medien &#8222;zu l\u00f6schen&#8220;? Empfahl er nicht jungen freiheitsliebenden Menschen, Europa lieber zu verlassen?<\/p>\n<p>Ich empfehle dem &#8222;Beutedeutschen&#8220; Broder, Deutschland wieder zu verlassen, auch wenn er meint zu alt zu sein um wegzugehen. Wer noch auf Deutschland-Safari gehen kann, kann auch noch auswandern. Sind wir seiner Islamphobie und Verherrlichung der Menschenrechtsverletzungen des j\u00fcdischen Staates nicht l\u00e4ngst \u00fcberdr\u00fcssig? Hatten wir nicht schon gen\u00fcgend gef\u00e4hrliche Schreibtischtischt\u00e4ter? K\u00f6nnen wir nicht sehen, wo diese Islam-Hetze hinf\u00fchrt? Sind wir nicht die selbsternannten Terrorismusexperten satt, die gen\u00fcsslich in Medien und Printmedien zitiert werden und dort vor Kenntnis der wahren Tatsachen ihren Spekulationen freien Lauf lassen d\u00fcrfen?<\/p>\n<p>W\u00fcrde man die ganzen Begriffe umtauschen, d.h. den Islam zum Judentum umfunktionieren, dann w\u00fcrden Broder und alle Protagonisten der Israel-Lobby &#8222;Antisemitismus&#8220; schreien. Oder? Es ist zu hoffen, dass deutsche Medien &#8222;aufwachen&#8220; und sehen, dass man mit &#8222;Broders&#8220; keinen Staat mehr machen kann. Auch Murdoch wurde in seine Grenzen verwiesen, trotz seiner Israel-Lobby-Unterst\u00fctzung. Oder? (PK)<\/p>\n<p style=\"text-align: right;\"><em>Evelyn Hecht-Galinski ist Publizistin und Tochter des 1992 verstorbenen Vorsitzenden des Zentralrats der Juden in Deutschland, Heinz Galinski.<\/em><\/p>\n<hr \/>\n<p>Evelyn spricht am Sonnabend, 05.11.2011, um 10 Uhr im Jugendg\u00e4stehaus Magdeburg (Leiterstra\u00dfe) bei einer Veranstaltung des Deutschen Freidenker-Verbandes zum Thema &#8222;Antizionismus = Antisemitismus?&#8220;<\/p>\n<hr \/>\n<p>Bild: Anders Behring Breivik<br \/>\nQuelle: https:\/\/www.flickr.com\/photos\/home_of_chaos\/7262012698\/in\/album-72157629495429828\/<br \/>\nBearbeitung: rlx<\/p>\n","protected":false},"excerpt":{"rendered":"<p><strong>Beitrag von Evelyn Hecht-Galinski<\/strong><br \/>\nH.M. Broder hat es also geschafft! Er hat einen (m\u00f6rderischen) Fan in Norwegen, der ihn vor seiner grauenvollen, unvorstellbaren Bluttat in einem schon monatelang geplanten &#8222;Manifest&#8220; zitiert. Dass Broder Fans hat, wissen wir. Diese Tatsache an sich ist normal in der heutigen Zeit. Schlie\u00dflich hat Thilo Sarrazin auch viele Fans. Gab nicht Broder einen an ihn gedachten Journalistenpreis des Deutschen Kulturrates aus Protest gegen &#8222;antidemokratische \u00c4u\u00dferungen&#8220; gegen den Besuch von Thilo Sarrazin in Kreuzberg zur\u00fcck? Ist dieser Schritt nicht die Konsequenz einer Zusammengeh\u00f6rigkeit zweier &#8222;Kleingeister&#8220;? Wird Broder im &#8222;Manifest&#8220; des mutma\u00dflichen Rechtsterroristen Anders Berhring Breivik nicht mit den Passagen aus dem &#8222;De Volkskrant&#8220;-Interview zitiert, dass junge freiheitsliebende Menschen Europa lieber verlassen sollten?<\/p>\n","protected":false},"author":3,"featured_media":3932,"comment_status":"closed","ping_status":"closed","sticky":false,"template":"","format":"standard","meta":{"colormag_page_container_layout":"default_layout","colormag_page_sidebar_layout":"default_layout","advanced_seo_description":"","jetpack_seo_html_title":"","jetpack_seo_noindex":false,"jetpack_post_was_ever_published":false,"footnotes":""},"categories":[12],"tags":[784,783,675,786],"class_list":["post-3156","post","type-post","status-publish","format-standard","has-post-thumbnail","hentry","category-demokratie-medien-aufklaerung","tag-breivik","tag-neofaschismus","tag-terroranschlaege","tag-volksverhetzung"],"jetpack_featured_media_url":"https:\/\/i0.wp.com\/www.freidenker.org\/fw17\/wp-content\/uploads\/2011\/08\/Anders_Breivik_v3_800x445.jpg?fit=800%2C445&ssl=1","jetpack_shortlink":"https:\/\/wp.me\/p9stpK-OU","jetpack-related-posts":[{"id":3154,"url":"https:\/\/www.freidenker.org\/?p=3154","url_meta":{"origin":3156,"position":0},"title":"Terror in Norwegen (II)","author":"Webredaktion","date":"1. August 2011","format":false,"excerpt":"Beitrag Von Sebastian Range Das schreckliche Massaker von Oslo und Utoya, begangen durch den 32-j\u00e4hrigen Norweger Anders Behring Breivik, l\u00f6ste die \u00fcblichen Reflexe aus. Kurz nachdem die Bombe im Regierungsviertel explodiert war, geisterte al-Qaeda bereits als Schuldiger durch die Medienlandschaft, obwohl Norwegens Beh\u00f6rden bis dahin keinerlei Aussagen zur Urheberschaft gemacht\u2026","rel":"","context":"In &quot;Demokratie \u2013 Medien \u2013 Aufkl\u00e4rung&quot;","block_context":{"text":"Demokratie \u2013 Medien \u2013 Aufkl\u00e4rung","link":"https:\/\/www.freidenker.org\/?cat=12"},"img":{"alt_text":"","src":"https:\/\/i0.wp.com\/www.freidenker.org\/fw17\/wp-content\/uploads\/2011\/08\/Oslo_view_of_city_800x445.jpg?fit=800%2C445&ssl=1&resize=350%2C200","width":350,"height":200,"srcset":"https:\/\/i0.wp.com\/www.freidenker.org\/fw17\/wp-content\/uploads\/2011\/08\/Oslo_view_of_city_800x445.jpg?fit=800%2C445&ssl=1&resize=350%2C200 1x, https:\/\/i0.wp.com\/www.freidenker.org\/fw17\/wp-content\/uploads\/2011\/08\/Oslo_view_of_city_800x445.jpg?fit=800%2C445&ssl=1&resize=525%2C300 1.5x, https:\/\/i0.wp.com\/www.freidenker.org\/fw17\/wp-content\/uploads\/2011\/08\/Oslo_view_of_city_800x445.jpg?fit=800%2C445&ssl=1&resize=700%2C400 2x"},"classes":[]},{"id":2847,"url":"https:\/\/www.freidenker.org\/?p=2847","url_meta":{"origin":3156,"position":1},"title":"\u201eNicht rechts, nicht links\u201c?","author":"Webredaktion","date":"17. M\u00e4rz 2016","format":false,"excerpt":"Aus: FREIDENKER 1-16 \u201eNicht rechts, nicht links\u201c - in politischen Auseinandersetzungen und Bewegungen begegnet man dieser Aussage h\u00e4ufig. Sie ist aber oft sehr unterschiedlich motiviert, mit ihr k\u00f6nnen sehr verschiedene Zwecke gemeint sein. Die unterschiedlichen Motive und Zwecke muss man kennen und unterscheiden, weil man sich andernfalls sparen k\u00f6nnte, darauf\u2026","rel":"","context":"In &quot;Demokratie \u2013 Medien \u2013 Aufkl\u00e4rung&quot;","block_context":{"text":"Demokratie \u2013 Medien \u2013 Aufkl\u00e4rung","link":"https:\/\/www.freidenker.org\/?cat=12"},"img":{"alt_text":"","src":"https:\/\/i0.wp.com\/www.freidenker.org\/fw17\/wp-content\/uploads\/2017\/12\/board-2084777_800x445.jpg?fit=850%2C445&ssl=1&resize=350%2C200","width":350,"height":200,"srcset":"https:\/\/i0.wp.com\/www.freidenker.org\/fw17\/wp-content\/uploads\/2017\/12\/board-2084777_800x445.jpg?fit=850%2C445&ssl=1&resize=350%2C200 1x, https:\/\/i0.wp.com\/www.freidenker.org\/fw17\/wp-content\/uploads\/2017\/12\/board-2084777_800x445.jpg?fit=850%2C445&ssl=1&resize=525%2C300 1.5x, https:\/\/i0.wp.com\/www.freidenker.org\/fw17\/wp-content\/uploads\/2017\/12\/board-2084777_800x445.jpg?fit=850%2C445&ssl=1&resize=700%2C400 2x"},"classes":[]},{"id":2937,"url":"https:\/\/www.freidenker.org\/?p=2937","url_meta":{"origin":3156,"position":2},"title":"Religionskritik unter Islamophobie-Verdacht?","author":"Webredaktion","date":"17. September 2013","format":false,"excerpt":"Beitrag von Klaus Hartmann aus: FREIDENKER 3-13 Die Frage soll lauten, ob es erlaubt ist, den Islam zu kritisieren. Oder ob Freidenker sich aus \u201aantiimperialistischen Gr\u00fcnden\u2019 scheuen, dies zu tun. Von mancher Seite wird dem Freidenkerverband vorgehalten, seine Aufgabe der Religionskritik zu vernachl\u00e4ssigen und einem Kulturrelativismus zu huldigen. Das ist\u2026","rel":"","context":"In &quot;Demokratie \u2013 Medien \u2013 Aufkl\u00e4rung&quot;","block_context":{"text":"Demokratie \u2013 Medien \u2013 Aufkl\u00e4rung","link":"https:\/\/www.freidenker.org\/?cat=12"},"img":{"alt_text":"","src":"https:\/\/i0.wp.com\/www.freidenker.org\/fw17\/wp-content\/uploads\/2017\/12\/the-1621517_800x445.jpg?fit=800%2C445&ssl=1&resize=350%2C200","width":350,"height":200,"srcset":"https:\/\/i0.wp.com\/www.freidenker.org\/fw17\/wp-content\/uploads\/2017\/12\/the-1621517_800x445.jpg?fit=800%2C445&ssl=1&resize=350%2C200 1x, https:\/\/i0.wp.com\/www.freidenker.org\/fw17\/wp-content\/uploads\/2017\/12\/the-1621517_800x445.jpg?fit=800%2C445&ssl=1&resize=525%2C300 1.5x, https:\/\/i0.wp.com\/www.freidenker.org\/fw17\/wp-content\/uploads\/2017\/12\/the-1621517_800x445.jpg?fit=800%2C445&ssl=1&resize=700%2C400 2x"},"classes":[]},{"id":19531,"url":"https:\/\/www.freidenker.org\/?p=19531","url_meta":{"origin":3156,"position":3},"title":"Warum ich mich \u00fcber das Compact-Verbot nicht freuen kann!","author":"Webredaktion","date":"18. Juli 2024","format":false,"excerpt":"Beitrag von Yavuz \u00d6zoguz Die \u00dcberschrift wird einige \u00fcberraschen, denn das Compact-Magazin war eines der islamfeindlichsten Publikationen Deutschlands in den letzten Jahren. Dennoch \u2013 oder vielleicht sogar gerade deswegen \u2013 stelle ich mich als vergleichsweise unbedeutende Stimme unter den Muslimen gegen dieses Verbot! Zun\u00e4chst einmal kenne ich den Chefredakteur J\u00fcrgen\u2026","rel":"","context":"In &quot;Demokratie \u2013 Medien \u2013 Aufkl\u00e4rung&quot;","block_context":{"text":"Demokratie \u2013 Medien \u2013 Aufkl\u00e4rung","link":"https:\/\/www.freidenker.org\/?cat=12"},"img":{"alt_text":"","src":"https:\/\/i0.wp.com\/www.freidenker.org\/fw17\/wp-content\/uploads\/2024\/07\/compact-verbot_800x450.jpg?fit=800%2C450&ssl=1&resize=350%2C200","width":350,"height":200,"srcset":"https:\/\/i0.wp.com\/www.freidenker.org\/fw17\/wp-content\/uploads\/2024\/07\/compact-verbot_800x450.jpg?fit=800%2C450&ssl=1&resize=350%2C200 1x, https:\/\/i0.wp.com\/www.freidenker.org\/fw17\/wp-content\/uploads\/2024\/07\/compact-verbot_800x450.jpg?fit=800%2C450&ssl=1&resize=525%2C300 1.5x, https:\/\/i0.wp.com\/www.freidenker.org\/fw17\/wp-content\/uploads\/2024\/07\/compact-verbot_800x450.jpg?fit=800%2C450&ssl=1&resize=700%2C400 2x"},"classes":[]},{"id":23613,"url":"https:\/\/www.freidenker.org\/?p=23613","url_meta":{"origin":3156,"position":4},"title":"Plan gegen den Atomkrieg","author":"Webredaktion","date":"21. November 2025","format":false,"excerpt":"US-Analytiker schl\u00e4gt Friedensabkommen mit Putin vor Ein Kommentar von Tilo Gr\u00e4ser. [Es] wird weiter Stimmung gemacht, um einen Krieg gegen Russland zu rechtfertigen. Das geschieht aber nicht nur im Interesse von Selenskyj und Co., sondern auch im Interesse derer in der EU und anderer europ\u00e4ischer Nato-Staaten wie Gro\u00dfbritannien und Norwegen,\u2026","rel":"","context":"In &quot;Frieden - Antifaschismus - Solidarit\u00e4t&quot;","block_context":{"text":"Frieden - Antifaschismus - Solidarit\u00e4t","link":"https:\/\/www.freidenker.org\/?cat=13"},"img":{"alt_text":"","src":"https:\/\/i0.wp.com\/www.freidenker.org\/fw17\/wp-content\/uploads\/2025\/11\/nuclear-explosion-8787177_800x450.jpg?fit=800%2C450&ssl=1&resize=350%2C200","width":350,"height":200,"srcset":"https:\/\/i0.wp.com\/www.freidenker.org\/fw17\/wp-content\/uploads\/2025\/11\/nuclear-explosion-8787177_800x450.jpg?fit=800%2C450&ssl=1&resize=350%2C200 1x, https:\/\/i0.wp.com\/www.freidenker.org\/fw17\/wp-content\/uploads\/2025\/11\/nuclear-explosion-8787177_800x450.jpg?fit=800%2C450&ssl=1&resize=525%2C300 1.5x, https:\/\/i0.wp.com\/www.freidenker.org\/fw17\/wp-content\/uploads\/2025\/11\/nuclear-explosion-8787177_800x450.jpg?fit=800%2C450&ssl=1&resize=700%2C400 2x"},"classes":[]},{"id":3174,"url":"https:\/\/www.freidenker.org\/?p=3174","url_meta":{"origin":3156,"position":5},"title":"Verwaltungsgericht: Stadt Freiburg muss abgesagte Nakba-Ausstellung zeigen","author":"Webredaktion","date":"10. November 2010","format":false,"excerpt":"Nach urspr\u00fcnglicher Zusage verweigerte die Stadt Freiburg kurzfristig die R\u00e4ume f\u00fcr die Ausstellung \u201eDie Nakba \u2013 Flucht und Vertreibung der Pal\u00e4stinenser 1948\u201c\u2013 auf Druck dubioser \u201eIsrael-Freunde\u201c. Auf Antrag des veranstaltenden Freiburger \"Caf\u00e9 Palestine\" wies das Verwaltungsgericht die Stadt an, die Ausstellung doch stattfinden zu lassen. Die Ausstellung versto\u00dfe inhaltlich nicht\u2026","rel":"","context":"In &quot;Frieden - Antifaschismus - Solidarit\u00e4t&quot;","block_context":{"text":"Frieden - Antifaschismus - Solidarit\u00e4t","link":"https:\/\/www.freidenker.org\/?cat=13"},"img":{"alt_text":"","src":"https:\/\/i0.wp.com\/www.freidenker.org\/fw17\/wp-content\/uploads\/2010\/11\/Oldman_girl_nakba_800x445.jpg?fit=800%2C445&ssl=1&resize=350%2C200","width":350,"height":200,"srcset":"https:\/\/i0.wp.com\/www.freidenker.org\/fw17\/wp-content\/uploads\/2010\/11\/Oldman_girl_nakba_800x445.jpg?fit=800%2C445&ssl=1&resize=350%2C200 1x, https:\/\/i0.wp.com\/www.freidenker.org\/fw17\/wp-content\/uploads\/2010\/11\/Oldman_girl_nakba_800x445.jpg?fit=800%2C445&ssl=1&resize=525%2C300 1.5x, https:\/\/i0.wp.com\/www.freidenker.org\/fw17\/wp-content\/uploads\/2010\/11\/Oldman_girl_nakba_800x445.jpg?fit=800%2C445&ssl=1&resize=700%2C400 2x"},"classes":[]}],"_links":{"self":[{"href":"https:\/\/www.freidenker.org\/index.php?rest_route=\/wp\/v2\/posts\/3156","targetHints":{"allow":["GET"]}}],"collection":[{"href":"https:\/\/www.freidenker.org\/index.php?rest_route=\/wp\/v2\/posts"}],"about":[{"href":"https:\/\/www.freidenker.org\/index.php?rest_route=\/wp\/v2\/types\/post"}],"author":[{"embeddable":true,"href":"https:\/\/www.freidenker.org\/index.php?rest_route=\/wp\/v2\/users\/3"}],"replies":[{"embeddable":true,"href":"https:\/\/www.freidenker.org\/index.php?rest_route=%2Fwp%2Fv2%2Fcomments&post=3156"}],"version-history":[{"count":0,"href":"https:\/\/www.freidenker.org\/index.php?rest_route=\/wp\/v2\/posts\/3156\/revisions"}],"wp:featuredmedia":[{"embeddable":true,"href":"https:\/\/www.freidenker.org\/index.php?rest_route=\/wp\/v2\/media\/3932"}],"wp:attachment":[{"href":"https:\/\/www.freidenker.org\/index.php?rest_route=%2Fwp%2Fv2%2Fmedia&parent=3156"}],"wp:term":[{"taxonomy":"category","embeddable":true,"href":"https:\/\/www.freidenker.org\/index.php?rest_route=%2Fwp%2Fv2%2Fcategories&post=3156"},{"taxonomy":"post_tag","embeddable":true,"href":"https:\/\/www.freidenker.org\/index.php?rest_route=%2Fwp%2Fv2%2Ftags&post=3156"}],"curies":[{"name":"wp","href":"https:\/\/api.w.org\/{rel}","templated":true}]}}