{"id":3148,"date":"2011-08-26T03:01:00","date_gmt":"2011-08-26T01:01:00","guid":{"rendered":"http:\/\/www.freidenker.org\/?p=3148"},"modified":"2018-02-18T19:19:11","modified_gmt":"2018-02-18T18:19:11","slug":"aufruf-zum-kampf-gegen-den-wahren-terror","status":"publish","type":"post","link":"https:\/\/www.freidenker.org\/?p=3148","title":{"rendered":"Aufruf zum Kampf gegen den wahren Terror"},"content":{"rendered":"<p>Von <strong><em>Elias Davidsson<\/em><\/strong><br \/>\n(Bonn, 24. August 2011)<\/p>\n<p>Die Schlagzeilen der heutigen Massenmedien sind von einer schreienden Unterlassung gekennzeichnet. \u00a0Sie berichten \u00fcber den sogenannten Sieg der\u00a0libyschen Rebellen und verschweigen die entscheidende Rolle der NATO bei der Zerst\u00f6rung eines Mitgliedstaats der Vereinten Nationen. Ohne die 20.000\u00a0Lufteins\u00e4tze der NATO w\u00e4re Libyen weiter ein souver\u00e4ner Staat. \u00a0Die Medien berichten aber weder \u00fcber die Rolle der NATO bei der Zerst\u00f6rung von Libyen\u00a0noch \u00fcber die Interessen der ehemaligen Kolonialm\u00e4chte an der Zerst\u00f6rung dieses unabh\u00e4ngiges Staates.<\/p>\n<p>Chefredakteure w\u00e4hlen sorgf\u00e4ltig Bilder und Schlagzeilen aus. Ihnen ist selbstverst\u00e4ndlich die entscheidende Rolle der NATO in diesem Angriffskrieg klar. \u00a0Aber diese Erkenntnisse enthalten sie der \u00d6ffentlichkeit absichtlich vor. \u00a0Die Anstifter und Finanzierer dieses terroristischen Krieges sollen weiter im Schatten bleiben. Und ihre Interessen ebenfalls.<\/p>\n<p>Durch ihren milit\u00e4rischen Sieg \u00fcber ein schwaches afrikanisches Land ermutigt, wird die NATO weitere Kriege gegen V\u00f6lker der Dritten Welt f\u00fchren, um den westlichen Kolonialismus wieder zu beleben. Erst werden arabische bzw. muslimische L\u00e4nder zerst\u00f6rt (allerdings nur solche, die sich noch nicht dem westlichen Kapital unterworfen haben), dann werden f\u00f6derative Regionalm\u00e4chte wie Indien, Indonesien und Brasilien durch finanzierte Aufst\u00e4nde zerst\u00fcckelt (divide et impera) &#8211; nach dem jugoslawischen Modell. Arabische S\u00f6ldner &#8211; Logo Al Qaeda &#8211; werden da mithelfen.<\/p>\n<p>Irgendwann wird das imperialistische System zerbrochen werden. Bis dahin aber werden Millionen von Menschen in Qualen sterben oder verst\u00fcmmelt werden, sie werden verhungern oder in Unterdr\u00fcckung leben. Das ist es, was die westliche Zivilisation der Welt bieten wird.<\/p>\n<p>Was sollen wir machen, um diese Barbarei zu verhindern?<\/p>\n<p>\u2022 Die Menschen m\u00fcssen \u00fcber die terroristische Natur der NATO aufgekl\u00e4rt werden.<br \/>\n\u2022 Die Diktatur des Kapitals muss gebrochen werden.<br \/>\n\u2022 Die Kriegshetzer in den Medien m\u00fcssen zur Rechenschaft gezogen werden.<br \/>\n\u2022 Die Demokratie und die Grundlagen des Rechtsstaats m\u00fcssen aktiv gesch\u00fctzt werden.<\/p>\n<p>Dieser Kampf wird nicht gewonnen, indem man Petitionen an Verbrecher und L\u00fcgner richtet.<br \/>\nWir m\u00fcssen die Verbrecher und L\u00fcgner beim Namen nennen und ihnen ihre Waffen wegnehmen.<\/p>\n<hr \/>\n<p>Bild: pixabay.com \/ User: aymen-juha<\/p>\n","protected":false},"excerpt":{"rendered":"<p><strong>Beitrag von Elias Davidsson<\/strong><br \/>\nDie Schlagzeilen der heutigen Massenmedien sind von einer schreienden Unterlassung gekennzeichnet.  Sie berichten \u00fcber den sogenannten Sieg der libyschen Rebellen und verschweigen die entscheidende Rolle der NATO bei der Zerst\u00f6rung eines Mitgliedstaats der Vereinten Nationen. Ohne die 20.000 Lufteins\u00e4tze der NATO w\u00e4re Libyen weiter ein souver\u00e4ner Staat.  Die Medien berichten aber weder \u00fcber die Rolle der NATO bei der Zerst\u00f6rung von Libyen noch \u00fcber die Interessen der ehemaligen Kolonialm\u00e4chte an der Zerst\u00f6rung dieses unabh\u00e4ngiges Staates.<\/p>\n","protected":false},"author":3,"featured_media":3923,"comment_status":"closed","ping_status":"closed","sticky":false,"template":"","format":"standard","meta":{"colormag_page_container_layout":"default_layout","colormag_page_sidebar_layout":"default_layout","advanced_seo_description":"","jetpack_seo_html_title":"","jetpack_seo_noindex":false,"jetpack_post_was_ever_published":false,"footnotes":""},"categories":[12],"tags":[162,339,773,743,780],"class_list":["post-3148","post","type-post","status-publish","format-standard","has-post-thumbnail","hentry","category-demokratie-medien-aufklaerung","tag-demokratie","tag-kriegspropaganda","tag-libyen","tag-medienluegen","tag-nato-aggression"],"jetpack_featured_media_url":"https:\/\/i0.wp.com\/www.freidenker.org\/fw17\/wp-content\/uploads\/2011\/08\/libya-2093520_800x445.jpg?fit=800%2C445&ssl=1","jetpack_shortlink":"https:\/\/wp.me\/p9stpK-OM","jetpack-related-posts":[{"id":3150,"url":"https:\/\/www.freidenker.org\/?p=3150","url_meta":{"origin":3148,"position":0},"title":"Anti-Kriegstag 2011: Wie mit dem Libyen-Krieg umgehen?","author":"Webredaktion","date":"23. August 2011","format":false,"excerpt":"Nachrichtenanalyse und Kommentar der Redaktion des \u201eFreidenker\u201c Der Deutsche Freidenker-Verband rief bereits in den ersten Tagen des Angriffs auf Libyen in einer Erkl\u00e4rung dazu auf, zu dieser verbrecherischen Aggression nein zu sagen, der Propaganda der Aggressoren zu widerstehen und Solidarit\u00e4t mit dem libyschen Volk und seiner rechtm\u00e4\u00dfigen libyschen Regierung zu\u2026","rel":"","context":"In &quot;Frieden - Antifaschismus - Solidarit\u00e4t&quot;","block_context":{"text":"Frieden - Antifaschismus - Solidarit\u00e4t","link":"https:\/\/www.freidenker.org\/?cat=13"},"img":{"alt_text":"","src":"https:\/\/i0.wp.com\/www.freidenker.org\/fw17\/wp-content\/uploads\/2011\/08\/libyen_kontur_mH_800x445.jpg?fit=800%2C445&ssl=1&resize=350%2C200","width":350,"height":200,"srcset":"https:\/\/i0.wp.com\/www.freidenker.org\/fw17\/wp-content\/uploads\/2011\/08\/libyen_kontur_mH_800x445.jpg?fit=800%2C445&ssl=1&resize=350%2C200 1x, https:\/\/i0.wp.com\/www.freidenker.org\/fw17\/wp-content\/uploads\/2011\/08\/libyen_kontur_mH_800x445.jpg?fit=800%2C445&ssl=1&resize=525%2C300 1.5x, https:\/\/i0.wp.com\/www.freidenker.org\/fw17\/wp-content\/uploads\/2011\/08\/libyen_kontur_mH_800x445.jpg?fit=800%2C445&ssl=1&resize=700%2C400 2x"},"classes":[]},{"id":3141,"url":"https:\/\/www.freidenker.org\/?p=3141","url_meta":{"origin":3148,"position":1},"title":"Solidarit\u00e4t mit dem Libyschen Volk","author":"Webredaktion","date":"21. Oktober 2011","format":false,"excerpt":"Erkl\u00e4rung des Deutschen Freidenker-Verbands vom 21. Oktober 2011 Der Lynchmord an Muammar Gaddafi, des F\u00fchrers eines souver\u00e4nen Staates, durch die NATO-Verantwortlichen, zeigt ebenso wie die von ihnen am libyschen Volk begangenen v\u00f6lkerrechtlichen Verbrechen und die durch sie organisierte moralische L\u00e4hmung der westlichen \u00d6ffentlichkeit mit den Mitteln einer totalit\u00e4re L\u00fcgenpropaganda, dass\u2026","rel":"","context":"In &quot;Frieden - Antifaschismus - Solidarit\u00e4t&quot;","block_context":{"text":"Frieden - Antifaschismus - Solidarit\u00e4t","link":"https:\/\/www.freidenker.org\/?cat=13"},"img":{"alt_text":"","src":"https:\/\/i0.wp.com\/www.freidenker.org\/fw17\/wp-content\/uploads\/2011\/10\/3632276462_058de78e81_o.jpg?fit=800%2C445&ssl=1&resize=350%2C200","width":350,"height":200,"srcset":"https:\/\/i0.wp.com\/www.freidenker.org\/fw17\/wp-content\/uploads\/2011\/10\/3632276462_058de78e81_o.jpg?fit=800%2C445&ssl=1&resize=350%2C200 1x, https:\/\/i0.wp.com\/www.freidenker.org\/fw17\/wp-content\/uploads\/2011\/10\/3632276462_058de78e81_o.jpg?fit=800%2C445&ssl=1&resize=525%2C300 1.5x, https:\/\/i0.wp.com\/www.freidenker.org\/fw17\/wp-content\/uploads\/2011\/10\/3632276462_058de78e81_o.jpg?fit=800%2C445&ssl=1&resize=700%2C400 2x"},"classes":[]},{"id":6296,"url":"https:\/\/www.freidenker.org\/?p=6296","url_meta":{"origin":3148,"position":2},"title":"08.05.2019 \u2013 Syrien, Venezuela, Libyen \u2013 Grenzen des Regime-Change","author":"Webredaktion","date":"1. Mai 2019","format":false,"excerpt":"Syrien, Venezuela, Libyen \u2013 Grenzen des Regime-Change - Veranstaltung am Mittwoch, den 8.5.2019 um 19:30 im Gasthaus Ternes, Dom\u00e4nenstr. 54, Trier - Veranstalter: Jenny-Marx-Club Trier, Unterst\u00fctzer: Freidenker RLP\/Saar und Nachdenkseiten-Trier Nach dem\u00a0Niedergang der UdSSR war das westliche Modell von Demokratie und Marktwirtschaft zum beherrschenden System weltweit geworden. Viele Staaten jedoch\u2026","rel":"","context":"In &quot;Veranstaltungen in den DFV-Landesverb\u00e4nden&quot;","block_context":{"text":"Veranstaltungen in den DFV-Landesverb\u00e4nden","link":"https:\/\/www.freidenker.org\/?cat=19"},"img":{"alt_text":"","src":"https:\/\/i0.wp.com\/www.freidenker.org\/fw17\/wp-content\/uploads\/2019\/05\/pixabay_diskussion_800.jpg?fit=800%2C445&ssl=1&resize=350%2C200","width":350,"height":200,"srcset":"https:\/\/i0.wp.com\/www.freidenker.org\/fw17\/wp-content\/uploads\/2019\/05\/pixabay_diskussion_800.jpg?fit=800%2C445&ssl=1&resize=350%2C200 1x, https:\/\/i0.wp.com\/www.freidenker.org\/fw17\/wp-content\/uploads\/2019\/05\/pixabay_diskussion_800.jpg?fit=800%2C445&ssl=1&resize=525%2C300 1.5x, https:\/\/i0.wp.com\/www.freidenker.org\/fw17\/wp-content\/uploads\/2019\/05\/pixabay_diskussion_800.jpg?fit=800%2C445&ssl=1&resize=700%2C400 2x"},"classes":[]},{"id":23511,"url":"https:\/\/www.freidenker.org\/?p=23511","url_meta":{"origin":3148,"position":3},"title":"Video: Seit mehr als 100 Jahren \u2013 Krieg um Pal\u00e4stina","author":"Webredaktion","date":"9. November 2025","format":false,"excerpt":"Friedensverhandlungen - aber die Pal\u00e4stinenser sind nicht dabei. Video eines Vortrages von Karin Leukefeld, gehalten am 04.11.2025 in Bremen Die renommierte Journalistin und Korrespondentin Karin Leukefeld, diesmal zu Gast in Bremen, analysiert das Interessengeflecht um einen Waffenstillstand \/ Frieden in Gaza. [...] Ihr Schwerpunkt ist es, \u00fcber \u201eDas Leben hinter\u2026","rel":"","context":"In &quot;Demokratie \u2013 Medien \u2013 Aufkl\u00e4rung&quot;","block_context":{"text":"Demokratie \u2013 Medien \u2013 Aufkl\u00e4rung","link":"https:\/\/www.freidenker.org\/?cat=12"},"img":{"alt_text":"","src":"https:\/\/i0.wp.com\/www.freidenker.org\/fw17\/wp-content\/uploads\/2025\/11\/Leukefeld_Vortrag_Bremen_2025_800x450.jpg?fit=800%2C450&ssl=1&resize=350%2C200","width":350,"height":200,"srcset":"https:\/\/i0.wp.com\/www.freidenker.org\/fw17\/wp-content\/uploads\/2025\/11\/Leukefeld_Vortrag_Bremen_2025_800x450.jpg?fit=800%2C450&ssl=1&resize=350%2C200 1x, https:\/\/i0.wp.com\/www.freidenker.org\/fw17\/wp-content\/uploads\/2025\/11\/Leukefeld_Vortrag_Bremen_2025_800x450.jpg?fit=800%2C450&ssl=1&resize=525%2C300 1.5x, https:\/\/i0.wp.com\/www.freidenker.org\/fw17\/wp-content\/uploads\/2025\/11\/Leukefeld_Vortrag_Bremen_2025_800x450.jpg?fit=800%2C450&ssl=1&resize=700%2C400 2x"},"classes":[]},{"id":3285,"url":"https:\/\/www.freidenker.org\/?p=3285","url_meta":{"origin":3148,"position":4},"title":"\u201eNicht\u201c- Regierungsorganisationen?","author":"Webredaktion","date":"17. Dezember 2007","format":false,"excerpt":"Beitrag Von Cathrin Sch\u00fctz aus: FREIDENKER 4-07 Im April 2006 trat in Russland ein Gesetz zur Beschr\u00e4nkung und Kontrolle von Nichtregierungsorganisationen (NGO\u2019s) in Kraft, das auch Seitens der westlichen Medien und NGO\u2019s auf heftige Kritik stie\u00df. ... W\u00e4hrend die Kritiker Vladimir Putin vorwerfen, das Gesetz diene ganz im Zeichen der\u2026","rel":"","context":"In &quot;Demokratie \u2013 Medien \u2013 Aufkl\u00e4rung&quot;","block_context":{"text":"Demokratie \u2013 Medien \u2013 Aufkl\u00e4rung","link":"https:\/\/www.freidenker.org\/?cat=12"},"img":{"alt_text":"","src":"https:\/\/i0.wp.com\/www.freidenker.org\/fw17\/wp-content\/uploads\/2007\/12\/wolf-in-sheeps-clothing-2577813_800x445.jpg?fit=800%2C445&ssl=1&resize=350%2C200","width":350,"height":200,"srcset":"https:\/\/i0.wp.com\/www.freidenker.org\/fw17\/wp-content\/uploads\/2007\/12\/wolf-in-sheeps-clothing-2577813_800x445.jpg?fit=800%2C445&ssl=1&resize=350%2C200 1x, https:\/\/i0.wp.com\/www.freidenker.org\/fw17\/wp-content\/uploads\/2007\/12\/wolf-in-sheeps-clothing-2577813_800x445.jpg?fit=800%2C445&ssl=1&resize=525%2C300 1.5x, https:\/\/i0.wp.com\/www.freidenker.org\/fw17\/wp-content\/uploads\/2007\/12\/wolf-in-sheeps-clothing-2577813_800x445.jpg?fit=800%2C445&ssl=1&resize=700%2C400 2x"},"classes":[]},{"id":21752,"url":"https:\/\/www.freidenker.org\/?p=21752","url_meta":{"origin":3148,"position":5},"title":"In Rum\u00e4nien gewinnt erneut der \u201efalsche\u201c Kandidat &#8230;","author":"Webredaktion","date":"7. Mai 2025","format":false,"excerpt":"... und was Spiegel-Leser dar\u00fcber (nicht) erfahren Beitrag von Anti-Spiegel (d.i. Thomas R\u00f6per) Ende November fand in Rum\u00e4nien die erste Runde der Pr\u00e4sidentschaftswahlen statt und dabei gewann Calin Georgescu, ein als Nationalist bezeichneter Kandidat, der sich kritisch gegen\u00fcber NATO und EU \u00e4u\u00dfert, mit 22,9 Prozent der abgegebenen Stimmen. Den zweiten\u2026","rel":"","context":"In &quot;Demokratie \u2013 Medien \u2013 Aufkl\u00e4rung&quot;","block_context":{"text":"Demokratie \u2013 Medien \u2013 Aufkl\u00e4rung","link":"https:\/\/www.freidenker.org\/?cat=12"},"img":{"alt_text":"","src":"https:\/\/i0.wp.com\/www.freidenker.org\/fw17\/wp-content\/uploads\/2025\/05\/George_Simion_Arad4_54366726734_800x450.jpg?fit=800%2C450&ssl=1&resize=350%2C200","width":350,"height":200,"srcset":"https:\/\/i0.wp.com\/www.freidenker.org\/fw17\/wp-content\/uploads\/2025\/05\/George_Simion_Arad4_54366726734_800x450.jpg?fit=800%2C450&ssl=1&resize=350%2C200 1x, https:\/\/i0.wp.com\/www.freidenker.org\/fw17\/wp-content\/uploads\/2025\/05\/George_Simion_Arad4_54366726734_800x450.jpg?fit=800%2C450&ssl=1&resize=525%2C300 1.5x, https:\/\/i0.wp.com\/www.freidenker.org\/fw17\/wp-content\/uploads\/2025\/05\/George_Simion_Arad4_54366726734_800x450.jpg?fit=800%2C450&ssl=1&resize=700%2C400 2x"},"classes":[]}],"_links":{"self":[{"href":"https:\/\/www.freidenker.org\/index.php?rest_route=\/wp\/v2\/posts\/3148","targetHints":{"allow":["GET"]}}],"collection":[{"href":"https:\/\/www.freidenker.org\/index.php?rest_route=\/wp\/v2\/posts"}],"about":[{"href":"https:\/\/www.freidenker.org\/index.php?rest_route=\/wp\/v2\/types\/post"}],"author":[{"embeddable":true,"href":"https:\/\/www.freidenker.org\/index.php?rest_route=\/wp\/v2\/users\/3"}],"replies":[{"embeddable":true,"href":"https:\/\/www.freidenker.org\/index.php?rest_route=%2Fwp%2Fv2%2Fcomments&post=3148"}],"version-history":[{"count":0,"href":"https:\/\/www.freidenker.org\/index.php?rest_route=\/wp\/v2\/posts\/3148\/revisions"}],"wp:featuredmedia":[{"embeddable":true,"href":"https:\/\/www.freidenker.org\/index.php?rest_route=\/wp\/v2\/media\/3923"}],"wp:attachment":[{"href":"https:\/\/www.freidenker.org\/index.php?rest_route=%2Fwp%2Fv2%2Fmedia&parent=3148"}],"wp:term":[{"taxonomy":"category","embeddable":true,"href":"https:\/\/www.freidenker.org\/index.php?rest_route=%2Fwp%2Fv2%2Fcategories&post=3148"},{"taxonomy":"post_tag","embeddable":true,"href":"https:\/\/www.freidenker.org\/index.php?rest_route=%2Fwp%2Fv2%2Ftags&post=3148"}],"curies":[{"name":"wp","href":"https:\/\/api.w.org\/{rel}","templated":true}]}}