{"id":3146,"date":"2011-10-01T02:54:47","date_gmt":"2011-10-01T00:54:47","guid":{"rendered":"http:\/\/www.freidenker.org\/?p=3146"},"modified":"2018-02-14T21:48:09","modified_gmt":"2018-02-14T20:48:09","slug":"zweifel-und-kritik-an-fortschritt-wissenschaft-und-technik","status":"publish","type":"post","link":"https:\/\/www.freidenker.org\/?p=3146","title":{"rendered":"Zweifel und Kritik an Fortschritt, Wissenschaft und Technik"},"content":{"rendered":"<p><strong>Im Dienste der Menschen? Bedrohung? Zementierung von Unterdr\u00fcckung?<\/strong><\/p>\n<p>Diesen Fragestellungen widmet sich eine wissenschaftliche Konferenz des Bundesvorstands des Deutschen Freidenker-Verbands und des Landesverbands Sachsen<\/p>\n<p><strong><span style=\"color: #ff0000;\">am Sonnabend, 8. Oktober 2011 (ab: 11:00 Uhr)<\/span> in der<br \/>\n<\/strong><\/p>\n<address><strong>Hochschule f\u00fcr Technik und Wirtschaft Dresden (H\u00f6rsaal Z 107)<\/strong><\/address>\n<address><strong>Friedrich-List-Platz 1, 01069 Dresden (N\u00e4he Hauptbahnhof);<br \/>\nTeilnahmegeb\u00fchr 9 Euro, erm\u00e4\u00dfigt 6 Euro;<br \/>\n<\/strong><\/address>\n<p>in Zusammenarbeit mit der Tageszeitung \u201ejunge Welt\u201c, Ostdeutsches Kuratorium von Verb\u00e4nden e.V. , Gesellschaft zum Schutz von B\u00fcrgerrecht und Menschenw\u00fcrde e.V., Gesellschaft zur rechtlichen und humanit\u00e4ren Unterst\u00fctzung e.V.<\/p>\n<p><strong>Wem dient der Wissenschaftler \u2013 wem n\u00fctzt die Wissenschaft?<\/strong><br \/>\n20 Jahre nach dem Triumphgeheul \u00fcber das \u201eEnde der Geschichte\u201c ist vom Kapitalismus als \u201esiegreichem\u201c, \u201e\u00fcberlegenem\u201c und \u201eeffektiverem\u201c System keine Rede mehr.<\/p>\n<p>Die Wirtschaftskrise macht die Krisenhaftigkeit dieses Systems un\u00fcbersehbar, umso gefragter sind Ideologien, die die Systemursachen in Abrede stellen. Klassenneutral sollen die \u00dcbel und ihre Verursacher erscheinen: \u201eder Mensch\u201c, \u201edas Wachstum\u201c etc.; und wer die Gesetzm\u00e4\u00dfigkeit des gesellschaftlichen Fortschritts negiert oder nicht akzeptiert, kann umso besser den \u201eFortschrittsglauben\u201c verh\u00f6hnen. Aber Wissenschaft und Technik finden nun mal nicht au\u00dferhalb der Gesellschaft statt, und die ist in Klassen gespalten, und dies bestimmt ma\u00dfgeblich Erkenntnisinteressen, ethische Grundlagen und den Charakter der Ergebnisse.<\/p>\n<p>In diesem Sinn will unsere Konferenz Argumente gegen die um sich greifende Konfusion und Gehirnerweichung liefern.<\/p>\n<h2>Themen, Referenten, Statements<\/h2>\n<p><strong>Machtpolitik, Klassenfragen, Gewinner und Opfer<\/strong><br \/>\n<em>Klaus Hartmann, Offenbach \u2013 Verbandsvorsitzender <\/em><br \/>\n<strong><br \/>\nWissenschaft \u2013 Technik \u2013 Weltanschauung. Einige Anmerkungen.<\/strong><br \/>\n<em>Dr. Horst Schild, Dresden <\/em><\/p>\n<p><strong>Gesellschaftssystem &#8211; Moralkodex und Verantwortung der Wissenschaftler<\/strong><br \/>\n<em>Prof. Dr. Herbert H\u00f6rz, Berlin <\/em><\/p>\n<p><strong>Ern\u00e4hrung, Gentechnologie, Monsanto <\/strong><br \/>\n<em>Prof. Dr. Gisela Jacobasch, Wandlitz <\/em><\/p>\n<p><strong>Hightech-Militarismus und neues S\u00f6ldnertum \u00a0<\/strong><br \/>\n<em>Prof. Dr. Ernst Woit, Dresden <\/em><\/p>\n<p><strong>IT-Chancen f\u00fcr die Planwirtschaft<\/strong><br \/>\nHelmut Dunkhase, Berlin;<\/p>\n<p><strong>Energiebedarf und das Ende der \u00d6lzeit<\/strong><br \/>\n<em>Prof. Dr. Lothar Kolditz, F\u00fcrstenberg\/Havel <\/em><br \/>\n(schriftlicher Beitrag)<\/p>\n<p><strong>Schlussbemerkungen<\/strong><br \/>\n<em>Klaus Hartmann <\/em><\/p>\n<p>Zu jedem Vortrag sind Anfragen und Statements m\u00f6glich.<\/p>\n<p>Zeitlicher Ablauf Sonnabend, 8. Oktober 2011<\/p>\n<p>11:00 Uhr\u00a0\u00a0 \u00a0\u00a0\u00a0 \u00a0\u00a0\u00a0 \u00a0\u00a0\u00a0\u00a0\u00a0\u00a0 Beginn<br \/>\n11:00\u201313:00 Uhr\u00a0\u00a0 \u00a0\u00a0\u00a0 \u00a0Referate mit Anfragen<br \/>\n13:00\u201314:00 Uhr\u00a0\u00a0 \u00a0 \u00a0\u00a0 Mittagspause<br \/>\n14:00\u201316:00 Uhr\u00a0\u00a0 \u00a0\u00a0\u00a0 \u00a0Referate mit Anfragen<br \/>\nca. 16:30 Uhr\u00a0\u00a0 \u00a0\u00a0\u00a0 \u00a0\u00a0\u00a0\u00a0\u00a0 Ende der Konferenz<\/p>\n","protected":false},"excerpt":{"rendered":"<p><strong>Einladung zur wissenschaftlichen Konferenz des Deutschen Freidenker-Verbands am 8. Oktober 2011 in Dresden<\/strong><br \/>\nDie Wirtschaftskrise macht die Krisenhaftigkeit des Kapitalismus un\u00fcbersehbar, umso gefragter sind Ideologien, die die Systemursachen in Abrede stellen. Klassenneutral sollen die \u00dcbel und ihre Verursacher erscheinen: \u201eder Mensch\u201c, \u201edas Wachstum\u201c etc.; und wer die Gesetzm\u00e4\u00dfigkeit des gesellschaftlichen Fortschritts negiert oder nicht akzeptiert, kann umso besser den \u201eFortschrittsglauben\u201c verh\u00f6hnen. Aber Wissenschaft und Technik finden nun mal nicht au\u00dferhalb der Gesellschaft statt, und die ist in Klassen gespalten, und dies bestimmt ma\u00dfgeblich Erkenntnisinteressen, ethische Grundlagen und den Charakter der Ergebnisse.<\/p>\n","protected":false},"author":3,"featured_media":3920,"comment_status":"closed","ping_status":"closed","sticky":false,"template":"","format":"standard","meta":{"colormag_page_container_layout":"default_layout","colormag_page_sidebar_layout":"default_layout","advanced_seo_description":"","jetpack_seo_html_title":"","jetpack_seo_noindex":false,"jetpack_post_was_ever_published":false,"footnotes":""},"categories":[16,20],"tags":[778,216,123,633],"class_list":["post-3146","post","type-post","status-publish","format-standard","has-post-thumbnail","hentry","category-weltanschauung-philosophie","category-zentrale-veranstaltungen","tag-ethik-und-moral","tag-krise-des-kapitalismus","tag-wissenschaft","tag-wissenschaftlich-technischer-fortschritt"],"jetpack_featured_media_url":"https:\/\/i0.wp.com\/www.freidenker.org\/fw17\/wp-content\/uploads\/2011\/10\/dna-2075143_800x445.jpg?fit=800%2C445&ssl=1","jetpack_shortlink":"https:\/\/wp.me\/p9stpK-OK","jetpack-related-posts":[{"id":824,"url":"https:\/\/www.freidenker.org\/?p=824","url_meta":{"origin":3146,"position":0},"title":"FREIDENKER 2-15 &#8211; Fortschritt &#8211; Wissenschaft &#8211; Technik: Im Dienst des Menschen?","author":"Webmaster","date":"16. Juni 2015","format":false,"excerpt":"Die Ausgabe 2-15 des Verbandsorgans FREIDENKER hat das Schwerpunkt-Thema \u201eFortschritt - Wissenschaft - Technik: Im Dienst des Menschen?\u201c und enth\u00e4lt u.a folgende Beitr\u00e4ge von der Konferenz \u201eZweifel und Kritik an Fortschritt, Wissenschaft und Technik\u201c am 08.10.2011 in Dresden: - Klaus Hartmann: \"Zweifel \u2013 Kritik \u2013 Anklage: Fortschritt \u2013 Wissenschaft \u2013\u2026","rel":"","context":"In &quot;Verbandsorgan FREIDENKER&quot;","block_context":{"text":"Verbandsorgan FREIDENKER","link":"https:\/\/www.freidenker.org\/?cat=8"},"img":{"alt_text":"","src":"https:\/\/i0.wp.com\/www.freidenker.org\/fw17\/wp-content\/uploads\/2017\/12\/FD_2015-02_Titel_mR.jpg?fit=800%2C445&ssl=1&resize=350%2C200","width":350,"height":200,"srcset":"https:\/\/i0.wp.com\/www.freidenker.org\/fw17\/wp-content\/uploads\/2017\/12\/FD_2015-02_Titel_mR.jpg?fit=800%2C445&ssl=1&resize=350%2C200 1x, https:\/\/i0.wp.com\/www.freidenker.org\/fw17\/wp-content\/uploads\/2017\/12\/FD_2015-02_Titel_mR.jpg?fit=800%2C445&ssl=1&resize=525%2C300 1.5x, https:\/\/i0.wp.com\/www.freidenker.org\/fw17\/wp-content\/uploads\/2017\/12\/FD_2015-02_Titel_mR.jpg?fit=800%2C445&ssl=1&resize=700%2C400 2x"},"classes":[]},{"id":2882,"url":"https:\/\/www.freidenker.org\/?p=2882","url_meta":{"origin":3146,"position":1},"title":"Wissenschaft \u2013 Technik \u2013 Weltanschauung","author":"Webredaktion","date":"17. Juni 2015","format":false,"excerpt":"Beitrag von Horst Schild auf der Konferenz \u201eZweifel und Kritik an Fortschritt, Wissenschaft und Technik\u201c am 08.10.2011 in Dresden. Aus: FREIDENKER 2-15 M\u00fcssen wir die Wissenschaft f\u00fcrchten, Sorge vor ihren Resultaten, auch technischen Resultaten, haben? Sind gar die Wissenschaftler schuld, wenn ihre Erkenntnisse von eben diesen \u201eMachthabern\u201c missbraucht werden? Liegt\u2026","rel":"","context":"In &quot;Weltanschauung &amp; Philosophie&quot;","block_context":{"text":"Weltanschauung &amp; Philosophie","link":"https:\/\/www.freidenker.org\/?cat=16"},"img":{"alt_text":"","src":"https:\/\/i0.wp.com\/www.freidenker.org\/fw17\/wp-content\/uploads\/2017\/12\/wire-rack-1311161_800x445.jpg?fit=800%2C445&ssl=1&resize=350%2C200","width":350,"height":200,"srcset":"https:\/\/i0.wp.com\/www.freidenker.org\/fw17\/wp-content\/uploads\/2017\/12\/wire-rack-1311161_800x445.jpg?fit=800%2C445&ssl=1&resize=350%2C200 1x, https:\/\/i0.wp.com\/www.freidenker.org\/fw17\/wp-content\/uploads\/2017\/12\/wire-rack-1311161_800x445.jpg?fit=800%2C445&ssl=1&resize=525%2C300 1.5x, https:\/\/i0.wp.com\/www.freidenker.org\/fw17\/wp-content\/uploads\/2017\/12\/wire-rack-1311161_800x445.jpg?fit=800%2C445&ssl=1&resize=700%2C400 2x"},"classes":[]},{"id":3131,"url":"https:\/\/www.freidenker.org\/?p=3131","url_meta":{"origin":3146,"position":2},"title":"Bericht \u00fcber die Konferenz &#8222;Zweifel und Kritik an Fortschritt, Wissenschaft und Technik &#8222;","author":"Webredaktion","date":"3. Dezember 2011","format":false,"excerpt":"Bericht \u00fcber die Wissenschaftliche Konferenz am 8. Oktober 2011 in Dresden von Eberhard Schinck Zum Thema wurden Antworten gesucht auf die Frage: Cui bono? Oder \u2013 wem dient der Wissenschaftler \u2013 wem n\u00fctzt die Wissenschaft? Der rote Faden war bestimmt von der Kritik am gegenw\u00e4rtigen Gesellschaftssystem in Deutschland. Unter den\u2026","rel":"","context":"In &quot;Weltanschauung &amp; Philosophie&quot;","block_context":{"text":"Weltanschauung &amp; Philosophie","link":"https:\/\/www.freidenker.org\/?cat=16"},"img":{"alt_text":"","src":"https:\/\/i0.wp.com\/www.freidenker.org\/fw17\/wp-content\/uploads\/2011\/12\/hand-1571852_800x445.jpg?fit=800%2C445&ssl=1&resize=350%2C200","width":350,"height":200,"srcset":"https:\/\/i0.wp.com\/www.freidenker.org\/fw17\/wp-content\/uploads\/2011\/12\/hand-1571852_800x445.jpg?fit=800%2C445&ssl=1&resize=350%2C200 1x, https:\/\/i0.wp.com\/www.freidenker.org\/fw17\/wp-content\/uploads\/2011\/12\/hand-1571852_800x445.jpg?fit=800%2C445&ssl=1&resize=525%2C300 1.5x, https:\/\/i0.wp.com\/www.freidenker.org\/fw17\/wp-content\/uploads\/2011\/12\/hand-1571852_800x445.jpg?fit=800%2C445&ssl=1&resize=700%2C400 2x"},"classes":[]},{"id":4889,"url":"https:\/\/www.freidenker.org\/?p=4889","url_meta":{"origin":3146,"position":3},"title":"Konferenz: Individuum und Gesellschaft \u2013 Menschenbild und Pers\u00f6nlichkeitstheorie im Marxismus","author":"Webredaktion","date":"27. M\u00e4rz 2018","format":false,"excerpt":"\u00d6ffentliche Wissenschaftliche Konferenz zum 200. Geburtstag von Karl Marx am Samstag, 28. April 2018, in Hannover Individuum und Gesellschaft \u2013 Menschenbild und Pers\u00f6nlichkeitstheorie im Marxismus Vortr\u00e4ge und Diskussion: - Was ist der Mensch? (Klaus Hartmann) - Pers\u00f6nlichkeit und sozialer Sinn (Prof. Dr. Wolfgang Jantzen) - Die Leere der Frankfurter Schule\u2026","rel":"","context":"In &quot;Weltanschauung &amp; Philosophie&quot;","block_context":{"text":"Weltanschauung &amp; Philosophie","link":"https:\/\/www.freidenker.org\/?cat=16"},"img":{"alt_text":"","src":"https:\/\/i0.wp.com\/www.freidenker.org\/fw17\/wp-content\/uploads\/2018\/03\/karl-marx-konferenz_800x445.jpg?fit=800%2C445&ssl=1&resize=350%2C200","width":350,"height":200,"srcset":"https:\/\/i0.wp.com\/www.freidenker.org\/fw17\/wp-content\/uploads\/2018\/03\/karl-marx-konferenz_800x445.jpg?fit=800%2C445&ssl=1&resize=350%2C200 1x, https:\/\/i0.wp.com\/www.freidenker.org\/fw17\/wp-content\/uploads\/2018\/03\/karl-marx-konferenz_800x445.jpg?fit=800%2C445&ssl=1&resize=525%2C300 1.5x, https:\/\/i0.wp.com\/www.freidenker.org\/fw17\/wp-content\/uploads\/2018\/03\/karl-marx-konferenz_800x445.jpg?fit=800%2C445&ssl=1&resize=700%2C400 2x"},"classes":[]},{"id":6932,"url":"https:\/\/www.freidenker.org\/?p=6932","url_meta":{"origin":3146,"position":4},"title":"Konferenz &#8222;Der tiefe Staat \u2013 oder: Wer regiert den Westen?&#8220;","author":"Webredaktion","date":"5. September 2019","format":false,"excerpt":"Der Deutsche Freideker-Verband l\u00e4dt ein zur Konferenz \"Der tiefe Staat \u2013 oder: Wer regiert den Westen? Samstag, 16. November 2019, 10:30 - 17 Uhr, Naturfreundehaus Fuchsrain, Stuttgart, Vortr\u00e4ge: Ullrich Mies: Wer oder was ist der Tiefe Staat? \/ Hermann Ploppa: Betreutes Denken: Medien, Think Tanks, NGOs & transatlantische Netzwerke \/\u2026","rel":"","context":"In &quot;Zentrale Veranstaltungen&quot;","block_context":{"text":"Zentrale Veranstaltungen","link":"https:\/\/www.freidenker.org\/?cat=20"},"img":{"alt_text":"","src":"https:\/\/i0.wp.com\/www.freidenker.org\/fw17\/wp-content\/uploads\/2019\/09\/tieferstaat_800x445.jpg?fit=800%2C445&ssl=1&resize=350%2C200","width":350,"height":200,"srcset":"https:\/\/i0.wp.com\/www.freidenker.org\/fw17\/wp-content\/uploads\/2019\/09\/tieferstaat_800x445.jpg?fit=800%2C445&ssl=1&resize=350%2C200 1x, https:\/\/i0.wp.com\/www.freidenker.org\/fw17\/wp-content\/uploads\/2019\/09\/tieferstaat_800x445.jpg?fit=800%2C445&ssl=1&resize=525%2C300 1.5x, https:\/\/i0.wp.com\/www.freidenker.org\/fw17\/wp-content\/uploads\/2019\/09\/tieferstaat_800x445.jpg?fit=800%2C445&ssl=1&resize=700%2C400 2x"},"classes":[]},{"id":9169,"url":"https:\/\/www.freidenker.org\/?p=9169","url_meta":{"origin":3146,"position":5},"title":"\u00dcber 100.000 Euro f\u00fcr russische Veteranen","author":"Webredaktion","date":"8. Januar 2021","format":false,"excerpt":"Auf Initiative des deutschen Fallschirmj\u00e4ger-Traditionsverbandes Ost e.V. wurde im Dezember 2020 eine Spendensammlung f\u00fcr russische Veteranen des Zweiten Weltkriegs, f\u00fcr \u00dcberlebende der KZs und der Blockade von Leningrad gestartet. Das Ergebnis, 100.200,00 Euro, wurde am 5. Januar 2021, dem Vorabend des russischen Weihnachtsfestes in Berlin vor dem Sowjetischen Ehrenmal im\u2026","rel":"","context":"In &quot;Frieden - Antifaschismus - Solidarit\u00e4t&quot;","block_context":{"text":"Frieden - Antifaschismus - Solidarit\u00e4t","link":"https:\/\/www.freidenker.org\/?cat=13"},"img":{"alt_text":"","src":"https:\/\/i0.wp.com\/www.freidenker.org\/fw17\/wp-content\/uploads\/2021\/01\/210105-glinka_u_uli_800x450.jpg?fit=800%2C450&ssl=1&resize=350%2C200","width":350,"height":200,"srcset":"https:\/\/i0.wp.com\/www.freidenker.org\/fw17\/wp-content\/uploads\/2021\/01\/210105-glinka_u_uli_800x450.jpg?fit=800%2C450&ssl=1&resize=350%2C200 1x, https:\/\/i0.wp.com\/www.freidenker.org\/fw17\/wp-content\/uploads\/2021\/01\/210105-glinka_u_uli_800x450.jpg?fit=800%2C450&ssl=1&resize=525%2C300 1.5x, https:\/\/i0.wp.com\/www.freidenker.org\/fw17\/wp-content\/uploads\/2021\/01\/210105-glinka_u_uli_800x450.jpg?fit=800%2C450&ssl=1&resize=700%2C400 2x"},"classes":[]}],"_links":{"self":[{"href":"https:\/\/www.freidenker.org\/index.php?rest_route=\/wp\/v2\/posts\/3146","targetHints":{"allow":["GET"]}}],"collection":[{"href":"https:\/\/www.freidenker.org\/index.php?rest_route=\/wp\/v2\/posts"}],"about":[{"href":"https:\/\/www.freidenker.org\/index.php?rest_route=\/wp\/v2\/types\/post"}],"author":[{"embeddable":true,"href":"https:\/\/www.freidenker.org\/index.php?rest_route=\/wp\/v2\/users\/3"}],"replies":[{"embeddable":true,"href":"https:\/\/www.freidenker.org\/index.php?rest_route=%2Fwp%2Fv2%2Fcomments&post=3146"}],"version-history":[{"count":0,"href":"https:\/\/www.freidenker.org\/index.php?rest_route=\/wp\/v2\/posts\/3146\/revisions"}],"wp:featuredmedia":[{"embeddable":true,"href":"https:\/\/www.freidenker.org\/index.php?rest_route=\/wp\/v2\/media\/3920"}],"wp:attachment":[{"href":"https:\/\/www.freidenker.org\/index.php?rest_route=%2Fwp%2Fv2%2Fmedia&parent=3146"}],"wp:term":[{"taxonomy":"category","embeddable":true,"href":"https:\/\/www.freidenker.org\/index.php?rest_route=%2Fwp%2Fv2%2Fcategories&post=3146"},{"taxonomy":"post_tag","embeddable":true,"href":"https:\/\/www.freidenker.org\/index.php?rest_route=%2Fwp%2Fv2%2Ftags&post=3146"}],"curies":[{"name":"wp","href":"https:\/\/api.w.org\/{rel}","templated":true}]}}