{"id":3137,"date":"2011-11-16T02:39:42","date_gmt":"2011-11-16T01:39:42","guid":{"rendered":"http:\/\/www.freidenker.org\/?p=3137"},"modified":"2018-02-14T21:47:48","modified_gmt":"2018-02-14T20:47:48","slug":"warum-unselig-sprechung-durch-den-deutschen-freidenker-verband","status":"publish","type":"post","link":"https:\/\/www.freidenker.org\/?p=3137","title":{"rendered":"Warum \u201eUnselig-Sprechung\u201c durch den Deutschen Freidenker-Verband?"},"content":{"rendered":"<p>Der Deutsche Freidenker-Verband will das unmoralische Verhalten von zwei Konzernmanagern gegen\u00fcber einer von ihrer Firma angestellten Frau nicht unkommentiert lassen:<\/p>\n<p>Die Herren Ren\u00e9 Schuster und Albert Fetsch, ihres Zeichens Chief Executive Officer, respektive Leiter Externe Kommunikation der Telef\u00f3nica Germany GmbH &amp; Co. OHG, werden vom Deutschen Freidenker-Verband im Namen der dreieinigen Forderung nach Freiheit, Gleichheit und Br\u00fcderlichkeit \u201eunselig\u201c gesprochen. Begr\u00fcndung: Sie haben Vanessa Hessler, die bisher als Model und Werbemaskottchen der Firmenmarke gedient hat, fristlos entlassen. Die Schauspielerin hat es gewagt, zu Libyen, zur Familie Ghaddafi und zum Vernichtungsfeldzug gegen das nordafrikanische Land ihre pers\u00f6nliche Meinung in einem Interview zu \u00e4u\u00dfern. Doch die mediale Gleichschaltung kann nicht einmal diese Einzelstimme dulden. Ein typischer Fall von Zensur, die bekanntlich in staatlicher Form verboten ist, aber legal und effektiv durch Akteure der so genannten Zivilgesellschaft ge\u00fcbt wird. In diesem Falle der Unselig-Sprechung geht es also keineswegs um die NATO-Politiker oder Milit\u00e4rs, die sich durch den Angriffskrieg gegen Libyen schwerster v\u00f6lkerrechtlicher Verbrechen schuldig gemacht haben. Um diese T\u00e4tergruppe h\u00e4tte sich eine ihres Namens w\u00fcrdige Strafjustiz zu k\u00fcmmern. Auch handelt es sich hier nur mittelbar um die Kriegsjournaille, die gegen Libyen als vierte Waffengattung funktioniert hat. Mit jenen Journalisten, die zu gewaltsamer Einmischung in fremden L\u00e4ndern trommeln, sollen sich Kollegen auseinandersetzen, wenn der schreibenden Zunft noch an beruflichem Ansehen und Berufsethos gelegen ist. Nein, es handelt sich bei dieser Unselig-Sprechung um ganz gew\u00f6hnliche Menschen, eben subalterne Gesch\u00e4ftemacher, die \u2013 auch ihrer Profitlogik folgend \u2013 vor dem herrschenden Meinungsterror moralisch eingeknickt sind. Wie darauf reagieren?<\/p>\n<p>Hier hat die Katholische Kirche Anregung zu bieten. Sie praktiziert seit fast zwei Jahrtausenden die Selig- und Heiligsprechung. Einzelne Figuren sollen religi\u00f6s verehrt werden, als Vorbilder zur St\u00e4rkung des Moralbewusstseins beitragen. Selbstverst\u00e4ndlich im Sinne der Kirche. Aber dieser Kult bedeutet in heutigen Zeiten, da Antikommunismus und Fortschrittsfeindlichkeit in die Barbarei f\u00fchren, dass auch Nazi-Kollaborateure wie der kroatische Erzbischof Aloisius Viktor Stepinac oder der Gr\u00fcnder des reaktion\u00e4ren Ordens Opus Dei, Josefmaria Escriv\u00e1, zu moralischen Vorbildern der Kirche avancieren. Die Anpassung des Vatikans an den Zeitgeist hat das ganze Gesch\u00e4ft der Vermehrung von Seligen und Heiligen auf Touren aber auch in Verruf gebracht. Ganz allgemein sind vorbildliche Pers\u00f6nlichkeiten \u00fcberhaupt rar geworden. Hier wirkt die \u201eDialektik der Entzivilisierung\u201c (Werner Seppmann), die der kapitalistischen Widerspruchsentwicklung eigen ist. Soll unter diesen Umst\u00e4nden \u00fcber Fragen der Ethik und Moral Klarheit geschaffen werden, so scheinen manchmal auch neue Formen angebracht. Warum nicht an Beispielen moralisch verwerflichen Verhaltens \u00fcber das Richtige und Gebotene aufkl\u00e4ren? Die Methode ist alt, neu ist das Verfahren, das eine alte kompromittierte Institution karikieren und im dialektischen Sinne \u201eaufheben\u201c will. Die Religionskritik der Freidenker ist Gesellschaftskritik. Dem soll auch das neu geschaffene Institut der Unselig- und Scheinheiligsprechung dienen. Zum erstmaligen Fall seiner Anwendung mehr auf der Webseite des Deutschen Freidenker-Verbands.<\/p>\n<p>Siehe auch: <a href=\"https:\/\/www.freidenker.org\/?p=3134\">Unselig-Sprechung von Ren\u00e9 Schuster und Albert Fetsch<\/a><\/p>\n<hr \/>\n<p>Collage: rlx (unter Verwendung von Bildern von pixabay.com [User: SilviaP_Design] und go.flickr [CC BY-SA 2.0 (https:\/\/creativecommons.org\/licenses\/by-sa\/2.0)], via Wikimedia Commons)<\/p>\n","protected":false},"excerpt":{"rendered":"<p>Soll \u00fcber Fragen der Ethik und Moral Klarheit geschaffen werden, so scheinen manchmal auch neue Formen angebracht. Warum nicht an Beispielen moralisch verwerflichen Verhaltens \u00fcber das Richtige und Gebotene aufkl\u00e4ren? Die Methode ist alt, neu ist das Verfahren, das eine alte kompromittierte Institution karikieren und im dialektischen Sinne \u201eaufheben\u201c will. Die Religionskritik der Freidenker ist Gesellschaftskritik. Dem soll auch das neu geschaffene Institut der Unselig- und Scheinheiligsprechung dienen. Zum erstmaligen Fall seiner Anwendung mehr auf der Webseite des Deutschen Freidenker-Verbands.<\/p>\n","protected":false},"author":3,"featured_media":3916,"comment_status":"closed","ping_status":"closed","sticky":false,"template":"","format":"standard","meta":{"colormag_page_container_layout":"default_layout","colormag_page_sidebar_layout":"default_layout","advanced_seo_description":"","jetpack_seo_html_title":"","jetpack_seo_noindex":false,"jetpack_post_was_ever_published":false,"footnotes":""},"categories":[12],"tags":[778,395,772,774],"class_list":["post-3137","post","type-post","status-publish","format-standard","has-post-thumbnail","hentry","category-demokratie-medien-aufklaerung","tag-ethik-und-moral","tag-meinungsfreiheit","tag-unselig-sprechung","tag-vanessa-hessler"],"jetpack_featured_media_url":"https:\/\/i0.wp.com\/www.freidenker.org\/fw17\/wp-content\/uploads\/2011\/11\/o2_with_devil.jpg?fit=800%2C445&ssl=1","jetpack_shortlink":"https:\/\/wp.me\/p9stpK-OB","jetpack-related-posts":[{"id":3267,"url":"https:\/\/www.freidenker.org\/?p=3267","url_meta":{"origin":3137,"position":0},"title":"Freidenker trauern um Hans Lutter","author":"Webredaktion","date":"1. M\u00e4rz 2009","format":false,"excerpt":"Nachruf auf Hans Lutter Mit Hans Lutter verliert der Deutsche Freidenker-Verband einen Genossen, der sich gro\u00dfe Verdienste um unseren Verband, die marxistische Religionswissenschaft und den christlich-marxistischen Dialog erworben hat. Hans Lutter war Gr\u00fcndungsmitglied des Verbandes der Freidenker der DDR und ma\u00dfgeblich an der Zusammenf\u00fchrung der Freidenker aus den alten und\u2026","rel":"","context":"In &quot;Weltliche Trauerkultur&quot;","block_context":{"text":"Weltliche Trauerkultur","link":"https:\/\/www.freidenker.org\/?cat=17"},"img":{"alt_text":"","src":"https:\/\/i0.wp.com\/www.freidenker.org\/fw17\/wp-content\/uploads\/2009\/03\/tree-3072431_800x445.jpg?fit=800%2C445&ssl=1&resize=350%2C200","width":350,"height":200,"srcset":"https:\/\/i0.wp.com\/www.freidenker.org\/fw17\/wp-content\/uploads\/2009\/03\/tree-3072431_800x445.jpg?fit=800%2C445&ssl=1&resize=350%2C200 1x, https:\/\/i0.wp.com\/www.freidenker.org\/fw17\/wp-content\/uploads\/2009\/03\/tree-3072431_800x445.jpg?fit=800%2C445&ssl=1&resize=525%2C300 1.5x, https:\/\/i0.wp.com\/www.freidenker.org\/fw17\/wp-content\/uploads\/2009\/03\/tree-3072431_800x445.jpg?fit=800%2C445&ssl=1&resize=700%2C400 2x"},"classes":[]},{"id":6231,"url":"https:\/\/www.freidenker.org\/?p=6231","url_meta":{"origin":3137,"position":1},"title":"Wir trauern um Horst Schild","author":"Webredaktion","date":"16. April 2019","format":false,"excerpt":"Wir trauern um Dr. phil. habil. Horst Schild (7. Dezember 1940 \u2013 7. April 2019) Horst war Gr\u00fcndungsmitglied des Verbandes der Freidenker der DDR und gestaltete die beim Verbandstag 1991 in Braunschweig vollzogene Vereinigung zu einem gemeinsamen Deutschen Freidenker-Verband aktiv mit. Seitdem war er ununterbrochen f\u00fcr die Freidenker in Dresden\u2026","rel":"","context":"In &quot;Weltliche Trauerkultur&quot;","block_context":{"text":"Weltliche Trauerkultur","link":"https:\/\/www.freidenker.org\/?cat=17"},"img":{"alt_text":"","src":"https:\/\/i0.wp.com\/www.freidenker.org\/fw17\/wp-content\/uploads\/2019\/04\/horst_schild_nachruf_800x445.jpg?fit=800%2C445&ssl=1&resize=350%2C200","width":350,"height":200,"srcset":"https:\/\/i0.wp.com\/www.freidenker.org\/fw17\/wp-content\/uploads\/2019\/04\/horst_schild_nachruf_800x445.jpg?fit=800%2C445&ssl=1&resize=350%2C200 1x, https:\/\/i0.wp.com\/www.freidenker.org\/fw17\/wp-content\/uploads\/2019\/04\/horst_schild_nachruf_800x445.jpg?fit=800%2C445&ssl=1&resize=525%2C300 1.5x, https:\/\/i0.wp.com\/www.freidenker.org\/fw17\/wp-content\/uploads\/2019\/04\/horst_schild_nachruf_800x445.jpg?fit=800%2C445&ssl=1&resize=700%2C400 2x"},"classes":[]},{"id":6478,"url":"https:\/\/www.freidenker.org\/?p=6478","url_meta":{"origin":3137,"position":2},"title":"DFV Nord protestiert gegen die Werbekampagne f\u00fcr die Bundeswehr","author":"Webredaktion","date":"16. Juni 2019","format":false,"excerpt":"Der Deutsche Freidenker-Verband, Landesverband Nord e.V., hat sich mit einem offenen Brief an Bundeskanzlerin Angela Merkel und Bundesverteidigungsministerin Ursula von der Leyen gewandt und protestiert gegen die laufende Werbekampagne der Bundeswehr. Ein Plakat mit den Schlagworten \u201eWasser, Gas, Schiessen\u201c ist so etwas von Kriegspropaganda, die unertr\u00e4glich ist.","rel":"","context":"In &quot;Frieden - Antifaschismus - Solidarit\u00e4t&quot;","block_context":{"text":"Frieden - Antifaschismus - Solidarit\u00e4t","link":"https:\/\/www.freidenker.org\/?cat=13"},"img":{"alt_text":"","src":"https:\/\/i0.wp.com\/www.freidenker.org\/fw17\/wp-content\/uploads\/2019\/06\/panzer-948809_800x445.jpg?fit=800%2C445&ssl=1&resize=350%2C200","width":350,"height":200,"srcset":"https:\/\/i0.wp.com\/www.freidenker.org\/fw17\/wp-content\/uploads\/2019\/06\/panzer-948809_800x445.jpg?fit=800%2C445&ssl=1&resize=350%2C200 1x, https:\/\/i0.wp.com\/www.freidenker.org\/fw17\/wp-content\/uploads\/2019\/06\/panzer-948809_800x445.jpg?fit=800%2C445&ssl=1&resize=525%2C300 1.5x, https:\/\/i0.wp.com\/www.freidenker.org\/fw17\/wp-content\/uploads\/2019\/06\/panzer-948809_800x445.jpg?fit=800%2C445&ssl=1&resize=700%2C400 2x"},"classes":[]},{"id":19698,"url":"https:\/\/www.freidenker.org\/?p=19698","url_meta":{"origin":3137,"position":3},"title":"Freidenker NRW am 7. September in Stukenbrock","author":"Webredaktion","date":"13. August 2024","format":false,"excerpt":"Pressemitteilung des Landesverbands Nordrhein-Westfalen im Deutschen Freidenker-Verband, 12.08.2024 Der 7. September 2024 in Stukenbrock steht wie seit vielen Jahren im Zeichen der Opfer des Zweiten Weltkriegs \u2013 besonders derer der Sowjetunion. Im Aufruf des Arbeitskreises \u2018Blumen f\u00fcr Stukenbrock\u2019 hei\u00dft es: \u201eAuf dem Sowjetischen Soldatenfriedhof liegen 65.000 in deutscher Gefangenschaft zu\u2026","rel":"","context":"In &quot;Frieden - Antifaschismus - Solidarit\u00e4t&quot;","block_context":{"text":"Frieden - Antifaschismus - Solidarit\u00e4t","link":"https:\/\/www.freidenker.org\/?cat=13"},"img":{"alt_text":"","src":"https:\/\/i0.wp.com\/www.freidenker.org\/fw17\/wp-content\/uploads\/2024\/08\/Stukenbrock_-_2016-05-01_-_Sowjetischer_Friedhof_014_800x450.jpg?fit=800%2C450&ssl=1&resize=350%2C200","width":350,"height":200,"srcset":"https:\/\/i0.wp.com\/www.freidenker.org\/fw17\/wp-content\/uploads\/2024\/08\/Stukenbrock_-_2016-05-01_-_Sowjetischer_Friedhof_014_800x450.jpg?fit=800%2C450&ssl=1&resize=350%2C200 1x, https:\/\/i0.wp.com\/www.freidenker.org\/fw17\/wp-content\/uploads\/2024\/08\/Stukenbrock_-_2016-05-01_-_Sowjetischer_Friedhof_014_800x450.jpg?fit=800%2C450&ssl=1&resize=525%2C300 1.5x, https:\/\/i0.wp.com\/www.freidenker.org\/fw17\/wp-content\/uploads\/2024\/08\/Stukenbrock_-_2016-05-01_-_Sowjetischer_Friedhof_014_800x450.jpg?fit=800%2C450&ssl=1&resize=700%2C400 2x"},"classes":[]},{"id":23999,"url":"https:\/\/www.freidenker.org\/?p=23999","url_meta":{"origin":3137,"position":4},"title":"Neue Aufkleber &#8222;Kriegsdienstpflicht&#8220; und &#8222;Gesellschaftspflichtjahr&#8220;","author":"Webredaktion","date":"26. Dezember 2025","format":false,"excerpt":"Im Zuge der von Pistorius, Merz und anderen \"Spitzen\" der Bundesregierung betriebenen Kriegsert\u00fcchtigung wurde die \"Wehrpflicht\" durch Gesetz wiedereingef\u00fchrt. Falls sich nicht gen\u00fcgend Freiwillige als Kanonenfutter finden, soll die Zwangsrekutierung folgen. Der Deutsche Freidenker-Verband solidarisiert sich mit den Sch\u00fclerprotesten gegen die Pflicht zum Kriegsdienst und steuert zur Unterst\u00fctzung einen neuen\u2026","rel":"","context":"In &quot;Frieden - Antifaschismus - Solidarit\u00e4t&quot;","block_context":{"text":"Frieden - Antifaschismus - Solidarit\u00e4t","link":"https:\/\/www.freidenker.org\/?cat=13"},"img":{"alt_text":"","src":"https:\/\/i0.wp.com\/www.freidenker.org\/fw17\/wp-content\/uploads\/2025\/12\/Aufkleber_Kriegsdienstpflicht_und_Gesellschaftspflichtjahr.jpg?fit=800%2C450&ssl=1&resize=350%2C200","width":350,"height":200,"srcset":"https:\/\/i0.wp.com\/www.freidenker.org\/fw17\/wp-content\/uploads\/2025\/12\/Aufkleber_Kriegsdienstpflicht_und_Gesellschaftspflichtjahr.jpg?fit=800%2C450&ssl=1&resize=350%2C200 1x, https:\/\/i0.wp.com\/www.freidenker.org\/fw17\/wp-content\/uploads\/2025\/12\/Aufkleber_Kriegsdienstpflicht_und_Gesellschaftspflichtjahr.jpg?fit=800%2C450&ssl=1&resize=525%2C300 1.5x, https:\/\/i0.wp.com\/www.freidenker.org\/fw17\/wp-content\/uploads\/2025\/12\/Aufkleber_Kriegsdienstpflicht_und_Gesellschaftspflichtjahr.jpg?fit=800%2C450&ssl=1&resize=700%2C400 2x"},"classes":[]},{"id":3010,"url":"https:\/\/www.freidenker.org\/?p=3010","url_meta":{"origin":3137,"position":5},"title":"Freidenker-Brief 3-2015: 8. Mai 2015 \u2013 70 Jahre \u201eTag der Befreiung\u201c","author":"Webredaktion","date":"3. April 2015","format":false,"excerpt":"Der Deutsche Freidenker-Verband ver\u00f6ffentlicht in seiner Verbandszeitschrift \u201eFreidenker\u201c Nr. 1-15 (M\u00e4rz 2015) seine Erkl\u00e4rung \u201e70 Jahre nach der Befreiung vom Faschismus \u2013 Deutschland braucht eine grundlegend andere Au\u00dfenpolitik: Verst\u00e4ndigung statt Konfrontation\u201c Ferner hat der Verbandsvorstand beschlossen: - Der Deutsche Freidenker-Verband unterst\u00fctzt den Aufruf des Berliner Aktionsb\u00fcndnisses \u201e70 Jahre Tag der\u2026","rel":"","context":"In &quot;Freidenker-Brief&quot;","block_context":{"text":"Freidenker-Brief","link":"https:\/\/www.freidenker.org\/?cat=341"},"img":{"alt_text":"","src":"https:\/\/i0.wp.com\/www.freidenker.org\/fw17\/wp-content\/uploads\/2015\/04\/tdb2015_800x445.jpg?fit=800%2C445&ssl=1&resize=350%2C200","width":350,"height":200,"srcset":"https:\/\/i0.wp.com\/www.freidenker.org\/fw17\/wp-content\/uploads\/2015\/04\/tdb2015_800x445.jpg?fit=800%2C445&ssl=1&resize=350%2C200 1x, https:\/\/i0.wp.com\/www.freidenker.org\/fw17\/wp-content\/uploads\/2015\/04\/tdb2015_800x445.jpg?fit=800%2C445&ssl=1&resize=525%2C300 1.5x, https:\/\/i0.wp.com\/www.freidenker.org\/fw17\/wp-content\/uploads\/2015\/04\/tdb2015_800x445.jpg?fit=800%2C445&ssl=1&resize=700%2C400 2x"},"classes":[]}],"_links":{"self":[{"href":"https:\/\/www.freidenker.org\/index.php?rest_route=\/wp\/v2\/posts\/3137","targetHints":{"allow":["GET"]}}],"collection":[{"href":"https:\/\/www.freidenker.org\/index.php?rest_route=\/wp\/v2\/posts"}],"about":[{"href":"https:\/\/www.freidenker.org\/index.php?rest_route=\/wp\/v2\/types\/post"}],"author":[{"embeddable":true,"href":"https:\/\/www.freidenker.org\/index.php?rest_route=\/wp\/v2\/users\/3"}],"replies":[{"embeddable":true,"href":"https:\/\/www.freidenker.org\/index.php?rest_route=%2Fwp%2Fv2%2Fcomments&post=3137"}],"version-history":[{"count":0,"href":"https:\/\/www.freidenker.org\/index.php?rest_route=\/wp\/v2\/posts\/3137\/revisions"}],"wp:featuredmedia":[{"embeddable":true,"href":"https:\/\/www.freidenker.org\/index.php?rest_route=\/wp\/v2\/media\/3916"}],"wp:attachment":[{"href":"https:\/\/www.freidenker.org\/index.php?rest_route=%2Fwp%2Fv2%2Fmedia&parent=3137"}],"wp:term":[{"taxonomy":"category","embeddable":true,"href":"https:\/\/www.freidenker.org\/index.php?rest_route=%2Fwp%2Fv2%2Fcategories&post=3137"},{"taxonomy":"post_tag","embeddable":true,"href":"https:\/\/www.freidenker.org\/index.php?rest_route=%2Fwp%2Fv2%2Ftags&post=3137"}],"curies":[{"name":"wp","href":"https:\/\/api.w.org\/{rel}","templated":true}]}}