{"id":3134,"date":"2011-11-17T02:28:10","date_gmt":"2011-11-17T01:28:10","guid":{"rendered":"http:\/\/www.freidenker.org\/?p=3134"},"modified":"2018-02-18T14:02:14","modified_gmt":"2018-02-18T13:02:14","slug":"unselig-sprechung-von-rene-schuster-und-albert-fetsch","status":"publish","type":"post","link":"https:\/\/www.freidenker.org\/?p=3134","title":{"rendered":"Unselig-Sprechung von Ren\u00e9 Schuster und Albert Fetsch"},"content":{"rendered":"<p class=\"Normal\"><strong><em>Der Deutsche Freidenker-Verband hat &#8211; angeregt von der segensreichen Praxis der Konkurrenz &#8211; beschlossen, seinerseits verdiente Pers\u00f6nlichkeiten mit einer Unselig-Sprechung oder einer Scheinheilig-Sprechung zu w\u00fcrdigen. Unsere W\u00fcrdentr\u00e4ger genie\u00dfen den Vorteil, dass sie noch lebendig sind und diese Ehrung zu Lebzeiten genie\u00dfen d\u00fcrfen, w\u00e4hrend der Vatikan ja ausnahmslos Verblichene in ihrem vermeintlichen Leben nach dem Tod beehrt.<\/em><\/strong><\/p>\n<p><img data-recalc-dims=\"1\" loading=\"lazy\" decoding=\"async\" data-attachment-id=\"1072\" data-permalink=\"https:\/\/www.freidenker.org\/?attachment_id=1072\" data-orig-file=\"https:\/\/i0.wp.com\/www.freidenker.org\/fw17\/wp-content\/uploads\/2017\/10\/pdf_icon-e1509487447542.png?fit=16%2C16&amp;ssl=1\" data-orig-size=\"16,16\" data-comments-opened=\"0\" data-image-meta=\"{&quot;aperture&quot;:&quot;0&quot;,&quot;credit&quot;:&quot;&quot;,&quot;camera&quot;:&quot;&quot;,&quot;caption&quot;:&quot;&quot;,&quot;created_timestamp&quot;:&quot;0&quot;,&quot;copyright&quot;:&quot;&quot;,&quot;focal_length&quot;:&quot;0&quot;,&quot;iso&quot;:&quot;0&quot;,&quot;shutter_speed&quot;:&quot;0&quot;,&quot;title&quot;:&quot;&quot;,&quot;orientation&quot;:&quot;0&quot;}\" data-image-title=\"pdf_icon_16\" data-image-description=\"\" data-image-caption=\"\" data-large-file=\"https:\/\/i0.wp.com\/www.freidenker.org\/fw17\/wp-content\/uploads\/2017\/10\/pdf_icon-e1509487447542.png?fit=16%2C16&amp;ssl=1\" class=\"alignnone size-full wp-image-1072\" src=\"https:\/\/i0.wp.com\/www.freidenker.org\/fw17\/wp-content\/uploads\/2017\/10\/pdf_icon-e1509487447542.png?resize=16%2C16&#038;ssl=1\" alt=\"\" width=\"16\" height=\"16\" \/> <a title=\"Unselig-Sprechung Rene Schuster und Albert Fetsch\" href=\"https:\/\/www.freidenker.org\/fw17\/wp-content\/uploads\/2017\/12\/aliceaddio.pdf\" target=\"_blank\" rel=\"noopener\">Artikel als PDF-Dokument herunterladen<\/a><\/p>\n<p class=\"Normal\">Ren\u00e9 Schuster und Albert Fetsch haben die Voraussetzung der Unselig-Sprechung &#8211; den authentischen Ruf der Unseligkeit und Wundert\u00e4tigkeit &#8211; mit wunderlichen Taten begr\u00fcndet, die hier gew\u00fcrdigt werden sollen.<\/p>\n<p class=\"Normal\">Beide Herren haben Probleme mit zumindest einer Frau, n\u00e4mlich Vanessa Hessler, ihres Zeichens Model und Schauspielerin. Sie diente bislang beiden Herren als Werbemaskottchen der Telefonmarke Alice. Telef\u00f3nica O2 hatte den Festnetzbetreiber Hansenet mit rund 2,2 Millionen Kunden Ende 2010 f\u00fcr 900 Millionen Euro von Telecom Italia mit der Vereinbarung \u00fcbernommen, die Marke Alice zwei weitere Jahre zu nutzen und dann schrittweise vom Markt zu nehmen. Dabei wurde auch Vanessa Hessler als das werbewirksame \u201aGesicht von Alice\u2018 mit eingekauft, sie h\u00e4tte aber erst zum Vertragsablauf Ende 2012 \u201avom Markt genommen\u2018 werden k\u00f6nnen.<\/p>\n<p class=\"Normal\">Doch Ende Oktober 2011 d\u00e4mmerte unseren Unseligen die Chance, ihre Sympathiewerberin fr\u00fcher in die (libysche) W\u00fcste zu schicken \u2013 in der italienischen Zeitschrift \u201eDiva e Donna\u201c hatte sie ihre Liebesbeziehung zu Muatassim Al Gaddafi offenbart: \u201eDas war eine leidenschaftliche Geschichte, wir sind vier Jahre lang zusammen gewesen.&#8220; Damit nicht genug, eine eigene Meinung zu den Vorg\u00e4ngen in Libyen \u00e4u\u00dferte sie auch noch.<\/p>\n<p class=\"Normal\">Dass der Sohn und sein Vater von der NATO ermordet worden sind, kommentierte sie: \u201eIch mag nicht daran denken, dass es wahr ist. Es ist alles sehr traurig\u201c. Die Gaddafis seien nicht so gewesen, wie sie dargestellt werden, sie habe \u201enormale Menschen\u201c getroffen. Das libysche Volk sei ihr weder besonders arm, noch besonders reich und nicht fanatisch vorgekommen. \u201eMan muss nicht alles glauben, was so gesagt wird\u201c, meinte sie. \u201eWir \u2013 Frankreich und Gro\u00dfbritannien \u2013 haben die Rebellen finanziert. Die Leute wissen nicht, was sie tun\u201c. Weitergehende Kommentare zur Situation lehnte sie mit dem Hinweis ab, \u201ees tut mir zu sehr weh\u201c, und \u201ein diesem Moment widert mich alles an, au\u00dfer Libyen\u201c. Libyens Schicksal liege ihr jedenfalls sehr am Herzen.<\/p>\n<p class=\"Normal\">\u00a0Sofort schlug die gro\u00dfe Stunde \u00f6ffentlicher Entr\u00fcstung, und die nutzten umgehend Ren\u00e9 Schuster, der bei O2 den CEO gibt (hier wohl zu \u00fcbersetzen mit Chef-Exekutionsoffizier) und sein Herold Albert Fetsch. Das Interview sollte am 1. November 2011 erscheinen, wurde aber durch Vorabmeldungen von Agenturen in alle Welt verbreitet. Schon am 28.10.2011 wurde Telef\u00f3nica-Sprecher Albert Fetsch zitiert, dass die \u201eprivaten \u00c4u\u00dferungen\u201c Hesslers \u201ein keiner Weise der Position des Unternehmens entsprechen\u201c, man sie nicht akzeptieren k\u00f6nne, und von ihr eine Distanzierung erwarte. Am Tag vor Erscheinen des Interviews stellte Fetsch fest, \u201eein solches Statement haben wir bis heute nicht erhalten. Daher haben wir beschlossen, die Zusammenarbeit zu beenden. Sie wird ab sofort nicht mehr unsere Werbefigur sein\u201c.<\/p>\n<p class=\"Normal\">In Erwartung des \u201askandal\u00f6sen\u2018 Interviews hatte die Meutejournaille zur Hetzjagd geblasen. Laut \u201eRheinische Post\u201c \u201everteidigte das 23 Jahre alte Model das Regime des Diktators\u201c, ihre \u201eEinsch\u00e4tzung sorgt f\u00fcr Kopfsch\u00fctteln\u201c, sie sei \u201eeine erschreckend naive junge Frau\u201c, die laut \u201eBerliner Morgenpost\u201c \u201eihr Verh\u00e4ltnis zur Diktatorenfamilie Gaddafi seltsam naiv wahrgenommen zu haben scheint\u201c, die \u201eWelt\u201c tadelte, sie \u201esagte einige nicht besonders reflektierte Dinge\u201c. Laut \u201eStern\u201c hat sie sich \u201esehr naiv \u00fcber das Terrorregime in Libyen ge\u00e4u\u00dfert\u201c, die \u201ebz\u201c befindet, \u201ezum Umbruch in Libyen sagt sie Abenteuerliches\u201c, sie \u201eoffenbart wenig Feingef\u00fchl zum Schicksal des libyschen Volkes\u201c, und die \u201eS\u00fcddeutsche Zeitung\u201c urteilt strafversch\u00e4rfend: sie \u201ezeigt keine Reue\u201c. Den Vogel schoss im \u201eFocus\u201c eine Inga Catharina Thomas ab, offenbar eine Frauenrechtlerin: \u201eVanessa, pack Deine Br\u00fcste ein\u201c \u2013 \u201eauf diese hei\u00dfe Nummer h\u00e4tte sie gerne verzichten k\u00f6nnen\u201c \u2013 \u201emuss offenbar noch lernen \u2026 dass man sich \u2026 nicht bei Diktatoren-Spr\u00f6sslingen \u2026 auszieht\u201c \u2013mit ihren Sudelzeilen sagte die Autorin aber mehr \u00fcber sich, als \u00fcber die Geschm\u00e4hte.<\/p>\n<p class=\"Normal\">So schreiben dieselben Konzernmedien, die zuvor als vierte Waffengattung zur Jagd auf Gaddafi bliesen, am siebenmonatigen Terrorbombardement der NATO und 60.000 toten Libyern nichts auszusetzen hatten \u2013 \u201eeingebetteter Journalismus\u201c eben, wie die Kriegsherren dies dankbar und h\u00f6hnisch zugleich nennen. Einstimmig hat diese pluralistische Medienwelt eine einzige Gegenstimme niedergemacht, die sich ihrem Gesinnungsdiktat vorsichtig zu widersetzen wagte. Und die Vorstandetage heulte sofort mit den W\u00f6lfen: dass sich die freie Meinungs\u00e4u\u00dferung von Vanessa Hessler \u201enicht mit den Werten und Vorstellungen von Telef\u00f3nica\u201c vertrage. Zur Werteorientierung des Konzerns gibt ein anderes Beispiel Auskunft: Nachdem ein Nazi w\u00fcste Morddrohungen auf einen kriegskritischen Blog im Internet (<a href=\"http:\/\/haraldpflueger.com\/\">http:\/\/haraldpflueger.com\/<\/a>) postete, war Albert Fetsch bereit, die Daten seines Nazi-Kunden \u201eauf Anordnung\u201c an die Justizbeh\u00f6rden weiterzuleiten \u2013 leider waren sie durch \u201aZufall\u2018 nur wenige Stunden sp\u00e4ter \u201averschwunden\u2018, wie Kripo und Staatsanwaltschaft mitteilten. \u201eGel\u00f6scht, obwohl der Fetsch wei\u00df, dass eine Morddrohung kein Kavaliersdelikt ist\u201c, kommentierte der Betroffene im Fr\u00fchjahr 2011.<\/p>\n<p class=\"Normal\">Andere \u201aWerte\u2018 hat der Konzern im Sinn, wenn er f\u00fcnf Tage nach Vanessas Rauswurf verk\u00fcndete, dass ihr noch 1100 Besch\u00e4ftigte folgen werden. Da man \u201ealle Unternehmensbereiche neu organisiert\u201c, wird die Belegschaft auf etwa 5000 geschrumpft, die Festnetzzentrale im nordrhein-westf\u00e4lischen Verl sowie die Niederlassungen in Dortmund, Frankfurt, Hannover, Leipzig und Stuttgart geschlossen.<\/p>\n<p class=\"Normal\">Ren\u00e9 Schuster und Albert Fetsch haben mit ihrem Wirken Zeugnis abgelegt von einer bemerkenswerten Mischung aus Mainstream-Gehorsam und voller Hingabe an den h\u00f6chsten Konzernwert, den Maximalprofit. Sie haben sich die Unselig-Sprechung redlich verdient. Sie m\u00f6ge die Gemeinde der O2-Kunden zu besonderer Andacht anregen.<\/p>\n<hr \/>\n<p class=\"Normal\"><img data-recalc-dims=\"1\" loading=\"lazy\" decoding=\"async\" data-attachment-id=\"1072\" data-permalink=\"https:\/\/www.freidenker.org\/?attachment_id=1072\" data-orig-file=\"https:\/\/i0.wp.com\/www.freidenker.org\/fw17\/wp-content\/uploads\/2017\/10\/pdf_icon-e1509487447542.png?fit=16%2C16&amp;ssl=1\" data-orig-size=\"16,16\" data-comments-opened=\"0\" data-image-meta=\"{&quot;aperture&quot;:&quot;0&quot;,&quot;credit&quot;:&quot;&quot;,&quot;camera&quot;:&quot;&quot;,&quot;caption&quot;:&quot;&quot;,&quot;created_timestamp&quot;:&quot;0&quot;,&quot;copyright&quot;:&quot;&quot;,&quot;focal_length&quot;:&quot;0&quot;,&quot;iso&quot;:&quot;0&quot;,&quot;shutter_speed&quot;:&quot;0&quot;,&quot;title&quot;:&quot;&quot;,&quot;orientation&quot;:&quot;0&quot;}\" data-image-title=\"pdf_icon_16\" data-image-description=\"\" data-image-caption=\"\" data-large-file=\"https:\/\/i0.wp.com\/www.freidenker.org\/fw17\/wp-content\/uploads\/2017\/10\/pdf_icon-e1509487447542.png?fit=16%2C16&amp;ssl=1\" class=\"alignnone size-full wp-image-1072\" src=\"https:\/\/i0.wp.com\/www.freidenker.org\/fw17\/wp-content\/uploads\/2017\/10\/pdf_icon-e1509487447542.png?resize=16%2C16&#038;ssl=1\" alt=\"\" width=\"16\" height=\"16\" \/> <a title=\"Unselig-Sprechung Rene Schuster und Albert Fetsch\" href=\"https:\/\/www.freidenker.org\/fw17\/wp-content\/uploads\/2017\/12\/aliceaddio.pdf\" target=\"_blank\" rel=\"noopener\">Artikel als PDF-Dokument ansehen oder herunterladen<\/a><\/p>\n<p>Siehe auch: <a href=\"https:\/\/www.freidenker.org\/?p=3137\">Warum \u201eUnselig-Sprechung\u201c durch den Deutschen Freidenker-Verband?<\/a><\/p>\n<hr \/>\n<p>Foto: Alexander Hauk \/ www.bayern-nachrichten.de<br \/>\nHochgeladen von Promifotos.de auf Wikipedia [GFDL (http:\/\/www.gnu.org\/copyleft\/fdl.html) or CC-BY-SA-3.0 (http:\/\/creativecommons.org\/licenses\/by-sa\/3.0\/)], via Wikimedia Commons<\/p>\n","protected":false},"excerpt":{"rendered":"<p><strong>Der Deutsche Freidenker-Verband hat beschlossen, seinerseits verdiente Pers\u00f6nlichkeiten mit einer Unselig-Sprechung oder einer Scheinheilig-Sprechung zu w\u00fcrdigen.<\/strong><br \/>\nRen\u00e9 Schuster und Albert Fetsch haben die Voraussetzung der Unselig-Sprechung &#8230; mit wunderlichen Taten begr\u00fcndet, die hier gew\u00fcrdigt werden sollen. Beide Herren haben Probleme mit zumindest einer Frau, n\u00e4mlich Vanessa Hessler, ihres Zeichens Model und Schauspielerin. Sie diente bislang beiden Herren als Werbemaskottchen der Telefonmarke Alice. Doch Ende Oktober 2011 d\u00e4mmerte unseren Unseligen die Chance, ihre Sympathiewerberin fr\u00fcher in die (libysche) W\u00fcste zu schicken \u2013 in der italienischen Zeitschrift \u201eDiva e Donna\u201c hatte sie ihre Liebesbeziehung zu Muatassim Al Gaddafi offenbart: \u201eDas war eine leidenschaftliche Geschichte, wir sind vier Jahre lang zusammen gewesen.&#8220; Damit nicht genug, eine eigene Meinung zu den Vorg\u00e4ngen in Libyen \u00e4u\u00dferte sie auch noch.<\/p>\n","protected":false},"author":3,"featured_media":3914,"comment_status":"closed","ping_status":"closed","sticky":false,"template":"","format":"standard","meta":{"colormag_page_container_layout":"default_layout","colormag_page_sidebar_layout":"default_layout","advanced_seo_description":"","jetpack_seo_html_title":"","jetpack_seo_noindex":false,"jetpack_post_was_ever_published":false,"footnotes":""},"categories":[12],"tags":[773,775,772],"class_list":["post-3134","post","type-post","status-publish","format-standard","has-post-thumbnail","hentry","category-demokratie-medien-aufklaerung","tag-libyen","tag-telefonica-o2","tag-unselig-sprechung"],"jetpack_featured_media_url":"https:\/\/i0.wp.com\/www.freidenker.org\/fw17\/wp-content\/uploads\/2011\/11\/vanessa_hessler_v2.jpg?fit=800%2C445&ssl=1","jetpack_shortlink":"https:\/\/wp.me\/p9stpK-Oy","jetpack-related-posts":[{"id":3137,"url":"https:\/\/www.freidenker.org\/?p=3137","url_meta":{"origin":3134,"position":0},"title":"Warum \u201eUnselig-Sprechung\u201c durch den Deutschen Freidenker-Verband?","author":"Webredaktion","date":"16. November 2011","format":false,"excerpt":"Soll \u00fcber Fragen der Ethik und Moral Klarheit geschaffen werden, so scheinen manchmal auch neue Formen angebracht. Warum nicht an Beispielen moralisch verwerflichen Verhaltens \u00fcber das Richtige und Gebotene aufkl\u00e4ren? Die Methode ist alt, neu ist das Verfahren, das eine alte kompromittierte Institution karikieren und im dialektischen Sinne \u201eaufheben\u201c will.\u2026","rel":"","context":"In &quot;Demokratie \u2013 Medien \u2013 Aufkl\u00e4rung&quot;","block_context":{"text":"Demokratie \u2013 Medien \u2013 Aufkl\u00e4rung","link":"https:\/\/www.freidenker.org\/?cat=12"},"img":{"alt_text":"","src":"https:\/\/i0.wp.com\/www.freidenker.org\/fw17\/wp-content\/uploads\/2011\/11\/o2_with_devil.jpg?fit=800%2C445&ssl=1&resize=350%2C200","width":350,"height":200,"srcset":"https:\/\/i0.wp.com\/www.freidenker.org\/fw17\/wp-content\/uploads\/2011\/11\/o2_with_devil.jpg?fit=800%2C445&ssl=1&resize=350%2C200 1x, https:\/\/i0.wp.com\/www.freidenker.org\/fw17\/wp-content\/uploads\/2011\/11\/o2_with_devil.jpg?fit=800%2C445&ssl=1&resize=525%2C300 1.5x, https:\/\/i0.wp.com\/www.freidenker.org\/fw17\/wp-content\/uploads\/2011\/11\/o2_with_devil.jpg?fit=800%2C445&ssl=1&resize=700%2C400 2x"},"classes":[]},{"id":3010,"url":"https:\/\/www.freidenker.org\/?p=3010","url_meta":{"origin":3134,"position":1},"title":"Freidenker-Brief 3-2015: 8. Mai 2015 \u2013 70 Jahre \u201eTag der Befreiung\u201c","author":"Webredaktion","date":"3. April 2015","format":false,"excerpt":"Der Deutsche Freidenker-Verband ver\u00f6ffentlicht in seiner Verbandszeitschrift \u201eFreidenker\u201c Nr. 1-15 (M\u00e4rz 2015) seine Erkl\u00e4rung \u201e70 Jahre nach der Befreiung vom Faschismus \u2013 Deutschland braucht eine grundlegend andere Au\u00dfenpolitik: Verst\u00e4ndigung statt Konfrontation\u201c Ferner hat der Verbandsvorstand beschlossen: - Der Deutsche Freidenker-Verband unterst\u00fctzt den Aufruf des Berliner Aktionsb\u00fcndnisses \u201e70 Jahre Tag der\u2026","rel":"","context":"In &quot;Freidenker-Brief&quot;","block_context":{"text":"Freidenker-Brief","link":"https:\/\/www.freidenker.org\/?cat=341"},"img":{"alt_text":"","src":"https:\/\/i0.wp.com\/www.freidenker.org\/fw17\/wp-content\/uploads\/2015\/04\/tdb2015_800x445.jpg?fit=800%2C445&ssl=1&resize=350%2C200","width":350,"height":200,"srcset":"https:\/\/i0.wp.com\/www.freidenker.org\/fw17\/wp-content\/uploads\/2015\/04\/tdb2015_800x445.jpg?fit=800%2C445&ssl=1&resize=350%2C200 1x, https:\/\/i0.wp.com\/www.freidenker.org\/fw17\/wp-content\/uploads\/2015\/04\/tdb2015_800x445.jpg?fit=800%2C445&ssl=1&resize=525%2C300 1.5x, https:\/\/i0.wp.com\/www.freidenker.org\/fw17\/wp-content\/uploads\/2015\/04\/tdb2015_800x445.jpg?fit=800%2C445&ssl=1&resize=700%2C400 2x"},"classes":[]},{"id":11486,"url":"https:\/\/www.freidenker.org\/?p=11486","url_meta":{"origin":3134,"position":2},"title":"KORSO wird Zentralrat","author":"Webredaktion","date":"21. September 2021","format":false,"excerpt":"Mitteilung des KORSO vom 20.09.2021 Bei einer au\u00dferordentlichen Ratsversammlung hat der Koordinierungsrat s\u00e4kularer Organisationen (KORSO) am gestrigen Sonntag, 19. September 2021, eine umfassende Satzungsreform beschlossen. Die auff\u00e4lligste Neuerung betrifft den Namen der Organisation, die damit zum Zentralrat der Konfessionsfreien wird. Mit dieser Namens\u00e4nderung definiert der k\u00fcnftige Zentralrat auch seine Rolle\u2026","rel":"","context":"In &quot;Religions- &amp; Kirchenkritik, S\u00e4kulare Szene&quot;","block_context":{"text":"Religions- &amp; Kirchenkritik, S\u00e4kulare Szene","link":"https:\/\/www.freidenker.org\/?cat=15"},"img":{"alt_text":"","src":"https:\/\/i0.wp.com\/www.freidenker.org\/fw17\/wp-content\/uploads\/2021\/10\/korso-post_2021-09-20_01-zentralrat_800x450.jpg?fit=800%2C450&ssl=1&resize=350%2C200","width":350,"height":200,"srcset":"https:\/\/i0.wp.com\/www.freidenker.org\/fw17\/wp-content\/uploads\/2021\/10\/korso-post_2021-09-20_01-zentralrat_800x450.jpg?fit=800%2C450&ssl=1&resize=350%2C200 1x, https:\/\/i0.wp.com\/www.freidenker.org\/fw17\/wp-content\/uploads\/2021\/10\/korso-post_2021-09-20_01-zentralrat_800x450.jpg?fit=800%2C450&ssl=1&resize=525%2C300 1.5x, https:\/\/i0.wp.com\/www.freidenker.org\/fw17\/wp-content\/uploads\/2021\/10\/korso-post_2021-09-20_01-zentralrat_800x450.jpg?fit=800%2C450&ssl=1&resize=700%2C400 2x"},"classes":[]},{"id":6478,"url":"https:\/\/www.freidenker.org\/?p=6478","url_meta":{"origin":3134,"position":3},"title":"DFV Nord protestiert gegen die Werbekampagne f\u00fcr die Bundeswehr","author":"Webredaktion","date":"16. Juni 2019","format":false,"excerpt":"Der Deutsche Freidenker-Verband, Landesverband Nord e.V., hat sich mit einem offenen Brief an Bundeskanzlerin Angela Merkel und Bundesverteidigungsministerin Ursula von der Leyen gewandt und protestiert gegen die laufende Werbekampagne der Bundeswehr. Ein Plakat mit den Schlagworten \u201eWasser, Gas, Schiessen\u201c ist so etwas von Kriegspropaganda, die unertr\u00e4glich ist.","rel":"","context":"In &quot;Frieden - Antifaschismus - Solidarit\u00e4t&quot;","block_context":{"text":"Frieden - Antifaschismus - Solidarit\u00e4t","link":"https:\/\/www.freidenker.org\/?cat=13"},"img":{"alt_text":"","src":"https:\/\/i0.wp.com\/www.freidenker.org\/fw17\/wp-content\/uploads\/2019\/06\/panzer-948809_800x445.jpg?fit=800%2C445&ssl=1&resize=350%2C200","width":350,"height":200,"srcset":"https:\/\/i0.wp.com\/www.freidenker.org\/fw17\/wp-content\/uploads\/2019\/06\/panzer-948809_800x445.jpg?fit=800%2C445&ssl=1&resize=350%2C200 1x, https:\/\/i0.wp.com\/www.freidenker.org\/fw17\/wp-content\/uploads\/2019\/06\/panzer-948809_800x445.jpg?fit=800%2C445&ssl=1&resize=525%2C300 1.5x, https:\/\/i0.wp.com\/www.freidenker.org\/fw17\/wp-content\/uploads\/2019\/06\/panzer-948809_800x445.jpg?fit=800%2C445&ssl=1&resize=700%2C400 2x"},"classes":[]},{"id":3267,"url":"https:\/\/www.freidenker.org\/?p=3267","url_meta":{"origin":3134,"position":4},"title":"Freidenker trauern um Hans Lutter","author":"Webredaktion","date":"1. M\u00e4rz 2009","format":false,"excerpt":"Nachruf auf Hans Lutter Mit Hans Lutter verliert der Deutsche Freidenker-Verband einen Genossen, der sich gro\u00dfe Verdienste um unseren Verband, die marxistische Religionswissenschaft und den christlich-marxistischen Dialog erworben hat. Hans Lutter war Gr\u00fcndungsmitglied des Verbandes der Freidenker der DDR und ma\u00dfgeblich an der Zusammenf\u00fchrung der Freidenker aus den alten und\u2026","rel":"","context":"In &quot;Weltliche Trauerkultur&quot;","block_context":{"text":"Weltliche Trauerkultur","link":"https:\/\/www.freidenker.org\/?cat=17"},"img":{"alt_text":"","src":"https:\/\/i0.wp.com\/www.freidenker.org\/fw17\/wp-content\/uploads\/2009\/03\/tree-3072431_800x445.jpg?fit=800%2C445&ssl=1&resize=350%2C200","width":350,"height":200,"srcset":"https:\/\/i0.wp.com\/www.freidenker.org\/fw17\/wp-content\/uploads\/2009\/03\/tree-3072431_800x445.jpg?fit=800%2C445&ssl=1&resize=350%2C200 1x, https:\/\/i0.wp.com\/www.freidenker.org\/fw17\/wp-content\/uploads\/2009\/03\/tree-3072431_800x445.jpg?fit=800%2C445&ssl=1&resize=525%2C300 1.5x, https:\/\/i0.wp.com\/www.freidenker.org\/fw17\/wp-content\/uploads\/2009\/03\/tree-3072431_800x445.jpg?fit=800%2C445&ssl=1&resize=700%2C400 2x"},"classes":[]},{"id":12595,"url":"https:\/\/www.freidenker.org\/?p=12595","url_meta":{"origin":3134,"position":5},"title":"Freidenker zu den Osterm\u00e4rschen 2022","author":"Webredaktion","date":"10. April 2022","format":false,"excerpt":"Anl\u00e4sslich der bevorstehenden Osterm\u00e4rsche hat der Deutsche Freidenker-Verband ein Faltblatt herausgegeben. Wir ver\u00f6ffentlichen hier den einleitenden Text und bieten das gesamte Faltblatt zum Download an. Ukraine: Nein zu Faschismus und Krieg Wann begann der Krieg in der Ukraine? Von \u201eQualit\u00e4tsmedien\u201c und NATO-Politikern, selbst aus der Friedensbewegung h\u00f6ren wir von einem\u2026","rel":"","context":"In &quot;Frieden - Antifaschismus - Solidarit\u00e4t&quot;","block_context":{"text":"Frieden - Antifaschismus - Solidarit\u00e4t","link":"https:\/\/www.freidenker.org\/?cat=13"},"img":{"alt_text":"","src":"https:\/\/i0.wp.com\/www.freidenker.org\/fw17\/wp-content\/uploads\/2022\/04\/Faltblatt_grafik_800x450.jpg?fit=800%2C450&ssl=1&resize=350%2C200","width":350,"height":200,"srcset":"https:\/\/i0.wp.com\/www.freidenker.org\/fw17\/wp-content\/uploads\/2022\/04\/Faltblatt_grafik_800x450.jpg?fit=800%2C450&ssl=1&resize=350%2C200 1x, https:\/\/i0.wp.com\/www.freidenker.org\/fw17\/wp-content\/uploads\/2022\/04\/Faltblatt_grafik_800x450.jpg?fit=800%2C450&ssl=1&resize=525%2C300 1.5x, https:\/\/i0.wp.com\/www.freidenker.org\/fw17\/wp-content\/uploads\/2022\/04\/Faltblatt_grafik_800x450.jpg?fit=800%2C450&ssl=1&resize=700%2C400 2x"},"classes":[]}],"_links":{"self":[{"href":"https:\/\/www.freidenker.org\/index.php?rest_route=\/wp\/v2\/posts\/3134","targetHints":{"allow":["GET"]}}],"collection":[{"href":"https:\/\/www.freidenker.org\/index.php?rest_route=\/wp\/v2\/posts"}],"about":[{"href":"https:\/\/www.freidenker.org\/index.php?rest_route=\/wp\/v2\/types\/post"}],"author":[{"embeddable":true,"href":"https:\/\/www.freidenker.org\/index.php?rest_route=\/wp\/v2\/users\/3"}],"replies":[{"embeddable":true,"href":"https:\/\/www.freidenker.org\/index.php?rest_route=%2Fwp%2Fv2%2Fcomments&post=3134"}],"version-history":[{"count":0,"href":"https:\/\/www.freidenker.org\/index.php?rest_route=\/wp\/v2\/posts\/3134\/revisions"}],"wp:featuredmedia":[{"embeddable":true,"href":"https:\/\/www.freidenker.org\/index.php?rest_route=\/wp\/v2\/media\/3914"}],"wp:attachment":[{"href":"https:\/\/www.freidenker.org\/index.php?rest_route=%2Fwp%2Fv2%2Fmedia&parent=3134"}],"wp:term":[{"taxonomy":"category","embeddable":true,"href":"https:\/\/www.freidenker.org\/index.php?rest_route=%2Fwp%2Fv2%2Fcategories&post=3134"},{"taxonomy":"post_tag","embeddable":true,"href":"https:\/\/www.freidenker.org\/index.php?rest_route=%2Fwp%2Fv2%2Ftags&post=3134"}],"curies":[{"name":"wp","href":"https:\/\/api.w.org\/{rel}","templated":true}]}}