{"id":3124,"date":"2011-12-17T01:47:41","date_gmt":"2011-12-17T00:47:41","guid":{"rendered":"http:\/\/www.freidenker.org\/?p=3124"},"modified":"2018-02-14T21:46:36","modified_gmt":"2018-02-14T20:46:36","slug":"sieg-oder-holocaust","status":"publish","type":"post","link":"https:\/\/www.freidenker.org\/?p=3124","title":{"rendered":"Sieg oder Holocaust"},"content":{"rendered":"<p>aus <a href=\"https:\/\/www.freidenker.org\/?p=752\">FREIDENKER 4-2011<\/a><\/p>\n<p>von <em><strong>Susann Witt-Stahl<\/strong><\/em><\/p>\n<h4><strong>Israel, Judentum und Antisemitismus als Joker im Kampf f\u00fcr die Hegemonie des Westens <\/strong><\/h4>\n<p>Viele Christen glauben, der in der Bibel prophezeite Endkampf zwischen Gut und B\u00f6se habe bereits begonnen. Schauplatz ist Israel. Entschieden wird er zwischen \u201ewahren Juden\u201c und \u201eteuflischen Arabern\u201c \u2013 durch einen Atomkrieg. Der hat (noch) nicht stattgefunden. Aber ein Propagandakrieg ist in vollem Gange: Neue Rechte, Rechtskonservative, \u201eantideutsche\u201c und andere Neokonservative er\u00f6ffnen mithilfe einiger Noch-Linker eine neue politische Front: \u201eF\u00fcr die Verteidigung Israels und der Juden\u201c, schallt der Schlachtruf aus der FP\u00d6, von der Achse des Guten und sogar vom rechten Rand der Linkspartei. \u201eUmma-Sozialisten\u201c (Islamisten) und Antiimperialisten sind f\u00fcr sie die Nazis von heute. Daher verlaufe die Grenze nicht mehr zwischen rechts und links, oben und unten, sondern zwischen \u201ezivilisiertem Westen\u201c und \u201ebarbarischem Islam\u201c. Muslime, Antikapitalisten, linke Israel-Kritiker, besonders j\u00fcdische, und die Friedensbewegung sind die neuen Feinde; Antisemitismus-Vorw\u00fcrfe die neuen Waffen.<\/p>\n<p>Die kommen mittlerweile so massiv und willk\u00fcrlich zum Einsatz, dass die franz\u00f6sischen Philosophen Alain Badiou und Eric Hazan in ihrer Streitschrift \u201eL\u2019antis\u00e9mitisme partout\u201c von einer \u201eneuen Inquisition\u201c sprechen. Die politischen Koordinaten sind mittlerweile v\u00f6llig durcheinandergeraten. Badiou und Hazan erwarten sogar, dass \u201elinke Intellektuelle demn\u00e4chst vom Front National als Antisemiten behandelt werden\u201c.<\/p>\n<p>Eine \u201eneue Front \u2013 quer zu den Schlachtordnungen\u201c m\u00fcsse sich formieren, forderte der Junge Freiheit-Kolumnist Rolf Stolz vor drei Jahren. Nur sie k\u00f6nne Deutschland als \u201eLand der Menschenrechte, der europ\u00e4ischen Kultur, sozialer Gerechtigkeit und geistiger Freiheit\u201c erhalten. Zu dieser Zeit hatte sich diese Front l\u00e4ngst abgezeichnet. Nach und nach nimmt sie nun politische Konturen an: Die Frontlinie, die Neokonservative, christliche Rechtskonservative, Neue Rechte, \u201eantideutsche\u201c Ex-Linke, unterst\u00fctzt von zum Absprung bereiten Noch-Linken, bilden, reicht von Alaska bis Wien \u2013 und sie verl\u00e4uft durch Gummersbach.<\/p>\n<p>Denn sogar in die intellektuelle Provinz der Partei DIE LINKE im Oberbergischen Land ist die Botschaft vorgedrungen: \u201e,Linke Politik\u2018 hei\u00dft nicht ,S\u00e4bel rasseln\u2018 und gegen alles, was nach ,rechts\u2018 riecht bzw. aussieht, zu opponieren\u201c, lautet der Leitsatz der Gummersbacher LINKEN, der auf der Startseite ihrer Homepage prangt. (1) Schon gar nicht, wenn es vereint gegen Muslime\u00a0 und Kritiker des grassierenden antiislamischen\u00a0 Rassismus, wie den Kabarettisten\u00a0 Hagen Rether (\u201eSchlag den Islam!\u201c), geht.\u00a0 So f\u00fchlte sich der LINKEN-Stadtfraktionsgesch\u00e4ftsf\u00fchrer\u00a0 Reinhold Spisla berufen, in\u00a0 einem Schreiben an die Stadt gegen einen\u00a0 Auftritt des linken K\u00fcnstlers zu protestieren.\u00a0 Dieser \u201eargumentiere antisemitisch\u201c,\u00a0 zitiert die \u00f6rtliche Presse Spisla, der keine\u00a0 Beweise f\u00fcr seine Anschuldigungen vorgelegt\u00a0 hat. (2)<\/p>\n<p>Das ist auch nicht n\u00f6tig: Der Antisemitismus-\u00a0 Vorwurf ist die sch\u00e4rfste Multifunktionswaffe\u00a0 der \u201eneuen Front\u201c. Und er bedarf\u00a0 in der Regel keiner Begr\u00fcndung. \u201eDen Antisemiten\u00a0 erkennt man daran, dass er leugnet,\u00a0 einer zu sein\u201c, sagte 2005 ein Referent des\u00a0 \u201eantideutschen\u201c B\u00fcndnisses gegen antisemitische\u00a0 Lehrveranstaltungen an der Universit\u00e4t\u00a0 Hamburg, nachdem er sich als\u00a0 \u201ehauptamtlicher Antisemitenj\u00e4ger\u201c vorgestellt\u00a0 hatte.<\/p>\n<p>\u201eAntisemiten\u201c sind nicht nur Kritiker von\u00a0 Israels Besatzungspolitik, sondern auch\u00a0 Gegner des \u201eWar on Terror\u201c, von Rassismus\u00a0 und Kolonialismus, sowieso alle antikapitalistischen\u00a0 Linken \u2013 besonders wenn sie der\u00a0 eigenen Partei angeh\u00f6ren: Laut dem Publizisten\u00a0 Henryk M. Broder sagt Dietmar\u00a0 Bartsch, f\u00fchrender Vertreter des rechten\u00a0 Fl\u00fcgels von DIE LINKE, \u201eein gro\u00dfer Teil\u00a0 der Partei sei antisemitisch kontaminiert.\u00a0 Aber w\u00fcrde er die alle rausschmei\u00dfen, bliebe\u00a0 nur noch ein Gerippe\u201c. (3)<\/p>\n<p>Auch Fu\u00dfballfans von der linken \u201eKiezmiliz\u201c,\u00a0 die den FC Bayern nicht m\u00f6gen,\u00a0 sind verd\u00e4chtig: \u201eInwiefern der Hass auf\u00a0 den FC Bayern \u2013 bereits von den Nazis als\u00a0 \u201aJudenklub\u2018 bezeichnet \u2013 heute immer noch\u00a0 antisemitische Z\u00fcge tr\u00e4gt, warum der FCB\u00a0 gewisserma\u00dfen die USA der Fu\u00dfball-\u00a0 Bundesliga ist (und sich auch klassisch antiamerikanische\u00a0 Ressentiments gegen ihn\u00a0 entladen)\u201c, erl\u00e4uterte der Jungle World-\u00a0 Autor Alexander Feuerherdt auf Einladung\u00a0 des Hannah Arendt Bildungswerkes. (4)<\/p>\n<p>Signifikant f\u00fcr die gr\u00f6\u00dftenteils objektiv\u00a0 entstandene, teils aktiv geschmiedete \u201eneue\u00a0 Front\u201c ist nicht allein eine antiaufkl\u00e4rerische,\u00a0 die politische Realit\u00e4t vernebelnde\u00a0 Vergleichs- und Gleichsetzungspraxis (der\u00a0 sich ab und zu auch linke Israelkritiker bedienen).<\/p>\n<p>Ihr ideologischer Kitt sind auch Begriffsassoziationen,\u00a0 deren Quintessenz ein manich\u00e4isches\u00a0 Gleichungspaar bilden: Judentum\u00a0 = Israel = westliche Zivilisation = Kapitalismus\u00a0 = War on Terror = das Gute und Islam\u00a0 = arabische Welt = Barbarei = Antikapitalismus\u00a0 = linke Friedensbewegung = das\u00a0 B\u00f6se. Seine Anwender stehen in st\u00e4ndigem\u00a0 Wettstreit, wenn es um die originellste\u00a0 Wort- und Phrasensch\u00f6pfung geht, durch\u00a0 die Nazis mit Linken oder Linke mit Muslimen\u00a0 oder Nazis mit Muslimen identifiziert\u00a0 \u2013 oder alle drei in einen Topf geworfen werden.\u00a0 Politically Incorrect (PI), ein antiislamisches\u00a0 Internet-Portal, das den Republikanern\u00a0 und der Partei Bibeltreuer Christen nahesteht,\u00a0 spricht von einer \u201ebolschewistischen\u00a0 Pest samt ihren Helfern und Muselkolonnen\u201c.\u00a0 Auf \u201eisraelsolidarischen\u201c Blogs\u00a0 werden Traditionslinke als \u201eInternationalsozialisten\u201c\u00a0 bezeichnet, Muslime als \u201eIslamnazis\u201c.<\/p>\n<h5><strong>Hauptsache Holocaust<\/strong><\/h5>\n<p>Ob es um die Apologie von Rassismus, Folter\u00a0 oder Kriege geht \u2013 ein zentrales Ideologem\u00a0 der Allianz f\u00fcr die Zivilisationswahrung\u00a0 ist die moralische R\u00fcckbindung an Auschwitz.\u00a0 Der Zweierlei Holocaust-Autor\u00a0 Moshe Zuckermann betont, dass den vorwiegend\u00a0 j\u00fcdischen Opfern die welthistorische\u00a0 Mission des \u201eAgnus historiae mundi\u201c\u00a0 (lat.: \u201eOpferlamm der Weltgeschichte\u201c, in\u00a0 Anlehnung an \u201eAgnus Dei\u201c) objektiv zuk\u00e4me.\u00a0 (5)<\/p>\n<p>Dieser nicht zuletzt durch die Gigantomanie\u00a0 des Verbrechens wahrhaft begr\u00fcndete\u00a0 Status werde aber nicht nur aufkl\u00e4rerischemanzipativ\u00a0 rezipiert. Die Shoah werde\u00a0 auch hemmungslos vereinnahmt und instrumentalisiert.\u00a0 (6) \u201eWer sich mit ihrer Legitimationsmacht\u00a0 und Rhetorik ausr\u00fcstet, dem\u00a0 ist nicht zu widerstehen\u201c, bringt der Historiker\u00a0 Stefan M\u00e4chler das Problem auf den\u00a0 Punkt.<\/p>\n<p>Die Tatsache ignorierend, dass Auschwitz\u00a0 ohne einen Eroberungskrieg und milit\u00e4rische\u00a0 Besatzung nicht m\u00f6glich gewesen\u00a0 w\u00e4re, zieht die \u201eneue Front\u201c mit Parolen\u00a0 wie \u201ePazifisten sind M\u00f6rder!\u201c in die Propagandaschlacht.\u00a0 W\u00e4hrend des Irak-Krieges\u00a0 brachten die Antideutschen Kommunisten\u00a0 Berlin deutschlandweit Aufkleber in Umlauf,\u00a0 auf denen zu lesen war: \u201eSir Arthur\u00a0 Harris did the right thing. Mister Rumsfeld,\u00a0 proceed with his antifascist mission! Fight\u00a0 the axis of evil: Berlin \u2013 Bagdad.\u201d \u2013 genau\u00a0 wie die Urheber des \u201eWar on Terror\u201c es vorgegeben\u00a0 hatten: Im Krieg gegen die \u201eAchse\u00a0 des B\u00f6sen\u201c und Islamisten gebe es nur eine\u00a0 Wahl: \u201eSieg oder Holocaust\u201c, schrieben Richard\u00a0 Perle und David Frum 2003 in ihrem\u00a0 programmatischen Werk An End to Evil:\u00a0 How to Win the War on Terror. (7)<\/p>\n<p>Ganz ihrer Meinung ist der Politikwissenschaftler\u00a0 Matthias K\u00fcntzel, ehemaliges Mitglied\u00a0 des Kommunistischen Bundes, heute\u00a0 \u201eantideutscher\u201c Neocon. Er durfte seine\u00a0 steilen Thesen \u00fcber \u201eIslamismus und Nationalsozialismus\u201c\u00a0 ebenso bei der Friedrich-\u00a0 Ebert-Stiftung vortragen wie beim American\u00a0 Enterprise Institute \u2013 einem 1943 von\u00a0 US-amerikanischen Unternehmern zum\u00a0 Zweck der Kommunismusbek\u00e4mpfung gegr\u00fcndeten\u00a0 Think-Tank.<\/p>\n<p>K\u00fcntzel fand es nicht nur \u201erichtig, den\u00a0 Iran und den Irak als ,Achse des B\u00f6sen\u2018 zu\u00a0 denunzieren\u201c. (8) Er meint auch, \u201eetwas mit\u00a0 Auschwitz Vergleichbares\u201c k\u00f6nne sich\u00a0 wiederholen, wenn der \u201eislamistischen Barbarei\u201c\u00a0 nicht Einhalt geboten werde. (9)\u00a0 Brandgef\u00e4hrlich sei auch die internationale\u00a0 Linke und ihr \u201enazi-kompatibler Anti-Imperialismus\u201c,\u00a0 wei\u00df K\u00fcntzel.<\/p>\n<h5><strong>Amerikanische Neocons und\u00a0 Christian Rights vereint gegen den\u00a0 \u201ed\u00e4monischen Islam\u201c<\/strong><\/h5>\n<p>In der US-amerikanischen Gesellschaft, die\u00a0 in Teilen vom christlichen Fundamentalismus\u00a0 durchwirkt ist, bedarf der neokonservative\u00a0 Ideologietransfer der Anreicherung\u00a0 durch religi\u00f6sen Messianismus. Als politisches\u00a0 Bindeglied zwischen Christian Rights\u00a0 und s\u00e4kularen Neocons fungiert seit zwei\u00a0 Jahren die Tea-Party-Bewegung. Zu den\u00a0 prominentesten der christlichen Ultrarechten\u00a0 z\u00e4hlt der popul\u00e4re Fernsehprediger und\u00a0 Zionist Pat Robertson. Er hat 1989 die\u00a0 Christian Coalition of America gegr\u00fcndet,\u00a0 die sich f\u00fcr eine aktive Einflussnahme fundamentalistischer\u00a0 Christen auf die Politik\u00a0 ausspricht. Er steht Jews for Jesus nahe, einem\u00a0 evangelikalen Missionswerk, das Juden zum Christentum bekehren will. Sein\u00a0 Leiter David Brickner, der auf Einladung\u00a0 der Gemeinde von Tea-Party-Ikone Sarah\u00a0 Palin einen Gottesdienst abgehalten hat,\u00a0 deutet die Sprengstoffattentate w\u00e4hrend der\u00a0 zweiten Intifada gegen israelische Zivilisten\u00a0 als Gottesurteil gegen alle Juden, die sich\u00a0 der Konversion zum Christentum verweigern.<\/p>\n<p>Die Verkn\u00fcpfung von Antisemitismus mit\u00a0 Zionismus ist in der Vorstellungswelt der\u00a0 christlichen Rechten m\u00f6glich, weil sie, wie\u00a0 beispielsweise in den Schriften des evangelikalen\u00a0 Pastors und Gr\u00fcnders der Lobby-\u00a0 Gruppe Christians United for Israel, John\u00a0 Hagee, nachzulesen ist, zwischen \u201ewahren\u00a0 Juden\u201c und \u201ej\u00fcdischen L\u00fcgnern\u201c unterscheiden.<\/p>\n<p>W\u00e4hrend Letztere in seiner Vorstellungswelt\u00a0 den Kommunismus oder auch Pornografie\u00a0 verbreiten, sich f\u00fcr Friedensschl\u00fcsse\u00a0 mit den Pal\u00e4stinensern einsetzen und somit\u00a0 der \u201eSynagoge des Satans\u201c angeh\u00f6ren,\u00a0 kommen gute Juden, wie der Rabin-M\u00f6rder\u00a0 Jigal Amir ihrer \u201eheiligen Pflicht am Land\u201c\u00a0 nach: Sie lehnen jegliche Verst\u00e4ndigung mit\u00a0 den arabischen Nachbarn ab und fordern einen\u00a0 Krieg gegen den Iran \u2013 am liebsten einen\u00a0 atomaren. Der k\u00e4me der apokalyptischen\u00a0 Theologie der christlichen Zionisten\u00a0 besonders gelegen. Denn das vom \u201ed\u00e4monischen\u00a0 Islam\u201c bedrohte Israel, in seinen biblischen\u00a0 Grenzen, ist gem\u00e4\u00df ihrer fundamentalistischen\u00a0 Lehre Schauplatz der Entscheidungsschlacht\u00a0 zwischen Gut und B\u00f6se\u00a0 (Armageddon).<\/p>\n<p>Seit Beginn der Durchsetzung der neoliberalen\u00a0 Agenda in den f\u00fchrenden Industrienationen,\u00a0 die die Administration von Pr\u00e4sident\u00a0 Ronald Reagan \u2013 er pr\u00e4gte 1983 den\u00a0 Begriff \u201eReich des B\u00f6sen\u201c f\u00fcr die UdSSR \u2013\u00a0 eingeleitet hatte, haben christliche Zionisten\u00a0 erheblich an politischem und \u00f6konomischem\u00a0 Einfluss gewonnen.<\/p>\n<h5><strong>Ethischer Imperialismus<\/strong><\/h5>\n<p>In den neokonservativen Think-Tanks, Strategie-\u00a0 und Ideologiefabriken wird an einer\u00a0 s\u00e4kularen, mit christlichen Endzeit-Visionen\u00a0 und entsprechender Nomenklatur versetzten\u00a0 Version des \u201eSternenbanner-Fundamentalismus\u201c\u00a0 gearbeitet, wie die US-amerikanische\u00a0 Sozialwissenschaftlerin Amy Holmes\u00a0 den ideologischen \u00dcberbau f\u00fcr die neuen\u00a0 imperialistischen Kriege der USA nennt.\u00a0 Der Soziologe Tobias Bader macht darauf\u00a0 aufmerksam, dass Bush-Berater und Iran-\u00a0 Krieg-Verfechter Norman Podhoretz 2002\u00a0 erstmals offen ausgesprochen habe, was in\u00a0 neokonservativen Think-Tanks Anfang der\u00a0 1990er Jahre zur Doktrin entwickelt und\u00a0 nach 9\/11 zu einem kategorischen Imperativ\u00a0 erhoben wurde: Es sei ein \u201e4. Weltkrieg\u201c\u00a0 ausgebrochen zwischen der westlichen Zivilisation\u00a0 unter F\u00fchrung der USA und dem\u00a0 militanten Islam. (10) Dabei machte Podhoretz\u00a0 wenig Hehl daraus, dass es um handfeste\u00a0 \u00f6konomische und geostrategische Interessen\u00a0 geht: Im gesamten Nahen und Mittleren\u00a0 Osten sollen westlich ausgerichtete Demokratien\u00a0 installiert werden, um neue\u00a0 M\u00e4rkte f\u00fcr das US-amerikanische Kapital\u00a0 zu erschlie\u00dfen.<\/p>\n<p>Au\u00dferdem l\u00e4uft der Countdown, wenn es\u00a0 darum geht, sich den gr\u00f6\u00dftm\u00f6glichen Anteil\u00a0 an der Schl\u00fcsselressource \u00d6l zu sichern.\u00a0 Daf\u00fcr wurden und werden der Irak und andere\u00a0 arabische Staaten, aber vor allem Israel\u00a0 als, wie der Imperialismus-Forscher David\u00a0 Harvey sagt, \u201estabile Vorposten amerikanischer\u00a0 Stellvertretermacht\u201c genutzt. (11)\u00a0 Diese \u201eindirekte Herrschaft\u201c hat sich allerdings\u00a0 als zu schwach oder als fragil erwiesen,\u00a0 sodass die USA begonnen haben, auch\u00a0 wieder auf ihre St\u00e4rke, ihre Kriegsmaschinerie,\u00a0 zu setzen. Harvey macht darauf aufmerksam,\u00a0 was im Irak geschah, nachdem\u00a0 Pr\u00e4sident Bush 2003 \u201emission accomplished!\u201c\u00a0 verk\u00fcndet hatte: Vollst\u00e4ndige Privatisierung\u00a0 staatlicher Unternehmen, die\u00a0 \u00d6ffnung der irakischen Banken f\u00fcr ausl\u00e4ndische\u00a0 Kontrollen, nahezu kompletter Abbau\u00a0 der Handelsbarrieren; gewerkschaftliche\u00a0 Organisation wurde so gut wie unm\u00f6glich\u00a0 gemacht.<\/p>\n<p>Die milit\u00e4rische Intervention in Libyen\u00a0 oder auch seine Afghanistan- und Nahost-\u00a0 Politik zeigen, dass Pr\u00e4sident Obama den\u00a0 Kurs von George W. Bush nur korrigiert, ihn aber nicht verlassen hat und wohl auch nicht verlassen konnte. In ihrer im Fr\u00fchjahr\u00a0 ver\u00f6ffentlichten Studie mit dem Titel Imperialismus\u00a0 machen die Politikwissenschaftler\u00a0 Frank Deppe, David Salomon und Ingar\u00a0 Solty den zunehmenden Verfall der (\u00f6konomischen)\u00a0 Hegemonie der USA und den\u00a0 schleichenden Verlust ihrer Legitimation,\u00a0 jene aufrechtzuerhalten, erheblich f\u00fcr das\u00a0 anhaltende und tendenziell wachsende Dominanzgebaren\u00a0 der Weltmacht verantwortlich.\u00a0 (12)<\/p>\n<p>Um es zu rechtfertigen, greife die amerikanische\u00a0 Publizistik auf das \u201eArgumentationsarsenal\u00a0 eines \u201aethischen Imperialismus\u2018\u201c\u00a0 zur\u00fcck, der bereits Ende des 19. Jahrhunderts\u00a0 vertreten wurde. Der \u201egute\u201c Imperialismus\u00a0 st\u00fctzt sich auf die Grunds\u00e4tze der\u00a0 historischen Aufkl\u00e4rung: \u201eWenn die begrifflich\u00a0 postulierte Gleichheit der Menschheit\u00a0 durch die kulturelle Ungleichheit der Menschen\u00a0 konterkariert wird, die Zivilisation jedoch\u00a0 \u00fcber milit\u00e4rische Machtmittel verf\u00fcgt,\u00a0 was w\u00e4re dann ein edlerer Gebrauch dieser\u00a0 Machtmittel, als die Zivilisation zu exportieren\u00a0 und der menschlichen Gleichheit damit\u00a0 eine faktische Grundlage zu schaffen?\u201c,\u00a0 erl\u00e4utern Deppe, Salomon und Solty sein\u00a0 Prinzip.<\/p>\n<h5><strong>Deutsche Neocons: \u201eHelfen oder Israels Vernichtung zusehen\u201c<\/strong><\/h5>\n<p>Diese Karte des ethischen Imperialismus\u00a0 spielen Konservative und Neokonservative\u00a0 in Deutschland. Ihre Mehrheit hat in den\u00a0 vergangenen Jahren einen verbl\u00fcffenden\u00a0 Wandel vollzogen von erzpatriarchalen Feministinnen-\u00a0 Hassern mit pilgerv\u00e4terlicher\u00a0 Sexualmoral zu leidenschaftlichen F\u00fcrsprechern\u00a0 sexueller Freiz\u00fcgigkeit (inklusive\u00a0 Entschleierung) und der Frauenrechte \u2013 in\u00a0 der islamischen Welt.<\/p>\n<p>Idealtypisch f\u00fcr die moralinsaure Nomenklatur\u00a0 und Argumentationspraxis der deutschen\u00a0 Neocons ist ein Ende 2010 in der Tageszeitung\u00a0 Die Welt ver\u00f6ffentlichter Artikel\u00a0 von Mathias D\u00f6pfner, Vorstandsvorsitzender\u00a0 der Axel Springer AG, der unter dem Titel\u00a0 Der Westen und das h\u00f6hnische Lachen der\u00a0 Islamisten erschienen ist. (13) Darin w\u00fcrdigt\u00a0 D\u00f6pfner das \u201eindividualistische Ideal\u201c der\u00a0 westlichen Welt. Dass er damit den Neoliberalismus\u00a0 meint, wird sp\u00e4testens deutlich,\u00a0 wenn er dessen satanische Antithese nennt:\u00a0 Das \u201ekollektivistische Ideal\u201c. Dieses werde\u00a0 \u201evor allem vom Islamismus, vom Kommunismus\u00a0 und Faschismus gepflegt. Es ist heute\u00a0 vor allem noch im Osten und Mittleren\u00a0 Osten verbreitet\u201c, wei\u00df D\u00f6pfner und lobt die\u00a0 einzige positive Ausnahme in dieser Region:\u00a0 Israel. Aber die Existenz des Westens sei\u00a0 akut bedroht durch den \u201etotalit\u00e4ren Kapitalismus\u201c\u00a0 Chinas, vor allem aber durch den Islam,\u00a0 der die \u201efreie Marktwirtschaft, freie Sexualit\u00e4t\u201c\u00a0 (f\u00fcr D\u00f6pfner besteht offenbar eine\u00a0 direkte Verbindung) verabscheue.<\/p>\n<p>Allein die Israelis seien bisher zu konsequentem\u00a0 Widerstand bereit: \u201eDas Volk, das\u00a0 durch den Holocaust beinahe vollst\u00e4ndig\u00a0 vernichtet worden ist\u201c und dessen endg\u00fcltige\u00a0 Ausl\u00f6schung nun drohe. Dass die Mehrheit\u00a0 des j\u00fcdischen Kollektivs nicht in Israel\u00a0 lebt und 20 Prozent seiner Staatsb\u00fcrger Araber\u00a0 sind, die meisten von ihnen muslimischen\u00a0 Glaubens, ficht den Springer-Chef\u00a0 nicht an. Ihm kommt auch nicht der Gedanke,\u00a0 dass die zweifellos explosive und f\u00fcr\u00a0 alle Bewohner des Nahen Ostens existenzbedrohende\u00a0 Lage vers\u00e4umten Friedensprozessen\u00a0 und nicht vers\u00e4umten Kriegen geschuldet\u00a0 sein k\u00f6nnte. Ihm geht es offenbar\u00a0 vor allem darum, die nuklear ger\u00fcsteten Israel\u00a0 Defense Forces (IDF), eine der schlagkr\u00e4ftigsten\u00a0 Armeen der Welt, ideologisch in\u00a0 die N\u00e4he der wehrlosen Warschauer-Ghetto-\u00a0 K\u00e4mpfer zu r\u00fccken: Wir Deutsche h\u00e4tten\u00a0 nur eine Wahl, meint D\u00f6pfner: \u201eHelfen oder\u00a0 Israels Vernichtung zusehen.\u201c<\/p>\n<p>Zeichnet ma\u00dfgeblich Die Welt f\u00fcr die\u00a0 Verbreitung einer der mitteleurop\u00e4ischen\u00a0 politischen Kultur angepassten, also gem\u00e4\u00dfigten\u00a0 Version der neokonservativen Agenda\u00a0 verantwortlich, sind Online-Netzwerke\u00a0 wie Henryk M. Broders Achse des Guten\u00a0 oder auch der rechte Fl\u00fcgel der \u201eAntideutschen\u201c\u00a0 mit ihrem Zentralorgan Bahamas f\u00fcr\u00a0 die ungefilterte Radau-Fassung zust\u00e4ndig.\u00a0 Zu den Bahamas-Autoren z\u00e4hlt der von\u00a0 der Axel-Springer-Stiftung gef\u00f6rderte Politologe Bernd Volkert. Der tingelt mit seinem\u00a0 Buch Der amerikanische Neokonservatismus\u00a0 durch die Lande und verh\u00f6kert\u00a0 denselben als Notwehr von \u201eIntellektuellen\u201c\u00a0 gegen angebliche antisemitische und\u00a0 \u201eantiliberale Tendenzen\u201c in der Linken seit\u00a0 der Antivietnamkrieg-Bewegung. Er spricht\u00a0 \u00fcber die Besorgnis f\u00fchrender Neocons,\u00a0 Obama k\u00f6nnte sich weigern, die \u201eMacht der\u00a0 USA unter der Parole ,Freedom and Democracy\u2018\u00a0 weiterhin global einzusetzen\u201c und\u00a0 r\u00fcgt seine anf\u00e4nglichen \u201eZurechtweisungen\u00a0 Israels\u201c. (14) Aber Volkert hat auch gute\u00a0 Nachrichten. Denn f\u00fchrende US-Neocons\u00a0 wie Robert Kagan \u201esehen durch Obama \u2013\u00a0 freiwillig oder unfreiwillig \u2013 zahlreiche\u00a0 Strategien, die die Bush-Regierung eingef\u00fchrt\u00a0 hat, im Gro\u00dfen und Ganzen kontinuierlich\u00a0 fortgesetzt\u201c.<\/p>\n<h5><strong>Neoliberalismus und die Gentrifizierung\u00a0 des Kapitalismus<\/strong><\/h5>\n<p>Am Beispiel der Tea-Party-Bewegung, die\u00a0 sich als Reaktion auf die Konjunktur-Pakete\u00a0 der Regierung w\u00e4hrend der Finanzkrise\u00a0 2008 gegr\u00fcndet hatte, werden die ausgepr\u00e4gten\u00a0 marktradikalen Ambitionen des\u00a0 rechten Lagers deutlich. Ihre Ideologie\u00a0 \u201esollte den radikalen Abbau wohlfahrtsstaatlicher\u00a0 Leistungen und den schon vollzogenen\u00a0 Paradigmenwechsel vom Keynesianismus\u00a0 (deficit spending) zur angebotsorientierten\u00a0 Wirtschaftstheorie (supply side\u00a0 economics) legitimieren helfen\u201c, meint Tobias\u00a0 Bader.<\/p>\n<p>In ihrer bereits 1997 erschienenen Studie\u00a0 \u201eWollt ihr den totalen Markt?\u201c analysieren\u00a0 Herbert Schui und andere \u00d6konomen am\u00a0 Beispiel Europas, wie die extreme Rechte\u00a0 (FP\u00d6, Republikaner u.a.) als Mitdurchsetzer\u00a0 der neoliberalen Agenda fungieren \u2013 vor\u00a0 allem indem sie als Multiplikatoren von Ablenkungs-\u00a0 und Verschleierungsideologien\u00a0 wirken. (15)<\/p>\n<p>Die kapitalistische Zivilisation sei auf die\u00a0 politisch-moralische Anerkennung durch\u00a0 die Mehrheit der B\u00fcrger angewiesen. Diese\u00a0 orientierten sich an rationalen N\u00fctzlichkeitsprinzipien.\u00a0 Solange die Eliten als Wahrer\u00a0 des allgemeinen Wohlstands fungieren,\u00a0 k\u00f6nnen sie auf eine breite Basis bauen.\u00a0 Herrscht aber Massenarbeitslosigkeit, wie\u00a0 Anfang der 1930er Jahre und in der Gegenwart,\u00a0 dann schwindet der R\u00fcckhalt. Das Kapital\u00a0 m\u00fcsste einen Teil seiner Macht an die\u00a0 Demokratie abtreten. Die von seinen Tr\u00e4gern\u00a0 gef\u00fcrchtete \u201eschleichende kalte Sozialisierung\u201c\u00a0 des Keynesianismus trete ein, die\u00a0 das Kapital mit allen Mitteln verhindern\u00a0 will. Als Antidoton wirkte der Neoliberalismus.\u00a0 Der mache glaubhaft, so Schui und\u00a0 seine Kollegen, \u201edass die N\u00fctzlichkeit des\u00a0 Systems gar nicht in wohlstandsschaffenden\u00a0 Eigenschaften besteht, sondern in anderen\u00a0 Werten, so besonders der (negativen)\u00a0 Freiheit\u201c. Der Freiheitsbegriff des Neoliberalismus\u00a0 tr\u00e4gt stark ausgepr\u00e4gte, in der Matrix\u00a0 des auf Wettbewerb und Konkurrenz\u00a0 bauenden Kapitalismus ohnehin enthaltene\u00a0 sozialdarwinistische Z\u00fcge.<\/p>\n<p>So eine Ideologie muss durch nicht direkt\u00a0 an den Kapitalismus gekn\u00fcpfte M\u00e4chte und\u00a0 Ideale aufgewertet werden, die \u201edas Wie der\u00a0 Legitimation\u201c lieferten und die kapitalistische\u00a0 Ordnung sch\u00fctzen. Das kann nur funktionieren,\u00a0 wenn es gelinge durchzusetzen,\u00a0 dass tradierte, zumindest in der Gesellschaft\u00a0 verankerte und allgemein akzeptierte M\u00e4chte\u00a0 und Ideale \u201eals Ausdruck des Kapitalismus\u00a0 interpretiert\u201c werden \u2013 je mehr dies\u00a0 gelingt, desto \u201est\u00e4rker der Glanz, der auf\u00a0 den Kapitalismus f\u00e4llt\u201c. Die \u00dcberlegenheit\u00a0 des Kapitalismus \u2013 die er f\u00fcr sich in Anspruch\u00a0 nehmen kann, weil er sich im Ausleseprozess\u00a0 durchsetzen konnte \u2013 und Kultur,\u00a0 Religion, moralische und politische Werte\u00a0 wie Freiheit, Demokratie, Emanzipation,\u00a0 Aufkl\u00e4rung, Zivilisation kommen zu einer\u00a0 Synthese in der Behauptung der \u00dcberlegenheit\u00a0 \u201eunserer\u201c Gesellschaft.<\/p>\n<p>Aber nicht alle altbew\u00e4hrten Ideale sind\u00a0 f\u00fcr die Gentrifizierung des Kapitalismus rekrutierbar.\u00a0 Der Nationalismus ist mit dem\u00a0 alle Grenzen und die westliche Hemisph\u00e4re\u00a0 sprengenden globalisierten Turbokapitalismus\u00a0 samt seinen neoimperialistischen\u00a0 Ambitionen nicht mehr kompatibel. F\u00fcr die\u00a0 eigene Nation spezifische Werte, Sprache,\u00a0 Volk etc., verblassen und werden durch supranationale Werte wie westliche Zivilisation, Christentum oder Judentum ersetzt.<\/p>\n<h5><strong>Neue Rechte: \u201eWir sind alle Israel\u201c<\/strong><\/h5>\n<p>Diese Entwicklung wurde von vielen Rechtsau\u00dfen Europas erkannt. Vor wenigen Jahren waren extreme Rechte Legion, die gegen \u201edie Juden\u201c hetzten und gegen Israel, das sie als Staat \u201eder Juden\u201c verteufelten. Der NS-V\u00f6lkermord wurde geleugnet oder verharmlost, mindestens beschwiegen. Mittlerweile hat ein erheblicher Teil der rechten Ultras von den Neocons gelernt und die fr\u00fcher ungeahnten M\u00f6glichkeiten der Instrumentalisierung des Antisemitismus und der Shoah f\u00fcr sich entdeckt. Einige ihrer F\u00fchrer \u2013 darunter auch Ex-Nazis \u2013 haben eine 180-Grad-Wende eingeleitet, den stramm nationalistischen Kurs verlassen und sich dem neurechten Kulturkampf verschrieben f\u00fcr den \u201eAu\u00dfenposten der Freiheit\u201c, wie der Vorsitzende der niederl\u00e4ndischen Partij voor de Vrijheid, Geert Wilders, Israel nennt.<\/p>\n<p>F\u00fcr Wilders ist der sich mit einer Segregationsmauer von der arabischen Nachbarschaft absondernde Staat Israel l\u00e4ngst zum ideologischen Wallfahrtsort und Traumschiff geworden. Sein Sonnendeck bietet Raum f\u00fcr allerlei Gedankenspiele: \u201e\u00c4hnlich wie Europa es den Rassisten zufolge tun m\u00fcsste, indem es sich gegen Einwanderung und seine s\u00fcdlichen Nachbarn abschottet, f\u00fchre Israel vor, wie man als Wagenburg in einer feindlichen und als ,barbarisch\u2018 beschriebenen Umgebung \u00fcberlebe und sich mit harten milit\u00e4rischen Mitteln zur Wehr setzen m\u00fcsse\u201c, beschreibt der Journalist Bernhard Schmid eine von vielen Projektionen der neuen Israel-Freunde. (16)<\/p>\n<p>Bei seinen zahlreichen Israel-Reisen erweist sich Wilders stets als dankbarer Gast: Er spricht sich \u00f6ffentlich gegen eine Zwei- Staaten-L\u00f6sung und f\u00fcr die Annexion der Westbank aus. S\u00e4tze wie der \u201eKonflikt hier im Nahen Osten geht nicht um Land oder Grenzen, sondern um den islamischen Djihad gegen westliche Freiheiten\u201c, die aus Wilders Rede auf Einladung der Hatikva- Partei Ende 2010 stammen, gehen der rechten Regierung Israels runter wie \u00d6l. Noch mehr Wilders Bekenntnis: \u201eDeshalb sind wir alle Israel.\u201c (17)<\/p>\n<p>Vorl\u00e4ufiger H\u00f6hepunkt der Israel-Solidarit\u00e4t europ\u00e4ischer Rechter war die Ver\u00f6ffentlichung einer \u201eJerusalemer Erkl\u00e4rung\u201c im Dezember 2010 anl\u00e4sslich eines gemeinsamen Besuchs einer \u201eKonferenz gegen islamischen Terror\u201c in Ashkelon durch eine prominent besetzte Delegation: FP\u00d6- H\u00e4uptling Heinz-Christian Strache, Vlaams Belang-Fraktionsvorsitzender Filip Dewinter, Kent Ekeroth von den Schwedendemokraten und Ren\u00e9 Stadtkewitz von der Partei Die Freiheit. In ihrer Erkl\u00e4rung bekennen sich die Rechten zum b\u00fcrgerlichen Rechtsstaat und zu den Menschenrechten, um dann zu ihrem Kernanliegen zu kommen: Die Zelebration des \u201eWertekanons der westlichen Zivilisation\u201c und der \u201ej\u00fcdischchristlichen kulturellen Werte\u201c und eine Absage an einen \u201ekulturellen Relativismus\u201c des Islam. (18) Die Delegation besuchte die Knesset, konnte auf der Ehrentrib\u00fcne Platz nehmen. Sp\u00e4ter \u201eerschien als \u00dcberraschung der israelische Vizepremierminister, Moshe Yaalon, der einen Gru\u00df von Premierminister Netanjahu (Likud) \u00fcberbrachte\u201c, wurde auf der Freiheit-Homepage stolz vermeldet. \u201eIn seiner Rede lie\u00df auch er keinen Zweifel daran, dass Jud\u00e4a und Samaria ein rechtm\u00e4\u00dfiger Teil des israelischen Staatsgebietes sind und es bleiben werden.\u201c (19)<\/p>\n<h5><strong>\u201eAntideutsche\u201c: Mit Walter Benjamin f\u00fcr die FP\u00d6 und Geert Wilders<\/strong><\/h5>\n<p>Die dem poplinken autonomen Milieu verbundene Mehrheit der \u201eAntideutschen\u201c h\u00e4lt kritische Distanz zu Wilders und Konsorten. Schlimmstenfalls goutiert sie deren antiislamischen Rassismus, indem sie einen stillschweigenden Nichtangriffspakt mit ihnen eingeht. Nicht so die von ihren Anh\u00e4ngern heftigst adorierten Gr\u00fcnderv\u00e4ter und bis heute ideologisches Leitlicht dieser ehemals kommunistischen Str\u00f6mung: die Redaktion der Zeitschrift Bahamas und assoziierte Autoren, zu denen auch der Handlungsreisende in Sachen amerikanischer Neokonservatismus Bernd Volkert geh\u00f6rt. Die sich seit einigen Jahren als \u201eIdeologiekritiker\u201c und nicht mehr als \u201eAntideutsche\u201c verstehenden (die Redaktion h\u00e4lt es f\u00fcr nicht tragbar, dass sich Einzelne, die unter diesem Label firmieren, der \u201eApologie\u201c des Tuns \u201emigrantischer Schl\u00e4gerbanden\u201c und der Kritik des Afghanistan-Einsatzes der Bundeswehr schuldig gemacht h\u00e4tten) \u201eFreunde des amerikanischen Krieges\u201c (Bahamas \u00fcber Bahamas) haben in der vergangenen Dekade immer mal wieder einen Flirt mit dem rechten Lager gehabt. Anfang des Jahres haben sie sich offenbar aufgemacht zum neuen Ufer.<\/p>\n<p>Im Januar fand in Leipzig eine von Bahamas und der AG No Tears for Krauts organisierte Veranstaltung unter dem Titel \u201eGegen den linken Konsens\u201c statt. (20)<\/p>\n<p>Dort verk\u00fcndete S\u00f6ren P\u00fcnjer, einer der f\u00fchrenden K\u00f6pfe von Bahamas, den neuen Kurs: Steuerbord. \u201eEs ist alles andere als ein Bruch mit ihrer Geschichte, wenn die Linke weltweit sich gegen die Kritiker des Islam stellt und nicht an die Seite derer, die er bedroht\u201c, begr\u00fcndete P\u00fcnjer, warum die andere Richtung auszuschlie\u00dfen ist. Linkssein und Israelsolidarit\u00e4t seien nicht miteinander zu vereinbaren, die Linken \u201enotorische Feinde des j\u00fcdischen Staates\u201c, stellte P\u00fcnjer fest. Und dann zeigt er seiner Klientel den Silberstreif am \u201eantideutschen\u201c Horizont: \u201eUmso erstaunlicher und begr\u00fc\u00dfenswerter ist es, was auf der rechten Seite passiert.\u201c<br \/>\nDort h\u00e4tte es einen gewaltigen Fortschritt gegeben. \u201eDie Pro-Israel-Haltung, die sich dort breitmacht, k\u00f6nnte nicht nur einer Rechten, wie wir sie kannten, das Ende bereiten. Zugleich ist sie es, um es mit Walter Benjamin zu sagen, die sich offensichtlich einer Erinnerung bem\u00e4chtigt, wie sie im Augenblick einer Gefahr aufblitzt. Denn im Gegensatz zur Linken scheint sie im Kampf gegen die neue Gefahr an der Seite Israels in erster Linie auf die Verteidigung der Freiheit des Einzelnen, und nicht wie die Linke auf das V\u00f6lkerrecht, also auf das Kollektiv zu setzen\u201c, freut sich P\u00fcnjer. \u201eDieser Unterschied ums Ganze l\u00e4sst sich in der Jerusalemer Erkl\u00e4rung nachlesen.\u201c<\/p>\n<p>Bereits im vergangenen Jahr warb P\u00fcnjer um Sympathie f\u00fcr das militante Fu\u00dfvolk der Neuen Rechten, die bevorzugt Muslime schlagende Verbindung English Defense League (EDL): eine aus Fascho-Hooligan- Netzwerken und dem Umfeld der British National Party entstandene Bewegung, deren Mitglieder sich als Wahrer der westlichen Zivilisation auserkoren f\u00fchlen und auf ihren Demonstrationen das Sankt-Georgs- Kreuz (das Symbol der Kreuzz\u00fcge) und Israel-Fahnen mitf\u00fchren. Die EDL handele doch \u201eim Geiste Winston Churchills\u201c, wirbt P\u00fcnjer um Verst\u00e4ndnis f\u00fcr die \u201ePatrioten\u201c und findet die britische Antifa, welche die EDL u.a. als \u201eHetzer\u201c bezeichnet hat, \u201eeinfach nur b\u00f6swillig\u201c. (21)<\/p>\n<h5><strong>Neusprech \u2013 das Wort \u201eKapitalismus\u201c durch das Wort \u201eJude\u201c ersetzen<\/strong><\/h5>\n<p>Einer \u201eneuen Front\u201c antiemanzipativer Kr\u00e4fte, alter und Neuer Rechter, \u201eantideutscher\u201c und anderer Neokonservativer ist es in Teilen gelungen, die Definitionsmacht \u00fcber wesentlich die Matrix der politischen Kultur der westlichen Gesellschaften bildende Begriffe \u2013 wie Freiheit, Zivilisation, Frieden \u2013 in den \u00f6ffentlichen Debatten zu erlangen. Das ist\u00a0 nur durch die dramatischen \u00f6konomischen und geopolitischen Umw\u00e4lzungen seit dem Zusammenbruch des real-existierenden Sozialismus m\u00f6glich.<\/p>\n<p>Die totalit\u00e4ren Z\u00fcge, die der Kapitalismus angenommen hat, zeitigen totalit\u00e4re Ideologien, zu deren Werkzeugen ein totalit\u00e4res Neusprech geh\u00f6rt. Eines seiner hervorstechendsten Merkmale ist die Verkehrung der Bedeutung von Begriffen in ihr Gegenteil: Die \u201eHegemonie ultrarechter Neocons\u201c strebe nach einem politischen Diskurs, der die Gesellschaft dazu n\u00f6tige, \u201edas Wort ,Demokratie\u2018 zum Schlagwort f\u00fcr Terror, Folter und massive Beschneidung individueller und kollektiver Rechte verkommen zu lassen\u201c, sagt die US-amerikanische Marxistin und B\u00fcrgerrechtlerin Angela Davis. Um dieses rechte Neusprech wirklich zu verstehen, m\u00fcsse das Wort \u201eDemokratie\u201c durch \u201eKapitalismus\u201c ersetzt werden, meint Davis. \u201eDann ergibt es viel mehr Sinn.\u201c<\/p>\n<p>Noch mehr Sinn ergibt es andersherum aus der Perspektive der neokonservativen Ideologieproduzenten, das Wort \u201eKapitalismus\u201c durch das Wort \u201eJude\u201c zu ersetzen. Antisemitismus-Vorw\u00fcrfe werden immer h\u00e4ufiger erhoben, wenn die vermeintlichen Opfer des Judenhasses gar keine Juden sind \u2013 bevorzugt, wenn es sich um \u00f6konomisch Privilegierte handelt.<\/p>\n<p>Der an der Bundeswehr-Universit\u00e4t in M\u00fcnchen lehrende Historiker Michael Wolffsohn kann keinen nennenswerten Unterschied erkennen zwischen Sozialdemokraten, die Kapitalisten als \u201eHeuschrecken\u201c schm\u00e4hen, und Nazis, die \u201eJudenschweine\u201c rufen. F\u00fcr die Redaktion der Zeitung Stra\u00dfen aus Zucker, an der sich Lightversionen des Antideutschtums vertretende Gruppen wie Junge Linke beteiligen, ist der Beweis f\u00fcr \u201eAntisemitismus in der Linken\u201c bereits erbracht, wenn die \u201enegativen Auswirkungen der Globalisierung z. B. (nicht nur da) als eine Verschw\u00f6rung von ,b\u00f6sen Kapitalisten\u2018 und ,imperialistischen Politikern\u2018 gesehen\u201c werden. (22)<\/p>\n<p>Derart stattliche Projektionsleistungen werfen die Frage auf, welche Klischees von Juden sich in der Vorstellungswelt der Urheber solcher Antisemitismus-Vorw\u00fcrfe verfestigt haben und welche Absichten sie verfolgen: Denn sie greifen nicht etwa ein antisemitisches Vorurteil auf, um es zu entlarven und unsch\u00e4dlich zu machen \u2013 sie greifen es auf, um es zu pflegen und als Instrument der Legitimation des Kapitalismus einzusetzen: Sie unterstellen der im Vorurteil enthaltenen falschen Behauptung \u201eJuden = Kapitalisten\u201c in ihren \u201eAnalysen\u201c einen Wahrheitsgehalt.<\/p>\n<p>Der Autor Ulrich Enderwitz spricht von einem \u201eentscheidenden Tabubruch\u201c, den diese vermeintlichen Anti-Antisemiten begehen: Indem sie \u201edas Spiel des Antisemitismus mitspielen, ihm die Wahl der Waffen \u00fcberlassen, auf seinem eigenen Grund und Boden gegen ihn antreten, dem b\u00f6sen Juden, den er als Popanz, hinter dem sich die wirklichen Konflikte verbergen lassen, hochh\u00e4lt, den guten Juden, der den Popanz aus dem Feld schlagen soll, entgegensetzen, verstricken sie sich in das antisemitische Wahnsystem und verraten zugleich die Opfer des faschistischen Antisemitismus.\u201c (23)<\/p>\n<h5><strong>Kritische Juden zum Schweigen bringen<\/strong><\/h5>\n<p>F\u00fcr diesen Verrat steht die \u201eneue Front\u201c in Europa. Wo Juden nicht als Individuen (an)erkannt, sondern nur noch Chiffre, Abstraktion \u2013 \u201eKapitalist\u201c, \u201eZionist\u201c \u2013 sind, ist das Armageddon der Christian Rights mit ihren \u201ewahren Juden\u201c und \u201ej\u00fcdischen L\u00fcgnern\u201c nicht weit.<\/p>\n<p>Juden, die sich nicht ins Prokrustesbett der \u201ebedingungslosen Solidarit\u00e4t mit Israel und seiner Schutzmacht USA\u201c pressen lassen wollen und sich einer Konversion zum Zionismus verweigern, hintertreiben nicht nur die Ideologieproduktion f\u00fcr westlichen Neoimperialismus. Da Juden mit ihrer Verfolgungsgeschichte mittlerweile als ein Hauptargument f\u00fcr den Kapitalismus herhalten m\u00fcssen, verf\u00fcgen jene, die durch abweichendes, gar oppositionelles Verhalten auffallen, \u00fcber Potentiale, das gesamte Ideologiegeb\u00e4ude der \u201eneuen Front\u201c zum Einsturz zu bringen. Folglich m\u00fcssen j\u00fcdische Linke zumindest mit Diffamierungen, manchmal auch Drohungen rechnen \u2013 allemal mit Antisemitismus-Vorw\u00fcrfen zu disziplinieren und zum Schweigen zu bringen\u201c, sagt der Soziologe Michal Bodemann. Heute \u201ewird unter jedem Stein nach Antisemiten gesucht wie einst in den USA der F\u00fcnfzigerjahre unter McCarthy nach Kommunisten\u201c.<\/p>\n<p>Zu den gr\u00fcndlichsten Suchern geh\u00f6ren zweifellos die deutschen: Hermann Gremliza, der den Begriff \u201eShoah\u201c (hebr.: \u201eKatastrophe\u201c) gern verwendet \u2013 offenbar ohne seine Bedeutung zu kennen \u2013, l\u00e4sst die Redaktion seiner \u201eantideutschen\u201c Zeitschrift konkret Moshe Zuckermann, Gegner von Israels Besatzungspolitik, beschuldigen, dieser habe \u201eAuschwitz relativiert\u201c, indem er es als \u201eKatastrophe\u201c bezeichnet habe. (24)<\/p>\n<p>Nicht nur das: Zuckermann \u201enimmt den Antisemiten die Arbeit ab\u201c, so konkret. (25) Wer sonst sollte verantwortlich sein f\u00fcr den Antisemitismus, wenn nicht israelische Juden, die ihre Regierung kritisieren?<\/p>\n<p>Von dem Denunzianten-Netzwerk Israel- Academia-Monitor wurde Anfang des Jahres ein Schreiben an den Dekan von Zuckermanns Fakult\u00e4t ver\u00f6ffentlicht, das von Clemens Heni verfasst wurde \u2013 dem pflichteifrigsten Melder von j\u00fcdischen Verst\u00f6\u00dfen gegen die Gebote der Israel-Solidarit\u00e4t: \u201eZuckermann hat den deutschen Antisemitismus sehr unterst\u00fctzt\u201c, indem er f\u00fcr die junge Welt, eine \u201eehemalige Tageszeitung der DDR\u201c schreibe, die nicht nur ein \u201eFeind des j\u00fcdischen Staates\u201c, sondern auch f\u00fcr den \u201eJihad\u201c und \u201eantiwestlich\u201c sei, berichtete der \u201eExperte f\u00fcr deutschen Antisemitismus und Antizionismus, inklusive der Arbeit von Prof. Moshe Zuckermann\u201c, wie Heni sich nennt. (26)<\/p>\n<p>Henis ausgepr\u00e4gter Jagdtrieb hat sogar potenzielle Verb\u00fcndete aus dem proisraelischen Lager nachdenklich gestimmt: Mit Freunden wie Heni br\u00e4uchten all diejenigen, die den real existierenden Antisemitismus bek\u00e4mpften, keine Feinde mehr, schrieb der Journalist Alan Posener auf der Achse des Guten, bevor Henryk M. Broder ihn geschasst hat. \u201eWas der Arier mit dem \u00fcbergro\u00dfen Antisemitenriecher da \u00fcberkompensiert, will man gar nicht erst wissen.\u201c (27)<\/p>\n<p><strong>Anmerkungen:<\/strong><br \/>\n(1) http:\/\/dielinkeoberberg.de\/gummersbach\/index.php<br \/>\n(2) http:\/\/www.oberberg-aktuell.de\/index.php?id=144&amp;tx_ttnews[tt_news]=118305<br \/>\n(3) http:\/\/www.aufmacher.com\/?p=258<br \/>\n(4) http:\/\/www.antifa3d.de\/archiv\/feuerherdt.htm<br \/>\n(5) Moshe Zuckermann, Zweierlei Holocaust. Der Holocaust in den politischen Kulturen Israels und Deutschlands, G\u00f6ttingen 1999, S. 176<br \/>\n(6) s. Moshe Zuckermann, \u201eAntisemit!\u201c Ein Vorwurf als Herrschaftsinstrument, Wien 2010<br \/>\n(7) http:\/\/www.johnreilly.info\/aete.htm<br \/>\n(8) http:\/\/www.matthiaskuentzel.de\/contents\/mit-den-usa-gegen-antisemitismus<br \/>\n(9) http:\/\/www.dradio.de\/dlf\/sendungen\/politischeliteratur\/131678\/<br \/>\n(10) http:\/\/www.ag-friedensforschung.de\/regionen\/USA\/neocons.html<br \/>\n(11) s. David Harvey, Der neue Imperialismus, Hamburg 2005<br \/>\n(12) http:\/\/www.jungewelt.de\/2011\/03-10\/005.php<br \/>\n(13) http:\/\/www.welt.de\/debatte\/article11148187\/Der-Westen-und-das-hoehnische-Lachen-der-Islamisten.html<br \/>\n(14) http:\/\/hamburg.blogsport.de\/2009\/10\/02\/obamaein-weltfremder-utopist\/<br \/>\n(15) s. Herbert Schui\/Ralf Ptak\/Stephanie Blankenburg\/G\u00fcnter Bachmann\/Dirk Kotzur, Wollt ihr den totalen Markt? Der Neoliberalismus und die extreme Rechte, M\u00fcnchen 1997<br \/>\n(16) http:\/\/www.trend.infopartisan.net\/trd1210\/t371210.html<br \/>\n(17) http:\/\/www.haolam.de\/?site=artikeldetail&amp;id=3789<br \/>\n(18) http:\/\/www.diefreiheit.org\/politik\/jerusalemererklarung\/<br \/>\n(19) http:\/\/www.diefreiheit.org\/gush-kativ-museumviele-gesprache-und-ein-grus-von-netanjahu\/<br \/>\n(20) http:\/\/www.redaktion-bahamas.org\/aktuell\/110121 leipzig-dokumentation.html#idTextAuswahl<br \/>\n(21) http:\/\/redaktion-bahamas.org\/auswahl\/web59-2.html<br \/>\n(22) http:\/\/strassenauszucker.blogsport.de\/2010\/05\/13\/die-sind-schuld\/<br \/>\n(23) Ulrich Enderwitz, Konsum, Terror und Gesellschaftskritik. Eine Tour d\u2019horizon, M\u00fcnster 2005, S. 123f.<br \/>\n(24) http:\/\/www.konkret-verlage.de\/kvv\/an.php?jahr=2011&amp;mon=04<br \/>\n(25) http:\/\/www.konkret-verlage.de\/kvv\/von.php?jahr=2010&amp;mon=12<br \/>\n(26) http:\/\/israel-academia-monitor.com\/index.php?type=large_advic&amp;advice_id=8012&amp;page_data[id]=176&amp;cookie_lang=en<br \/>\n(27) http:\/\/www.achgut.com\/dadgdx\/index.php\/dadgd\/article\/stotternde_stalinisten\/<\/p>\n<hr \/>\n<p>Foto: Israelische <span class=\"mw-mmv-title\">Sperranlage als Mauer bei Jerusalem \/ <\/span>Von Ralf Roletschek &#8211; Eigenes Werk, GFDL 1.2, https:\/\/commons.wikimedia.org\/w\/index.php?curid=48688833<\/p>\n","protected":false},"excerpt":{"rendered":"<p><strong>Beitrag von Susann Witt-Stahl aus: FREIDENKER 4-11<\/strong><br \/>\nViele Christen glauben, der in der Bibel prophezeite Endkampf zwischen Gut und B\u00f6se habe bereits begonnen. Schauplatz ist Israel. Entschieden wird er zwischen \u201ewahren Juden\u201c und \u201eteuflischen Arabern\u201c \u2013 durch einen Atomkrieg. Der hat (noch) nicht stattgefunden. Aber ein Propagandakrieg ist in vollem Gange: Neue Rechte, Rechtskonservative, \u201eantideutsche\u201c und andere Neokonservative er\u00f6ffnen mithilfe einiger Noch-Linker eine neue politische Front: \u201eF\u00fcr die Verteidigung Israels und der Juden\u201c, schallt der Schlachtruf aus der FP\u00d6, von der Achse des Guten und sogar vom rechten Rand der Linkspartei. <\/p>\n","protected":false},"author":3,"featured_media":3908,"comment_status":"closed","ping_status":"closed","sticky":false,"template":"","format":"standard","meta":{"colormag_page_container_layout":"default_layout","colormag_page_sidebar_layout":"default_layout","advanced_seo_description":"","jetpack_seo_html_title":"","jetpack_seo_noindex":false,"jetpack_post_was_ever_published":false,"footnotes":""},"categories":[12,13],"tags":[512,511,277,404,350,393,723,758,579],"class_list":["post-3124","post","type-post","status-publish","format-standard","has-post-thumbnail","hentry","category-demokratie-medien-aufklaerung","category-frieden-antifaschismus-solidaritaet","tag-antisemitismus","tag-antizionismus","tag-holocaust","tag-imperialismus","tag-islam","tag-israel","tag-judentum","tag-propagandakrieg","tag-zionismus"],"jetpack_featured_media_url":"https:\/\/i0.wp.com\/www.freidenker.org\/fw17\/wp-content\/uploads\/2011\/12\/16-04-02-Jerusalem-RalfR-WAT_5972_800x445.jpg?fit=800%2C445&ssl=1","jetpack_shortlink":"https:\/\/wp.me\/p9stpK-Oo","jetpack-related-posts":[{"id":3058,"url":"https:\/\/www.freidenker.org\/?p=3058","url_meta":{"origin":3124,"position":0},"title":"Die letzten Semiten","author":"Webredaktion","date":"9. August 2013","format":false,"excerpt":"Rede von Joseph A. Massad auf der zweiten Pal\u00e4stina-Solidarit\u00e4tskonferenz in Stuttgart Es war die Protestantische Reformation mit ihrer Wiederbelebung der Hebr\u00e4ischen Bibel, die die Verbindung der modernen Juden Europas zu den Hebr\u00e4ern Pal\u00e4stinas im Altertum herstellen sollte, eine Verbindung, welche die Sprachwissenschaftler des 18. Jahrhunderts durch ihre Entdeckung der \"semitischen\"\u2026","rel":"","context":"In &quot;Weltanschauung &amp; Philosophie&quot;","block_context":{"text":"Weltanschauung &amp; Philosophie","link":"https:\/\/www.freidenker.org\/?cat=16"},"img":{"alt_text":"","src":"https:\/\/i0.wp.com\/www.freidenker.org\/fw17\/wp-content\/uploads\/2013\/08\/Al_Nakba_-_Graffiti_-_Nazareth_800x445.jpg?fit=800%2C445&ssl=1&resize=350%2C200","width":350,"height":200,"srcset":"https:\/\/i0.wp.com\/www.freidenker.org\/fw17\/wp-content\/uploads\/2013\/08\/Al_Nakba_-_Graffiti_-_Nazareth_800x445.jpg?fit=800%2C445&ssl=1&resize=350%2C200 1x, https:\/\/i0.wp.com\/www.freidenker.org\/fw17\/wp-content\/uploads\/2013\/08\/Al_Nakba_-_Graffiti_-_Nazareth_800x445.jpg?fit=800%2C445&ssl=1&resize=525%2C300 1.5x, https:\/\/i0.wp.com\/www.freidenker.org\/fw17\/wp-content\/uploads\/2013\/08\/Al_Nakba_-_Graffiti_-_Nazareth_800x445.jpg?fit=800%2C445&ssl=1&resize=700%2C400 2x"},"classes":[]},{"id":17717,"url":"https:\/\/www.freidenker.org\/?p=17717","url_meta":{"origin":3124,"position":1},"title":"Zur Gleichsetzung von Juden, Zionismus und Israel","author":"Webredaktion","date":"30. Dezember 2023","format":false,"excerpt":"Beitrag von Doris und George Pumphrey Im Zuge einer sogenannten \u201eDeutschen Staatsraison\u201c-Doktrin ist es \u00fcblich geworden, antizionistische Proteste als \u201eAntisemitismus\u201c zu diffamieren, selbst wenn es Juden sind, die protestieren. Deshalb ist die folgende Klarstellung immer wieder notwendig. Antisemitismus ist seit geraumer Zeit einer der meist missbrauchten Begriffe der politi\u00adschen Terminologie\u2026","rel":"","context":"In &quot;Demokratie \u2013 Medien \u2013 Aufkl\u00e4rung&quot;","block_context":{"text":"Demokratie \u2013 Medien \u2013 Aufkl\u00e4rung","link":"https:\/\/www.freidenker.org\/?cat=12"},"img":{"alt_text":"","src":"https:\/\/i0.wp.com\/www.freidenker.org\/fw17\/wp-content\/uploads\/2023\/12\/Herzl_erster_Zionistenkongress_800x450.jpg?fit=800%2C450&ssl=1&resize=350%2C200","width":350,"height":200,"srcset":"https:\/\/i0.wp.com\/www.freidenker.org\/fw17\/wp-content\/uploads\/2023\/12\/Herzl_erster_Zionistenkongress_800x450.jpg?fit=800%2C450&ssl=1&resize=350%2C200 1x, https:\/\/i0.wp.com\/www.freidenker.org\/fw17\/wp-content\/uploads\/2023\/12\/Herzl_erster_Zionistenkongress_800x450.jpg?fit=800%2C450&ssl=1&resize=525%2C300 1.5x, https:\/\/i0.wp.com\/www.freidenker.org\/fw17\/wp-content\/uploads\/2023\/12\/Herzl_erster_Zionistenkongress_800x450.jpg?fit=800%2C450&ssl=1&resize=700%2C400 2x"},"classes":[]},{"id":752,"url":"https:\/\/www.freidenker.org\/?p=752","url_meta":{"origin":3124,"position":2},"title":"FREIDENKER 4-11 &#8211; &#8222;Antizionismus&#8220; = &#8222;Antisemitismus&#8220;?","author":"Webmaster","date":"16. Dezember 2011","format":false,"excerpt":"Die Ausgabe 4-11 des Verbandsorgans FREIDENKER hat das Schwerpunkt-Thema \u201eAntizionismus = Antisemitismus?\u201c und enth\u00e4lt u.a folgende Beitr\u00e4ge: Susanne Witt-Stahl: \u201eSieg oder Holocaust\u201c - Evelyn Hecht-Galinski: Holocaust-Missbrauch f\u00fcr Kriegsdrohung gegen Iran - Jan Bretschneider: Antizionismus = Antisemitismus? Versuch einer Kl\u00e4rung - Klaus von Raussendorff: Judentum \u2013 Judaismus \u2013 Zionismus \u2013 Israel\u2026","rel":"","context":"In &quot;Verbandsorgan FREIDENKER&quot;","block_context":{"text":"Verbandsorgan FREIDENKER","link":"https:\/\/www.freidenker.org\/?cat=8"},"img":{"alt_text":"","src":"https:\/\/i0.wp.com\/www.freidenker.org\/fw17\/wp-content\/uploads\/2017\/12\/FD_2011-04_Titel_mR.jpg?fit=800%2C445&ssl=1&resize=350%2C200","width":350,"height":200,"srcset":"https:\/\/i0.wp.com\/www.freidenker.org\/fw17\/wp-content\/uploads\/2017\/12\/FD_2011-04_Titel_mR.jpg?fit=800%2C445&ssl=1&resize=350%2C200 1x, https:\/\/i0.wp.com\/www.freidenker.org\/fw17\/wp-content\/uploads\/2017\/12\/FD_2011-04_Titel_mR.jpg?fit=800%2C445&ssl=1&resize=525%2C300 1.5x, https:\/\/i0.wp.com\/www.freidenker.org\/fw17\/wp-content\/uploads\/2017\/12\/FD_2011-04_Titel_mR.jpg?fit=800%2C445&ssl=1&resize=700%2C400 2x"},"classes":[]},{"id":18532,"url":"https:\/\/www.freidenker.org\/?p=18532","url_meta":{"origin":3124,"position":3},"title":"Shelly Steinberg: Mein Brief an Claudia Roth","author":"Webredaktion","date":"10. M\u00e4rz 2024","format":false,"excerpt":"Brief von Shelly Steinberg Shelly Steinberg schrieb an Claudia Roth, Beauftragte der Bundesregierung f\u00fcr Kultur und Medien, da sie \"sprach- und fassungslos\" sei angesichts der Reaktionen auf die Reden auf der Berlinale 2024. Shelly Steinberg ist J\u00fcdin; in Israel geboren, mit ihren Eltern nach M\u00fcnchen gekommen, hat in Israel und\u2026","rel":"","context":"In &quot;Demokratie \u2013 Medien \u2013 Aufkl\u00e4rung&quot;","block_context":{"text":"Demokratie \u2013 Medien \u2013 Aufkl\u00e4rung","link":"https:\/\/www.freidenker.org\/?cat=12"},"img":{"alt_text":"","src":"https:\/\/i0.wp.com\/www.freidenker.org\/fw17\/wp-content\/uploads\/2024\/03\/Shelly-Steinberg_800x450.jpg?fit=800%2C450&ssl=1&resize=350%2C200","width":350,"height":200,"srcset":"https:\/\/i0.wp.com\/www.freidenker.org\/fw17\/wp-content\/uploads\/2024\/03\/Shelly-Steinberg_800x450.jpg?fit=800%2C450&ssl=1&resize=350%2C200 1x, https:\/\/i0.wp.com\/www.freidenker.org\/fw17\/wp-content\/uploads\/2024\/03\/Shelly-Steinberg_800x450.jpg?fit=800%2C450&ssl=1&resize=525%2C300 1.5x, https:\/\/i0.wp.com\/www.freidenker.org\/fw17\/wp-content\/uploads\/2024\/03\/Shelly-Steinberg_800x450.jpg?fit=800%2C450&ssl=1&resize=700%2C400 2x"},"classes":[]},{"id":10922,"url":"https:\/\/www.freidenker.org\/?p=10922","url_meta":{"origin":3124,"position":4},"title":"LINKE &#8211; auf Seiten der Unterdr\u00fcckten oder der Unterdr\u00fccker?","author":"Webredaktion","date":"29. Juli 2021","format":false,"excerpt":"Annette Groth, bis 2017\u00a0 Mitglied der Fraktion Die Linke im Bundestag, Mitglied des Beirats des Deutschen Freidenker-Verbandes und engagiert im B\u00fcndnis f\u00fcr Gerechtigkeit zwischen Israelis und Pal\u00e4stinensern (BIP), hat einen \"Offenen Brief\" an den derzeitigen Fraktionsvorsitzenden Dietmar Bartsch geschrieben. Anlass ist sein Interview mit dem Zentralrat der Juden, \u00fcber das\u2026","rel":"","context":"In &quot;Demokratie \u2013 Medien \u2013 Aufkl\u00e4rung&quot;","block_context":{"text":"Demokratie \u2013 Medien \u2013 Aufkl\u00e4rung","link":"https:\/\/www.freidenker.org\/?cat=12"},"img":{"alt_text":"","src":"https:\/\/i0.wp.com\/www.freidenker.org\/fw17\/wp-content\/uploads\/2021\/07\/groth_bartsch_800x450_v3.jpg?fit=800%2C450&ssl=1&resize=350%2C200","width":350,"height":200,"srcset":"https:\/\/i0.wp.com\/www.freidenker.org\/fw17\/wp-content\/uploads\/2021\/07\/groth_bartsch_800x450_v3.jpg?fit=800%2C450&ssl=1&resize=350%2C200 1x, https:\/\/i0.wp.com\/www.freidenker.org\/fw17\/wp-content\/uploads\/2021\/07\/groth_bartsch_800x450_v3.jpg?fit=800%2C450&ssl=1&resize=525%2C300 1.5x, https:\/\/i0.wp.com\/www.freidenker.org\/fw17\/wp-content\/uploads\/2021\/07\/groth_bartsch_800x450_v3.jpg?fit=800%2C450&ssl=1&resize=700%2C400 2x"},"classes":[]},{"id":9369,"url":"https:\/\/www.freidenker.org\/?p=9369","url_meta":{"origin":3124,"position":5},"title":"Urteil gegen den missbr\u00e4uchlichen &#8222;Antisemitismus&#8220;-Vorwurf","author":"Webredaktion","date":"23. Januar 2021","format":false,"excerpt":"Unser Genosse Klaus Ried aus M\u00fcnchen hat vor dem Bayerischen Verwaltungsgerichtshof einen beachtlichen Teilerfolg f\u00fcr die Meinungsfreiheit erzielt. Unter dem Vorwand des \"Antisemitismus\"\u00a0 wurden st\u00e4dtische R\u00e4ume in M\u00fcnchen f\u00fcr eine israelkritische Veranstaltung\u00a0 verweigert. Klaus Ried schreibt dazu u.a.: ... Bei den meisten Diskussionen zu diesem Themenkomplex reden die Kontrahenten vollkommen\u2026","rel":"","context":"In &quot;Demokratie \u2013 Medien \u2013 Aufkl\u00e4rung&quot;","block_context":{"text":"Demokratie \u2013 Medien \u2013 Aufkl\u00e4rung","link":"https:\/\/www.freidenker.org\/?cat=12"},"img":{"alt_text":"","src":"https:\/\/i0.wp.com\/www.freidenker.org\/fw17\/wp-content\/uploads\/2021\/01\/klartext_Bayrischer_VGH.jpg?fit=800%2C445&ssl=1&resize=350%2C200","width":350,"height":200,"srcset":"https:\/\/i0.wp.com\/www.freidenker.org\/fw17\/wp-content\/uploads\/2021\/01\/klartext_Bayrischer_VGH.jpg?fit=800%2C445&ssl=1&resize=350%2C200 1x, https:\/\/i0.wp.com\/www.freidenker.org\/fw17\/wp-content\/uploads\/2021\/01\/klartext_Bayrischer_VGH.jpg?fit=800%2C445&ssl=1&resize=525%2C300 1.5x, https:\/\/i0.wp.com\/www.freidenker.org\/fw17\/wp-content\/uploads\/2021\/01\/klartext_Bayrischer_VGH.jpg?fit=800%2C445&ssl=1&resize=700%2C400 2x"},"classes":[]}],"_links":{"self":[{"href":"https:\/\/www.freidenker.org\/index.php?rest_route=\/wp\/v2\/posts\/3124","targetHints":{"allow":["GET"]}}],"collection":[{"href":"https:\/\/www.freidenker.org\/index.php?rest_route=\/wp\/v2\/posts"}],"about":[{"href":"https:\/\/www.freidenker.org\/index.php?rest_route=\/wp\/v2\/types\/post"}],"author":[{"embeddable":true,"href":"https:\/\/www.freidenker.org\/index.php?rest_route=\/wp\/v2\/users\/3"}],"replies":[{"embeddable":true,"href":"https:\/\/www.freidenker.org\/index.php?rest_route=%2Fwp%2Fv2%2Fcomments&post=3124"}],"version-history":[{"count":0,"href":"https:\/\/www.freidenker.org\/index.php?rest_route=\/wp\/v2\/posts\/3124\/revisions"}],"wp:featuredmedia":[{"embeddable":true,"href":"https:\/\/www.freidenker.org\/index.php?rest_route=\/wp\/v2\/media\/3908"}],"wp:attachment":[{"href":"https:\/\/www.freidenker.org\/index.php?rest_route=%2Fwp%2Fv2%2Fmedia&parent=3124"}],"wp:term":[{"taxonomy":"category","embeddable":true,"href":"https:\/\/www.freidenker.org\/index.php?rest_route=%2Fwp%2Fv2%2Fcategories&post=3124"},{"taxonomy":"post_tag","embeddable":true,"href":"https:\/\/www.freidenker.org\/index.php?rest_route=%2Fwp%2Fv2%2Ftags&post=3124"}],"curies":[{"name":"wp","href":"https:\/\/api.w.org\/{rel}","templated":true}]}}