{"id":3122,"date":"2011-12-17T01:44:37","date_gmt":"2011-12-17T00:44:37","guid":{"rendered":"http:\/\/www.freidenker.org\/?p=3122"},"modified":"2018-02-14T21:46:47","modified_gmt":"2018-02-14T20:46:47","slug":"ein-plaedoyer","status":"publish","type":"post","link":"https:\/\/www.freidenker.org\/?p=3122","title":{"rendered":"Ein Pl\u00e4doyer"},"content":{"rendered":"<p>aus <a href=\"https:\/\/www.freidenker.org\/?p=752\">FREIDENKER 4-2011<\/a><\/p>\n<p>von <em><strong>Klaus Hartmann<\/strong><\/em><\/p>\n<p>&nbsp;<\/p>\n<p>Der Vorwurf, \u201eAntisemit\u201c zu sein, geh\u00f6rt zu den schwersten politischen Anklagen. Heute wird der Vorwurf aber insbesondere gegen Menschen erhoben, die gegen israelische Besatzung und Kriegsverbrechen in Pal\u00e4stina protestieren. Besonders \u201eantisemitisch\u201c seien die \u201ekritischen Juden\u201c, die ihren Kriegstreiber-Regierungen nicht huldigen, f\u00fcr sie muss die psychologistische Erkl\u00e4rung her: sie seien \u201evon j\u00fcdischem Selbsthass zerfressen\u201c. Wer fordert, die Hamas von der Liste der Terrororganisationen zu streichen und als Gewinnerin demokratischer Wahlen als Gespr\u00e4chspartnerin zu akzeptieren, kann nur ein Antisemit sein. Wer gegen die Kriegsdrohungen gegen den Iran und Syrien demonstriert, gegen die Kriege gegen den Irak, Afghanistan und Libyen, ist ebenso des \u201eAntisemitismus\u201c verd\u00e4chtig, denn die Kriege f\u00e4nden ja zum Schutz Israels statt. Inzwischen gilt es in manchen Parteien schon als \u201eantisemitisch\u201c, sich f\u00fcr eine Ein-Staaten-L\u00f6sung mit gleichen Rechten f\u00fcr alle B\u00fcrger in Pal\u00e4stina einzusetzen, oder die Hilfsschiffe nach Gaza zu unterst\u00fctzen.<\/p>\n<p>Nicht weniger \u201eantisemitisch\u201c sei es, gegen die Finanzkrise und die B\u00f6rsenspekulanten zu protestieren, das Wort von den \u201eHeuschrecken\u201c sei antisemitisch, ja letztlich jede Anklage gegen den Kapitalismus. Die Liste l\u00e4sst sich fast unendlich fortsetzen: wer gegen Islamophobie ist, ja wer behauptet, es g\u00e4be Islamophobie, wer Muslime gegen rassistische Angriffe verteidigt, oder behauptet, der \u201eIslam geh\u00f6rt zu Deutschland\u201c, ist zumindest \u201eantisemitismusverd\u00e4chtig\u201c. Wer an der Verschw\u00f6rungstheorie des Wei\u00dfen Hauses zu den Anschl\u00e4gen am 11.09. auf das World Trade Center zweifelt, diese seien von \u201eIslamisten\u201c begangen worden, ist nat\u00fcrlich auch \u201eAntisemit\u201c. Denn die Anschl\u00e4ge waren \u201eantisemitisch\u201c, galten ja dem Symbol des Kapitalismus, also des gro\u00dfen Geldes, vulgo den Juden.<br \/>\nEs wir deutlich, dass diese \u201eK\u00e4mpfer gegen den Antisemitismus\u201c und selbsternannten Judenfreunde selbst \u201eAntisemiten\u201c sind, wenn sie in rassistischer Manier \u201edie Juden\u201c f\u00fcr die imperialistischen Kriege verantwortlich machen und mit dem Bild des blutsaugenden B\u00f6rsenspekulanten nach ihrem Verst\u00e4ndnis nur der reiche Jude gemeint sein kann. So hirnrissig dies alles ist, wir kommen nicht umhin festzustellen, dass diese Gehirnw\u00e4sche in den letzten Jahren zugenommen und an Einfluss gewonnen hat.<br \/>\nDamit geht einher, dass der Vorwurf des \u201eAntisemitismus\u201c durch diesen inflation\u00e4ren und schwachsinnigen Gebrauch zu einer ganz kleinen M\u00fcnze im politkonjunkturellen Schlagabtausch entwertet worden ist, dass er als Waffe gegen den ja auch weiterhin real existierenden Antisemitismus stumpf und unbrauchbar geworden ist. Wie soll man mit dieser Lage umgehen? Elias Davidson vertritt die Auffassung, man k\u00f6nne die Ankl\u00e4ger durch eine \u201eStrategie paradox\u201c ad absurdum f\u00fchren: \u201eJe mehr der \u201aBegriff \u201aAntisemit\u2018 inzwischen f\u00fcr Verfechter der Menschenrechte und radikale Demokraten verwendet wird, erkl\u00e4re ich mich selbst zu radikalen Antisemiten\u201c. So sympathisch das Motiv ist, zweifle ich doch am nachhaltigen Erfolg des Vorschlags.<br \/>\nIch mache einen anderen Vorschlag: wir sollten auf die Begriffe \u201eAntisemitismus\u201c und \u201eantisemitisch\u201c verzichten, sie entsorgen. Ein defensiver Vorschlag? Keineswegs. Selbstverst\u00e4ndlich sind wir vielfach und immer wieder mit Versuchen der Herrschenden konfrontiert, dass sie Begriffe der Arbeiter- und demokratischen Bewegung entwenden, um sie zu entwerten, unbrauchbar zu machen, ihren Sinn und Inhalt zu verdrehen. Solidarit\u00e4t, Menschenrechte oder Internationalismus sind nur einige Beispiele. In diesen F\u00e4llen lohnt es, um die Begriffe zu k\u00e4mpfen, sie sich zur\u00fcckzuholen, wieder mit den Original-Inhalten zu f\u00fcllen. Beim \u201eAntisemitismus\u201c lohnt sich die M\u00fche nicht. Warum?<br \/>\nBei links, demokratisch und antifaschistisch eingestellten Menschen ist die Auffassung verbreitet, dass der \u201eAntisemitismus\u201c \u00fcber zwei Jahrtausende alt sei, und alle Auspr\u00e4gungen von Judenfeindschaft umfasse. Das ist historisch nicht richtig, denn \u201eAntisemitismus\u201c gibt\u2019s erst seit der zweiten H\u00e4lfte des 19. Jahrhunderts. Den Begriff auf die ganze historische Judenfeindschaft auszudehnen, f\u00fchrt zur Unsch\u00e4rfe.<br \/>\nIm \u201eFreidenker\u201c 3-2002* war bereits zu lesen: Das Ph\u00e4nomen \u201eist historisch untrennbar mit dem Antijudaismus der christlichen Kirche verbunden, speziell des Vatikan-Katholizismus, aber auch Luthers Judenfeindschaft l\u00e4sst die Protestanten nicht g\u00fcnstiger erscheinen. (\u2026). Dass \u201aChristus\u2018 von \u201aden Juden\u2018 ans Kreuz genagelt worden sein soll, \u201adie Juden\u2018 also \u201aChristusm\u00f6rder\u2018 sein sollen, ist zweifelsohne ein starkes Argument, und es ist noch heute, wenn auch teilweise etwas verdeckter, in Gebrauch. Das \u201akulturell christlich gepr\u00e4gte Europa\u2018 schleppt als Erbe ein massenhaft im Bewusstsein breiter Bev\u00f6lkerungsschichten verankertes antij\u00fcdisches Ressentiment mit.\u201c<br \/>\n\u201eDie historisch ererbte lange Tradition des christlich gepr\u00e4gten Antijudaismus war meist wirtschaftlich motiviert und religi\u00f6s drapiert. Erst im 19. Jahrhundert kam die nationale und \u201arassische\u2018 Variante ins Spiel, Juden wurden als \u201anational unzuverl\u00e4ssig\u2018, \u201aheimatlose Gesellen\u2018 und \u201av\u00f6lkisch minderwertig\u2018 bezeichnet. Man forderte die \u201aReinigung\u2018 des deutschen Volkes von allem J\u00fcdischen und der Begriff \u201aAntisemitismus\u2018 wurde gepr\u00e4gt \u2013 1879 von Wilhelm Marr in seiner Hetzschrift \u201aDer Sieg des Judentums \u00fcber das Germanentum\u2018. Damit war die unmittelbare Vorarbeit f\u00fcr die deutschen Faschisten geleistet, die mit ihrer \u201aEndl\u00f6sung der Judenfrage\u2018 die traditionelle Judenfeindlichkeit die perverse Spitze des industriell organisierten Massenmordes trieben.<br \/>\nMit dem Begriff \u201aAntisemitismus\u2018 soll die aggressive rassistische Komponente erfasst werden, die zum traditionellen Antijudaismus hinzugetreten ist. Diesen zu bek\u00e4mpfen, ist ein humanes Gebot; doch ist zu bezweifeln, dass der Begriff \u201aAntisemitismus\u2018 das zu Bek\u00e4mpfende richtig bezeichnet.\u201c Denn der Begriff kennzeichnet die rassistische Judenfeindschaft nicht von einer kritischen Position aus, sondern es ist die Selbstbezeichnung der rassistischen Judenhasser, die sich stolz \u201eAntisemiten\u201c nannten.<br \/>\nDer sogenannte \u201eAntisemitismus\u201c wurde von einem rassistischen Judenfeind erfunden, und er greift begrifflich selbst in die \u201aRassen\u2018-Kiste, in der es vermeintlich semitische V\u00f6lker gibt. Dies wurde von den (historischen) V\u00f6lkern mit semitischen Sprachen hergeleitet, aber v\u00f6lkisch-rassistisch gewendet. In der Zeit der Bildung moderner Nationalstaaten ging es reaktion\u00e4ren Kr\u00e4ften um die Ausgrenzung und \u201aGhettoisierung\u2018 der Juden, aus haupts\u00e4chlich zwei Gr\u00fcnden: Aus Feindseligkeit gegen\u00fcber der Franz\u00f6sischen Revolution, deren Gleichheitsverhei\u00dfung auch den Weg zur Judenemanzipation gewiesen hatte; und zur Bek\u00e4mpfung republikanischer Bestrebungen, die viele Juden unterst\u00fctzten. Es war also der gesellschaftliche Fortschritt, der mit dem antij\u00fcdischen Rassismus bek\u00e4mpft werden sollte.<br \/>\nFolglich schreibe ich \u201eAntisemitismus\u201c in Anf\u00fchrungszeichen, weil er als Begriff \u201ain sich\u2018 rassistisch verseucht und damit untauglich ist. Antijudaismus greift auch zu kurz, da er die rassistische Komponente nicht erfasst. Das Ph\u00e4nomen, dass gemeint ist, und das weiterhin bek\u00e4mpft werden muss, hei\u00dft Judenhass, Judenfeindschaft oder antij\u00fcdischer Rassismus.<br \/>\nWenn wir gerade dabei sind: Ich verwende auch den Begriff \u201eHolocaust\u201c nicht, einerseits, weil er den religi\u00f6sen Hintergrund eines rituellen Brandopfers hat, was angesichts der Judenvernichtung h\u00f6chst unpassend ist, andererseits, weil er erst als Erfindung der US-Filmindustrie popul\u00e4r wurde. Mit seiner Abstraktheit wird verunklart, was man beim Namen nennen k\u00f6nnte und sollte: faschistische Judenvernichtung oder Massenmord an den europ\u00e4ischen Juden.<\/p>\n<p>*Klaus Hartmann: \u201eAntisemitismus\u201c, \u201eFreidenker 3-2002, S. 25<\/p>\n<hr \/>\n<p>Foto: Die Mauer am Ortseingang von Bethlehem \/ \u00a9 by arbeiterfotografie.com<\/p>\n","protected":false},"excerpt":{"rendered":"<p><strong>Beitrag von Klaus Hartmann aus FREIDENKER 4-11<\/strong><br \/>\nDer Vorwurf, \u201eAntisemit\u201c zu sein, geh\u00f6rt zu den schwersten politischen Anklagen. Heute wird der Vorwurf aber insbesondere gegen Menschen erhoben, die gegen israelische Besatzung und Kriegsverbrechen in Pal\u00e4stina protestieren. Besonders \u201eantisemitisch\u201c seien die \u201ekritischen Juden\u201c, die ihren Kriegstreiber-Regierungen nicht huldigen, f\u00fcr sie muss die psychologistische Erkl\u00e4rung her: sie seien \u201evon j\u00fcdischem Selbsthass zerfressen\u201c. Wer fordert, die Hamas von der Liste der Terrororganisationen zu streichen und als Gewinnerin demokratischer Wahlen als Gespr\u00e4chspartnerin zu akzeptieren, kann nur ein Antisemit sein. <\/p>\n","protected":false},"author":3,"featured_media":3910,"comment_status":"closed","ping_status":"closed","sticky":false,"template":"","format":"standard","meta":{"colormag_page_container_layout":"default_layout","colormag_page_sidebar_layout":"default_layout","advanced_seo_description":"","jetpack_seo_html_title":"","jetpack_seo_noindex":false,"jetpack_post_was_ever_published":false,"footnotes":""},"categories":[12,13],"tags":[512,723,757,653],"class_list":["post-3122","post","type-post","status-publish","format-standard","has-post-thumbnail","hentry","category-demokratie-medien-aufklaerung","category-frieden-antifaschismus-solidaritaet","tag-antisemitismus","tag-judentum","tag-judenvernichtung","tag-rassismus"],"jetpack_featured_media_url":"https:\/\/i0.wp.com\/www.freidenker.org\/fw17\/wp-content\/uploads\/2011\/12\/2005-08-14-1-5505_800x445.jpg?fit=800%2C445&ssl=1","jetpack_shortlink":"https:\/\/wp.me\/p9stpK-Om","jetpack-related-posts":[{"id":15606,"url":"https:\/\/www.freidenker.org\/?p=15606","url_meta":{"origin":3122,"position":0},"title":"Solidarit\u00e4t mit Daniele Ganser","author":"Webredaktion","date":"27. M\u00e4rz 2023","format":false,"excerpt":"In einer Reihe von St\u00e4dten, in denen Vortragsveranstaltungen des Schweizer Historikers und Friedensforschers Dr. Daniele Ganser angek\u00fcndigt wurden, verlangten \"B\u00fcndnisse\" von Pseudoantifaschisten von Stadtverwaltungen und Hallenbetreibern die Absage der Veranstaltungen. In \"Offenen Briefen\" u. a. Texten wird Ganser mit den sattsam bekannten Diffamierungsvokabeln (Antiamerikaner, Verschw\u00f6rungstheoretiker, Corona-Leugner, Antisemit etc.) \u00fcbersch\u00fcttet. In\u2026","rel":"","context":"In &quot;Zeit der Verleumder - Freidenker f\u00fcr Klartext&quot;","block_context":{"text":"Zeit der Verleumder - Freidenker f\u00fcr Klartext","link":"https:\/\/www.freidenker.org\/?cat=937"},"img":{"alt_text":"","src":"https:\/\/i0.wp.com\/www.freidenker.org\/fw17\/wp-content\/uploads\/2023\/03\/klartext_Daniele_Ganser_Dortmund_2023_800x450.jpg?fit=800%2C450&ssl=1&resize=350%2C200","width":350,"height":200,"srcset":"https:\/\/i0.wp.com\/www.freidenker.org\/fw17\/wp-content\/uploads\/2023\/03\/klartext_Daniele_Ganser_Dortmund_2023_800x450.jpg?fit=800%2C450&ssl=1&resize=350%2C200 1x, https:\/\/i0.wp.com\/www.freidenker.org\/fw17\/wp-content\/uploads\/2023\/03\/klartext_Daniele_Ganser_Dortmund_2023_800x450.jpg?fit=800%2C450&ssl=1&resize=525%2C300 1.5x, https:\/\/i0.wp.com\/www.freidenker.org\/fw17\/wp-content\/uploads\/2023\/03\/klartext_Daniele_Ganser_Dortmund_2023_800x450.jpg?fit=800%2C450&ssl=1&resize=700%2C400 2x"},"classes":[]},{"id":16220,"url":"https:\/\/www.freidenker.org\/?p=16220","url_meta":{"origin":3122,"position":1},"title":"Roger Waters: &#8222;Schwein gehabt&#8220; sieht anders aus","author":"Webredaktion","date":"2. Juni 2023","format":false,"excerpt":"Beitrag von\u00a0Tom J. Wellbrock Die Diskussionen um Roger Waters nehmen kein Ende. Der Bassist der Band Pink Floyd sei antisemitisch, hei\u00dft es immer wieder. Und dann auch noch der Auftritt in einer an Nazis erinnernden Uniform. Das geht ja nun gar nicht! Doch, das geht! Und zwar gleich aus mehreren\u2026","rel":"","context":"In &quot;Demokratie \u2013 Medien \u2013 Aufkl\u00e4rung&quot;","block_context":{"text":"Demokratie \u2013 Medien \u2013 Aufkl\u00e4rung","link":"https:\/\/www.freidenker.org\/?cat=12"},"img":{"alt_text":"","src":"https:\/\/i0.wp.com\/www.freidenker.org\/fw17\/wp-content\/uploads\/2023\/06\/Roger_Waters_UsThem_Tour_2018_Estadio_Nacional_Chile_8_800x450.jpg?fit=800%2C450&ssl=1&resize=350%2C200","width":350,"height":200,"srcset":"https:\/\/i0.wp.com\/www.freidenker.org\/fw17\/wp-content\/uploads\/2023\/06\/Roger_Waters_UsThem_Tour_2018_Estadio_Nacional_Chile_8_800x450.jpg?fit=800%2C450&ssl=1&resize=350%2C200 1x, https:\/\/i0.wp.com\/www.freidenker.org\/fw17\/wp-content\/uploads\/2023\/06\/Roger_Waters_UsThem_Tour_2018_Estadio_Nacional_Chile_8_800x450.jpg?fit=800%2C450&ssl=1&resize=525%2C300 1.5x, https:\/\/i0.wp.com\/www.freidenker.org\/fw17\/wp-content\/uploads\/2023\/06\/Roger_Waters_UsThem_Tour_2018_Estadio_Nacional_Chile_8_800x450.jpg?fit=800%2C450&ssl=1&resize=700%2C400 2x"},"classes":[]},{"id":12501,"url":"https:\/\/www.freidenker.org\/?p=12501","url_meta":{"origin":3122,"position":2},"title":"Ein Montagsspaziergang in G\u00f6ttingen","author":"Webredaktion","date":"24. M\u00e4rz 2022","format":false,"excerpt":"Beitrag von Wolfgang Bittner Am 21. M\u00e4rz nahm ich an einem angemeldeten \u201eMontags-Spaziergang\u201c in G\u00f6ttingen teil. Den Ausschlag hatte ein Bericht in der Lokalzeitung gegeben, wonach sich Kritiker der Corona-Ma\u00dfnahmen und \u201eQuerdenker\u201c den Vorwurf gefallen lassen m\u00fcssten, \u201eMitl\u00e4ufer bei einer rechtsextremen Kampagne zu sein\u201c. Zitiert wurde ein Politologe der Universit\u00e4t,\u2026","rel":"","context":"In &quot;Demokratie \u2013 Medien \u2013 Aufkl\u00e4rung&quot;","block_context":{"text":"Demokratie \u2013 Medien \u2013 Aufkl\u00e4rung","link":"https:\/\/www.freidenker.org\/?cat=12"},"img":{"alt_text":"","src":"https:\/\/i0.wp.com\/www.freidenker.org\/fw17\/wp-content\/uploads\/2022\/03\/MontagsspaziergangB21.3.22_800x450.jpg?fit=800%2C450&ssl=1&resize=350%2C200","width":350,"height":200,"srcset":"https:\/\/i0.wp.com\/www.freidenker.org\/fw17\/wp-content\/uploads\/2022\/03\/MontagsspaziergangB21.3.22_800x450.jpg?fit=800%2C450&ssl=1&resize=350%2C200 1x, https:\/\/i0.wp.com\/www.freidenker.org\/fw17\/wp-content\/uploads\/2022\/03\/MontagsspaziergangB21.3.22_800x450.jpg?fit=800%2C450&ssl=1&resize=525%2C300 1.5x, https:\/\/i0.wp.com\/www.freidenker.org\/fw17\/wp-content\/uploads\/2022\/03\/MontagsspaziergangB21.3.22_800x450.jpg?fit=800%2C450&ssl=1&resize=700%2C400 2x"},"classes":[]},{"id":6308,"url":"https:\/\/www.freidenker.org\/?p=6308","url_meta":{"origin":3122,"position":3},"title":"Gegen die Liquidierung des Antifaschismus","author":"Webredaktion","date":"16. Mai 2019","format":false,"excerpt":"Beitrag von Klaus Hartmann, zuerst ver\u00f6ffentlicht 2005. Die \"Antideutschen\" sind ein Produkt der postmodernen Zerst\u00f6rung der Vernunft und ein Instrument reaktion\u00e4rer Gegenaufkl\u00e4rung. Sie sind Feinde der Arbeiterbewegung und des Sozialismus, der Aufkl\u00e4rung und des Humanismus. Sie sind keine verirrten Linken, sondern Neue Rechte, durch und durch rassistisch, eine profaschistische Str\u00f6mung.\u2026","rel":"","context":"In &quot;Frieden - Antifaschismus - Solidarit\u00e4t&quot;","block_context":{"text":"Frieden - Antifaschismus - Solidarit\u00e4t","link":"https:\/\/www.freidenker.org\/?cat=13"},"img":{"alt_text":"","src":"https:\/\/i0.wp.com\/www.freidenker.org\/fw17\/wp-content\/uploads\/2005\/04\/Klartext_Gedenkstaette_Buchenwald_800x445.jpg?fit=800%2C445&ssl=1&resize=350%2C200","width":350,"height":200,"srcset":"https:\/\/i0.wp.com\/www.freidenker.org\/fw17\/wp-content\/uploads\/2005\/04\/Klartext_Gedenkstaette_Buchenwald_800x445.jpg?fit=800%2C445&ssl=1&resize=350%2C200 1x, https:\/\/i0.wp.com\/www.freidenker.org\/fw17\/wp-content\/uploads\/2005\/04\/Klartext_Gedenkstaette_Buchenwald_800x445.jpg?fit=800%2C445&ssl=1&resize=525%2C300 1.5x, https:\/\/i0.wp.com\/www.freidenker.org\/fw17\/wp-content\/uploads\/2005\/04\/Klartext_Gedenkstaette_Buchenwald_800x445.jpg?fit=800%2C445&ssl=1&resize=700%2C400 2x"},"classes":[]},{"id":43,"url":"https:\/\/www.freidenker.org\/?p=43","url_meta":{"origin":3122,"position":4},"title":"Freidenker-Brief 1-2016: Fauler \u201eQuerfront\u201c-Zauber","author":"Webmaster","date":"2. Februar 2016","format":false,"excerpt":"In der Januar\/Februar-Ausgabe der Verbandszeitschrift \"antifa\" startet der VVN-Gesch\u00e4ftsf\u00fchrer Thomas Willms einen Generalangriff gegen den Deutschen Freidenker-Verband und den Bundesverband Arbeiterfotografie. Der Autor verleumdet diese \u201ezwei traditionelle(n) Organisationen\u201c als \u201ewichtige Knotenpunkte\u201c der \u201eRechts-Links-Ann\u00e4herungsversuche\u201c. Ein Rundumschlag auch gegen andere. Die \u00dcberschrift lautet: \u201eZauberlehrlinge \u2013 Aus dem Katastrophengebiet zwischen Links und Rechts\u201c.\u2026","rel":"","context":"In &quot;Freidenker-Brief&quot;","block_context":{"text":"Freidenker-Brief","link":"https:\/\/www.freidenker.org\/?cat=341"},"img":{"alt_text":"","src":"https:\/\/i0.wp.com\/www.freidenker.org\/fw17\/wp-content\/uploads\/2016\/05\/Zauber.jpg?fit=800%2C445&ssl=1&resize=350%2C200","width":350,"height":200,"srcset":"https:\/\/i0.wp.com\/www.freidenker.org\/fw17\/wp-content\/uploads\/2016\/05\/Zauber.jpg?fit=800%2C445&ssl=1&resize=350%2C200 1x, https:\/\/i0.wp.com\/www.freidenker.org\/fw17\/wp-content\/uploads\/2016\/05\/Zauber.jpg?fit=800%2C445&ssl=1&resize=525%2C300 1.5x, https:\/\/i0.wp.com\/www.freidenker.org\/fw17\/wp-content\/uploads\/2016\/05\/Zauber.jpg?fit=800%2C445&ssl=1&resize=700%2C400 2x"},"classes":[]},{"id":6816,"url":"https:\/\/www.freidenker.org\/?p=6816","url_meta":{"origin":3122,"position":5},"title":"Maas will Demonstrationsfreiheit &#8211; aber in Moskau","author":"Webredaktion","date":"10. August 2019","format":false,"excerpt":"Nachdem der deutsche Regierungssender Deutsche Welle zu Demonstrationen in Moskau aufrief ... schaltete sich sein Finanzier und Auftraggeber, das Bundesau\u00dfenministerium ein, um sich besorgt \u00fcber die Demonstrationsfreiheit, Demokratie und Rechtsstaat zu \u00e4u\u00dfern, in Russland nat\u00fcrlich. Dabei wird gro\u00dfz\u00fcgig \u00fcber die Polizeigewalt gegen Demonstrationen in Deutschland hinweggesehen, wie auch gar nicht\u2026","rel":"","context":"In &quot;Demokratie \u2013 Medien \u2013 Aufkl\u00e4rung&quot;","block_context":{"text":"Demokratie \u2013 Medien \u2013 Aufkl\u00e4rung","link":"https:\/\/www.freidenker.org\/?cat=12"},"img":{"alt_text":"","src":"https:\/\/i0.wp.com\/www.freidenker.org\/fw17\/wp-content\/uploads\/2019\/08\/dw_321392134_800x445.jpg?fit=800%2C445&ssl=1&resize=350%2C200","width":350,"height":200,"srcset":"https:\/\/i0.wp.com\/www.freidenker.org\/fw17\/wp-content\/uploads\/2019\/08\/dw_321392134_800x445.jpg?fit=800%2C445&ssl=1&resize=350%2C200 1x, https:\/\/i0.wp.com\/www.freidenker.org\/fw17\/wp-content\/uploads\/2019\/08\/dw_321392134_800x445.jpg?fit=800%2C445&ssl=1&resize=525%2C300 1.5x, https:\/\/i0.wp.com\/www.freidenker.org\/fw17\/wp-content\/uploads\/2019\/08\/dw_321392134_800x445.jpg?fit=800%2C445&ssl=1&resize=700%2C400 2x"},"classes":[]}],"_links":{"self":[{"href":"https:\/\/www.freidenker.org\/index.php?rest_route=\/wp\/v2\/posts\/3122","targetHints":{"allow":["GET"]}}],"collection":[{"href":"https:\/\/www.freidenker.org\/index.php?rest_route=\/wp\/v2\/posts"}],"about":[{"href":"https:\/\/www.freidenker.org\/index.php?rest_route=\/wp\/v2\/types\/post"}],"author":[{"embeddable":true,"href":"https:\/\/www.freidenker.org\/index.php?rest_route=\/wp\/v2\/users\/3"}],"replies":[{"embeddable":true,"href":"https:\/\/www.freidenker.org\/index.php?rest_route=%2Fwp%2Fv2%2Fcomments&post=3122"}],"version-history":[{"count":0,"href":"https:\/\/www.freidenker.org\/index.php?rest_route=\/wp\/v2\/posts\/3122\/revisions"}],"wp:featuredmedia":[{"embeddable":true,"href":"https:\/\/www.freidenker.org\/index.php?rest_route=\/wp\/v2\/media\/3910"}],"wp:attachment":[{"href":"https:\/\/www.freidenker.org\/index.php?rest_route=%2Fwp%2Fv2%2Fmedia&parent=3122"}],"wp:term":[{"taxonomy":"category","embeddable":true,"href":"https:\/\/www.freidenker.org\/index.php?rest_route=%2Fwp%2Fv2%2Fcategories&post=3122"},{"taxonomy":"post_tag","embeddable":true,"href":"https:\/\/www.freidenker.org\/index.php?rest_route=%2Fwp%2Fv2%2Ftags&post=3122"}],"curies":[{"name":"wp","href":"https:\/\/api.w.org\/{rel}","templated":true}]}}