{"id":3120,"date":"2012-02-05T01:40:49","date_gmt":"2012-02-05T00:40:49","guid":{"rendered":"http:\/\/www.freidenker.org\/?p=3120"},"modified":"2018-02-18T19:57:45","modified_gmt":"2018-02-18T18:57:45","slug":"aufruf-des-buendnisses-dresden-nazifrei-2012","status":"publish","type":"post","link":"https:\/\/www.freidenker.org\/?p=3120","title":{"rendered":"Aufruf des B\u00fcndnisses Dresden Nazifrei 2012"},"content":{"rendered":"<p><strong>Aller guten Dinge sind drei! BLOCK DRESDEN 2012 \u2013 Blockieren, bis der Naziaufmarsch Geschichte ist<\/strong><\/p>\n<p><span style=\"text-decoration: underline;\">Quelle:<\/span>\u00a0<a title=\"Hyperlink zur Webseite Dresden Nazifrei 2012\" href=\"http:\/\/www.dresden-nazifrei.com\/index.php?option=com_content&amp;view=section&amp;layout=blog&amp;id=8&amp;Itemid=54&amp;lang=de\" target=\"_blank\" rel=\"noopener\">http:\/\/www.dresden-nazifrei.com\/index.php?option=com_content&amp;view=section&amp;layout=blog&amp;id=8&amp;Itemid=54&amp;lang=de<\/a><\/p>\n<p>In den vergangen zwei Jahren ist uns etwas gelungen, das viele f\u00fcr unm\u00f6glich gehalten hatten: Wir haben den Naziaufmarsch in Dresden erfolgreich blockiert. Tausende Nazis konnten ihr eigentliches Ziel, mit einer Gro\u00dfdemonstration ihre menschenverachtende Ideologie zur Schau zu stellen, nicht erreichen.<\/p>\n<p>Mit dem Aufmarsch im Februar versuchten sie in den vergangenen Jahren, an das Gedenken an die Bombardierungen Dresdens im Februar 1945 und den damit einher gehenden Mythos der \u201eunschuldigen Stadt Dresden\u201c \u00a0anzukn\u00fcpfen. Auch durch Ignorieren und Wegschauen seitens der Stadtverwaltung und eine mangelnde Entschlossenheit gro\u00dfer Teile der Dresdner Zivilgesellschaft konnte dieser Termin zu Europas gr\u00f6\u00dftem Naziaufmarsch mit bis zu 7000 Teilnehmenden werden. Doch die Dynamik der Aufm\u00e4rsche ist gebrochen. Zu verdanken ist dies insbesondere dem entschlossenen Handeln von zw\u00f6lftausend (2010) und zwanzigtausend Menschen (2011), die mit Massenblockaden den Marsch der Nazis verhinderten.<\/p>\n<p>Wir wenden uns gegen jede Form von Geschichtsrevisionismus. Alten und neuen Nazis darf keine Gelegenheit gegeben werden, die deutsche Geschichte zu verkl\u00e4ren und die NS-Verbrechen zu verherrlichen. Daher werden wir am 13. Februar 2012 den \u201eT\u00e4terspuren\u201c-Mahngang durchf\u00fchren, um an die NS-Geschichte in Dresden zu erinnern.<br \/>\n\u201eSagen, was man tut, und tun, was man sagt\u201c \u2013 durch dieses Motto war unser Handeln der letzten Jahre gepr\u00e4gt. Dabei bleibt es! Uns eint das Ziel, den Naziaufmarsch durch Massenblockaden zu verhindern. Unser Ziel ist dabei nicht die Auseinandersetzung mit der Polizei. Wir sind entschlossen, den Naziaufmarsch zu blockieren \u2013 von uns wird dabei keine Eskalation ausgehen. Wir sind solidarisch mit allen, die mit uns das Ziel teilen, den Naziaufmarsch zu verhindern.<br \/>\n\u201eUnsere Vielfalt ist unsere St\u00e4rke\u201c \u2013 das war unser Credo der letzten Jahre. Dabei bleibt es! Mit einem breiten B\u00fcndnis aus Antifagruppen, lokalen Initiativen und Aktionsgruppen, Gewerkschaften, Parteien und Jugendverb\u00e4nden, religi\u00f6sen Gruppen sowie zahlreichen weiteren Organisationen und Einzelpersonen haben wir deutlich gemacht: Blockaden sind legitim, und Dresden geht uns alle an!<br \/>\nAntifaschistInnen wurden in den letzten Monaten vermehrt mit staatlichen Repressionen \u00fcberzogen. Rechtswidrige Funkzellenabfragen, politisch motivierte Strafverfahren, selbst Immunit\u00e4tsaufhebungen werden uns nicht einsch\u00fcchtern. Versuchen von au\u00dfen, uns mittels der Extremismustheorie zu spalten, setzen wir unsere Solidarit\u00e4t entgegen. Wir lassen uns nicht spalten. Ziviler Ungehorsam ist unser Recht, unsere Blockaden sind legitim!<br \/>\nLassen wir uns nicht einsch\u00fcchtern! Wir protestieren im Februar in Dresden auch gegen die staatliche Aush\u00f6hlung des Versammlungsrechts und einen Schn\u00fcffel-Staat. In Dresden soll bewusst das Rechtsordnungsprinzip der Verh\u00e4ltnism\u00e4\u00dfigkeit verschoben werden, um einen \u201egl\u00e4sernen Demonstranten\u201c zu schaffen. Wir treten dem entschieden entgegen. Dabei stehen wir zusammen gegen alle Versuche der Einsch\u00fcchterung und der Beschneidung unserer B\u00fcrgerrechte.<br \/>\nAuch 2012 werden wir den Naziaufmarsch in Dresden blockieren. Die Mordserie der in Sachsen untergetauchten Nazis zeigt einmal mehr, wie wichtig entschlossenes antifaschistisches Handeln ist. Antifaschistisches Engagement darf nicht kriminalisiert, sondern muss unterst\u00fctzt werden. Jahrelang sind Anschl\u00e4ge, Nazigewalt und Waffenfunde in der Naziszene bagatellisiert worden. Schluss damit!<br \/>\nWir geben den Nazis keinen Meter Stra\u00dfe preis. Wir blockieren sie in Dresden: bunt und lautstark, kreativ und entschlossen!<\/p>\n<p>Nie wieder Faschismus! Nie wieder Krieg!<\/p>\n<p>Weitere Informationen gibt es hier:\u00a0<a title=\"Hyperlink zur Webseite Dresden Nazifrei 2012\" href=\"http:\/\/www.dresden-nazifrei.com\/index.php?option=com_content&amp;view=section&amp;layout=blog&amp;id=8&amp;Itemid=54&amp;lang=de\" target=\"_blank\" rel=\"noopener\">http:\/\/www.dresden-nazifrei.com\/index.php?option=com_content&amp;view=section&amp;layout=blog&amp;id=8&amp;Itemid=54&amp;lang=de<\/a><\/p>\n<hr \/>\n<p>Foto: By Montecruz Foto (Libertinus) from Berlin, Alemania (Block Dresden 2012) [CC BY-SA 2.0 (https:\/\/creativecommons.org\/licenses\/by-sa\/2.0)], via Wikimedia Commons<\/p>\n","protected":false},"excerpt":{"rendered":"<p><strong>Aufruf zur Teilnahme an der Blockade des Nazi-Aufmarsches am 18.02,2012<\/strong><br \/>\nIn den vergangen zwei Jahren ist uns etwas gelungen, das viele f\u00fcr unm\u00f6glich gehalten hatten: Wir haben den Naziaufmarsch in Dresden erfolgreich blockiert. Tausende Nazis konnten ihr eigentliches Ziel, mit einer Gro\u00dfdemonstration ihre menschenverachtende Ideologie zur Schau zu stellen, nicht erreichen. Mit dem Aufmarsch im Februar versuchten sie in den vergangenen Jahren, an das Gedenken an die Bombardierungen Dresdens im Februar 1945 und den damit einher gehenden Mythos der \u201eunschuldigen Stadt Dresden\u201c  anzukn\u00fcpfen. <\/p>\n","protected":false},"author":3,"featured_media":3904,"comment_status":"closed","ping_status":"closed","sticky":false,"template":"","format":"standard","meta":{"colormag_page_container_layout":"default_layout","colormag_page_sidebar_layout":"default_layout","advanced_seo_description":"","jetpack_seo_html_title":"","jetpack_seo_noindex":false,"jetpack_post_was_ever_published":false,"footnotes":""},"categories":[13,20],"tags":[348,755,783,756],"class_list":["post-3120","post","type-post","status-publish","format-standard","has-post-thumbnail","hentry","category-frieden-antifaschismus-solidaritaet","category-zentrale-veranstaltungen","tag-antifa","tag-dresden","tag-neofaschismus","tag-repressionen"],"jetpack_featured_media_url":"https:\/\/i0.wp.com\/www.freidenker.org\/fw17\/wp-content\/uploads\/2012\/02\/Anti-Nazi-Demonstration_in_Dresden_2012-02-18_07_800x445.jpg?fit=800%2C445&ssl=1","jetpack_shortlink":"https:\/\/wp.me\/p9stpK-Ok","jetpack-related-posts":[{"id":21305,"url":"https:\/\/www.freidenker.org\/?p=21305","url_meta":{"origin":3120,"position":0},"title":"Elbe-Tag: 80. Jahrestag der Begegnung","author":"Webredaktion","date":"30. M\u00e4rz 2025","format":false,"excerpt":"Demonstration am 26. April 2025 11:30 Uhr Br\u00fcckenkopf Torgau (anschl. 14:30 Uhr - Konzert mit Tino Eisbrenner und Ernesto Schwarz) Kein Ort an der Elbe \u2013 von Hamburg bis Dresden \u2013 hat mit seiner Symbolik am \u00a0Ende des faschistischen Krieges eine bis heute andauernde Aussagekraft und Wahrheit erlangt, die in\u2026","rel":"","context":"In &quot;Frieden - Antifaschismus - Solidarit\u00e4t&quot;","block_context":{"text":"Frieden - Antifaschismus - Solidarit\u00e4t","link":"https:\/\/www.freidenker.org\/?cat=13"},"img":{"alt_text":"","src":"https:\/\/i0.wp.com\/www.freidenker.org\/fw17\/wp-content\/uploads\/2025\/03\/Elbe-Tag_2025_800x450.jpg?fit=800%2C450&ssl=1&resize=350%2C200","width":350,"height":200,"srcset":"https:\/\/i0.wp.com\/www.freidenker.org\/fw17\/wp-content\/uploads\/2025\/03\/Elbe-Tag_2025_800x450.jpg?fit=800%2C450&ssl=1&resize=350%2C200 1x, https:\/\/i0.wp.com\/www.freidenker.org\/fw17\/wp-content\/uploads\/2025\/03\/Elbe-Tag_2025_800x450.jpg?fit=800%2C450&ssl=1&resize=525%2C300 1.5x, https:\/\/i0.wp.com\/www.freidenker.org\/fw17\/wp-content\/uploads\/2025\/03\/Elbe-Tag_2025_800x450.jpg?fit=800%2C450&ssl=1&resize=700%2C400 2x"},"classes":[]},{"id":3146,"url":"https:\/\/www.freidenker.org\/?p=3146","url_meta":{"origin":3120,"position":1},"title":"Zweifel und Kritik an Fortschritt, Wissenschaft und Technik","author":"Webredaktion","date":"1. Oktober 2011","format":false,"excerpt":"Einladung zur wissenschaftlichen Konferenz des Deutschen Freidenker-Verbands am 8. Oktober 2011 in Dresden Die Wirtschaftskrise macht die Krisenhaftigkeit des Kapitalismus un\u00fcbersehbar, umso gefragter sind Ideologien, die die Systemursachen in Abrede stellen. Klassenneutral sollen die \u00dcbel und ihre Verursacher erscheinen: \u201eder Mensch\u201c, \u201edas Wachstum\u201c etc.; und wer die Gesetzm\u00e4\u00dfigkeit des gesellschaftlichen\u2026","rel":"","context":"In &quot;Weltanschauung &amp; Philosophie&quot;","block_context":{"text":"Weltanschauung &amp; Philosophie","link":"https:\/\/www.freidenker.org\/?cat=16"},"img":{"alt_text":"","src":"https:\/\/i0.wp.com\/www.freidenker.org\/fw17\/wp-content\/uploads\/2011\/10\/dna-2075143_800x445.jpg?fit=800%2C445&ssl=1&resize=350%2C200","width":350,"height":200,"srcset":"https:\/\/i0.wp.com\/www.freidenker.org\/fw17\/wp-content\/uploads\/2011\/10\/dna-2075143_800x445.jpg?fit=800%2C445&ssl=1&resize=350%2C200 1x, https:\/\/i0.wp.com\/www.freidenker.org\/fw17\/wp-content\/uploads\/2011\/10\/dna-2075143_800x445.jpg?fit=800%2C445&ssl=1&resize=525%2C300 1.5x, https:\/\/i0.wp.com\/www.freidenker.org\/fw17\/wp-content\/uploads\/2011\/10\/dna-2075143_800x445.jpg?fit=800%2C445&ssl=1&resize=700%2C400 2x"},"classes":[]},{"id":21271,"url":"https:\/\/www.freidenker.org\/?p=21271","url_meta":{"origin":3120,"position":2},"title":"Das Ahrtal und der innere Zerfall Deutschlands","author":"Webredaktion","date":"27. M\u00e4rz 2025","format":false,"excerpt":"Beitrag von Gert Ewen Ungar Es ist eine unglaubliche Nachricht. Unter dem Titel \"Bahnstrecke soll wieder zur Lebensader werden\"\u00a0berichtet\u00a0die ARD-Nachrichtensendung\u00a0Tagesschau\u00a0\u00fcber den Wiederaufbau der Bahntrasse im Ahrtal. \"Nun geht der Wiederaufbau in die entscheidende Phase\", schreibt\u00a0Tagesschau\u00a0Redakteurin Lucretia Gather ganz unironisch in den Teaser der Meldung und tut so, als w\u00e4re alles\u2026","rel":"","context":"In &quot;Arbeit &amp; Soziales&quot;","block_context":{"text":"Arbeit &amp; Soziales","link":"https:\/\/www.freidenker.org\/?cat=11"},"img":{"alt_text":"","src":"https:\/\/i0.wp.com\/www.freidenker.org\/fw17\/wp-content\/uploads\/2025\/03\/Hochwasser_in_Altenahr_Altenburg_800x450.jpg?fit=800%2C450&ssl=1&resize=350%2C200","width":350,"height":200,"srcset":"https:\/\/i0.wp.com\/www.freidenker.org\/fw17\/wp-content\/uploads\/2025\/03\/Hochwasser_in_Altenahr_Altenburg_800x450.jpg?fit=800%2C450&ssl=1&resize=350%2C200 1x, https:\/\/i0.wp.com\/www.freidenker.org\/fw17\/wp-content\/uploads\/2025\/03\/Hochwasser_in_Altenahr_Altenburg_800x450.jpg?fit=800%2C450&ssl=1&resize=525%2C300 1.5x, https:\/\/i0.wp.com\/www.freidenker.org\/fw17\/wp-content\/uploads\/2025\/03\/Hochwasser_in_Altenahr_Altenburg_800x450.jpg?fit=800%2C450&ssl=1&resize=700%2C400 2x"},"classes":[]},{"id":21861,"url":"https:\/\/www.freidenker.org\/?p=21861","url_meta":{"origin":3120,"position":3},"title":"Ulrike Gu\u00e9rot: Rede auf der Friedensdemo in Dresden am 18. April 2025","author":"Webredaktion","date":"15. Mai 2025","format":false,"excerpt":"Rede von Prof. Dr. Ulrike Gu\u00e9rot Dies ist meine dritte Rede auf einer Friedensdemonstration innerhalb von nur gut einem halben Jahr: M\u00fcnchen im September, M\u00fcnchen im Februar, Dresden im April. Und der Krieg r\u00fcckt immer n\u00e4her! Wer sich den \u201eOperationsplan Deutschland \u00fcber die zivil-milit\u00e4rische Kooperation als wesentlicher Bestandteil der Kriegsf\u00fchrung\u201c\u2026","rel":"","context":"In &quot;Frieden - Antifaschismus - Solidarit\u00e4t&quot;","block_context":{"text":"Frieden - Antifaschismus - Solidarit\u00e4t","link":"https:\/\/www.freidenker.org\/?cat=13"},"img":{"alt_text":"","src":"https:\/\/i0.wp.com\/www.freidenker.org\/fw17\/wp-content\/uploads\/2025\/05\/ulrikeguerot_dresden2025_800x450.jpg?fit=800%2C450&ssl=1&resize=350%2C200","width":350,"height":200,"srcset":"https:\/\/i0.wp.com\/www.freidenker.org\/fw17\/wp-content\/uploads\/2025\/05\/ulrikeguerot_dresden2025_800x450.jpg?fit=800%2C450&ssl=1&resize=350%2C200 1x, https:\/\/i0.wp.com\/www.freidenker.org\/fw17\/wp-content\/uploads\/2025\/05\/ulrikeguerot_dresden2025_800x450.jpg?fit=800%2C450&ssl=1&resize=525%2C300 1.5x, https:\/\/i0.wp.com\/www.freidenker.org\/fw17\/wp-content\/uploads\/2025\/05\/ulrikeguerot_dresden2025_800x450.jpg?fit=800%2C450&ssl=1&resize=700%2C400 2x"},"classes":[]},{"id":6907,"url":"https:\/\/www.freidenker.org\/?p=6907","url_meta":{"origin":3120,"position":4},"title":"Unteilbar-Demo in Dresden. Die Messe ist gesungen","author":"Webredaktion","date":"3. September 2019","format":false,"excerpt":"Ein Standpunkt von Dagmar Henn. F\u00fcr den letzten Samstag [24.08.2019] hatte das B\u00fcndnis #unteilbar mal wieder zu einem Hochamt aufgerufen; dieses Mal nach Dresden, um das vermeintliche Motto gleich durch die Wahl des Veranstaltungsorts wieder aufzuheben. Denn welchen anderen Zweck verfolgt eine Demonstration des \u201awir sind alle die Guten\u201a in\u2026","rel":"","context":"In &quot;Demokratie \u2013 Medien \u2013 Aufkl\u00e4rung&quot;","block_context":{"text":"Demokratie \u2013 Medien \u2013 Aufkl\u00e4rung","link":"https:\/\/www.freidenker.org\/?cat=12"},"img":{"alt_text":"","src":"https:\/\/i0.wp.com\/www.freidenker.org\/fw17\/wp-content\/uploads\/2019\/09\/unteilbar-demo_dresden-2019_800x445.jpg?fit=800%2C445&ssl=1&resize=350%2C200","width":350,"height":200,"srcset":"https:\/\/i0.wp.com\/www.freidenker.org\/fw17\/wp-content\/uploads\/2019\/09\/unteilbar-demo_dresden-2019_800x445.jpg?fit=800%2C445&ssl=1&resize=350%2C200 1x, https:\/\/i0.wp.com\/www.freidenker.org\/fw17\/wp-content\/uploads\/2019\/09\/unteilbar-demo_dresden-2019_800x445.jpg?fit=800%2C445&ssl=1&resize=525%2C300 1.5x, https:\/\/i0.wp.com\/www.freidenker.org\/fw17\/wp-content\/uploads\/2019\/09\/unteilbar-demo_dresden-2019_800x445.jpg?fit=800%2C445&ssl=1&resize=700%2C400 2x"},"classes":[]},{"id":21545,"url":"https:\/\/www.freidenker.org\/?p=21545","url_meta":{"origin":3120,"position":5},"title":"B\u00fcrgerliche Dissidenz","author":"Webredaktion","date":"24. April 2025","format":false,"excerpt":"Ein Meinungsbeitrag von Sabiene Jahn Tausende Menschen aus allen Teilen Deutschlands sind seit Karfreitag in der Republik f\u00fcr den Frieden auf der Stra\u00dfe. Trotz Nieselregen, trotz medialer Ignoranz, trotz politischer Brandmauern versammelten sich auch auf dem Postplatz in Dresden oder Mariannenplatz in Berlin eindrucksvoll K\u00fcnstler, Aktivisten der Friedensbewegung, Geistliche, Wissenschaftler,\u2026","rel":"","context":"In &quot;Frieden - Antifaschismus - Solidarit\u00e4t&quot;","block_context":{"text":"Frieden - Antifaschismus - Solidarit\u00e4t","link":"https:\/\/www.freidenker.org\/?cat=13"},"img":{"alt_text":"","src":"https:\/\/i0.wp.com\/www.freidenker.org\/fw17\/wp-content\/uploads\/2025\/04\/dresden_demo_screenshot_2.jpg?fit=800%2C447&ssl=1&resize=350%2C200","width":350,"height":200,"srcset":"https:\/\/i0.wp.com\/www.freidenker.org\/fw17\/wp-content\/uploads\/2025\/04\/dresden_demo_screenshot_2.jpg?fit=800%2C447&ssl=1&resize=350%2C200 1x, https:\/\/i0.wp.com\/www.freidenker.org\/fw17\/wp-content\/uploads\/2025\/04\/dresden_demo_screenshot_2.jpg?fit=800%2C447&ssl=1&resize=525%2C300 1.5x, https:\/\/i0.wp.com\/www.freidenker.org\/fw17\/wp-content\/uploads\/2025\/04\/dresden_demo_screenshot_2.jpg?fit=800%2C447&ssl=1&resize=700%2C400 2x"},"classes":[]}],"_links":{"self":[{"href":"https:\/\/www.freidenker.org\/index.php?rest_route=\/wp\/v2\/posts\/3120","targetHints":{"allow":["GET"]}}],"collection":[{"href":"https:\/\/www.freidenker.org\/index.php?rest_route=\/wp\/v2\/posts"}],"about":[{"href":"https:\/\/www.freidenker.org\/index.php?rest_route=\/wp\/v2\/types\/post"}],"author":[{"embeddable":true,"href":"https:\/\/www.freidenker.org\/index.php?rest_route=\/wp\/v2\/users\/3"}],"replies":[{"embeddable":true,"href":"https:\/\/www.freidenker.org\/index.php?rest_route=%2Fwp%2Fv2%2Fcomments&post=3120"}],"version-history":[{"count":0,"href":"https:\/\/www.freidenker.org\/index.php?rest_route=\/wp\/v2\/posts\/3120\/revisions"}],"wp:featuredmedia":[{"embeddable":true,"href":"https:\/\/www.freidenker.org\/index.php?rest_route=\/wp\/v2\/media\/3904"}],"wp:attachment":[{"href":"https:\/\/www.freidenker.org\/index.php?rest_route=%2Fwp%2Fv2%2Fmedia&parent=3120"}],"wp:term":[{"taxonomy":"category","embeddable":true,"href":"https:\/\/www.freidenker.org\/index.php?rest_route=%2Fwp%2Fv2%2Fcategories&post=3120"},{"taxonomy":"post_tag","embeddable":true,"href":"https:\/\/www.freidenker.org\/index.php?rest_route=%2Fwp%2Fv2%2Ftags&post=3120"}],"curies":[{"name":"wp","href":"https:\/\/api.w.org\/{rel}","templated":true}]}}