{"id":3118,"date":"2012-03-01T01:35:40","date_gmt":"2012-03-01T00:35:40","guid":{"rendered":"http:\/\/www.freidenker.org\/?p=3118"},"modified":"2018-02-18T19:22:15","modified_gmt":"2018-02-18T18:22:15","slug":"freiheit-fuer-die-cuban-5","status":"publish","type":"post","link":"https:\/\/www.freidenker.org\/?p=3118","title":{"rendered":"Freiheit f\u00fcr die Cuban 5"},"content":{"rendered":"<h5>Freiheit f\u00fcr Gerardo Hern\u00e1ndez, Fernando Gonz\u00e1lez, Antonio Guerrero, Ram\u00f3n Laba\u00f1ino und Ren\u00e9 Gonz\u00e1lez!<\/h5>\n<p>Freidenker unterst\u00fctzen den Aufruf:<\/p>\n<h4>Allein die internationale Solidarit\u00e4t wird die Cuban 5 befreien!<\/h4>\n<p><strong>17. M\u00e4rz 2012<\/strong>: Kundgebungen vor der Botschaft der USA in Berlin und vor den US-Konsulaten in D\u00fcsseldorf, Frankfurt, Hamburg und M\u00fcnchen<\/p>\n<p>Seit nunmehr 13 Jahren sind in den USA f\u00fcnf kubanische M\u00e4nner eingesperrt, deren einziges Vergehen darin besteht, ihr Land vor terroristischen Angriffen besch\u00fctzt zu haben.<\/p>\n<p>Nach dem Sieg der Kubanischen Revolution 1959 war ein Gro\u00dfteil der Anh\u00e4nger der Diktatur Batistas in die USA nach Miami emigriert. Unter ihnen Milit\u00e4rs, Gro\u00dfgrundbesitzer, ehemalige Folterknechte, Unternehmer wie Bacard\u00ed und andere einflussreiche Familien, die zuvor den Reichtum Kubas unter sich aufgeteilt hatten, w\u00e4hrend der \u00fcberwiegende Teil der Bev\u00f6lkerung in elendigen Verh\u00e4ltnissen lebte. Von Beginn an war es das erste Ziel dieser Exilkubaner, die kubanische Revolution und deren soziale Errungenschaften zu bek\u00e4mpfen, um ihre politische und wirtschaftliche Herrschaft in Kuba zur\u00fcckzugewinnen.<\/p>\n<p>Seit 1959 wurde und wird Kuba best\u00e4ndig angegriffen, und der gegen das Land ausge\u00fcbte Terror hat mehr als 3400 Kubanerinnen und Kubanern das Leben gekostet. Die Ermordung von Lehrern und Sch\u00fclern der Alphabetisierungskampagne im Escambray in den 60er Jahren, die Invasion in der Schweinebucht, der Abschuss einer kubanischen Passagiermaschine 1976 mit \u00fcber 70 Toten, Attentate auf kubanische Botschaften und Reiseb\u00fcros sind nur einige Beispiele der Gewaltakte gegen Kuba. Diese Verbrechen gegen Kuba sind von us-amerikanischem Boden aus organisiert worden, sei es durch exilkubanische Organisationen oder direkt und indirekt durch die US-amerikanische Regierung.<\/p>\n<p>Die f\u00fcnf verurteilten Kubaner haben in den USA Informationen \u00fcber die terroristischen, exilkubanischen Organisationen gesammelt, so konnten \u00fcber 170 Anschl\u00e4ge verhindert und das Leben zahlreicher Menschen gerettet werden. Als Kuba 1998 von Vorhaben unterrichtet wurde, die auch US-amerikanische B\u00fcrger betroffen h\u00e4tten, informierte Kuba die Beh\u00f6rden der USA, die diese Informationen allerdings dazu nutzten, die f\u00fcnf festzunehmen. Der Prozess gegen die f\u00fcnf, der ausgerechnet in Miami stattfand, war eine juristische Farce, und die UN-Arbeitsgruppe zu willk\u00fcrlichen Inhaftierungen hat die Verurteilung der f\u00fcnf als willk\u00fcrlichen Freiheitsentzug eingestuft.<\/p>\n<p>Verurteilt wurden die f\u00fcnf daf\u00fcr, dass sie ihr Land vor terroristischen Anschl\u00e4gen bewahrten, und sie werden daf\u00fcr bestraft, dass sie aufrecht bleiben. Beispielhaft stehen sie f\u00fcr das Recht einer eigenst\u00e4ndigen Entwicklung ihres Landes, f\u00fcr die Tatsache, dass Kuba sich seit nunmehr 50 Jahren von einem Hinterhof der USA in ein souver\u00e4nes, sozialistisches Land verwandelt hat und dies trotz der umfassenden Wirtschafts-, Handels- und Finanzblockade durch die USA und ihre europ\u00e4ischen Partner.<\/p>\n<p>W\u00e4hrend ihrer nunmehr 13-j\u00e4hrigen Haftzeit wurden fortlaufend grundlegende Rechte der f\u00fcnf verletzt, bis hin zur Anwendung von Isolationsfolter, die erst nach internationalen Interventionen wieder aufgehoben wurde. Ren\u00e9 Gonz\u00e1lez und Gerardo Hern\u00e1ndez wurde w\u00e4hrend der ganzen Zeit der Besuch ihrer Ehefrauen verweigert. Ziel dieser Willk\u00fcrakte und Misshandlungen war es stets, die Gefangenen zu brechen und die f\u00fcnf zu einem offenen Bruch mit Kuba zu bewegen.<\/p>\n<p>Von den f\u00fcnf gefangenen Kubanern befinden sich Gerardo Hern\u00e1ndez, Antonio Guerrero, Fernando Gonz\u00e1lez und Ram\u00f3n Laba\u00f1ino weiterhin in Haft. Ren\u00e9 Gonz\u00e1lez wurde am 7. Oktober 2011 nach Verb\u00fc\u00dfung seiner 13-j\u00e4hrigen Haftstrafe entlassen, jedoch mit der Auflage, sich drei weitere Jahre in Florida aufhalten zu m\u00fcssen, was bedeutet, dass er sich in st\u00e4ndiger Lebensgefahr befindet. Die juristischen Mittel f\u00fcr die Befreiung der f\u00fcnf nach dem Rechtssystem der USA sind fast ausgesch\u00f6pft, Gerechtigkeit und Freiheit f\u00fcr die f\u00fcnf wird es nur geben, wenn ausreichender politischer Druck entwickelt wird.<\/p>\n<p>Wir, die Unterzeichnerinnen und Unterzeichner dieses Aufrufes, fordern alle fortschrittlichen Kr\u00e4fte auf, sich f\u00fcr die Freilassung der 5 zu Unrecht in den USA inhaftierten Kubaner einzusetzen.<br \/>\nWir fordern die sofortige Freilassung von Gerardo Hern\u00e1ndez, Fernando Gonz\u00e1lez, Antonio Guerrero, und Ram\u00f3n Laba\u00f1ino, sowie die sofortige Erlaubnis f\u00fcr die Ausreise von Ren\u00e9 Gonz\u00e1lez nach Kuba.<\/p>\n<ul>\n<li>Solidarisiert Euch mit den Cuban Five!<\/li>\n<li>Kommt am <strong>17. M\u00e4rz 2012<\/strong> zu den Kundgebungen vor der Botschaft der USA in Berlin und vor den US-Konsulaten in D\u00fcsseldorf, Frankfurt, Hamburg und M\u00fcnchen!<\/li>\n<\/ul>\n<p><strong>Bundesweite Unterzeichner:<\/strong> <em>Deutsche Kommunistische Partei (DKP) \u2013 Parteivorstand; Sozialistische Deutsche Arbeiter Jugend (SDAJ)- Bundesvorstand; Freundschaftsgesellschaft BRD-Kuba; Cuba S\u00ed; Netzwerk Cuba e. V.; Komitee \u00a1Basta ya! Netzwerk Cuba &#8211; Informationsb\u00fcro e.V.; Deutscher Freidenker-Verband, Verbandsvorstand; Rote Hilfe des Revolution\u00e4ren Aufbau Schweiz ; Ecomujer (Frauen aus Cuba und Lateinamerika f\u00fcr ein neues Verst\u00e4ndnis von Natur und Umwelt); Freundschaftsgesellschaft BRD-Kuba e.V., Regionalgruppe Essen; Kommunistische Initiative (Gera 2010); Rote Hilfe e.V. &#8211; Bundesvorstand; Tageszeitung junge Welt; Kornelia M\u00f6ller (Bundestagsabgeordnete, DIE LINKE); Heinz Stehr (Mitglied des Parteivorstands der DKP); Wiljo Heinen (Verlag Wiljo Heinen); Ralf\u00a0 Binswanger (Z\u00fcrich); Monty Sch\u00e4del (Politischer Gesch\u00e4ftsf\u00fchrer der Deutschen Friedensgesellschaft-Vereinigte KriegsdienstgegnerInnen DFG-VK ); Gert Julius (B\u00fcndnis f\u00fcr Soziale Gerechtigkeit und Menschenw\u00fcrde e.V. (B\u00fcSGM)); Dirk Br\u00fcning (Buchautor, Komitee Basta Ya); Josie Michel-Br\u00fcning (Buchautorin, Komitee Basta Ya); Marion K\u00f6ster (Bezirksvorsitzende DKP Ruhr-Westfalen) <\/em><\/p>\n<p><strong>Berlin: 11:00 Uhr: Kundgebung vor der US-Botschaft, Pariser Platz<\/strong><br \/>\n<em>DKP Berlin; SDAJ Berlin; Freundschaftsgesellschaft BRD-Kuba e.V., Regionalgruppe Berlin-Brandenburg; FBK Freundschaftsgesellschaft Berlin-Kuba e.V.; Freidenker Verband Berlin; Venezuela Avanza\/ Alexander von Humboldt-Gesellschaft; AK Lateinamerika der Partei DIE LINKE; Gabriele Senft (Fotojournalistin); Kornelia M\u00f6ller (Bundestagsabgeordnete, DIE LINKE); Georg Dorn (DKP Berlin-Pankow); Frank Viehweg (Liedermacher); Nancy Larenas (Freundschaftsgesellschaft Chile; Kommunistische Partei Chile)<br \/>\n<\/em><br \/>\n<strong>D\u00fcsseldorf: 12:00 Uhr: Kundgebung vor dem US-Konsulat Bertha-von-Suttner-Platz<\/strong><br \/>\n<em>DKP Ruhr-Westfalen; SDAJ Essen; Freundschaftsgesellschaft BRD-Kuba e.V., Regionalgruppe Essen; Humanit\u00e4re Cuba-Hilfe Bochum; Arbeitskreis Lateinamerika (Bochum); Cuba S\u00ed D\u00fcsseldorf; DKP Hattingen; Vereinigung der Verfolgten des Naziregimes &#8211; Bund der Antifaschisten (VNN-BdA) Neuss; Brunhilde St\u00fcmpler (Freundschaftsgesellschaft BRD-Kuba e.V., RG Essen); Freundschaftsgesellschaft BRD-Kuba e.V., Regionalgruppe Wuppertal; Marion K\u00f6ster (Bezirksvorsitzende DKP Ruhr-Westfalen); Michael Gerber (Stellv. Bezirksvorsitzender DKP Ruhr-Westfalen, Fraktionsvorsitzender DKP Bottrop)<\/em><\/p>\n<p><strong>Frankfurt: 11:00 Uhr: Kundgebung Ffm Hauptwache, Katharinenkirche; 12:00 Uhr: Demonstration zum US-Konsulat an der Gie\u00dfener Stra\u00dfe 30<\/strong><br \/>\n<em>Freundschaftsgesellschaft BRD-Kuba e.V. , Regionalgruppe Frankfurt a. M.; Deutscher Freidenker-Verband Hessen; DKP Gro\u00df-Gerau; DKP Mainz; SDAJ Frankfurt; DKP Hessen; DKP Frankfurt<\/em><\/p>\n<p><strong>Hamburg: 12:00 Uhr: Infotisch am G\u00e4nsemarkt; 14:00 Uhr: Kundgebung vor dem US-Konsulat Am Alsterufer 27<\/strong><br \/>\n<em>DKP Hamburg; SDAJ Hamburg, Cuba S\u00ed Hamburg, Landesvorstand Hamburg der Partei DIE LINKE; AG-LISA, sozialistische Feministinnen in der Partei DIE LINKE; Voz Latina; Bremen-Cuba Solidarit\u00e4t konkret; DKP Kiel; Sozialforum Eimsb\u00fcttel; Liga gegen den Imperialismus; Karawane f\u00fcr die Rechte der Fl\u00fcchtlinge und MigrantInnen Hamburg; Vorbereitungsgruppe Jour Fixe\u00a0 Gewerkschaftslinke; DKP Harburg\/Land; DKP L\u00fcneburg; Wittigo Stubbe (VVN, DKP Elmshorn); Uwe Scheer (Vorsitzender des F\u00f6rdervereins der Gedenkst\u00e4tte Ernst Th\u00e4lmann .e.V.); Angelika Scheer (Vorsitzende des Deutschen Freidenker-Verbandes Landesverband Nord e. V.); Reinhild Schwardt (DIE LINKE, Hamburg); Bernd K\u00f6hler (Liedermacher); Blandine Bonjour (Chansonette)<br \/>\n<\/em><br \/>\n<strong>M\u00fcnchen: 11:00: Kundgebung am Marienplatz <\/strong><br \/>\n<em>DKP M\u00fcnchen; SDAJ M\u00fcnchen; Deutscher Freidenker Verband, Landesverband Bayern; junge Welt-Leserinitiative M\u00fcnchen; Basisorganisation Linksabbieger (BOLA); Granmasoli e.V; Freundschaftsgesellschaft BRD-Kuba e.V., Gruppe S\u00fcdbayern; Rote Hilfe M\u00fcnchen; Venezuela Avanza M\u00fcnchen; B\u00fcrgerInnen gegen den Krieg (Landkreis Ebersberg)<br \/>\n<\/em><br \/>\nWeitere Informationen: <a href=\"http:\/\/www.miami5.de\/\" target=\"_blank\" rel=\"noopener\">www.miami5.de <\/a><\/p>\n<hr \/>\n<p>Foto: laura \/ Bildquelle: https:\/\/www.flickr.com\/photos\/ljel\/5554441704<\/p>\n","protected":false},"excerpt":{"rendered":"<p><strong>Freidenker unterst\u00fctzen den Aufruf zur Freilassung der Cuban 5 \/ Aufruf zu Kundgebungen am 17.03.2012<\/strong><br \/>\nSeit nunmehr 13 Jahren sind in den USA f\u00fcnf kubanische M\u00e4nner eingesperrt, deren einziges Vergehen darin besteht, ihr Land vor terroristischen Angriffen besch\u00fctzt zu haben. &#8230; Die f\u00fcnf verurteilten Kubaner haben in den USA Informationen \u00fcber die terroristischen, exilkubanischen Organisationen gesammelt, so konnten \u00fcber 170 Anschl\u00e4ge verhindert und das Leben zahlreicher Menschen gerettet werden. Als Kuba 1998 von Vorhaben unterrichtet wurde, die auch US-amerikanische B\u00fcrger betroffen h\u00e4tten, informierte Kuba die Beh\u00f6rden der USA, die diese Informationen allerdings dazu nutzten, die f\u00fcnf festzunehmen.<\/p>\n","protected":false},"author":3,"featured_media":3848,"comment_status":"closed","ping_status":"closed","sticky":false,"template":"","format":"standard","meta":{"colormag_page_container_layout":"default_layout","colormag_page_sidebar_layout":"default_layout","advanced_seo_description":"","jetpack_seo_html_title":"","jetpack_seo_noindex":false,"jetpack_post_was_ever_published":false,"footnotes":""},"categories":[13,20],"tags":[751,392,925,645],"class_list":["post-3118","post","type-post","status-publish","format-standard","has-post-thumbnail","hentry","category-frieden-antifaschismus-solidaritaet","category-zentrale-veranstaltungen","tag-cuban-5","tag-kuba","tag-kundgebung","tag-staatliche-souveraenitaet"],"jetpack_featured_media_url":"https:\/\/i0.wp.com\/www.freidenker.org\/fw17\/wp-content\/uploads\/2012\/03\/cuban5_5554441704_94a1a48244_b_800x445.jpg?fit=800%2C445&ssl=1","jetpack_shortlink":"https:\/\/wp.me\/p9stpK-Oi","jetpack-related-posts":[{"id":24124,"url":"https:\/\/www.freidenker.org\/?p=24124","url_meta":{"origin":3118,"position":0},"title":"Alles wie gehabt: USA mit M\u00f6rder-Pr\u00e4sident an der Spitze","author":"Webredaktion","date":"3. Januar 2026","format":false,"excerpt":"Erkl\u00e4rung des Deutschen Freidenker-Verbandes, Kommuniqu\u00e9 der Regierung Venezuelas zur US-Aggression und Erkl\u00e4rung der Antiimperialistischen Koordination (AIK) Der Deutsche Freidenker-Verband verurteilt den v\u00f6lkerrechtswidrigen Angriffskrieg der USA gegen das souver\u00e4ne und freiheitsliebende Venezuela. Das Kidnapping des gew\u00e4hlten Pr\u00e4sidenten der Bolivarischen Republik Nicol\u00e1s Maduro ist ein krimineller Piratenakt. Der Einsatz brutaler milit\u00e4rischer Gewalt\u2026","rel":"","context":"In &quot;Frieden - Antifaschismus - Solidarit\u00e4t&quot;","block_context":{"text":"Frieden - Antifaschismus - Solidarit\u00e4t","link":"https:\/\/www.freidenker.org\/?cat=13"},"img":{"alt_text":"","src":"https:\/\/i0.wp.com\/www.freidenker.org\/fw17\/wp-content\/uploads\/2026\/01\/angriff_auf_venezuela_02_800x450.jpg?fit=800%2C450&ssl=1&resize=350%2C200","width":350,"height":200,"srcset":"https:\/\/i0.wp.com\/www.freidenker.org\/fw17\/wp-content\/uploads\/2026\/01\/angriff_auf_venezuela_02_800x450.jpg?fit=800%2C450&ssl=1&resize=350%2C200 1x, https:\/\/i0.wp.com\/www.freidenker.org\/fw17\/wp-content\/uploads\/2026\/01\/angriff_auf_venezuela_02_800x450.jpg?fit=800%2C450&ssl=1&resize=525%2C300 1.5x, https:\/\/i0.wp.com\/www.freidenker.org\/fw17\/wp-content\/uploads\/2026\/01\/angriff_auf_venezuela_02_800x450.jpg?fit=800%2C450&ssl=1&resize=700%2C400 2x"},"classes":[]},{"id":13315,"url":"https:\/\/www.freidenker.org\/?p=13315","url_meta":{"origin":3118,"position":1},"title":"Tod und Verderben \u2013 Der genetische Code der NATO","author":"Webredaktion","date":"4. Juni 2022","format":false,"excerpt":"Beitrag von Rainer Rupp Vor dem Hintergrund der aktuellen Antr\u00e4ge Finnlands und Schwedens zur Aufnahme in die NATO wird die \"Nordatlantische Terrororganisation\" auf allen Medienkan\u00e4len\u00a0mittels einer obsz\u00f6nen Geschichtsklitterung als die erfolgreichste Friedensorganisation der Weltgeschichte pr\u00e4sentiert. Unter geschickter Auslassung ihrer Entstehungsgeschichte und des Raubtiercharakters ihrer Gr\u00fcndungsstaaten sprechen deutsche regierungstreue Sender und\u2026","rel":"","context":"In &quot;Demokratie \u2013 Medien \u2013 Aufkl\u00e4rung&quot;","block_context":{"text":"Demokratie \u2013 Medien \u2013 Aufkl\u00e4rung","link":"https:\/\/www.freidenker.org\/?cat=12"},"img":{"alt_text":"","src":"https:\/\/i0.wp.com\/www.freidenker.org\/fw17\/wp-content\/uploads\/2022\/06\/ammunition-7063574_800x450.jpg?fit=800%2C450&ssl=1&resize=350%2C200","width":350,"height":200,"srcset":"https:\/\/i0.wp.com\/www.freidenker.org\/fw17\/wp-content\/uploads\/2022\/06\/ammunition-7063574_800x450.jpg?fit=800%2C450&ssl=1&resize=350%2C200 1x, https:\/\/i0.wp.com\/www.freidenker.org\/fw17\/wp-content\/uploads\/2022\/06\/ammunition-7063574_800x450.jpg?fit=800%2C450&ssl=1&resize=525%2C300 1.5x, https:\/\/i0.wp.com\/www.freidenker.org\/fw17\/wp-content\/uploads\/2022\/06\/ammunition-7063574_800x450.jpg?fit=800%2C450&ssl=1&resize=700%2C400 2x"},"classes":[]},{"id":13991,"url":"https:\/\/www.freidenker.org\/?p=13991","url_meta":{"origin":3118,"position":2},"title":"Demo am 28.08. in Dessau: Schluss mit den Sanktionen, denn sie schaden uns selbst!","author":"Webredaktion","date":"18. August 2022","format":false,"excerpt":"Kundgebung Handwerker f\u00fcr den Frieden am Sonntag, den 28.08.2022 um 11 Uhr auf dem Marktplatz in Dessau Au\u00dfer den Wohlhabenden und den kriegsgeilen Wichtigtuern in der Politik gibt es ernsthaft wohl nur wenige Menschen hierzulande, die sich vorstellen k\u00f6nnen f\u00fcr den Krieg der NATO in der Ukraine hungern oder bis\u2026","rel":"","context":"In &quot;Frieden - Antifaschismus - Solidarit\u00e4t&quot;","block_context":{"text":"Frieden - Antifaschismus - Solidarit\u00e4t","link":"https:\/\/www.freidenker.org\/?cat=13"},"img":{"alt_text":"","src":"https:\/\/i0.wp.com\/www.freidenker.org\/fw17\/wp-content\/uploads\/2022\/08\/Friedensglocke_9_800x450.jpg?fit=800%2C450&ssl=1&resize=350%2C200","width":350,"height":200,"srcset":"https:\/\/i0.wp.com\/www.freidenker.org\/fw17\/wp-content\/uploads\/2022\/08\/Friedensglocke_9_800x450.jpg?fit=800%2C450&ssl=1&resize=350%2C200 1x, https:\/\/i0.wp.com\/www.freidenker.org\/fw17\/wp-content\/uploads\/2022\/08\/Friedensglocke_9_800x450.jpg?fit=800%2C450&ssl=1&resize=525%2C300 1.5x, https:\/\/i0.wp.com\/www.freidenker.org\/fw17\/wp-content\/uploads\/2022\/08\/Friedensglocke_9_800x450.jpg?fit=800%2C450&ssl=1&resize=700%2C400 2x"},"classes":[]},{"id":6261,"url":"https:\/\/www.freidenker.org\/?p=6261","url_meta":{"origin":3118,"position":3},"title":"Video: Kundgebung &#8222;Stoppt den Krieg gegen den Donbass!&#8220;","author":"Webredaktion","date":"24. April 2019","format":false,"excerpt":"Video von der Protest- und Mahnkundgebung \"Stoppt den Krieg gegen den Donbass!\" am 14. April 2019 in Berlin Gegen den nach wie vor stattfindenden, aber schon fast vergessenen Krieg der ukrainischen Regierung gegen die Volksrepubliken im Donbass fand Mitte April 2019 in Berlin diese Protestkundgebung statt. Sie richtete sich besonders\u2026","rel":"","context":"In &quot;Frieden - Antifaschismus - Solidarit\u00e4t&quot;","block_context":{"text":"Frieden - Antifaschismus - Solidarit\u00e4t","link":"https:\/\/www.freidenker.org\/?cat=13"},"img":{"alt_text":"","src":"https:\/\/i0.wp.com\/www.freidenker.org\/fw17\/wp-content\/uploads\/2019\/04\/Kundgebung_Donbass_2019_800x445.jpg?fit=800%2C445&ssl=1&resize=350%2C200","width":350,"height":200,"srcset":"https:\/\/i0.wp.com\/www.freidenker.org\/fw17\/wp-content\/uploads\/2019\/04\/Kundgebung_Donbass_2019_800x445.jpg?fit=800%2C445&ssl=1&resize=350%2C200 1x, https:\/\/i0.wp.com\/www.freidenker.org\/fw17\/wp-content\/uploads\/2019\/04\/Kundgebung_Donbass_2019_800x445.jpg?fit=800%2C445&ssl=1&resize=525%2C300 1.5x, https:\/\/i0.wp.com\/www.freidenker.org\/fw17\/wp-content\/uploads\/2019\/04\/Kundgebung_Donbass_2019_800x445.jpg?fit=800%2C445&ssl=1&resize=700%2C400 2x"},"classes":[]},{"id":13793,"url":"https:\/\/www.freidenker.org\/?p=13793","url_meta":{"origin":3118,"position":4},"title":"K\u00e4mpfen wir Julian Assange frei!","author":"Webredaktion","date":"22. Juli 2022","format":false,"excerpt":"Die finale Version auf deutsch Text: Diether Dehm, Musik: Michael Letz Dank Eurer zahlreichen Vorschl\u00e4ge haben wir nun die finale deutsche Version des Songs f\u00fcr Julian Assange fertig bekommen. Diese Version hat auch weiterhin den Refrain zu Beginn jeder Strophe und eine eing\u00e4ngige Melodie, die zur Weiterverbreitung einl\u00e4dt. Julian Assange\u2026","rel":"","context":"In &quot;Demokratie \u2013 Medien \u2013 Aufkl\u00e4rung&quot;","block_context":{"text":"Demokratie \u2013 Medien \u2013 Aufkl\u00e4rung","link":"https:\/\/www.freidenker.org\/?cat=12"},"img":{"alt_text":"","src":"https:\/\/i0.wp.com\/www.freidenker.org\/fw17\/wp-content\/uploads\/2022\/07\/Dehm_Assange_freikaempfen_800x450.jpg?fit=800%2C450&ssl=1&resize=350%2C200","width":350,"height":200,"srcset":"https:\/\/i0.wp.com\/www.freidenker.org\/fw17\/wp-content\/uploads\/2022\/07\/Dehm_Assange_freikaempfen_800x450.jpg?fit=800%2C450&ssl=1&resize=350%2C200 1x, https:\/\/i0.wp.com\/www.freidenker.org\/fw17\/wp-content\/uploads\/2022\/07\/Dehm_Assange_freikaempfen_800x450.jpg?fit=800%2C450&ssl=1&resize=525%2C300 1.5x, https:\/\/i0.wp.com\/www.freidenker.org\/fw17\/wp-content\/uploads\/2022\/07\/Dehm_Assange_freikaempfen_800x450.jpg?fit=800%2C450&ssl=1&resize=700%2C400 2x"},"classes":[]},{"id":8914,"url":"https:\/\/www.freidenker.org\/?p=8914","url_meta":{"origin":3118,"position":5},"title":"\u201eVerantwortung \u00fcbernehmen\u201c \u2013 Wie wir hinters Licht gef\u00fchrt werden","author":"Webredaktion","date":"21. November 2020","format":false,"excerpt":"Ein Kommentar von Rainer Rupp. Wer den Fehler macht, sich \u00fcber \u00d6ffentlichrechtliche- und Konzernmedien zu informieren, der ist inzwischen \u00fcberzeugt, dass die US-Pr\u00e4sidentschaftswahlen bereits vor zwei Wochen beendet waren und Joe Biden der Gewinner ist. Tats\u00e4chlich wird es noch einige weitere Wochen keinen klaren Sieger geben. Aber warum wird die\u2026","rel":"","context":"In &quot;Demokratie \u2013 Medien \u2013 Aufkl\u00e4rung&quot;","block_context":{"text":"Demokratie \u2013 Medien \u2013 Aufkl\u00e4rung","link":"https:\/\/www.freidenker.org\/?cat=12"},"img":{"alt_text":"","src":"https:\/\/i0.wp.com\/www.freidenker.org\/fw17\/wp-content\/uploads\/2020\/11\/trump_biden_coll_800x450.jpg?fit=800%2C450&ssl=1&resize=350%2C200","width":350,"height":200,"srcset":"https:\/\/i0.wp.com\/www.freidenker.org\/fw17\/wp-content\/uploads\/2020\/11\/trump_biden_coll_800x450.jpg?fit=800%2C450&ssl=1&resize=350%2C200 1x, https:\/\/i0.wp.com\/www.freidenker.org\/fw17\/wp-content\/uploads\/2020\/11\/trump_biden_coll_800x450.jpg?fit=800%2C450&ssl=1&resize=525%2C300 1.5x, https:\/\/i0.wp.com\/www.freidenker.org\/fw17\/wp-content\/uploads\/2020\/11\/trump_biden_coll_800x450.jpg?fit=800%2C450&ssl=1&resize=700%2C400 2x"},"classes":[]}],"_links":{"self":[{"href":"https:\/\/www.freidenker.org\/index.php?rest_route=\/wp\/v2\/posts\/3118","targetHints":{"allow":["GET"]}}],"collection":[{"href":"https:\/\/www.freidenker.org\/index.php?rest_route=\/wp\/v2\/posts"}],"about":[{"href":"https:\/\/www.freidenker.org\/index.php?rest_route=\/wp\/v2\/types\/post"}],"author":[{"embeddable":true,"href":"https:\/\/www.freidenker.org\/index.php?rest_route=\/wp\/v2\/users\/3"}],"replies":[{"embeddable":true,"href":"https:\/\/www.freidenker.org\/index.php?rest_route=%2Fwp%2Fv2%2Fcomments&post=3118"}],"version-history":[{"count":0,"href":"https:\/\/www.freidenker.org\/index.php?rest_route=\/wp\/v2\/posts\/3118\/revisions"}],"wp:featuredmedia":[{"embeddable":true,"href":"https:\/\/www.freidenker.org\/index.php?rest_route=\/wp\/v2\/media\/3848"}],"wp:attachment":[{"href":"https:\/\/www.freidenker.org\/index.php?rest_route=%2Fwp%2Fv2%2Fmedia&parent=3118"}],"wp:term":[{"taxonomy":"category","embeddable":true,"href":"https:\/\/www.freidenker.org\/index.php?rest_route=%2Fwp%2Fv2%2Fcategories&post=3118"},{"taxonomy":"post_tag","embeddable":true,"href":"https:\/\/www.freidenker.org\/index.php?rest_route=%2Fwp%2Fv2%2Ftags&post=3118"}],"curies":[{"name":"wp","href":"https:\/\/api.w.org\/{rel}","templated":true}]}}