{"id":3114,"date":"2012-04-16T01:22:51","date_gmt":"2012-04-15T23:22:51","guid":{"rendered":"http:\/\/www.freidenker.org\/?p=3114"},"modified":"2019-06-27T21:29:50","modified_gmt":"2019-06-27T19:29:50","slug":"eine-unendliche-geschichte-des-verschweigens-von-naziterror-und-mord","status":"publish","type":"post","link":"https:\/\/www.freidenker.org\/?p=3114","title":{"rendered":"Eine unendliche Geschichte des Verschweigens von Naziterror und Mord"},"content":{"rendered":"<p>von <strong><em>Edith Ockel<\/em><\/strong>, erschienen im <a href=\"https:\/\/www.freidenker.org\/?p=754\">Freidenker 1-2012<\/a><strong><br \/>\n<\/strong><\/p>\n<p><strong>Ein Prolog zum Russlandjahr 2012:<\/strong><\/p>\n<h2>Eine unendliche Geschichte des Verschweigens von Naziterror und Mord<\/h2>\n<p>Am 2. Januar 2012 kaufte ich, was ich sehr selten tue, \u201eDas deutsche Nachrichten-Magazin DER SPIEGEL&#8220; Nr.1\/2.1.12. Unter der \u00dcberschrift \u201eWelle der Wahrheiten&#8220; sind 13 namhafte ehemalige hochrangige Politiker der BRD mit Foto dargestellt. Darunter u.a. Hans Globke, Kurt Georg Kiesinger, Theodor Oberl\u00e4nder, die wegen Verbrechen w\u00e4hrend des Nazi-Regimes niemals zur Verantwortung gezogen worden waren. Selbst der \u201eMiterfinder der N\u00fcrnberger Rassengesetze&#8220;, Hans Globke, konnte wie bekannt unter Adenauer einer der \u201ewichtigsten Beamten der Bundesrepublik werden&#8220;. Es ist unfassbar, dass ihre Verbrechen \u00fcber 70 Jahre ungeahndet, die Verbrecher sogar in hohen \u00c4mtern gef\u00f6rdert ein luxuri\u00f6ses Leben f\u00fchren konnten.<\/p>\n<p>Die Terror-Akte der Zwickauer Nazis unter den Augen des Verfassungsschutzes machen deutlich, dass nach Brecht zitiert, \u201eder Scho\u00df noch fruchtbar ist, aus dem das kroch&#8220;.<\/p>\n<p>Nazis hatten die von ihnen als \u201eUntermenschen&#8220; bezeichneten Juden und Sowjetb\u00fcrger ihrer deutschen \u201eHerrenrasse&#8220; nicht nur untergeordnet, sondern ihnen alle Menschenrechte aberkannt. Auch gegenw\u00e4rtig steht das V\u00f6lkerrecht wieder zur Disposition.<\/p>\n<p>Der Bericht von Rainer Rupp \u00fcber das Freidenkerseminar in Alsheim im \u201eFreidenker&#8220;4-11 hat mich bewegt, auf einen aktuell geschaffenen Dokumentarfilm der Alexander Ten-Mareen film KG aufmerksam zu machen, der am 19. Juni 2011 als Vorschau in Bremen gezeigt werden konnte. In diesem Film \u201eKeine Kameraden&#8220;, den die Produzentin und Regisseurin Beate Lehr-Metzger vorstellte, werden die Folgen der Missachtung der Genfer Konvention dokumentarisch in den Verbrechen an sowjetischen Kriegsgefangenen im 2. Weltkrieg dargestellt.<\/p>\n<p>Auf der kleinen zauberhaften ostfriesischen Insel Langeoog, auf der sie sich im Urlaub erholen wollte, fand sie ein Massengrab ehemaliger sowjetischer Kriegsgefangener, deren Schicksal der Ursprung f\u00fcr diesen Film wurde. Es lie\u00df sie nicht los, was Menschen den Menschen antun k\u00f6nnen, die nicht der eigenen \u201eHerrenrasse&#8220; angeh\u00f6ren. Sie fand Zeitzeugen in Deutschland und Russland sowie Historiker, die Auskunft geben konnten, recherchierte in Archiven und konnte sich auf die schrecklichen Wochenschauberichte der Nazi-Zeit st\u00fctzen.<\/p>\n<p>Dieser au\u00dferordentliche Dokumentarfilm, in dem die Bilder leben und viele Zeitzeugen zu Wort kommen, hat mich \u00fcber eine Stunde mit den st\u00e4rksten Gef\u00fchlen gefesselt. Erinnerungen an meine Kindheit der Kriegs- und Nachkriegszeit wurden lebendig und die Gewissheit, dass die Solidarit\u00e4t der Linken in ihrem Kampf f\u00fcr die Menschenrechte aller V\u00f6lker unabdingbar ist.<\/p>\n<p>Auf der kleinen Insel Langeoog wurden vom September 1941 bis zum Fr\u00fchjahr 1942 150 sowjetische Kriegsgefangene zu Tode gequ\u00e4lt. Ein Sch\u00fcler schrieb in einem Schulaufsatz: \u201eDie Russen mussten schwer arbeiten und brachen bald zusammen. Die Wachleute schlugen die Russen, wenn sie nicht mehr weiter konnten. &#8230;.Wenn einer ihrer Kameraden bei der Arbeit gestorben war, wurden sie an zwei Pf\u00e4hle gebunden und ins Lager getragen.&#8220;<\/p>\n<p>In der L\u00fcneburger Heide hausten die Gefangenen in Erdl\u00f6chern, wo sie erfroren, verhungerten oder auf Arbeitsstellen schon krank und ausgemergelt erschlagen bzw. erschossen worden sind. Ein Augenzeuge berichtet: \u201eJeden Abend wurden die Leichen von 7 oder 8 dieser Ungl\u00fccklichen heim getragen, deren Schuld einzig und allein darin bestand, ein Russe zu sein.&#8220; Die Todesursachen der abgemagerten \u201eKnochengestalten&#8220;, von \u00c4rzten dokumentiert, lauteten meistens \u201eK\u00f6rperschw\u00e4che&#8220; oder \u201eMagen-Darm- Erkrankungen&#8220;.<\/p>\n<p>Der Historiker Prof. Dr. Christian Streit spricht von einem Massensterben der sowjetischen Kriegsgefangenen von September 1941 bis M\u00e4rz 1942. Es herrschte ein strenger Winter. Von 5,7 Millionen gefangen genommenen sowjetischen Soldaten starben 3.3 Millionen (58%) in deutscher Gefangenschaft.<\/p>\n<p>Die unendliche Geschichte des Verschweigens von Naziterror und Mord findet auch gegenw\u00e4rtig ihre Fortsetzung in Deutschland trotz Offenlegung von jahrelang verschlossenen Dokumenten der vom Faschismus beherrschten Zeit. Offenlegung braucht Aufkl\u00e4rung, insbesondere der deutschen Jugend, damit die Nazi-Ideologie in Deutschland keine Fr\u00fcchte tragen kann. Der Dokumentarfilm \u201eKeine Kameraden&#8220; sollte deshalb ein Pflichtfilm f\u00fcr die Schuljugend sein, damit sie nicht in die F\u00e4nge von Nazis geraten.<\/p>\n<p>Mit diesem historisch und k\u00fcnstlerisch eindrucksvollen Film haben alle Beteiligten mit gro\u00dfem Engagement ein dankenswertes Beispiel zur Vergangenheitsbew\u00e4ltigung im beginnenden Russlandjahr 2012 und als Br\u00fccke zur V\u00f6lkerfreundschaft geschaffen, das viele Menschen in Ost und West sehen sollten. Am Ende des Films bauen spielende Kinder Sandburgen am Langeooger Strand, die ein Symbol f\u00fcr eine friedliche Welt bedeuten.<\/p>\n<p><em>Dr.sc.med. Edith Ockel, Berlin, Mitglied im Beirat des Deutschen Freidenker-Verbandes<\/em><\/p>\n<hr \/>\n<p>Foto: <span class=\"language de\">Kolonne sowjetischer Kriegsgefangener auf dem Marsch<br \/>\nQuelle: commons.wikimedia.org \/ Bundesarchiv, Bild 101I-218-0514-30A \/ CC-BY-SA 3.0<\/span><\/p>\n","protected":false},"excerpt":{"rendered":"<p><strong>Beitrag von Edith Ockel aus: FREIDENKER 1-12<\/strong><br \/>\nAm 2. Januar 2012 kaufte ich, was ich sehr selten tue, \u201eDas deutsche Nachrichten-Magazin DER SPIEGEL&#8220; Nr.1\/2.1.12. Unter der \u00dcberschrift \u201eWelle der Wahrheiten&#8220; sind 13 namhafte ehemalige hochrangige Politiker der BRD mit Foto dargestellt. Darunter u.a. Hans Globke, Kurt Georg Kiesinger, Theodor Oberl\u00e4nder, die wegen Verbrechen w\u00e4hrend des Nazi-Regimes niemals zur Verantwortung gezogen worden waren. &#8230; Es ist unfassbar, dass ihre Verbrechen \u00fcber 70 Jahre ungeahndet, die Verbrecher sogar in hohen \u00c4mtern gef\u00f6rdert ein luxuri\u00f6ses Leben f\u00fchren konnten.<\/p>\n","protected":false},"author":3,"featured_media":3900,"comment_status":"closed","ping_status":"closed","sticky":false,"template":"","format":"standard","meta":{"colormag_page_container_layout":"default_layout","colormag_page_sidebar_layout":"default_layout","advanced_seo_description":"","jetpack_seo_html_title":"","jetpack_seo_noindex":false,"jetpack_post_was_ever_published":false,"footnotes":""},"categories":[12,13,1162],"tags":[455,451,746,745],"class_list":["post-3114","post","type-post","status-publish","format-standard","has-post-thumbnail","hentry","category-demokratie-medien-aufklaerung","category-frieden-antifaschismus-solidaritaet","category-geschichte","tag-brd","tag-faschismus","tag-kriegsverbrechen","tag-naziterror"],"jetpack_featured_media_url":"https:\/\/i0.wp.com\/www.freidenker.org\/fw17\/wp-content\/uploads\/2012\/04\/Bundesarchiv_Bild_101I-218-0514-30A_Russland_sowjetische_Kriegsgefangene_800x445.jpg?fit=800%2C445&ssl=1","jetpack_shortlink":"https:\/\/wp.me\/p9stpK-Oe","jetpack-related-posts":[{"id":754,"url":"https:\/\/www.freidenker.org\/?p=754","url_meta":{"origin":3114,"position":0},"title":"FREIDENKER 1-12 &#8211; Unser Geld, die EU und die Krise","author":"Webmaster","date":"16. M\u00e4rz 2012","format":false,"excerpt":"Die Ausgabe 1-12 des Verbandsorgans FREIDENKER hat das Schwerpunkt-Thema \u201eUnser Geld, die EU und die Krise\u201c und enth\u00e4lt u.a folgende Beitr\u00e4ge: - Andreas Wehr: Krise, EURO und EU - Emmanuel Korakis: Solidarit\u00e4t mit den streikenden griechischen Stahlarbeitern - Jan Bretschneider: Was sind Ratingagenturen? - Tobias Baumann: (Finanzmarkt-)Krise: Die progressiven L\u00e4nder\u2026","rel":"","context":"In &quot;Verbandsorgan FREIDENKER&quot;","block_context":{"text":"Verbandsorgan FREIDENKER","link":"https:\/\/www.freidenker.org\/?cat=8"},"img":{"alt_text":"","src":"https:\/\/i0.wp.com\/www.freidenker.org\/fw17\/wp-content\/uploads\/2017\/12\/FD_2012-01_Titel_mR.jpg?fit=800%2C445&ssl=1&resize=350%2C200","width":350,"height":200,"srcset":"https:\/\/i0.wp.com\/www.freidenker.org\/fw17\/wp-content\/uploads\/2017\/12\/FD_2012-01_Titel_mR.jpg?fit=800%2C445&ssl=1&resize=350%2C200 1x, https:\/\/i0.wp.com\/www.freidenker.org\/fw17\/wp-content\/uploads\/2017\/12\/FD_2012-01_Titel_mR.jpg?fit=800%2C445&ssl=1&resize=525%2C300 1.5x, https:\/\/i0.wp.com\/www.freidenker.org\/fw17\/wp-content\/uploads\/2017\/12\/FD_2012-01_Titel_mR.jpg?fit=800%2C445&ssl=1&resize=700%2C400 2x"},"classes":[]},{"id":23690,"url":"https:\/\/www.freidenker.org\/?p=23690","url_meta":{"origin":3114,"position":1},"title":"&#8222;Faschistische Denkweise lebt heute auf&#8220; \u2013 \u00fcber das Fortbestehen der Nazi-Netzwerke","author":"Webredaktion","date":"2. Dezember 2025","format":false,"excerpt":"Von Astrid Sigena und Wladislaw Sankin Bei der Gedenkfeier der Gesellschaft f\u00fcr Deutsch-Russische Freundschaft (GDRF) anl\u00e4sslich des 80.\u00a0Jahrestags der N\u00fcrnberger Prozesse fand ein Podiumsgespr\u00e4ch mit dem DDR-Juristen Hans Bauer statt. Bauer war der Stellvertretende Generalstaatsanwalt in der DDR. In seinen Redebeitr\u00e4gen am Abend kritisierte er in Bezug auf das Thema\u2026","rel":"","context":"In &quot;Demokratie \u2013 Medien \u2013 Aufkl\u00e4rung&quot;","block_context":{"text":"Demokratie \u2013 Medien \u2013 Aufkl\u00e4rung","link":"https:\/\/www.freidenker.org\/?cat=12"},"img":{"alt_text":"","src":"https:\/\/i0.wp.com\/www.freidenker.org\/fw17\/wp-content\/uploads\/2025\/11\/Hans_Bauer_Nuernberg_2025-11-22_800x450.jpg?fit=800%2C450&ssl=1&resize=350%2C200","width":350,"height":200,"srcset":"https:\/\/i0.wp.com\/www.freidenker.org\/fw17\/wp-content\/uploads\/2025\/11\/Hans_Bauer_Nuernberg_2025-11-22_800x450.jpg?fit=800%2C450&ssl=1&resize=350%2C200 1x, https:\/\/i0.wp.com\/www.freidenker.org\/fw17\/wp-content\/uploads\/2025\/11\/Hans_Bauer_Nuernberg_2025-11-22_800x450.jpg?fit=800%2C450&ssl=1&resize=525%2C300 1.5x, https:\/\/i0.wp.com\/www.freidenker.org\/fw17\/wp-content\/uploads\/2025\/11\/Hans_Bauer_Nuernberg_2025-11-22_800x450.jpg?fit=800%2C450&ssl=1&resize=700%2C400 2x"},"classes":[]},{"id":23605,"url":"https:\/\/www.freidenker.org\/?p=23605","url_meta":{"origin":3114,"position":2},"title":"80 Jahre N\u00fcrnberger Prozesse \u2013 nicht nur Erinnerung","author":"Webredaktion","date":"21. November 2025","format":false,"excerpt":"Beitrag von Hans Bauer Am 20. November 1945 wurde der N\u00fcrnberger Hauptkriegsverbrecherprozess vor dem Internationalen Milit\u00e4rgerichtshof (IMG) er\u00f6ffnet. Ankl\u00e4ger waren die vier Alliierten Sowjetunion, Frankreich, Gro\u00dfbritannien und die USA. Grundlage war das Vierm\u00e4chteabkommen und das Kontrollratsgesetz Nr.10. Die Anklagen gegen die f\u00fchrenden Faschisten lauteten auf Kriegsverbrechen, Verbrechen gegen den Frieden\u2026","rel":"","context":"In &quot;Geschichte&quot;","block_context":{"text":"Geschichte","link":"https:\/\/www.freidenker.org\/?cat=1162"},"img":{"alt_text":"","src":"https:\/\/i0.wp.com\/www.freidenker.org\/fw17\/wp-content\/uploads\/2025\/11\/Defendants_in_the_dock_at_nuremberg_trials_800x450.jpg?fit=800%2C450&ssl=1&resize=350%2C200","width":350,"height":200,"srcset":"https:\/\/i0.wp.com\/www.freidenker.org\/fw17\/wp-content\/uploads\/2025\/11\/Defendants_in_the_dock_at_nuremberg_trials_800x450.jpg?fit=800%2C450&ssl=1&resize=350%2C200 1x, https:\/\/i0.wp.com\/www.freidenker.org\/fw17\/wp-content\/uploads\/2025\/11\/Defendants_in_the_dock_at_nuremberg_trials_800x450.jpg?fit=800%2C450&ssl=1&resize=525%2C300 1.5x, https:\/\/i0.wp.com\/www.freidenker.org\/fw17\/wp-content\/uploads\/2025\/11\/Defendants_in_the_dock_at_nuremberg_trials_800x450.jpg?fit=800%2C450&ssl=1&resize=700%2C400 2x"},"classes":[]},{"id":24261,"url":"https:\/\/www.freidenker.org\/?p=24261","url_meta":{"origin":3114,"position":3},"title":"Erinnern an Fritz Bauer:  Kampf gegen den \u00fcberlebenden Ungeist","author":"Webredaktion","date":"23. Januar 2026","format":false,"excerpt":"von Stefan Siegert Unendlich fern erscheinen die Zeiten, in denen ein Fritz Bauer im \u00f6ffentlich-rechtlichen Rundfunk der Bundesrepublik Deutschland zur besten Sendezeit eine Rede halten konnte, in der es um schon damals brennende Fragen ging. \u201eNie wieder Krieg!\u201c stand auf der Tagesordnung. Die erneute Wiederaufr\u00fcstung eines deutschen Staats gegen einen\u2026","rel":"","context":"In &quot;Frieden - Antifaschismus - Solidarit\u00e4t&quot;","block_context":{"text":"Frieden - Antifaschismus - Solidarit\u00e4t","link":"https:\/\/www.freidenker.org\/?cat=13"},"img":{"alt_text":"","src":"https:\/\/i0.wp.com\/www.freidenker.org\/fw17\/wp-content\/uploads\/2026\/01\/Generalstaatsanwalt_Fritz_Bauer_800x450.jpg?fit=800%2C450&ssl=1&resize=350%2C200","width":350,"height":200,"srcset":"https:\/\/i0.wp.com\/www.freidenker.org\/fw17\/wp-content\/uploads\/2026\/01\/Generalstaatsanwalt_Fritz_Bauer_800x450.jpg?fit=800%2C450&ssl=1&resize=350%2C200 1x, https:\/\/i0.wp.com\/www.freidenker.org\/fw17\/wp-content\/uploads\/2026\/01\/Generalstaatsanwalt_Fritz_Bauer_800x450.jpg?fit=800%2C450&ssl=1&resize=525%2C300 1.5x, https:\/\/i0.wp.com\/www.freidenker.org\/fw17\/wp-content\/uploads\/2026\/01\/Generalstaatsanwalt_Fritz_Bauer_800x450.jpg?fit=800%2C450&ssl=1&resize=700%2C400 2x"},"classes":[]},{"id":21446,"url":"https:\/\/www.freidenker.org\/?p=21446","url_meta":{"origin":3114,"position":4},"title":"Gedenkfeier zum 80. Jahrestag der Selbstbefreiung des KZ Buchenwald","author":"Webredaktion","date":"14. April 2025","format":false,"excerpt":"Da die staatsoffizielle Gedenkfeier anl\u00e4sslich der Befreiung des Konzentrationslagers Buchenwald vorhersehbar die Selbstbefreiung der H\u00e4ftlinge am 11. April 1945 mit keinem Wort erw\u00e4hnte, sondern nur die zwei Tage sp\u00e4ter eingetroffene US-Armee als Befreierin w\u00fcrdigte, hat ein B\u00fcndnis unter organisatorischer Leitung von Heike Cienskowski, der Vorsitzenden des Th\u00fcringer Freidenker-Landesverbands, am 12.\u2026","rel":"","context":"In &quot;Frieden - Antifaschismus - Solidarit\u00e4t&quot;","block_context":{"text":"Frieden - Antifaschismus - Solidarit\u00e4t","link":"https:\/\/www.freidenker.org\/?cat=13"},"img":{"alt_text":"","src":"https:\/\/i0.wp.com\/www.freidenker.org\/fw17\/wp-content\/uploads\/2025\/04\/IMG-20250412-WA0020_800x450.jpg?fit=800%2C450&ssl=1&resize=350%2C200","width":350,"height":200,"srcset":"https:\/\/i0.wp.com\/www.freidenker.org\/fw17\/wp-content\/uploads\/2025\/04\/IMG-20250412-WA0020_800x450.jpg?fit=800%2C450&ssl=1&resize=350%2C200 1x, https:\/\/i0.wp.com\/www.freidenker.org\/fw17\/wp-content\/uploads\/2025\/04\/IMG-20250412-WA0020_800x450.jpg?fit=800%2C450&ssl=1&resize=525%2C300 1.5x, https:\/\/i0.wp.com\/www.freidenker.org\/fw17\/wp-content\/uploads\/2025\/04\/IMG-20250412-WA0020_800x450.jpg?fit=800%2C450&ssl=1&resize=700%2C400 2x"},"classes":[]},{"id":16902,"url":"https:\/\/www.freidenker.org\/?p=16902","url_meta":{"origin":3114,"position":5},"title":"Die gro\u00dfe Heuchelei wegen eines Flugblattes von 1987","author":"Webredaktion","date":"9. September 2023","format":false,"excerpt":"Beitrag von Bernd Duschner Der Landtagswahlkampf in Bayern ist von kurzer Dauer. Am 10. September gehen die Sommerferien zu Ende und bereits am 8. Oktober wird gew\u00e4hlt. Es bleibt kaum Zeit f\u00fcr inhaltliche politische Auseinandersetzungen. Das kommt den herrschenden Parteien gelegen. Nicht die hohen Preissteigerungen speziell bei Energie und Lebensmitteln,\u2026","rel":"","context":"In &quot;Demokratie \u2013 Medien \u2013 Aufkl\u00e4rung&quot;","block_context":{"text":"Demokratie \u2013 Medien \u2013 Aufkl\u00e4rung","link":"https:\/\/www.freidenker.org\/?cat=12"},"img":{"alt_text":"","src":"https:\/\/i0.wp.com\/www.freidenker.org\/fw17\/wp-content\/uploads\/2023\/09\/aiwanger_finger_800x450.jpg?fit=800%2C450&ssl=1&resize=350%2C200","width":350,"height":200,"srcset":"https:\/\/i0.wp.com\/www.freidenker.org\/fw17\/wp-content\/uploads\/2023\/09\/aiwanger_finger_800x450.jpg?fit=800%2C450&ssl=1&resize=350%2C200 1x, https:\/\/i0.wp.com\/www.freidenker.org\/fw17\/wp-content\/uploads\/2023\/09\/aiwanger_finger_800x450.jpg?fit=800%2C450&ssl=1&resize=525%2C300 1.5x, https:\/\/i0.wp.com\/www.freidenker.org\/fw17\/wp-content\/uploads\/2023\/09\/aiwanger_finger_800x450.jpg?fit=800%2C450&ssl=1&resize=700%2C400 2x"},"classes":[]}],"_links":{"self":[{"href":"https:\/\/www.freidenker.org\/index.php?rest_route=\/wp\/v2\/posts\/3114","targetHints":{"allow":["GET"]}}],"collection":[{"href":"https:\/\/www.freidenker.org\/index.php?rest_route=\/wp\/v2\/posts"}],"about":[{"href":"https:\/\/www.freidenker.org\/index.php?rest_route=\/wp\/v2\/types\/post"}],"author":[{"embeddable":true,"href":"https:\/\/www.freidenker.org\/index.php?rest_route=\/wp\/v2\/users\/3"}],"replies":[{"embeddable":true,"href":"https:\/\/www.freidenker.org\/index.php?rest_route=%2Fwp%2Fv2%2Fcomments&post=3114"}],"version-history":[{"count":0,"href":"https:\/\/www.freidenker.org\/index.php?rest_route=\/wp\/v2\/posts\/3114\/revisions"}],"wp:featuredmedia":[{"embeddable":true,"href":"https:\/\/www.freidenker.org\/index.php?rest_route=\/wp\/v2\/media\/3900"}],"wp:attachment":[{"href":"https:\/\/www.freidenker.org\/index.php?rest_route=%2Fwp%2Fv2%2Fmedia&parent=3114"}],"wp:term":[{"taxonomy":"category","embeddable":true,"href":"https:\/\/www.freidenker.org\/index.php?rest_route=%2Fwp%2Fv2%2Fcategories&post=3114"},{"taxonomy":"post_tag","embeddable":true,"href":"https:\/\/www.freidenker.org\/index.php?rest_route=%2Fwp%2Fv2%2Ftags&post=3114"}],"curies":[{"name":"wp","href":"https:\/\/api.w.org\/{rel}","templated":true}]}}