{"id":3112,"date":"2012-05-30T01:20:19","date_gmt":"2012-05-29T23:20:19","guid":{"rendered":"http:\/\/www.freidenker.org\/?p=3112"},"modified":"2018-02-14T21:45:17","modified_gmt":"2018-02-14T20:45:17","slug":"foto-auf-bbc-vom-syrischen-massaker-in-houla-wurde-2003-im-irak-aufgenommen","status":"publish","type":"post","link":"https:\/\/www.freidenker.org\/?p=3112","title":{"rendered":"Foto auf BBC vom syrischen Massaker in Houla wurde 2003 im Irak aufgenommen"},"content":{"rendered":"<p><strong>Qualit\u00e4tsmedien und Kriegsfotografie: im psychologischen Kampf um die \u00f6ffentliche Meinung ist jedes Mittel recht<br \/>\n<\/strong><br \/>\n(Wir dokumentieren einen Beitrag auf <a href=\"http:\/\/www.radio-utopie.de\">http:\/\/www.radio-utopie.de<\/a> ,<span style=\"mso-bidi-font-weight: bold;\">petrapez<\/span> | 28.Mai 2012)<\/p>\n<p>Der italienische Fotograf Marco Di Lauro ver\u00f6ffentlichte gestern auf seiner Facebook-Seite die Mitteilung, dass das Foto in dem BBC-Artikel vom 27.Mai 2012 von ihm am 27. M\u00e4rz im Jahr 2003 aufgenommen wurde. Es zeigt unz\u00e4hlige Skelette in weissen T\u00fcchern, die damals in der W\u00fcste s\u00fcdlich von Bagdad gefunden wurden.<\/p>\n<p>Die Aufnahme entstand neben zahlreichen weiteren Dokumentationen zu der Reportage: <em>Iraq, \u201cThe Aftermath of Saddam\u201d<\/em> \u2013 das Copyright liegt beim Autor, vermarktet wird die Arbeit von der Agentur <em>Getty Images<\/em>.<\/p>\n<p>Ungepr\u00fcft hat eine Zeitung, die einen weltweit f\u00fchrenden Anspruch im Journalismus erhebt, ein Bild in dem Artikel \u201cSyria massacre in Houla condemned as outrage grows\u201d verwendet, ohne den Urheber und die Umst\u00e4nde der Aufnahme zu \u00fcberpr\u00fcfen. Das ist kein Lapsus, hunderte von Kinderleichen abzubilden, den man mal soeben wegen Zeitdruck und Erh\u00f6hung der Dramatik durchgehen lassen kann.<\/p>\n<p>Zuviel steht auf dem Spiel, die Lage in der Region nicht eskalieren zu lassen.<\/p>\n<p>Inzwischen wurde das Bild aus dem Beitrag entfernt.<\/p>\n<p>Auf der Website von Marco Di Lauro sind Foto und Erkl\u00e4rungen zur Situation der Aufnahme unter diesem <a href=\"http:\/\/www.marcodilauro.com\/features\/iraq-war\/#num=content-413&amp;id=album-16\">Link<\/a> zu finden.<\/p>\n<p>Weiterer Link zum Thema: <a href=\"http:\/\/www.barth-engelbart.de\/?p=1341\">Syrien: Massaker im Namen der \u201cSchutzverantwortung\u201d &#8211; Von Sabra &amp; Shatila nach Homs, Damaskus &amp; Houla<\/a><\/p>\n<p>\u00dcber die dem zionistischen US-Staatsekret\u00e4r Jeffrey Feltman unterstellten Terrorbanden: <a href=\"http:\/\/nocheinparteibuch.wordpress.com\/2012\/05\/27\/die-feltman-operation\/\">http:\/\/nocheinparteibuch.wordpress.com\/2012\/05\/27\/die-feltman-operation\/<\/a><\/p>\n<hr \/>\n<p>Bild: Dieses Foto mit Kinderleichen war am 27.3.2003 von Marco di Lauro nach den NATO-Bombardements im Irak aufgenommen worden &#8211; und wurde 9 Jahre sp\u00e4ter von der BBC verwendet als Beleg f\u00fcr das &#8222;Massaker von Hula&#8220; vom 25.\/26.06.2012. Screenshot von der Facebook-Seite des Fotografen mit der Richtigstellung.<\/p>\n","protected":false},"excerpt":{"rendered":"<p>Der italienische Fotograf Marco Di Lauro ver\u00f6ffentlichte gestern auf seiner Facebook-Seite die Mitteilung, dass das Foto in dem BBC-Artikel vom 27.Mai 2012 von ihm am 27. M\u00e4rz im Jahr 2003 aufgenommen wurde. Es zeigt unz\u00e4hlige Skelette in weissen T\u00fcchern, die damals in der W\u00fcste s\u00fcdlich von Bagdad gefunden wurden. Ungepr\u00fcft hat eine Zeitung, die einen weltweit f\u00fchrenden Anspruch im Journalismus erhebt, ein Bild in dem Artikel \u201cSyria massacre in Houla condemned as outrage grows\u201d verwendet, ohne den Urheber und die Umst\u00e4nde der Aufnahme zu \u00fcberpr\u00fcfen. Das ist kein Lapsus, hunderte von Kinderleichen abzubilden, den man mal soeben wegen Zeitdruck und Erh\u00f6hung der Dramatik durchgehen lassen kann.<\/p>\n","protected":false},"author":3,"featured_media":3836,"comment_status":"closed","ping_status":"closed","sticky":false,"template":"","format":"standard","meta":{"colormag_page_container_layout":"default_layout","colormag_page_sidebar_layout":"default_layout","advanced_seo_description":"","jetpack_seo_html_title":"","jetpack_seo_noindex":false,"jetpack_post_was_ever_published":false,"footnotes":""},"categories":[12],"tags":[744,188,743,336],"class_list":["post-3112","post","type-post","status-publish","format-standard","has-post-thumbnail","hentry","category-demokratie-medien-aufklaerung","tag-irak","tag-krieg","tag-medienluegen","tag-syrien"],"jetpack_featured_media_url":"https:\/\/i0.wp.com\/www.freidenker.org\/fw17\/wp-content\/uploads\/2012\/05\/2012-05-27-bbc-syrien-falschbild-marco-di-lauro-facebook-richtigstellung_800x445.jpg?fit=800%2C445&ssl=1","jetpack_shortlink":"https:\/\/wp.me\/p9stpK-Oc","jetpack-related-posts":[{"id":12336,"url":"https:\/\/www.freidenker.org\/?p=12336","url_meta":{"origin":3112,"position":0},"title":"Stimmungsmache f\u00fcr den Krieg &#8211; wie Bilder l\u00fcgen k\u00f6nnen","author":"Webredaktion","date":"27. Februar 2022","format":false,"excerpt":"Beitrag von Evelyn Hecht-Galinski Am ersten Tag des ersten gro\u00dfen Landkriegs in Europa seit Jahrzehnten hat Moskau gestern eine gro\u00df angelegte Invasion der Ukraine zu Lande, zu Wasser und aus der Luft gestartet. .... Aus der Region erreichen uns Bilder und Videos von dem russischen Angriff, die Tod und Verw\u00fcstung\u2026","rel":"","context":"In &quot;Demokratie \u2013 Medien \u2013 Aufkl\u00e4rung&quot;","block_context":{"text":"Demokratie \u2013 Medien \u2013 Aufkl\u00e4rung","link":"https:\/\/www.freidenker.org\/?cat=12"},"img":{"alt_text":"","src":"https:\/\/i0.wp.com\/www.freidenker.org\/fw17\/wp-content\/uploads\/2022\/02\/gazaGettyImages-1232810997_800x450.jpg?fit=800%2C450&ssl=1&resize=350%2C200","width":350,"height":200,"srcset":"https:\/\/i0.wp.com\/www.freidenker.org\/fw17\/wp-content\/uploads\/2022\/02\/gazaGettyImages-1232810997_800x450.jpg?fit=800%2C450&ssl=1&resize=350%2C200 1x, https:\/\/i0.wp.com\/www.freidenker.org\/fw17\/wp-content\/uploads\/2022\/02\/gazaGettyImages-1232810997_800x450.jpg?fit=800%2C450&ssl=1&resize=525%2C300 1.5x, https:\/\/i0.wp.com\/www.freidenker.org\/fw17\/wp-content\/uploads\/2022\/02\/gazaGettyImages-1232810997_800x450.jpg?fit=800%2C450&ssl=1&resize=700%2C400 2x"},"classes":[]},{"id":15776,"url":"https:\/\/www.freidenker.org\/?p=15776","url_meta":{"origin":3112,"position":1},"title":"Zwanzig Jahre nach der US-Invasion in den Irak \u2012 Erinnerung an ein Menschheitsverbrechen","author":"Webredaktion","date":"16. April 2023","format":false,"excerpt":"Beitrag von Joachim Guilliard In der Nacht zum 20. M\u00e4rz 2003 \u00f6ffneten sich \u00fcber dem Irak ein zweites Mal nach 1991 die Schleusen der H\u00f6lle. Fast 30.000 Bomben und Raketen gingen auf Bagdad, Basra, Mossul und zahlreiche andere irakische St\u00e4dte nieder und lie\u00dfen neben irakischen Verteidigungsstellungen auch einen guten Teil\u2026","rel":"","context":"In &quot;Demokratie \u2013 Medien \u2013 Aufkl\u00e4rung&quot;","block_context":{"text":"Demokratie \u2013 Medien \u2013 Aufkl\u00e4rung","link":"https:\/\/www.freidenker.org\/?cat=12"},"img":{"alt_text":"","src":"https:\/\/i0.wp.com\/www.freidenker.org\/fw17\/wp-content\/uploads\/2023\/04\/Mosul_in_ruins_after_war-b1a585cf315fb626.jpg?fit=800%2C449&ssl=1&resize=350%2C200","width":350,"height":200,"srcset":"https:\/\/i0.wp.com\/www.freidenker.org\/fw17\/wp-content\/uploads\/2023\/04\/Mosul_in_ruins_after_war-b1a585cf315fb626.jpg?fit=800%2C449&ssl=1&resize=350%2C200 1x, https:\/\/i0.wp.com\/www.freidenker.org\/fw17\/wp-content\/uploads\/2023\/04\/Mosul_in_ruins_after_war-b1a585cf315fb626.jpg?fit=800%2C449&ssl=1&resize=525%2C300 1.5x, https:\/\/i0.wp.com\/www.freidenker.org\/fw17\/wp-content\/uploads\/2023\/04\/Mosul_in_ruins_after_war-b1a585cf315fb626.jpg?fit=800%2C449&ssl=1&resize=700%2C400 2x"},"classes":[]},{"id":4279,"url":"https:\/\/www.freidenker.org\/?p=4279","url_meta":{"origin":3112,"position":2},"title":"Bericht vom Linken Liedersommer 2013 auf der Burg Waldeck","author":"Webredaktion","date":"30. Juni 2013","format":false,"excerpt":"Bericht von Jane Zahn Wieder 130 Teilnehmer \u2013 wie es einer auf der Auswertungsdiskussion formulierte: \u201eDas ist heutzutage schon ein Erfolg!\u201c \u2013 beim Linken Liedersommer im Hunsr\u00fcck. Das legendenumwobene, traditionsreiche Gel\u00e4nde neben der Burg Waldeck war erf\u00fcllt von Musik, Gesang, Diskussionen, gesch\u00e4ftigem Betrieb. Mit 8 Workshop-Angeboten von \u201e150 Jahre Arbeiterlieder\u201c\u2026","rel":"","context":"In &quot;Kultur &amp; Kunst&quot;","block_context":{"text":"Kultur &amp; Kunst","link":"https:\/\/www.freidenker.org\/?cat=913"},"img":{"alt_text":"","src":"https:\/\/i0.wp.com\/www.freidenker.org\/fw17\/wp-content\/uploads\/2018\/01\/01-2013-06-21-23-af-0992_800x445.jpg?fit=800%2C445&ssl=1&resize=350%2C200","width":350,"height":200,"srcset":"https:\/\/i0.wp.com\/www.freidenker.org\/fw17\/wp-content\/uploads\/2018\/01\/01-2013-06-21-23-af-0992_800x445.jpg?fit=800%2C445&ssl=1&resize=350%2C200 1x, https:\/\/i0.wp.com\/www.freidenker.org\/fw17\/wp-content\/uploads\/2018\/01\/01-2013-06-21-23-af-0992_800x445.jpg?fit=800%2C445&ssl=1&resize=525%2C300 1.5x, https:\/\/i0.wp.com\/www.freidenker.org\/fw17\/wp-content\/uploads\/2018\/01\/01-2013-06-21-23-af-0992_800x445.jpg?fit=800%2C445&ssl=1&resize=700%2C400 2x"},"classes":[]},{"id":6850,"url":"https:\/\/www.freidenker.org\/?p=6850","url_meta":{"origin":3112,"position":3},"title":"80 Jahre Deutsch-Sowjetischer Nichtangriffsvertrag","author":"Webredaktion","date":"23. August 2019","format":false,"excerpt":"Beitrag von Wolfgang Sch\u00fcrer Vor 80 Jahren, am 24. August 1939 (Ortszeit) unterzeichneten der sowjetische Au\u00dfenminister W. M. Molotow und der deutsche Au\u00dfenminister von Ribbentrop in Moskau den deutsch-sowjetischen Nichtangriffsvertrag. Er trat mit Datum vom 23.8.1939 in Kraft. Noch heute wird der Vertrag bis in linke Kreise als \"Hitler-Stalin-Pakt\" verunglimpft,\u2026","rel":"","context":"In &quot;Geschichte&quot;","block_context":{"text":"Geschichte","link":"https:\/\/www.freidenker.org\/?cat=1162"},"img":{"alt_text":"","src":"https:\/\/i0.wp.com\/www.freidenker.org\/fw17\/wp-content\/uploads\/2019\/08\/Bundesarchiv_Bild_183-H27337_800x445.jpg?fit=800%2C445&ssl=1&resize=350%2C200","width":350,"height":200,"srcset":"https:\/\/i0.wp.com\/www.freidenker.org\/fw17\/wp-content\/uploads\/2019\/08\/Bundesarchiv_Bild_183-H27337_800x445.jpg?fit=800%2C445&ssl=1&resize=350%2C200 1x, https:\/\/i0.wp.com\/www.freidenker.org\/fw17\/wp-content\/uploads\/2019\/08\/Bundesarchiv_Bild_183-H27337_800x445.jpg?fit=800%2C445&ssl=1&resize=525%2C300 1.5x, https:\/\/i0.wp.com\/www.freidenker.org\/fw17\/wp-content\/uploads\/2019\/08\/Bundesarchiv_Bild_183-H27337_800x445.jpg?fit=800%2C445&ssl=1&resize=700%2C400 2x"},"classes":[]},{"id":13756,"url":"https:\/\/www.freidenker.org\/?p=13756","url_meta":{"origin":3112,"position":4},"title":"Von Syrien bis zur Ukraine: Dieselben Regeln der Kriegspropaganda","author":"Webredaktion","date":"14. Juli 2022","format":false,"excerpt":"Beitrag von Karin Leukefeld. Bei der Berichterstattung \u00fcber den Krieg in der Ukraine werden in deutschen Medien altbekannte Regeln der Kriegspropaganda aus dem Syrienkrieg angewendet. Die gegnerische Seite (Russland) sei verantwortlich, der russische Pr\u00e4sident wird d\u00e4monisiert. Man sei \u201enicht Kriegspartei\u201c, die gelieferten Waffen dienten nur der Selbstverteidigung der Angegriffenen. Diese\u2026","rel":"","context":"In &quot;Demokratie \u2013 Medien \u2013 Aufkl\u00e4rung&quot;","block_context":{"text":"Demokratie \u2013 Medien \u2013 Aufkl\u00e4rung","link":"https:\/\/www.freidenker.org\/?cat=12"},"img":{"alt_text":"","src":"https:\/\/i0.wp.com\/www.freidenker.org\/fw17\/wp-content\/uploads\/2022\/07\/kriegspropaganda_v2_800x450.jpg?fit=800%2C450&ssl=1&resize=350%2C200","width":350,"height":200,"srcset":"https:\/\/i0.wp.com\/www.freidenker.org\/fw17\/wp-content\/uploads\/2022\/07\/kriegspropaganda_v2_800x450.jpg?fit=800%2C450&ssl=1&resize=350%2C200 1x, https:\/\/i0.wp.com\/www.freidenker.org\/fw17\/wp-content\/uploads\/2022\/07\/kriegspropaganda_v2_800x450.jpg?fit=800%2C450&ssl=1&resize=525%2C300 1.5x, https:\/\/i0.wp.com\/www.freidenker.org\/fw17\/wp-content\/uploads\/2022\/07\/kriegspropaganda_v2_800x450.jpg?fit=800%2C450&ssl=1&resize=700%2C400 2x"},"classes":[]},{"id":19626,"url":"https:\/\/www.freidenker.org\/?p=19626","url_meta":{"origin":3112,"position":5},"title":"Einigkeit in EU und NATO? Nach Ungarn und Slowakei nun auch Italien auf Abwegen","author":"Webredaktion","date":"2. August 2024","format":false,"excerpt":"von Rainer Rupp \"Marco Polo hat uns gelehrt, zu wagen, die Bindung zwischen Italien und China zu st\u00e4rken.\" Das sagte die italienische Ministerpr\u00e4sidentin Meloni am Montag, den 28. Juli, bei der Er\u00f6ffnung der Ausstellung \u00fcber Marco Polo im Millennium Museum in Peking. Meloni ist dort auf einer Charmeoffensive, um den\u2026","rel":"","context":"In &quot;Demokratie \u2013 Medien \u2013 Aufkl\u00e4rung&quot;","block_context":{"text":"Demokratie \u2013 Medien \u2013 Aufkl\u00e4rung","link":"https:\/\/www.freidenker.org\/?cat=12"},"img":{"alt_text":"","src":"https:\/\/i0.wp.com\/www.freidenker.org\/fw17\/wp-content\/uploads\/2024\/08\/Giorgia_Meloni_at_the_Special_European_Council_-_2024_06_800x450.jpg?fit=800%2C450&ssl=1&resize=350%2C200","width":350,"height":200,"srcset":"https:\/\/i0.wp.com\/www.freidenker.org\/fw17\/wp-content\/uploads\/2024\/08\/Giorgia_Meloni_at_the_Special_European_Council_-_2024_06_800x450.jpg?fit=800%2C450&ssl=1&resize=350%2C200 1x, https:\/\/i0.wp.com\/www.freidenker.org\/fw17\/wp-content\/uploads\/2024\/08\/Giorgia_Meloni_at_the_Special_European_Council_-_2024_06_800x450.jpg?fit=800%2C450&ssl=1&resize=525%2C300 1.5x, https:\/\/i0.wp.com\/www.freidenker.org\/fw17\/wp-content\/uploads\/2024\/08\/Giorgia_Meloni_at_the_Special_European_Council_-_2024_06_800x450.jpg?fit=800%2C450&ssl=1&resize=700%2C400 2x"},"classes":[]}],"_links":{"self":[{"href":"https:\/\/www.freidenker.org\/index.php?rest_route=\/wp\/v2\/posts\/3112","targetHints":{"allow":["GET"]}}],"collection":[{"href":"https:\/\/www.freidenker.org\/index.php?rest_route=\/wp\/v2\/posts"}],"about":[{"href":"https:\/\/www.freidenker.org\/index.php?rest_route=\/wp\/v2\/types\/post"}],"author":[{"embeddable":true,"href":"https:\/\/www.freidenker.org\/index.php?rest_route=\/wp\/v2\/users\/3"}],"replies":[{"embeddable":true,"href":"https:\/\/www.freidenker.org\/index.php?rest_route=%2Fwp%2Fv2%2Fcomments&post=3112"}],"version-history":[{"count":0,"href":"https:\/\/www.freidenker.org\/index.php?rest_route=\/wp\/v2\/posts\/3112\/revisions"}],"wp:featuredmedia":[{"embeddable":true,"href":"https:\/\/www.freidenker.org\/index.php?rest_route=\/wp\/v2\/media\/3836"}],"wp:attachment":[{"href":"https:\/\/www.freidenker.org\/index.php?rest_route=%2Fwp%2Fv2%2Fmedia&parent=3112"}],"wp:term":[{"taxonomy":"category","embeddable":true,"href":"https:\/\/www.freidenker.org\/index.php?rest_route=%2Fwp%2Fv2%2Fcategories&post=3112"},{"taxonomy":"post_tag","embeddable":true,"href":"https:\/\/www.freidenker.org\/index.php?rest_route=%2Fwp%2Fv2%2Ftags&post=3112"}],"curies":[{"name":"wp","href":"https:\/\/api.w.org\/{rel}","templated":true}]}}