{"id":3103,"date":"2012-08-28T01:00:45","date_gmt":"2012-08-27T23:00:45","guid":{"rendered":"http:\/\/www.freidenker.org\/?p=3103"},"modified":"2018-02-18T17:44:11","modified_gmt":"2018-02-18T16:44:11","slug":"freidenker-brief-3-2012-stoppt-den-krieg-haende-weg-von-syrien","status":"publish","type":"post","link":"https:\/\/www.freidenker.org\/?p=3103","title":{"rendered":"Freidenker-Brief 3-2012: Stoppt den Krieg \u2013 H\u00e4nde weg von Syrien!"},"content":{"rendered":"<p><strong>Freidenker-Brief Nr. 3\/2012 v. 28. August 2012 <\/strong><\/p>\n<p>Das \u201eFrankfurter Solidarit\u00e4tskomitee f\u00fcr Syrien&#8220; ruft zu einer Demonstration unter dem Motto \u201eStoppt den Krieg \u2013 H\u00e4nde weg von Syrien&#8220; am Samstag, dem 1. September 2012, dem diesj\u00e4hrigen Antikriegstag, in Frankfurt am Main auf.<\/p>\n<p>Zweck der Demonstration ist es, ein Ende der aggressiven v\u00f6lkerrechtswidrigen Einmischung der USA und anderer NATO-Mitgliedsstaaten sowie arabischer Monarchien in Syrien zu fordern und der in westlichen L\u00e4ndern weit verbreiteten falschen Auffassung entgegenzutreten, dass es sich bei dem Krieg in Syrien um einen B\u00fcrgerkrieg oder einen \u201eVolksaufstand&#8220; gegen den Pr\u00e4sidenten Baschar al-Assad handele. Die Demonstranten wollen der \u00d6ffentlichkeit die Wahrheit zu Geh\u00f6r bringen, dass durch die Einschleusung ausl\u00e4ndischer Terrorbanden nach Syrien, die von antisyrischen Medien verharmlosend wie unzutreffend als K\u00e4mpfer der inneren Opposition bezeichnet werden, Staat und Gesellschaft destabilisiert und religi\u00f6se Zwietracht ges\u00e4t werden soll, dass jedoch der gr\u00f6\u00dfte Teil des syrischen Volkes zur Abwehr dieser Aggression und zur Verteidigung eines modernen, s\u00e4kularen Staates auf der Seite der offiziellen Staats- und Sicherheitsorgane steht.<\/p>\n<p><strong>Breites Teilnehmerspektrum erwartet<\/strong><br \/>\nDie Veranstalter erwarten, dass mehrere tausend Deutsche und in Deutschland lebende Ausl\u00e4nder, darunter zahlreiche Menschen syrischer und t\u00fcrkischer Herkunft, \u00fcber religi\u00f6se, politische und weltanschauliche Differenzen hinweg dem Demonstrationsaufruf folgen werden.<\/p>\n<p><strong>Termin und Demonstrationsroute<\/strong><br \/>\nDie Demonstration beginnt am 1. September 2012 um 13.00 Uhr mit einer Auftaktkundgebung an der Alten Oper. Um 14.00h wird sich der Demonstrationszug in Bewegung setzen und eine kurze Zwischenkundgebung an der Hauptwache halten, von wo es um 15.00 Uhr voraussichtlich \u00fcber die Liebfrauenstra\u00dfe und Neue Kr\u00e4me zum R\u00f6merberg geht, wo eine Abschlusskundgebung stattfinden wird. Die Veranstaltung endet um 17.00 Uhr.<\/p>\n<p><strong>Redner und musikalische Begleitung<\/strong><br \/>\nAls Redner werden unter anderem auftreten Herr MAHER AHMAD, Vorstandsmitglied der Deutsch-Syrischen Gesellschaft, Herr IHSAN CIBELEK, Musiker der international bekannten t\u00fcrkischen Musikgruppe &#8222;GRUP YORUM&#8220;\u00a0sowie von\u00a0&#8222;K\u00d6LN SANAT AT\u00d6LYESI&#8220;, Herr ENVER ENLI, Vorstandsmitglied der F\u00f6deration Demokratischer Arbeitervereine (DIDF), Herr Ing. BETROS GHARIB vom Syrisch-Aram\u00e4ischen Verein in Stuttgart als Vertreter der christlichen Minderheit in Syrien, Herr KLAUS HARTMANN, Bundesvorsitzender des Deutschen Freidenkerverbandes. Es wird Ansprachen, Gru\u00dfadressen und Gebete von Vertretern verschiedener ethnischer und religi\u00f6ser Gruppen in Syrien und der T\u00fcrkei sowie der deutschen Friedensbewegung geben.<\/p>\n<p>Musikalisch begleitet wird die Veranstaltung von der t\u00fcrkischen Gruppe \u201eK\u00d6LN SANAT AT\u00d6LYESI&#8220; und dem Frankfurter S\u00e4nger und Liedermacher ERNST SCHWARZ, der von seinen Auftritten bei Osterm\u00e4rschen, antifaschistischen und gewerkschaftlichen Demonstrationen und Veranstaltungen bekannt ist.<\/p>\n<p>&nbsp;<\/p>\n<p><strong>Zur Vorgeschichte<\/strong><br \/>\nDas Frankfurter Solidarit\u00e4tskomitee f\u00fcr Syrien wurde am Sonntag, 5. August 2012, in einer Versammlung mit etwa 60 Beteiligten im Alevitischen Kultur Zentrum, An der Steinm\u00fchle 16 in Frankfurt a. M.-H\u00f6chst gegr\u00fcndet. Einige der Teilnehmer hatten zuvor an der Vorf\u00fchrung des Films des t\u00fcrkischen Regisseurs Serkan Koc &#8211; &#8222;Was ist los in Syrien?&#8220; am 21.07.2012 in den R\u00e4umlichkeiten der Atat\u00fcrkgesellschaft in der Bolongarostra\u00dfe 117 in Frankfurt\/H\u00f6chst teilgenommen. Dabei suchten und fanden Freidenker und andere den Kontakt zu jenen Migranten-Gruppen, die bereits am 22. April 2012 in Frankfurt eine Demonstration f\u00fcr Syrien organisiert hatten. An diesem Tage waren immerhin 1500 Menschen auf der Stra\u00dfe, was f\u00fcr eine Friedensdemonstration hier und heute eine enorme Menge ist. Allerdings waren die Demonstranten weder Assad-feindliche Salafisten oder Moslembr\u00fcder noch Deutsche, deren Herz f\u00fcr die angeblich friedliche Opposition gegen Assad schl\u00e4gt, also kein geeignetes Bildmaterial f\u00fcr die abendliche TV-M\u00e4rchenschau der un\u00fcberpr\u00fcfbaren, nichtssagenden, verwackelten &#8222;Rebellen&#8220;-Videos . Nein, es waren hier lebende Syrer und andere aus der Region eingewanderte Menschen, weitgehend noch ohne deutsche Beteiligung, die f\u00fcr die nationale Selbstbehauptung Syriens auf die Stra\u00dfe gingen und Assad-Bilder mit sich f\u00fchrten. Nichts davon in den Medien der angeblich &#8222;offenen Gesellschaft&#8220;! Nur auf Youtube war von einer\u00a0 \u201ePro Syrien Demo Frankfurt 22-04-12\u201c<\/p>\n<ul>\n<li>dieses (<a href=\"http:\/\/www.youtube.com\/watch?v=HjMK7YOon1s\" target=\"_blank\" rel=\"noopener\">http:\/\/www.youtube.com\/watch?v=HjMK7YOon1s<\/a>) und<\/li>\n<li>dieses (<a href=\"http:\/\/www.youtube.com\/watch?v=ifJSJHgMBVI\" target=\"_blank\" rel=\"noopener\">http:\/\/www.youtube.com\/watch?v=ifJSJHgMBVI<\/a>) Video zu sehen.<\/li>\n<\/ul>\n<p>Vor einem Jahr im Libyen-Krieg stand die europ\u00e4ische Friedensbewegung vor ihrem selbstverschuldeten Bankrott. In diesem Jahr ergibt sich dank des Widerstands der syrischen Nation und ihrer F\u00fchrung gegen die westliche Aggression und aufgrund einer ver\u00e4nderten Haltung der Gro\u00dfm\u00e4chte Russland und China die Chance neuer Impulse, insbesondere f\u00fcr internationalistische, antiimperialistische Kr\u00e4fte und Tendenzen in der Friedensbewegung. Es ist vor allem die aggressive Au\u00dfenpolitik der Regierung unseres eigenen Landes, gegen die sich der Protest aller verantwortungsbewussten Bewohner zu richten hat. In diesem Sinne stellt das Solidarit\u00e4tskomitee mit der geplanten Demonstration folgende<\/p>\n<p><strong>Forderungen:<\/strong><\/p>\n<ul>\n<li><strong>Gegen die antisyrische L\u00fcgenpropaganda und psychologische Kriegsf\u00fchrung von Massenmedien und Politikern. Gegen die D\u00e4monisierung und Delegitimierung der syrischen Regierung!<\/strong><\/li>\n<li><strong>Gegen die Zerschlagung des V\u00f6lkerrechts durch die imperialistischen Staaten! Solidarit\u00e4t mit Syrien!<\/strong><\/li>\n<li><strong>Wir fordern: Schluss mit der Einmischung der NATO, keine Invasion Syriens!<\/strong><\/li>\n<li><strong>Gegen EU-Unterst\u00fctzung bei der Ausr\u00fcstung und Einschleusung von S\u00f6ldnerbanden \u00fcber die T\u00fcrkei!<\/strong><\/li>\n<li><strong>Keine deutschen Panzer f\u00fcr Saudi-Arabien und Katar!<\/strong><\/li>\n<li><strong>Keine deutschen Atom-U-Boote f\u00fcr Israel!<\/strong><\/li>\n<li><strong>Stopp der kriminellen Sanktionen und aller v\u00f6lkerrechtswidrigen Ma\u00dfnahmen gegen Syrien!<\/strong><\/li>\n<\/ul>\n<p><strong>Online-Petition an den Deutschen Bundestag<\/strong><br \/>\nDas Solidarit\u00e4tskomitee beschloss ferner am 5. August 2012, als weitere Aktion eine Online-Petition an den Deutschen Bundestag zu richten. Darin wird von den Abgeordneten und Fraktionen des Bundestages als\u00a0 den laut Verfassung zust\u00e4ndigen Addressaten von Willensbekundungen der Bewohner unseres Landes Rechenschaft \u00fcber ihre Haltung zur deutschen Syrien-Politik verlangt, die nach Auffassung des Solidarit\u00e4tskomitees den Tatbestand des v\u00f6lkerrechtlichen Delikts der &#8222;Mitwirkung&#8220; am &#8222;Entsenden bewaffneter Banden&#8220; gegen einen anderen Staat erf\u00fcllt (Siehe die Aggressionsdefinition der UNO-Generalversammlung in der Resolution vom 14. Dezember 1974 &#8211; <a href=\"http:\/\/www.un.org\/Depts\/german\/gv-early\/ar3314_neu.pdf\" target=\"_blank\" rel=\"noopener\">http:\/\/www.un.org\/Depts\/german\/gv-early\/ar3314_neu.pdf<\/a> ). Bevor demn\u00e4chst f\u00fcr eine Unterschriftenaktion zur Unterst\u00fctzung der Petition geworben wird, ist der Text schon mal auf der Webseite des Solidarit\u00e4tskomitees zu besichtigen, und zwar hier (<a href=\"http:\/\/www.skfs.net\/index.php\/aktionen\" target=\"_blank\" rel=\"noopener\">http:\/\/www.skfs.net\/index.php\/aktionen<\/a>). Ab sofort kann der Text der bereits schriftlich eingereichten Petition selbstverst\u00e4ndlich schon genutzt werden, um einzelne Abgeordnete direkt anzusprechen.<\/p>\n<p>Pressekontakte f\u00fcr das\u00a0 Frankfurter Solidarit\u00e4tskomitee f\u00fcr Syrien werden von Sebastian Bahlo wahrgenommen, Emailadresse: <a href=\"mailto:info@skfs.net\">info@skfs.net<\/a>.<\/p>\n<p><strong>Spenden f\u00fcr die Aktivit\u00e4ten des Solidarit\u00e4tskomitees sind erw\u00fcnscht<\/strong>:<\/p>\n<ul>\n<li>Vereinigung f\u00fcr internationale Solidarit\u00e4t e.V., Konto 1929920104, Sparkasse K\u00f6lnBonn, BLZ 370 501 98, Kennwort \u201e1. September\u201c<\/li>\n<li>Mittelmeer Kultur- und Sozialverein e.V., Konto 0200228560, Frankfurter Sparkasse, BLZ 500 502 01, Kennwort \u201e1. September\u201c<\/li>\n<\/ul>\n<hr \/>\n<p>Foto: Auf dem R\u00f6merberg, 01.09.2012<br \/>\n\u00a9 by arbeiterfotografie.com<\/p>\n","protected":false},"excerpt":{"rendered":"<p>Das \u201eFrankfurter Solidarit\u00e4tskomitee f\u00fcr Syrien&#8220; ruft zu einer Demonstration unter dem Motto \u201eStoppt den Krieg \u2013 H\u00e4nde weg von Syrien&#8220; am Samstag, dem 1. September 2012, dem diesj\u00e4hrigen Antikriegstag, in Frankfurt am Main auf. Zweck der Demonstration ist es, ein Ende der aggressiven v\u00f6lkerrechtswidrigen Einmischung der USA und anderer NATO-Mitgliedsstaaten sowie arabischer Monarchien in Syrien zu fordern und der in westlichen L\u00e4ndern weit verbreiteten falschen Auffassung entgegenzutreten, dass es sich bei dem Krieg in Syrien um einen B\u00fcrgerkrieg oder einen \u201eVolksaufstand&#8220; gegen den Pr\u00e4sidenten Baschar al-Assad handele. <\/p>\n","protected":false},"author":3,"featured_media":3821,"comment_status":"closed","ping_status":"closed","sticky":false,"template":"","format":"standard","meta":{"colormag_page_container_layout":"default_layout","colormag_page_sidebar_layout":"default_layout","advanced_seo_description":"","jetpack_seo_html_title":"","jetpack_seo_noindex":false,"jetpack_post_was_ever_published":false,"footnotes":""},"categories":[341,13],"tags":[740,411,335,741,336],"class_list":["post-3103","post","type-post","status-publish","format-standard","has-post-thumbnail","hentry","category-freidenker-brief","category-frieden-antifaschismus-solidaritaet","tag-buergerkrieg","tag-demonstration","tag-frieden","tag-psychologische-kriegsfuehrung","tag-syrien"],"jetpack_featured_media_url":"https:\/\/i0.wp.com\/www.freidenker.org\/fw17\/wp-content\/uploads\/2012\/08\/01-2012-09-01-1-0328_800x445.jpg?fit=800%2C445&ssl=1","jetpack_shortlink":"https:\/\/wp.me\/p9stpK-O3","jetpack-related-posts":[{"id":1391,"url":"https:\/\/www.freidenker.org\/?p=1391","url_meta":{"origin":3103,"position":0},"title":"Freidenker-Brief 2-2017: \u201eSyrien erk\u00e4mpft den Sieg\u201c","author":"Webredaktion","date":"30. August 2017","format":false,"excerpt":"Der deutsche Freidenkerverband ist Mitveranstalter der Demonstration \u201eSyrien erk\u00e4mpft den Sieg\u201c gegen den Terrorkrieg von NATO, Zionisten, \"Islamischem Staat\" und Golfmonarchen\" am 2.9.2017 in Frankfurt am Main. Auftaktkundgebung um 13 Uhr an der Alten Oper. Hauptveranstalter ist das Frankfurter Solidarit\u00e4tskomitee f\u00fcr Syrien. Wir laden Sie herzlich ein, an der Demonstration\u2026","rel":"","context":"In &quot;Freidenker-Brief&quot;","block_context":{"text":"Freidenker-Brief","link":"https:\/\/www.freidenker.org\/?cat=341"},"img":{"alt_text":"","src":"https:\/\/i0.wp.com\/www.freidenker.org\/fw17\/wp-content\/uploads\/2017\/08\/International_Mine_Action_Center_in_Syria_Aleppo_45.jpg?fit=800%2C445&ssl=1&resize=350%2C200","width":350,"height":200,"srcset":"https:\/\/i0.wp.com\/www.freidenker.org\/fw17\/wp-content\/uploads\/2017\/08\/International_Mine_Action_Center_in_Syria_Aleppo_45.jpg?fit=800%2C445&ssl=1&resize=350%2C200 1x, https:\/\/i0.wp.com\/www.freidenker.org\/fw17\/wp-content\/uploads\/2017\/08\/International_Mine_Action_Center_in_Syria_Aleppo_45.jpg?fit=800%2C445&ssl=1&resize=525%2C300 1.5x, https:\/\/i0.wp.com\/www.freidenker.org\/fw17\/wp-content\/uploads\/2017\/08\/International_Mine_Action_Center_in_Syria_Aleppo_45.jpg?fit=800%2C445&ssl=1&resize=700%2C400 2x"},"classes":[]},{"id":3105,"url":"https:\/\/www.freidenker.org\/?p=3105","url_meta":{"origin":3103,"position":1},"title":"Demonstration zum Antikriegstag","author":"Webredaktion","date":"24. August 2012","format":false,"excerpt":"Aufruf zur Demonstration am 1. September in Frankfurt a.M. Stoppt den Krieg! H\u00e4nde weg von Syrien! Frankfurter Solidarit\u00e4tskomitee f\u00fcr Syrien Redner: Maher Ahmad, Enver Enil, Betros Gharib, Klaus Hartmann 1. September 2012, 13:00 Uhr, Alte Oper Frankfurt a.M.","rel":"","context":"In &quot;Veranstaltungen in den DFV-Landesverb\u00e4nden&quot;","block_context":{"text":"Veranstaltungen in den DFV-Landesverb\u00e4nden","link":"https:\/\/www.freidenker.org\/?cat=19"},"img":{"alt_text":"","src":"https:\/\/i0.wp.com\/www.freidenker.org\/fw17\/wp-content\/uploads\/2012\/08\/woman-1007603_800x445.jpg?fit=800%2C445&ssl=1&resize=350%2C200","width":350,"height":200,"srcset":"https:\/\/i0.wp.com\/www.freidenker.org\/fw17\/wp-content\/uploads\/2012\/08\/woman-1007603_800x445.jpg?fit=800%2C445&ssl=1&resize=350%2C200 1x, https:\/\/i0.wp.com\/www.freidenker.org\/fw17\/wp-content\/uploads\/2012\/08\/woman-1007603_800x445.jpg?fit=800%2C445&ssl=1&resize=525%2C300 1.5x, https:\/\/i0.wp.com\/www.freidenker.org\/fw17\/wp-content\/uploads\/2012\/08\/woman-1007603_800x445.jpg?fit=800%2C445&ssl=1&resize=700%2C400 2x"},"classes":[]},{"id":3101,"url":"https:\/\/www.freidenker.org\/?p=3101","url_meta":{"origin":3103,"position":2},"title":"\u00bbDie BRD ist aktive Kriegspartei\u00ab","author":"Webredaktion","date":"31. August 2012","format":false,"excerpt":"Interview von jW mit Salim Tas und Sebastian Bahlo Bahlo: In Deutschland lebende Syrer und T\u00fcrken haben in den vergangenen Monaten in einigen St\u00e4dten, darunter Frankfurt am Main, zu Tausenden gegen die herrschende Kriegspropaganda protestiert. Das Komitee bildete sich, weil lokale Aktivisten der deutschen Friedensbewegung die Notwendigkeit sehen, sich dem\u2026","rel":"","context":"In &quot;Frieden - Antifaschismus - Solidarit\u00e4t&quot;","block_context":{"text":"Frieden - Antifaschismus - Solidarit\u00e4t","link":"https:\/\/www.freidenker.org\/?cat=13"},"img":{"alt_text":"","src":"https:\/\/i0.wp.com\/www.freidenker.org\/fw17\/wp-content\/uploads\/2012\/08\/09-2012-09-01-afp-0219_800x445.jpg?fit=800%2C445&ssl=1&resize=350%2C200","width":350,"height":200,"srcset":"https:\/\/i0.wp.com\/www.freidenker.org\/fw17\/wp-content\/uploads\/2012\/08\/09-2012-09-01-afp-0219_800x445.jpg?fit=800%2C445&ssl=1&resize=350%2C200 1x, https:\/\/i0.wp.com\/www.freidenker.org\/fw17\/wp-content\/uploads\/2012\/08\/09-2012-09-01-afp-0219_800x445.jpg?fit=800%2C445&ssl=1&resize=525%2C300 1.5x, https:\/\/i0.wp.com\/www.freidenker.org\/fw17\/wp-content\/uploads\/2012\/08\/09-2012-09-01-afp-0219_800x445.jpg?fit=800%2C445&ssl=1&resize=700%2C400 2x"},"classes":[]},{"id":882,"url":"https:\/\/www.freidenker.org\/?p=882","url_meta":{"origin":3103,"position":3},"title":"Freidenker-Brief 6-2016: Syrien: Kriegspropaganda, Sanktionen und Unterst\u00fctzung der Terrormilizen beenden!","author":"Webredaktion","date":"7. Oktober 2016","format":false,"excerpt":"Unter dieser Losung ver\u00f6ffentlicht der Deutsche Freidenker-Verband die nachstehende Erkl\u00e4rung und ruft damit seine Mitglieder und Sympathisanten auf, sich an der Bundesweiten Friedensdemonstration in Berlin am 8. Oktober 2016 m\u00f6glichst zahlreich zu beteiligen. Geplant ist ein Block mit dem Frontbanner \u201eNATO raus \u2013 raus aus der NATO\u201c. Wer dieser unserer\u2026","rel":"","context":"In &quot;Freidenker-Brief&quot;","block_context":{"text":"Freidenker-Brief","link":"https:\/\/www.freidenker.org\/?cat=341"},"img":{"alt_text":"","src":"https:\/\/i0.wp.com\/www.freidenker.org\/fw17\/wp-content\/uploads\/2017\/11\/syrien_usa_russland_800.jpg?fit=800%2C445&ssl=1&resize=350%2C200","width":350,"height":200,"srcset":"https:\/\/i0.wp.com\/www.freidenker.org\/fw17\/wp-content\/uploads\/2017\/11\/syrien_usa_russland_800.jpg?fit=800%2C445&ssl=1&resize=350%2C200 1x, https:\/\/i0.wp.com\/www.freidenker.org\/fw17\/wp-content\/uploads\/2017\/11\/syrien_usa_russland_800.jpg?fit=800%2C445&ssl=1&resize=525%2C300 1.5x, https:\/\/i0.wp.com\/www.freidenker.org\/fw17\/wp-content\/uploads\/2017\/11\/syrien_usa_russland_800.jpg?fit=800%2C445&ssl=1&resize=700%2C400 2x"},"classes":[]},{"id":3039,"url":"https:\/\/www.freidenker.org\/?p=3039","url_meta":{"origin":3103,"position":4},"title":"Demo: Schlu\u00df mit dem Krieg gegen Syrien!","author":"Webredaktion","date":"10. September 2014","format":false,"excerpt":"Veranstaltungshinweis Drei Jahre Krieg gegen Syrien - Schlu\u00df mit der Intervention! Demo am 13. September 2014, 13 Uhr, Alte Oper, Frankfurt am Main Demonstration gegen S\u00f6ldnerkrieg und Sanktionen, islamistischen und zionistischen Terror, f\u00fcr Solidarit\u00e4t mit allen L\u00e4ndern, die dem US\/NATO-Imperialismus widerstehen!","rel":"","context":"In &quot;Veranstaltungen in den DFV-Landesverb\u00e4nden&quot;","block_context":{"text":"Veranstaltungen in den DFV-Landesverb\u00e4nden","link":"https:\/\/www.freidenker.org\/?cat=19"},"img":{"alt_text":"","src":"https:\/\/i0.wp.com\/www.freidenker.org\/fw17\/wp-content\/uploads\/2014\/09\/A-patriot-missile-battery-in-gaziantep_800x445.jpg?fit=800%2C445&ssl=1&resize=350%2C200","width":350,"height":200,"srcset":"https:\/\/i0.wp.com\/www.freidenker.org\/fw17\/wp-content\/uploads\/2014\/09\/A-patriot-missile-battery-in-gaziantep_800x445.jpg?fit=800%2C445&ssl=1&resize=350%2C200 1x, https:\/\/i0.wp.com\/www.freidenker.org\/fw17\/wp-content\/uploads\/2014\/09\/A-patriot-missile-battery-in-gaziantep_800x445.jpg?fit=800%2C445&ssl=1&resize=525%2C300 1.5x, https:\/\/i0.wp.com\/www.freidenker.org\/fw17\/wp-content\/uploads\/2014\/09\/A-patriot-missile-battery-in-gaziantep_800x445.jpg?fit=800%2C445&ssl=1&resize=700%2C400 2x"},"classes":[]},{"id":26,"url":"https:\/\/www.freidenker.org\/?p=26","url_meta":{"origin":3103,"position":5},"title":"Freidenker-Brief 4-2012: Verantwortungslos &#8211; Verhalten der Bundesregierung im Syrien-Konflikt","author":"Webmaster","date":"18. November 2012","format":false,"excerpt":"Eine Petition an den Deutschen Bundestag unter der laufenden Nummer 37867, die sich gegen das verantwortungslose Verhalten der Bundesregierung im gegenw\u00e4rtigen Syrienkonflikt richtet, kann demn\u00e4chst online unterst\u00fctzt werden. Die Petition ist eine Initiative des Deutschen Freidenker-Verbands und des Frankfurter Solidarit\u00e4tskomitees f\u00fcr Syrien. Auszug: \u201eWir erheben Beschwerde dagegen, dass der Bundesminister\u2026","rel":"","context":"In &quot;Freidenker-Brief&quot;","block_context":{"text":"Freidenker-Brief","link":"https:\/\/www.freidenker.org\/?cat=341"},"img":{"alt_text":"","src":"https:\/\/i0.wp.com\/www.freidenker.org\/fw17\/wp-content\/uploads\/2012\/11\/syria-1886425_800_445.jpg?fit=800%2C445&ssl=1&resize=350%2C200","width":350,"height":200,"srcset":"https:\/\/i0.wp.com\/www.freidenker.org\/fw17\/wp-content\/uploads\/2012\/11\/syria-1886425_800_445.jpg?fit=800%2C445&ssl=1&resize=350%2C200 1x, https:\/\/i0.wp.com\/www.freidenker.org\/fw17\/wp-content\/uploads\/2012\/11\/syria-1886425_800_445.jpg?fit=800%2C445&ssl=1&resize=525%2C300 1.5x, https:\/\/i0.wp.com\/www.freidenker.org\/fw17\/wp-content\/uploads\/2012\/11\/syria-1886425_800_445.jpg?fit=800%2C445&ssl=1&resize=700%2C400 2x"},"classes":[]}],"_links":{"self":[{"href":"https:\/\/www.freidenker.org\/index.php?rest_route=\/wp\/v2\/posts\/3103","targetHints":{"allow":["GET"]}}],"collection":[{"href":"https:\/\/www.freidenker.org\/index.php?rest_route=\/wp\/v2\/posts"}],"about":[{"href":"https:\/\/www.freidenker.org\/index.php?rest_route=\/wp\/v2\/types\/post"}],"author":[{"embeddable":true,"href":"https:\/\/www.freidenker.org\/index.php?rest_route=\/wp\/v2\/users\/3"}],"replies":[{"embeddable":true,"href":"https:\/\/www.freidenker.org\/index.php?rest_route=%2Fwp%2Fv2%2Fcomments&post=3103"}],"version-history":[{"count":0,"href":"https:\/\/www.freidenker.org\/index.php?rest_route=\/wp\/v2\/posts\/3103\/revisions"}],"wp:featuredmedia":[{"embeddable":true,"href":"https:\/\/www.freidenker.org\/index.php?rest_route=\/wp\/v2\/media\/3821"}],"wp:attachment":[{"href":"https:\/\/www.freidenker.org\/index.php?rest_route=%2Fwp%2Fv2%2Fmedia&parent=3103"}],"wp:term":[{"taxonomy":"category","embeddable":true,"href":"https:\/\/www.freidenker.org\/index.php?rest_route=%2Fwp%2Fv2%2Fcategories&post=3103"},{"taxonomy":"post_tag","embeddable":true,"href":"https:\/\/www.freidenker.org\/index.php?rest_route=%2Fwp%2Fv2%2Ftags&post=3103"}],"curies":[{"name":"wp","href":"https:\/\/api.w.org\/{rel}","templated":true}]}}