{"id":3092,"date":"2012-12-05T00:38:29","date_gmt":"2012-12-04T23:38:29","guid":{"rendered":"http:\/\/www.freidenker.org\/?p=3092"},"modified":"2018-02-14T21:44:04","modified_gmt":"2018-02-14T20:44:04","slug":"sagen-sie-nein-zur-kriegsbeteiligung-gegen-syrien","status":"publish","type":"post","link":"https:\/\/www.freidenker.org\/?p=3092","title":{"rendered":"Sagen Sie \u201eNEIN\u201c zur Kriegsbeteiligung gegen Syrien!"},"content":{"rendered":"<p><strong>Offener Brief an die Abgeordneten des Deutschen Bundestags<\/strong><\/p>\n<p><a href=\"http:\/\/www.tlaxcala-int.org\/campagne.asp?reference=16%20\" target=\"_blank\" rel=\"noopener\">Unterst\u00fctzer k\u00f6nnen hier mit zeichnen<\/a><\/p>\n<p>Sehr geehrte Dame, sehr geehrter Herr,<\/p>\n<p>am 12. Dezember 2012 sollen Sie \u00fcber den Antrag der Bundesregierung zwecks \u201eEntsendung bewaffneter deutscher Streitkr\u00e4fte zur Verst\u00e4rkung der integrierten Luftverteidigung der NATO (NATINADS) auf Ersuchen der T\u00fcrkei auf Grundlage des Rechts auf kollektive Selbstverteidigung (Artikel 51 der Charta der Vereinten Nationen) sowie des Beschlusses des Nordatlantikrates vom XX. Dezember 2012 hierzu\u201c befinden.<\/p>\n<p>Obwohl Syrien nicht die Absicht hat, die T\u00fcrkei anzugreifen, sich vielmehr bewaffneter Banden erwehren muss, die aus der T\u00fcrkei eindringen, und f\u00fcr deren Bek\u00e4mpfung Raketen ungeeignet sind, gibt der deutsche Au\u00dfenminister die fadenscheinige Begr\u00fcndung, das Patriot-Raketen- Abwehrsysteme diene dem \u201eSchutz der T\u00fcrkei vor m\u00f6glichen Raketenangriffen aus Syrien.&#8220; Offenkundig geriert sich das NATO-Mitglied T\u00fcrkei als Schutzmacht der sogenannten \u201eFreien Syrischen Armee\u201c, der sie die Einschleusung samt Waffen \u00fcber die t\u00fcrkische Grenze nach Syrien er-m\u00f6glicht, und sie dabei logistisch und geheimdienstlich unterst\u00fctzt. Die Berufung auf das Recht auf kollektive Selbstverteidigung ist unter diesen Umst\u00e4nden rechtsmissbr\u00e4uchlich und ein Vorwand, die eigene Kriegsbeteiligung zu tarnen. Die Bereitstellung der gew\u00fcnschten Waffensysteme bedeutet, dass Deutschland im unerkl\u00e4rten Krieg gegen Syrien von der bisherigen Beteiligung am ferngesteuerten Bandenkrieg zum eigenen aktiven milit\u00e4rischen Eingreifen als Kriegspartei \u00fcbergeht.<\/p>\n<p>Die Waffenbr\u00fcderschaft mit der T\u00fcrkei und den von diesem NATO-Mitglied unterst\u00fctzten Terrorbanden kann nicht losgel\u00f6st von einer weiteren gesehen werden, zu der der Bundestag allerdings nicht gefragt wird: Die von der Bundesregierung beabsichtigte Waffenlieferung von mehreren Hundert Radpanzern vom Typ \u201eBoxer\u201c und Kampfpanzern vom Typ \u201eLeopard 2\u201c an Saudi-Arabien unterst\u00fctzt unmittelbar den zweiten Paten der unter der Flagge der \u201eFreien Syrischen Armee\u201c k\u00e4mpfenden Terrorbanden.<\/p>\n<p>Mit diesen Handlungen l\u00e4uft Deutschland Gefahr, weiter in einen Krieg verwickelt zu werden, der schon jetzt als ein Stellvertreterkrieg von M\u00e4chten der Region und dar\u00fcber hinaus charakterisiert werden kann und die Gefahr von noch weit gr\u00f6\u00dferen bewaffneten Konflikten heraufbeschw\u00f6rt.<\/p>\n<p>Wir verweisen in diesem Zusammenhang auf unsere Petition Nr. 37867 vom 15. November 2012. Da sie nicht ver\u00f6ffentlicht wird, sondern lediglich den \u201ezust\u00e4ndigen Ministerien zur Pr\u00fcfung weitergeleitet\u201c wurde, m\u00f6chten wir Sie \u00fcber den Inhalt und den aus v\u00f6lkerrechtlicher Sicht dringenden Handlungsbedarf in Kenntnis setzen.<\/p>\n<p><strong>Wortlaut der Petition<\/strong><\/p>\n<p>Wir erheben Beschwerde dagegen, dass der Bundesminister des \u00c4u\u00dferen und andere Bundesbeh\u00f6rden sich unter Bruch des V\u00f6lkerrechts und des Deutschen Grundgesetzes in die inneren Angelegenheiten der Arabischen Republik Syrien einmischen, insbesondere durch die Unterst\u00fctzung interner wie externer Feinde der rechtm\u00e4\u00dfigen syrischen Regierung, einschlie\u00dflich bewaffneter Gruppen.<\/p>\n<p><strong>Begr\u00fcndung<\/strong><\/p>\n<p>Zum Sachverhalt weisen wir darauf hin,<\/p>\n<ul>\n<li>dass ein Spionageschiff der Bundesmarine vor der syrischen K\u00fcste mit Hilfe akustischer und optischer Sensoren Informationen sammelt, die an die bewaffneten Gruppen weitergegeben werden;dass Saudi-Arabien und Katar, die bewaffnete Gruppen nach Syrien entsenden, als regionale Milit\u00e4rm\u00e4chte durch Lieferung deutscher Panzer gest\u00e4rkt werden;<\/li>\n<li>dass der T\u00fcrkei, von der aus die bewaffneten Gruppen ungehindert nach Syrien einfallen, offiziell Anerkennung und Solidarit\u00e4t zugesichert wird;<\/li>\n<li>dass die nach eigener Auskunft \u00fcberwiegend aus dem Budget des Kanzleramts finanzierte Stiftung Wissenschaft und Politik Vertreter syrischer Oppositionsgruppen nach Berlin eingeladen hat, um \u00fcber \u201edie Zeit nach Assad\u201c zu beraten;<\/li>\n<li>dass die Bundesregierung andere Regierungen zu wirtschaftlichen Sanktionen gegen Syrien dr\u00e4ngt, um das syrische Volk in seiner Widerstandskraft gegen die Aggression zu schw\u00e4chen und zur Revolte gegen die Regierung zu bewegen;<\/li>\n<li>dass sich die deutsche Diplomatie offen weigert, gemeinsam mit den Sicherheitsratsmitgliedern Russland und China und anderen L\u00e4ndern auf eine L\u00f6sung des inneren Konflikts durch beiderseitigen (!) Gewaltverzicht und politische Verst\u00e4ndigung hinzuwirken.<\/li>\n<\/ul>\n<p>Diese Handlungen von Bundesbeh\u00f6rden<\/p>\n<ul>\n<li>stellen in ihrer Gesamtheit eine v\u00f6lkerrechtliche Aggression dar. Denn nach der Aggressionsdefinition der Resolution der UN-Generalversammlung vom 14. Dezember 1974 ist nicht nur \u201edas Entsenden bewaffneter Banden, Gruppen, Freisch\u00e4rler oder S\u00f6ldner durch einen Staat oder in seinem Namen\u201c als eine v\u00f6lker-rechtliche Aggression zu bewerten sondern auch eine \u201ewesentliche Beteiligung\u201c, wie sie sich aus dem gekennzeichneten Sachverhalt ergibt;<\/li>\n<li>sie versto\u00dfen daher gegen das Aggressionsverbot (Art. 2 Abs. 4 UN-Charta) und gegen die Pflicht zu friedlicher Konfliktl\u00f6sung (Art. 2 Abs. 3 UN-Charta). Sie zeugen von offener Missachtung des Prinzips der souver\u00e4nen Gleichheit der Staaten (Art. 2 Abs. 1 UN-Charta) und des Verbots der Einmischung in die inneren Angelegenheiten eines anderen Staates (Art. 2 Abs. 7 UN-Charta);<\/li>\n<li>sie unterminieren somit v\u00f6lkerrechtliche Grundnormen, die nach Art. 25 GG zu den \u201eallgemeinen Regeln des V\u00f6lkerrechts\u201c geh\u00f6ren und \u201eBestandteil des Bundesrechtes\u201c sind. Das hei\u00dft: \u201eSie gehen den Gesetzen vor und erzeugen Rechte und Pflichten unmittelbar f\u00fcr die Bewohner des Bundesgebietes\u201c;<\/li>\n<li>sie missachten schlie\u00dflich auch das fundamentale Bed\u00fcrfnis des deutschen Volkes, in Frieden und Sicherheit zu leben, das darin zum Ausdruck kommt, dass Artikel 26, Abs. 1 GG bestimmt: &#8222;Handlungen, die geeignet sind und in der Absicht vorgenommen werden, das friedliche Zusammenleben der V\u00f6lker zu st\u00f6ren, insbesondere die F\u00fchrung eines Angriffskrieges vorzubereiten, sind verfassungswidrig. Sie sind unter Strafe zu stellen.&#8220;<\/li>\n<\/ul>\n<p>Wir bitten Sie, die vorgetragenen Fakten vorbehaltlos zu pr\u00fcfen und mit eigenen Initiativen f\u00fcr die Wahrung des Internationalen Rechts und die strikte Neutralit\u00e4t Deutschlands in diesem Konflikt aktiv zu werden.<\/p>\n<p>Wer dem Patriot-Einsatz in der T\u00fcrkei und den Panzerlieferungen nach Saudi-Arabien zustimmt, unterst\u00fctzt die Versch\u00e4rfung des Krieges gegen Syrien und die Kriegsdrohungen gegen Iran.<\/p>\n<p>Wer zustimmt, f\u00f6rdert eine Kriegspolitik, die schlie\u00dflich die Gefahr eines Weltkriegs heraufbeschw\u00f6ren kann.<\/p>\n<p>Mit freundlichen Gr\u00fc\u00dfen<\/p>\n<p>Klaus Hartmann<\/p>\n<p><em>(Bundesvorsitzender des Deutschen Freidenker-Verbandes)<\/em><\/p>\n<hr \/>\n<p>Bild: <span class=\"mw-mmv-title\">Patriot-Startger\u00e4t der deutschen Luftwaffe<\/span><br \/>\nQuelle: Von Darkone &#8211; Eigenes Werk, CC BY-SA 2.5, https:\/\/commons.wikimedia.org\/w\/index.php?curid=269142<\/p>\n","protected":false},"excerpt":{"rendered":"<p><strong>Offener Brief an die Abgeordneten des Deutschen Bundestags<\/strong><br \/>\nAm 12. Dezember 2012 sollen Sie \u00fcber den Antrag der Bundesregierung zwecks \u201eEntsendung bewaffneter deutscher Streitkr\u00e4fte zur Verst\u00e4rkung der integrierten Luftverteidigung der NATO (NATINADS) auf Ersuchen der T\u00fcrkei &#8230;\u201c befinden.Obwohl Syrien nicht die Absicht hat, die T\u00fcrkei anzugreifen, sich vielmehr bewaffneter Banden erwehren muss, die aus der T\u00fcrkei eindringen, und f\u00fcr deren Bek\u00e4mpfung Raketen ungeeignet sind, gibt der deutsche Au\u00dfenminister die fadenscheinige Begr\u00fcndung, das Patriot-Raketen- Abwehrsystem diene dem \u201eSchutz der T\u00fcrkei vor m\u00f6glichen Raketenangriffen aus Syrien.&#8220; Offenkundig geriert sich das NATO-Mitglied T\u00fcrkei als Schutzmacht der sogenannten \u201eFreien Syrischen Armee\u201c, der sie die Einschleusung samt Waffen \u00fcber die t\u00fcrkische Grenze nach Syrien er-m\u00f6glicht, und sie dabei logistisch und geheimdienstlich unterst\u00fctzt.<\/p>\n","protected":false},"author":3,"featured_media":3812,"comment_status":"closed","ping_status":"closed","sticky":false,"template":"","format":"standard","meta":{"colormag_page_container_layout":"default_layout","colormag_page_sidebar_layout":"default_layout","advanced_seo_description":"","jetpack_seo_html_title":"","jetpack_seo_noindex":false,"jetpack_post_was_ever_published":false,"footnotes":""},"categories":[13],"tags":[477,335,56,336,655],"class_list":["post-3092","post","type-post","status-publish","format-standard","has-post-thumbnail","hentry","category-frieden-antifaschismus-solidaritaet","tag-bundestag","tag-frieden","tag-nato","tag-syrien","tag-tuerkei"],"jetpack_featured_media_url":"https:\/\/i0.wp.com\/www.freidenker.org\/fw17\/wp-content\/uploads\/2012\/12\/Patriot_System_2_800x445.jpg?fit=800%2C445&ssl=1","jetpack_shortlink":"https:\/\/wp.me\/p9stpK-NS","jetpack-related-posts":[{"id":3068,"url":"https:\/\/www.freidenker.org\/?p=3068","url_meta":{"origin":3092,"position":0},"title":"\u201eNein\u201c zur Kriegsbeteiligung gegen Syrien!","author":"Webredaktion","date":"12. April 2013","format":false,"excerpt":"Die Friedensgesellschaft der T\u00fcrkei, unter Schirmherrschaft des Weltfriedensrates, organisiert eine Internationale Friedenskonferenz in Istanbul und Antiochia in der Zeit vom 25. bis 29. April 2013. Wir wollen eine Botschaft der Solidarit\u00e4t an die Friedenskonferenz in Istanbul und Antiochia senden und den Kampf gegen die sch\u00e4ndlichen Interventionen von au\u00dfen und gegen\u2026","rel":"","context":"In &quot;Frieden - Antifaschismus - Solidarit\u00e4t&quot;","block_context":{"text":"Frieden - Antifaschismus - Solidarit\u00e4t","link":"https:\/\/www.freidenker.org\/?cat=13"},"img":{"alt_text":"","src":"https:\/\/i0.wp.com\/www.freidenker.org\/fw17\/wp-content\/uploads\/2013\/04\/Nato_awacs_800x445.jpg?fit=800%2C445&ssl=1&resize=350%2C200","width":350,"height":200,"srcset":"https:\/\/i0.wp.com\/www.freidenker.org\/fw17\/wp-content\/uploads\/2013\/04\/Nato_awacs_800x445.jpg?fit=800%2C445&ssl=1&resize=350%2C200 1x, https:\/\/i0.wp.com\/www.freidenker.org\/fw17\/wp-content\/uploads\/2013\/04\/Nato_awacs_800x445.jpg?fit=800%2C445&ssl=1&resize=525%2C300 1.5x, https:\/\/i0.wp.com\/www.freidenker.org\/fw17\/wp-content\/uploads\/2013\/04\/Nato_awacs_800x445.jpg?fit=800%2C445&ssl=1&resize=700%2C400 2x"},"classes":[]},{"id":7105,"url":"https:\/\/www.freidenker.org\/?p=7105","url_meta":{"origin":3092,"position":1},"title":"NATO-B\u00fcndnisfall in Nordsyrien? \u2013 Verr\u00fcckter geht\u2018s nicht.","author":"Webredaktion","date":"29. Oktober 2019","format":false,"excerpt":"In der Rubrik Tagesdosis wurde am 18.10.2019 bei KenFM der Beitrag \u201eNATO-B\u00fcndnisfall in Nordsyrien? - Verr\u00fcckter geht's nicht.\u201c von Rainer Rupp, Mitglied des Beirats des Deutschen Freidenker-Verbandes, ver\u00f6ffentlicht. Letzte Woche hat die T\u00fcrkei ihre lange geplante Milit\u00e4roffensive in Nordsyrien begonnen. Erkl\u00e4rtes Ziel ist es, die von den Amerikanern bewaffneten und\u2026","rel":"","context":"In &quot;Frieden - Antifaschismus - Solidarit\u00e4t&quot;","block_context":{"text":"Frieden - Antifaschismus - Solidarit\u00e4t","link":"https:\/\/www.freidenker.org\/?cat=13"},"img":{"alt_text":"","src":"https:\/\/i0.wp.com\/www.freidenker.org\/fw17\/wp-content\/uploads\/2019\/10\/nato-fahnen_800x445.jpg?fit=800%2C445&ssl=1&resize=350%2C200","width":350,"height":200,"srcset":"https:\/\/i0.wp.com\/www.freidenker.org\/fw17\/wp-content\/uploads\/2019\/10\/nato-fahnen_800x445.jpg?fit=800%2C445&ssl=1&resize=350%2C200 1x, https:\/\/i0.wp.com\/www.freidenker.org\/fw17\/wp-content\/uploads\/2019\/10\/nato-fahnen_800x445.jpg?fit=800%2C445&ssl=1&resize=525%2C300 1.5x, https:\/\/i0.wp.com\/www.freidenker.org\/fw17\/wp-content\/uploads\/2019\/10\/nato-fahnen_800x445.jpg?fit=800%2C445&ssl=1&resize=700%2C400 2x"},"classes":[]},{"id":5177,"url":"https:\/\/www.freidenker.org\/?p=5177","url_meta":{"origin":3092,"position":2},"title":"Syrien \u2013 Wettlauf um den Sieg","author":"Webredaktion","date":"25. Mai 2018","format":false,"excerpt":"Beitrag von R\u00fcdiger Rauls Ost-Aleppo war das Stalingrad im Syrienkrieg. Seitdem f\u00e4llt eine Rebellenhochburg nach der anderen in die H\u00e4nde der syrischen Regierung. Deren Truppen gewinnen immer mehr die Oberhoheit \u00fcber ihr Staatsgebiet zur\u00fcck nicht zuletzt dank russischer und iranischer Unterst\u00fctzung. Daran hat auch der amerikanisch-britisch-franz\u00f6sische Raketen-Hagel im April nichts\u2026","rel":"","context":"In &quot;Frieden - Antifaschismus - Solidarit\u00e4t&quot;","block_context":{"text":"Frieden - Antifaschismus - Solidarit\u00e4t","link":"https:\/\/www.freidenker.org\/?cat=13"},"img":{"alt_text":"","src":"https:\/\/i0.wp.com\/www.freidenker.org\/fw17\/wp-content\/uploads\/2018\/05\/syria-2132641_800x445.jpg?fit=800%2C445&ssl=1&resize=350%2C200","width":350,"height":200,"srcset":"https:\/\/i0.wp.com\/www.freidenker.org\/fw17\/wp-content\/uploads\/2018\/05\/syria-2132641_800x445.jpg?fit=800%2C445&ssl=1&resize=350%2C200 1x, https:\/\/i0.wp.com\/www.freidenker.org\/fw17\/wp-content\/uploads\/2018\/05\/syria-2132641_800x445.jpg?fit=800%2C445&ssl=1&resize=525%2C300 1.5x, https:\/\/i0.wp.com\/www.freidenker.org\/fw17\/wp-content\/uploads\/2018\/05\/syria-2132641_800x445.jpg?fit=800%2C445&ssl=1&resize=700%2C400 2x"},"classes":[]},{"id":3103,"url":"https:\/\/www.freidenker.org\/?p=3103","url_meta":{"origin":3092,"position":3},"title":"Freidenker-Brief 3-2012: Stoppt den Krieg \u2013 H\u00e4nde weg von Syrien!","author":"Webredaktion","date":"28. August 2012","format":false,"excerpt":"Das \u201eFrankfurter Solidarit\u00e4tskomitee f\u00fcr Syrien\" ruft zu einer Demonstration unter dem Motto \u201eStoppt den Krieg \u2013 H\u00e4nde weg von Syrien\" am Samstag, dem 1. September 2012, dem diesj\u00e4hrigen Antikriegstag, in Frankfurt am Main auf. Zweck der Demonstration ist es, ein Ende der aggressiven v\u00f6lkerrechtswidrigen Einmischung der USA und anderer NATO-Mitgliedsstaaten\u2026","rel":"","context":"In &quot;Freidenker-Brief&quot;","block_context":{"text":"Freidenker-Brief","link":"https:\/\/www.freidenker.org\/?cat=341"},"img":{"alt_text":"","src":"https:\/\/i0.wp.com\/www.freidenker.org\/fw17\/wp-content\/uploads\/2012\/08\/01-2012-09-01-1-0328_800x445.jpg?fit=800%2C445&ssl=1&resize=350%2C200","width":350,"height":200,"srcset":"https:\/\/i0.wp.com\/www.freidenker.org\/fw17\/wp-content\/uploads\/2012\/08\/01-2012-09-01-1-0328_800x445.jpg?fit=800%2C445&ssl=1&resize=350%2C200 1x, https:\/\/i0.wp.com\/www.freidenker.org\/fw17\/wp-content\/uploads\/2012\/08\/01-2012-09-01-1-0328_800x445.jpg?fit=800%2C445&ssl=1&resize=525%2C300 1.5x, https:\/\/i0.wp.com\/www.freidenker.org\/fw17\/wp-content\/uploads\/2012\/08\/01-2012-09-01-1-0328_800x445.jpg?fit=800%2C445&ssl=1&resize=700%2C400 2x"},"classes":[]},{"id":5343,"url":"https:\/\/www.freidenker.org\/?p=5343","url_meta":{"origin":3092,"position":4},"title":"Der lange Schatten des Syrienkriegs","author":"Webredaktion","date":"24. August 2018","format":false,"excerpt":"Beitrag von R\u00fcdiger Rauls Was \u00e4u\u00dferlich aussieht wie der idiotische Streit zwischen zwei Egomanen um die Freilassung eines unbedeutenden amerikanischen Priesters aus t\u00fcrkischem Hausarrest, ist in Wahrheit der vorerst letzte Akt eines sich st\u00e4ndig versch\u00e4rfenden Konflikts zwischen den USA und der NATO auf der einen Seite und einer T\u00fcrkei, die\u2026","rel":"","context":"In &quot;Demokratie \u2013 Medien \u2013 Aufkl\u00e4rung&quot;","block_context":{"text":"Demokratie \u2013 Medien \u2013 Aufkl\u00e4rung","link":"https:\/\/www.freidenker.org\/?cat=12"},"img":{"alt_text":"","src":"https:\/\/i0.wp.com\/www.freidenker.org\/fw17\/wp-content\/uploads\/2018\/08\/Turkey-syria.800x445.jpg?fit=799%2C445&ssl=1&resize=350%2C200","width":350,"height":200,"srcset":"https:\/\/i0.wp.com\/www.freidenker.org\/fw17\/wp-content\/uploads\/2018\/08\/Turkey-syria.800x445.jpg?fit=799%2C445&ssl=1&resize=350%2C200 1x, https:\/\/i0.wp.com\/www.freidenker.org\/fw17\/wp-content\/uploads\/2018\/08\/Turkey-syria.800x445.jpg?fit=799%2C445&ssl=1&resize=525%2C300 1.5x, https:\/\/i0.wp.com\/www.freidenker.org\/fw17\/wp-content\/uploads\/2018\/08\/Turkey-syria.800x445.jpg?fit=799%2C445&ssl=1&resize=700%2C400 2x"},"classes":[]},{"id":882,"url":"https:\/\/www.freidenker.org\/?p=882","url_meta":{"origin":3092,"position":5},"title":"Freidenker-Brief 6-2016: Syrien: Kriegspropaganda, Sanktionen und Unterst\u00fctzung der Terrormilizen beenden!","author":"Webredaktion","date":"7. Oktober 2016","format":false,"excerpt":"Unter dieser Losung ver\u00f6ffentlicht der Deutsche Freidenker-Verband die nachstehende Erkl\u00e4rung und ruft damit seine Mitglieder und Sympathisanten auf, sich an der Bundesweiten Friedensdemonstration in Berlin am 8. Oktober 2016 m\u00f6glichst zahlreich zu beteiligen. Geplant ist ein Block mit dem Frontbanner \u201eNATO raus \u2013 raus aus der NATO\u201c. Wer dieser unserer\u2026","rel":"","context":"In &quot;Freidenker-Brief&quot;","block_context":{"text":"Freidenker-Brief","link":"https:\/\/www.freidenker.org\/?cat=341"},"img":{"alt_text":"","src":"https:\/\/i0.wp.com\/www.freidenker.org\/fw17\/wp-content\/uploads\/2017\/11\/syrien_usa_russland_800.jpg?fit=800%2C445&ssl=1&resize=350%2C200","width":350,"height":200,"srcset":"https:\/\/i0.wp.com\/www.freidenker.org\/fw17\/wp-content\/uploads\/2017\/11\/syrien_usa_russland_800.jpg?fit=800%2C445&ssl=1&resize=350%2C200 1x, https:\/\/i0.wp.com\/www.freidenker.org\/fw17\/wp-content\/uploads\/2017\/11\/syrien_usa_russland_800.jpg?fit=800%2C445&ssl=1&resize=525%2C300 1.5x, https:\/\/i0.wp.com\/www.freidenker.org\/fw17\/wp-content\/uploads\/2017\/11\/syrien_usa_russland_800.jpg?fit=800%2C445&ssl=1&resize=700%2C400 2x"},"classes":[]}],"_links":{"self":[{"href":"https:\/\/www.freidenker.org\/index.php?rest_route=\/wp\/v2\/posts\/3092","targetHints":{"allow":["GET"]}}],"collection":[{"href":"https:\/\/www.freidenker.org\/index.php?rest_route=\/wp\/v2\/posts"}],"about":[{"href":"https:\/\/www.freidenker.org\/index.php?rest_route=\/wp\/v2\/types\/post"}],"author":[{"embeddable":true,"href":"https:\/\/www.freidenker.org\/index.php?rest_route=\/wp\/v2\/users\/3"}],"replies":[{"embeddable":true,"href":"https:\/\/www.freidenker.org\/index.php?rest_route=%2Fwp%2Fv2%2Fcomments&post=3092"}],"version-history":[{"count":0,"href":"https:\/\/www.freidenker.org\/index.php?rest_route=\/wp\/v2\/posts\/3092\/revisions"}],"wp:featuredmedia":[{"embeddable":true,"href":"https:\/\/www.freidenker.org\/index.php?rest_route=\/wp\/v2\/media\/3812"}],"wp:attachment":[{"href":"https:\/\/www.freidenker.org\/index.php?rest_route=%2Fwp%2Fv2%2Fmedia&parent=3092"}],"wp:term":[{"taxonomy":"category","embeddable":true,"href":"https:\/\/www.freidenker.org\/index.php?rest_route=%2Fwp%2Fv2%2Fcategories&post=3092"},{"taxonomy":"post_tag","embeddable":true,"href":"https:\/\/www.freidenker.org\/index.php?rest_route=%2Fwp%2Fv2%2Ftags&post=3092"}],"curies":[{"name":"wp","href":"https:\/\/api.w.org\/{rel}","templated":true}]}}