{"id":3083,"date":"2013-02-11T04:39:32","date_gmt":"2013-02-11T03:39:32","guid":{"rendered":"http:\/\/www.freidenker.org\/?p=3083"},"modified":"2018-02-18T20:05:03","modified_gmt":"2018-02-18T19:05:03","slug":"am-aschermittwoch","status":"publish","type":"post","link":"https:\/\/www.freidenker.org\/?p=3083","title":{"rendered":"Am Aschermittwoch &#8230;"},"content":{"rendered":"<p><span style=\"font-size: 11pt; font-family: 'Calibri','sans-serif';\">ist alles vorbei, hei\u00dft es in einem bekannten Kirchenlied. Land auf und Land ab m\u00fcssen am 13.02.2013 Tausende Karnevalsprinzen und -prinzessinnen zur\u00fccktreten. 15 Tage mehr g\u00f6nnt uns ein anderer Kost\u00fcmierter, der sich dann vom Benedikt in einen Ratzinger zur\u00fcckverwandelt. Wir treten zur\u00fcck &#8211; das gilt dann zugleich f\u00fcr 80 Millionen Bundesb\u00fcrger, zumindest, wenn sie zuvor der Losung \u201eWir sind Papst\u201c aus der BL\u00d6D-Zeitung geglaubt haben.<br \/>\n<\/span><\/p>\n<hr \/>\n<p>Foto: pixabay.com \/ User: Wengen<\/p>\n","protected":false},"excerpt":{"rendered":"<p>&#8222;Am Aschermittwoch ist alles vorbei&#8220;, hei\u00dft es in einem bekannten Kirchenlied. Land auf und Land ab m\u00fcssen am 13.02.2013 Tausende Karnevalsprinzen und -prinzessinnen zur\u00fccktreten. 15 Tage mehr g\u00f6nnt uns ein anderer Kost\u00fcmierter, der sich dann vom Benedikt in einen Ratzinger zur\u00fcckverwandelt. <\/p>\n","protected":false},"author":3,"featured_media":3809,"comment_status":"closed","ping_status":"closed","sticky":false,"template":"","format":"standard","meta":{"colormag_page_container_layout":"default_layout","colormag_page_sidebar_layout":"default_layout","advanced_seo_description":"","jetpack_seo_html_title":"","jetpack_seo_noindex":false,"jetpack_post_was_ever_published":false,"footnotes":""},"categories":[15],"tags":[388,329],"class_list":["post-3083","post","type-post","status-publish","format-standard","has-post-thumbnail","hentry","category-religions-kirchenkritik","tag-katholische-kirche","tag-papst-benedikt-xvi"],"jetpack_featured_media_url":"https:\/\/i0.wp.com\/www.freidenker.org\/fw17\/wp-content\/uploads\/2013\/02\/pope-benedict-1036040_800x445.jpg?fit=800%2C445&ssl=1","jetpack_shortlink":"https:\/\/wp.me\/p9stpK-NJ","jetpack-related-posts":[{"id":680,"url":"https:\/\/www.freidenker.org\/?p=680","url_meta":{"origin":3083,"position":0},"title":"Hilfe, der \u201aPapst\u2019 kommt!","author":"Webmaster","date":"5. September 2011","format":false,"excerpt":"Der Deutsche Freidenker-Verband unterst\u00fctzt den Aufruf des breiten B\u00fcndnisses, das gegen die menschenfeindliche Geschlechter- und Sexualpolitik des Papstes protestiert: \u201eIm September 2011 besucht Papst Benedikt XVI. Deutschland. Dabei spricht er auch vor dem Deutschen Bundestag in Berlin. Dagegen protestieren wir. Der Papst steht f\u00fcr eine menschenfeindliche Geschlechter- und Sexualpolitik. Sie\u2026","rel":"","context":"In &quot;Religions- &amp; Kirchenkritik, S\u00e4kulare Szene&quot;","block_context":{"text":"Religions- &amp; Kirchenkritik, S\u00e4kulare Szene","link":"https:\/\/www.freidenker.org\/?cat=15"},"img":{"alt_text":"","src":"https:\/\/i0.wp.com\/www.freidenker.org\/fw17\/wp-content\/uploads\/2016\/08\/Papst_Benedict.jpg?fit=800%2C445&ssl=1&resize=350%2C200","width":350,"height":200,"srcset":"https:\/\/i0.wp.com\/www.freidenker.org\/fw17\/wp-content\/uploads\/2016\/08\/Papst_Benedict.jpg?fit=800%2C445&ssl=1&resize=350%2C200 1x, https:\/\/i0.wp.com\/www.freidenker.org\/fw17\/wp-content\/uploads\/2016\/08\/Papst_Benedict.jpg?fit=800%2C445&ssl=1&resize=525%2C300 1.5x, https:\/\/i0.wp.com\/www.freidenker.org\/fw17\/wp-content\/uploads\/2016\/08\/Papst_Benedict.jpg?fit=800%2C445&ssl=1&resize=700%2C400 2x"},"classes":[]},{"id":683,"url":"https:\/\/www.freidenker.org\/?p=683","url_meta":{"origin":3083,"position":1},"title":"Der deutsche Papst ist der bisher reaktion\u00e4rste in der Geschichte der Neuzeit","author":"Webmaster","date":"12. September 2011","format":false,"excerpt":"Beitrag von Gerhard Feldbauer aus FREIDENKER 2-11 Im September 2011 wird der deutsche Papst der Bundesrepublik einen offiziellen \u201aStaats\u2018besuch abstatten. Wes Geistes Kind ist dieser Benedikt alias Joseph Ratzinger? Beginnen wir mit einem aktuellen Aspekt. Die Wellen der Emp\u00f6rung \u00fcber den sogenannten Missbrauchsskandal der katholischen Kirche sind noch nicht verebbt.\u2026","rel":"","context":"In &quot;Religions- &amp; Kirchenkritik, S\u00e4kulare Szene&quot;","block_context":{"text":"Religions- &amp; Kirchenkritik, S\u00e4kulare Szene","link":"https:\/\/www.freidenker.org\/?cat=15"},"img":{"alt_text":"","src":"https:\/\/i0.wp.com\/www.freidenker.org\/fw17\/wp-content\/uploads\/2016\/08\/Papast_Benedikt_01.jpg?fit=800%2C445&ssl=1&resize=350%2C200","width":350,"height":200,"srcset":"https:\/\/i0.wp.com\/www.freidenker.org\/fw17\/wp-content\/uploads\/2016\/08\/Papast_Benedikt_01.jpg?fit=800%2C445&ssl=1&resize=350%2C200 1x, https:\/\/i0.wp.com\/www.freidenker.org\/fw17\/wp-content\/uploads\/2016\/08\/Papast_Benedikt_01.jpg?fit=800%2C445&ssl=1&resize=525%2C300 1.5x, https:\/\/i0.wp.com\/www.freidenker.org\/fw17\/wp-content\/uploads\/2016\/08\/Papast_Benedikt_01.jpg?fit=800%2C445&ssl=1&resize=700%2C400 2x"},"classes":[]},{"id":3248,"url":"https:\/\/www.freidenker.org\/?p=3248","url_meta":{"origin":3083,"position":2},"title":"Faschisten, Reaktion\u00e4re und der Vatikan","author":"Webredaktion","date":"17. M\u00e4rz 2009","format":false,"excerpt":"Beitrag aus FREIDENKER 1-09 Dass die katholische Kirche zu Jahresbeginn in aller Munde war, hat sie sich unter ihrem Oberhirten Ratzinger alias Papst Benedict XVI. redlich verdient. Das meiste Aufsehen erregte er damit, den Holocaustleugnern und Erzreaktion\u00e4ren der \u201eBruderschaft St. Pius X.\u201c (FSSPX) das Tor zur Kirche wieder zu \u00f6ffnen.\u2026","rel":"","context":"In &quot;Religions- &amp; Kirchenkritik, S\u00e4kulare Szene&quot;","block_context":{"text":"Religions- &amp; Kirchenkritik, S\u00e4kulare Szene","link":"https:\/\/www.freidenker.org\/?cat=15"},"img":{"alt_text":"","src":"https:\/\/i0.wp.com\/www.freidenker.org\/fw17\/wp-content\/uploads\/2009\/03\/Memmingen_St_Joseph_Marienaltar_800x445.jpg?fit=800%2C445&ssl=1&resize=350%2C200","width":350,"height":200,"srcset":"https:\/\/i0.wp.com\/www.freidenker.org\/fw17\/wp-content\/uploads\/2009\/03\/Memmingen_St_Joseph_Marienaltar_800x445.jpg?fit=800%2C445&ssl=1&resize=350%2C200 1x, https:\/\/i0.wp.com\/www.freidenker.org\/fw17\/wp-content\/uploads\/2009\/03\/Memmingen_St_Joseph_Marienaltar_800x445.jpg?fit=800%2C445&ssl=1&resize=525%2C300 1.5x, https:\/\/i0.wp.com\/www.freidenker.org\/fw17\/wp-content\/uploads\/2009\/03\/Memmingen_St_Joseph_Marienaltar_800x445.jpg?fit=800%2C445&ssl=1&resize=700%2C400 2x"},"classes":[]},{"id":677,"url":"https:\/\/www.freidenker.org\/?p=677","url_meta":{"origin":3083,"position":3},"title":"Joseph Kardinal Ratzinger alias Papst Benedikt XVI. und sein Verst\u00e4ndnis f\u00fcr p\u00e4dophile Priester","author":"Webmaster","date":"17. M\u00e4rz 2011","format":false,"excerpt":"Aus FREIDENKER 1-11 Zur Jahreswende kolportierten die Medien diverse p\u00e4pstliche Predigten, in denen er die weltweite Gewalt gegen Christen beklagte. Die Minderj\u00e4hrigen und in kirchlichen Institutionen Erzogenen hat er nicht gesondert erw\u00e4hnt und wohl auch nicht gemeint. Nach einem Jahr der Enth\u00fcllungen \u00fcber priesterliche Sexskandale bleibt vielen verschwommen in Erinnerung,\u2026","rel":"","context":"In &quot;Religions- &amp; Kirchenkritik, S\u00e4kulare Szene&quot;","block_context":{"text":"Religions- &amp; Kirchenkritik, S\u00e4kulare Szene","link":"https:\/\/www.freidenker.org\/?cat=15"},"img":{"alt_text":"","src":"https:\/\/i0.wp.com\/www.freidenker.org\/fw17\/wp-content\/uploads\/2016\/08\/Papstbesuch.jpg?fit=800%2C445&ssl=1&resize=350%2C200","width":350,"height":200,"srcset":"https:\/\/i0.wp.com\/www.freidenker.org\/fw17\/wp-content\/uploads\/2016\/08\/Papstbesuch.jpg?fit=800%2C445&ssl=1&resize=350%2C200 1x, https:\/\/i0.wp.com\/www.freidenker.org\/fw17\/wp-content\/uploads\/2016\/08\/Papstbesuch.jpg?fit=800%2C445&ssl=1&resize=525%2C300 1.5x, https:\/\/i0.wp.com\/www.freidenker.org\/fw17\/wp-content\/uploads\/2016\/08\/Papstbesuch.jpg?fit=800%2C445&ssl=1&resize=700%2C400 2x"},"classes":[]},{"id":2943,"url":"https:\/\/www.freidenker.org\/?p=2943","url_meta":{"origin":3083,"position":4},"title":"Es bleibt bei der Inquisition","author":"Webredaktion","date":"17. September 2013","format":false,"excerpt":"Beitrag von Gerhard Feldbauer aus: FREIDENKER 3-13 W\u00e4hrend des Besuchs des Papstes in Brasilien bewegte Katholiken, die auf Reformen hoffen, wie sich Franziskus zu der Befreiungstheologie verhalten werde, die wie in ganz Lateinamerika auch in dem besuchten Land stark vertreten ist. Diese Theologie breitete sich auf dem Kontinent, wo knapp\u2026","rel":"","context":"In &quot;Religions- &amp; Kirchenkritik, S\u00e4kulare Szene&quot;","block_context":{"text":"Religions- &amp; Kirchenkritik, S\u00e4kulare Szene","link":"https:\/\/www.freidenker.org\/?cat=15"},"img":{"alt_text":"","src":"https:\/\/i0.wp.com\/www.freidenker.org\/fw17\/wp-content\/uploads\/2017\/12\/pope_francis_741640_800x445.jpg?fit=800%2C445&ssl=1&resize=350%2C200","width":350,"height":200,"srcset":"https:\/\/i0.wp.com\/www.freidenker.org\/fw17\/wp-content\/uploads\/2017\/12\/pope_francis_741640_800x445.jpg?fit=800%2C445&ssl=1&resize=350%2C200 1x, https:\/\/i0.wp.com\/www.freidenker.org\/fw17\/wp-content\/uploads\/2017\/12\/pope_francis_741640_800x445.jpg?fit=800%2C445&ssl=1&resize=525%2C300 1.5x, https:\/\/i0.wp.com\/www.freidenker.org\/fw17\/wp-content\/uploads\/2017\/12\/pope_francis_741640_800x445.jpg?fit=800%2C445&ssl=1&resize=700%2C400 2x"},"classes":[]},{"id":686,"url":"https:\/\/www.freidenker.org\/?p=686","url_meta":{"origin":3083,"position":5},"title":"Interview in &#8222;junge Welt&#8220; mit Klaus Hartmann zum Papstbesuch","author":"Webmaster","date":"23. September 2011","format":false,"excerpt":"F: Am gestrigen Donnerstag ist Papst Benedikt XVI. in Berlin gelandet. Ein erhebendes Erlebnis auch f\u00fcr Freidenker? A: Gott bewahre. Immerhin schleckte er nicht die Landebahn ab wie sein Vorg\u00e4nger. Ansonsten ist er uns ein teurer Gast, zumindest verglichen mit den j\u00e4hrlich 20 Millionen Berlin-Touristen, die in der Regel Selbstzahler\u2026","rel":"","context":"In &quot;Religions- &amp; Kirchenkritik, S\u00e4kulare Szene&quot;","block_context":{"text":"Religions- &amp; Kirchenkritik, S\u00e4kulare Szene","link":"https:\/\/www.freidenker.org\/?cat=15"},"img":{"alt_text":"","src":"https:\/\/i0.wp.com\/www.freidenker.org\/fw17\/wp-content\/uploads\/2016\/08\/Klaus_Hartmann_01.jpg?fit=800%2C445&ssl=1&resize=350%2C200","width":350,"height":200,"srcset":"https:\/\/i0.wp.com\/www.freidenker.org\/fw17\/wp-content\/uploads\/2016\/08\/Klaus_Hartmann_01.jpg?fit=800%2C445&ssl=1&resize=350%2C200 1x, https:\/\/i0.wp.com\/www.freidenker.org\/fw17\/wp-content\/uploads\/2016\/08\/Klaus_Hartmann_01.jpg?fit=800%2C445&ssl=1&resize=525%2C300 1.5x, https:\/\/i0.wp.com\/www.freidenker.org\/fw17\/wp-content\/uploads\/2016\/08\/Klaus_Hartmann_01.jpg?fit=800%2C445&ssl=1&resize=700%2C400 2x"},"classes":[]}],"_links":{"self":[{"href":"https:\/\/www.freidenker.org\/index.php?rest_route=\/wp\/v2\/posts\/3083","targetHints":{"allow":["GET"]}}],"collection":[{"href":"https:\/\/www.freidenker.org\/index.php?rest_route=\/wp\/v2\/posts"}],"about":[{"href":"https:\/\/www.freidenker.org\/index.php?rest_route=\/wp\/v2\/types\/post"}],"author":[{"embeddable":true,"href":"https:\/\/www.freidenker.org\/index.php?rest_route=\/wp\/v2\/users\/3"}],"replies":[{"embeddable":true,"href":"https:\/\/www.freidenker.org\/index.php?rest_route=%2Fwp%2Fv2%2Fcomments&post=3083"}],"version-history":[{"count":0,"href":"https:\/\/www.freidenker.org\/index.php?rest_route=\/wp\/v2\/posts\/3083\/revisions"}],"wp:featuredmedia":[{"embeddable":true,"href":"https:\/\/www.freidenker.org\/index.php?rest_route=\/wp\/v2\/media\/3809"}],"wp:attachment":[{"href":"https:\/\/www.freidenker.org\/index.php?rest_route=%2Fwp%2Fv2%2Fmedia&parent=3083"}],"wp:term":[{"taxonomy":"category","embeddable":true,"href":"https:\/\/www.freidenker.org\/index.php?rest_route=%2Fwp%2Fv2%2Fcategories&post=3083"},{"taxonomy":"post_tag","embeddable":true,"href":"https:\/\/www.freidenker.org\/index.php?rest_route=%2Fwp%2Fv2%2Ftags&post=3083"}],"curies":[{"name":"wp","href":"https:\/\/api.w.org\/{rel}","templated":true}]}}