{"id":3076,"date":"2013-03-07T04:29:16","date_gmt":"2013-03-07T03:29:16","guid":{"rendered":"http:\/\/www.freidenker.org\/?p=3076"},"modified":"2018-02-14T21:43:15","modified_gmt":"2018-02-14T20:43:15","slug":"trauer-um-hugo-chavez-frias","status":"publish","type":"post","link":"https:\/\/www.freidenker.org\/?p=3076","title":{"rendered":"Trauer um Hugo Ch\u00e1vez Fr\u00edas"},"content":{"rendered":"<div style=\"border: 3pt solid; padding: 20pt;\">\n<p style=\"text-align: center; padding: 0cm;\" align=\"center\">Der Deutsche Freidenker-Verband trauert um den Pr\u00e4sidenten der Bolivarischen Republik Venezuela<\/p>\n<p style=\"margin-top: 12pt; text-align: center; padding: 0cm;\" align=\"center\"><strong><span style=\"font-size: 22pt;\">Hugo Ch\u00e1vez Fr\u00edas<\/span><\/strong><\/p>\n<p style=\"margin: 6pt 0cm 12pt; text-align: center; padding: 0cm;\" align=\"center\"><span style=\"font-size: 12pt;\">28. Juli 1954 \u2013 5. M\u00e4rz 2013<\/span><\/p>\n<p style=\"padding: 0cm;\">Unser Mitgef\u00fchl gilt seiner Familie und seinen Genossinnen und Genossen.<\/p>\n<p style=\"padding: 0cm;\">Das venezolanische Volk, die V\u00f6lker Lateinamerikas und alle friedliebenden Menschen verlieren mit Hugo Ch\u00e1vez Fr\u00edas einen konsequenten und unbeugsamen K\u00e4mpfer gegen den Imperialismus und den Neokolonialismus der \u201aNeuen Weltordnung\u2018, f\u00fcr Selbstbestimmung, nationale W\u00fcrde und Unabh\u00e4ngigkeit, f\u00fcr V\u00f6lkerfreundschaft und Internationale Solidarit\u00e4t, f\u00fcr Gerechtigkeit, Freiheit und Sozialismus.<\/p>\n<p style=\"padding: 0cm;\">Seine Pers\u00f6nlichkeit und seine Lebensleistung sind und bleiben Ansporn und Verpflichtung, den Kampf f\u00fcr die Verwirklichung seiner Ideale fortzusetzen.<\/p>\n<p style=\"text-align: center; padding: 0cm;\" align=\"center\">Deutscher Freidenker-Verband<br \/>\nKlaus Hartmann<br \/>\nBundesvorsitzender<\/p>\n<\/div>\n<p>&nbsp;<\/p>\n<hr \/>\n<p>Foto oben: Hugo Ch\u00e1vez in Porto Alegre, Brasilien, 26. Januar 2003.<br \/>\nQuelle: CC BY 3.0 br, https:\/\/commons.wikimedia.org\/w\/index.php?curid=255107<\/p>\n","protected":false},"excerpt":{"rendered":"<p>Der Deutsche Freidenker-Verband trauert um den Pr\u00e4sidenten der Bolivarischen Republik Venezuela Hugo Ch\u00e1vez Fr\u00edas (28. Juli 1954 \u2013 5. M\u00e4rz 2013). Unser Mitgef\u00fchl gilt seiner Familie und seinen Genossinnen und Genossen. Das venezolanische Volk, die V\u00f6lker Lateinamerikas und alle friedliebenden Menschen verlieren mit Hugo Ch\u00e1vez Fr\u00edas einen konsequenten und unbeugsamen K\u00e4mpfer gegen den Imperialismus und den Neokolonialismus der \u201aNeuen Weltordnung\u2018, f\u00fcr Selbstbestimmung, nationale W\u00fcrde und Unabh\u00e4ngigkeit, f\u00fcr V\u00f6lkerfreundschaft und Internationale Solidarit\u00e4t, f\u00fcr Gerechtigkeit, Freiheit und Sozialismus.<\/p>\n","protected":false},"author":3,"featured_media":3803,"comment_status":"closed","ping_status":"closed","sticky":false,"template":"","format":"standard","meta":{"colormag_page_container_layout":"default_layout","colormag_page_sidebar_layout":"default_layout","advanced_seo_description":"","jetpack_seo_html_title":"","jetpack_seo_noindex":false,"jetpack_post_was_ever_published":false,"footnotes":""},"categories":[17],"tags":[734,700,396],"class_list":["post-3076","post","type-post","status-publish","format-standard","has-post-thumbnail","hentry","category-weltliche-trauerkultur","tag-hugo-chavez","tag-nachruf","tag-venezuela"],"jetpack_featured_media_url":"https:\/\/i0.wp.com\/www.freidenker.org\/fw17\/wp-content\/uploads\/2013\/03\/HugoChavez1824_800x445_v2.jpg?fit=800%2C445&ssl=1","jetpack_shortlink":"https:\/\/wp.me\/p9stpK-NC","jetpack-related-posts":[{"id":5891,"url":"https:\/\/www.freidenker.org\/?p=5891","url_meta":{"origin":3076,"position":0},"title":"Kundgebung: Weltweite Solidarit\u00e4t mit Nicol\u00e1s Maduro","author":"Webredaktion","date":"21. Februar 2019","format":false,"excerpt":"Weltweite Solidarit\u00e4t mit dem einzig legitim gew\u00e4hlten Pr\u00e4sident der Bolivarischen Republik Venezuela, Nicolas Maduro! - Kundgebung am Samstag, 23.02.2019, von 16:30 - 19:00 Uhr in Frankfurt am Main Venezuelas Pr\u00e4sident Nicol\u00e1s Maduro ist am Donnerstag, 10.01.2019, vor dem Obersten Gerichtshof in Caracas f\u00fcr eine neue Amtszeit vereidigt worden. Auf \u00bbBol\u00edvar,\u2026","rel":"","context":"In &quot;Frieden - Antifaschismus - Solidarit\u00e4t&quot;","block_context":{"text":"Frieden - Antifaschismus - Solidarit\u00e4t","link":"https:\/\/www.freidenker.org\/?cat=13"},"img":{"alt_text":"","src":"https:\/\/i0.wp.com\/www.freidenker.org\/fw17\/wp-content\/uploads\/2019\/02\/maduro_mitLogo_800x445.jpg?fit=800%2C445&ssl=1&resize=350%2C200","width":350,"height":200,"srcset":"https:\/\/i0.wp.com\/www.freidenker.org\/fw17\/wp-content\/uploads\/2019\/02\/maduro_mitLogo_800x445.jpg?fit=800%2C445&ssl=1&resize=350%2C200 1x, https:\/\/i0.wp.com\/www.freidenker.org\/fw17\/wp-content\/uploads\/2019\/02\/maduro_mitLogo_800x445.jpg?fit=800%2C445&ssl=1&resize=525%2C300 1.5x, https:\/\/i0.wp.com\/www.freidenker.org\/fw17\/wp-content\/uploads\/2019\/02\/maduro_mitLogo_800x445.jpg?fit=800%2C445&ssl=1&resize=700%2C400 2x"},"classes":[]},{"id":24124,"url":"https:\/\/www.freidenker.org\/?p=24124","url_meta":{"origin":3076,"position":1},"title":"Alles wie gehabt: USA mit M\u00f6rder-Pr\u00e4sident an der Spitze","author":"Webredaktion","date":"3. Januar 2026","format":false,"excerpt":"Erkl\u00e4rung des Deutschen Freidenker-Verbandes, Kommuniqu\u00e9 der Regierung Venezuelas zur US-Aggression und Erkl\u00e4rung der Antiimperialistischen Koordination (AIK) Der Deutsche Freidenker-Verband verurteilt den v\u00f6lkerrechtswidrigen Angriffskrieg der USA gegen das souver\u00e4ne und freiheitsliebende Venezuela. Das Kidnapping des gew\u00e4hlten Pr\u00e4sidenten der Bolivarischen Republik Nicol\u00e1s Maduro ist ein krimineller Piratenakt. Der Einsatz brutaler milit\u00e4rischer Gewalt\u2026","rel":"","context":"In &quot;Frieden - Antifaschismus - Solidarit\u00e4t&quot;","block_context":{"text":"Frieden - Antifaschismus - Solidarit\u00e4t","link":"https:\/\/www.freidenker.org\/?cat=13"},"img":{"alt_text":"","src":"https:\/\/i0.wp.com\/www.freidenker.org\/fw17\/wp-content\/uploads\/2026\/01\/angriff_auf_venezuela_02_800x450.jpg?fit=800%2C450&ssl=1&resize=350%2C200","width":350,"height":200,"srcset":"https:\/\/i0.wp.com\/www.freidenker.org\/fw17\/wp-content\/uploads\/2026\/01\/angriff_auf_venezuela_02_800x450.jpg?fit=800%2C450&ssl=1&resize=350%2C200 1x, https:\/\/i0.wp.com\/www.freidenker.org\/fw17\/wp-content\/uploads\/2026\/01\/angriff_auf_venezuela_02_800x450.jpg?fit=800%2C450&ssl=1&resize=525%2C300 1.5x, https:\/\/i0.wp.com\/www.freidenker.org\/fw17\/wp-content\/uploads\/2026\/01\/angriff_auf_venezuela_02_800x450.jpg?fit=800%2C450&ssl=1&resize=700%2C400 2x"},"classes":[]},{"id":21069,"url":"https:\/\/www.freidenker.org\/?p=21069","url_meta":{"origin":3076,"position":2},"title":"Veranstaltung: Venezuela als Vorbild f\u00fcr Souver\u00e4nit\u00e4t in imperialen Kontexten","author":"Webredaktion","date":"3. M\u00e4rz 2025","format":false,"excerpt":"Einladung des Landesvorstandes der Berliner Freidenker Angesichts der gegenw\u00e4rtigen nordamerikanischen Anwandlungen hinsichtlich einer Annexion Kanadas und Gr\u00f6nlands denkt man an Schillers Wilhelm Tell: \"Der Fr\u00f6mmste kann nicht in Frieden leben, wenn es dem b\u00f6sen Nachbarn nicht gef\u00e4llt.\" ... Umso mehr freut sich jeder Demokrat, dass das souver\u00e4ne, sozialistisch ausgerichtete ALBA-B\u00fcndnis,\u2026","rel":"","context":"In &quot;Veranstaltungen in den DFV-Landesverb\u00e4nden&quot;","block_context":{"text":"Veranstaltungen in den DFV-Landesverb\u00e4nden","link":"https:\/\/www.freidenker.org\/?cat=19"},"img":{"alt_text":"","src":"https:\/\/i0.wp.com\/www.freidenker.org\/fw17\/wp-content\/uploads\/2025\/03\/GeFis-800x450-1.jpg?fit=800%2C450&ssl=1&resize=350%2C200","width":350,"height":200,"srcset":"https:\/\/i0.wp.com\/www.freidenker.org\/fw17\/wp-content\/uploads\/2025\/03\/GeFis-800x450-1.jpg?fit=800%2C450&ssl=1&resize=350%2C200 1x, https:\/\/i0.wp.com\/www.freidenker.org\/fw17\/wp-content\/uploads\/2025\/03\/GeFis-800x450-1.jpg?fit=800%2C450&ssl=1&resize=525%2C300 1.5x, https:\/\/i0.wp.com\/www.freidenker.org\/fw17\/wp-content\/uploads\/2025\/03\/GeFis-800x450-1.jpg?fit=800%2C450&ssl=1&resize=700%2C400 2x"},"classes":[]},{"id":18601,"url":"https:\/\/www.freidenker.org\/?p=18601","url_meta":{"origin":3076,"position":3},"title":"Kondolenzschreiben des Deutschen Freidenker-Verbandes","author":"Webredaktion","date":"26. M\u00e4rz 2024","format":false,"excerpt":"Sehr geehrte Damen und Herren, der Deutsche Freidenker-Verband trauert mit Ihnen um die Opfer der barbarischen Terroranschl\u00e4ge und dr\u00fcckt im Namen seiner Mitglieder tiefempfundenes Mitgef\u00fchl aus. Der \"kollektive Westen\" scheint bei in seinem Krieg gegen Russland sogar vor der massenhaften Ermordung friedlicher Menschen nicht zur\u00fcckzuschrecken. Dies zeigt den v\u00f6lligen Verlust\u2026","rel":"","context":"In &quot;Frieden - Antifaschismus - Solidarit\u00e4t&quot;","block_context":{"text":"Frieden - Antifaschismus - Solidarit\u00e4t","link":"https:\/\/www.freidenker.org\/?cat=13"},"img":{"alt_text":"","src":"https:\/\/i0.wp.com\/www.freidenker.org\/fw17\/wp-content\/uploads\/2024\/03\/Trauer_Videowand_Moskau_800x450.jpg?fit=800%2C450&ssl=1&resize=350%2C200","width":350,"height":200,"srcset":"https:\/\/i0.wp.com\/www.freidenker.org\/fw17\/wp-content\/uploads\/2024\/03\/Trauer_Videowand_Moskau_800x450.jpg?fit=800%2C450&ssl=1&resize=350%2C200 1x, https:\/\/i0.wp.com\/www.freidenker.org\/fw17\/wp-content\/uploads\/2024\/03\/Trauer_Videowand_Moskau_800x450.jpg?fit=800%2C450&ssl=1&resize=525%2C300 1.5x, https:\/\/i0.wp.com\/www.freidenker.org\/fw17\/wp-content\/uploads\/2024\/03\/Trauer_Videowand_Moskau_800x450.jpg?fit=800%2C450&ssl=1&resize=700%2C400 2x"},"classes":[]},{"id":3172,"url":"https:\/\/www.freidenker.org\/?p=3172","url_meta":{"origin":3076,"position":4},"title":"Kondolenzschreiben an die Botschaft Venezuelas","author":"Webredaktion","date":"22. November 2010","format":false,"excerpt":"Sehr geehrte Damen und Herren, liebe Genossinnen und Genossen, die Nachricht vom Tod Ihrer Exzellenz Frau Dr. Blancanieve Portocarrero de Guzm\u00e1n, Botschafterin der Bolivarischen Republik Venezuela in der Bundesrepublik Deutschland, hat uns tief getroffen. Wir hatten in den vergangenen Jahren das Gl\u00fcck und die Freude, Genossin Blancanieve als K\u00e4mpferin f\u00fcr\u2026","rel":"","context":"In &quot;Weltliche Trauerkultur&quot;","block_context":{"text":"Weltliche Trauerkultur","link":"https:\/\/www.freidenker.org\/?cat=17"},"img":{"alt_text":"","src":"https:\/\/i0.wp.com\/www.freidenker.org\/fw17\/wp-content\/uploads\/2010\/11\/sunset-539510_800x445.jpg?fit=800%2C445&ssl=1&resize=350%2C200","width":350,"height":200,"srcset":"https:\/\/i0.wp.com\/www.freidenker.org\/fw17\/wp-content\/uploads\/2010\/11\/sunset-539510_800x445.jpg?fit=800%2C445&ssl=1&resize=350%2C200 1x, https:\/\/i0.wp.com\/www.freidenker.org\/fw17\/wp-content\/uploads\/2010\/11\/sunset-539510_800x445.jpg?fit=800%2C445&ssl=1&resize=525%2C300 1.5x, https:\/\/i0.wp.com\/www.freidenker.org\/fw17\/wp-content\/uploads\/2010\/11\/sunset-539510_800x445.jpg?fit=800%2C445&ssl=1&resize=700%2C400 2x"},"classes":[]},{"id":3289,"url":"https:\/\/www.freidenker.org\/?p=3289","url_meta":{"origin":3076,"position":5},"title":"Bank des S\u00fcdens \u2013 Alternative zu Weltbank und IWF","author":"Webredaktion","date":"17. Dezember 2007","format":false,"excerpt":"Beitrag von Andr\u00e9 Scheer aus: FREIDENKER 4-07 Wem geh\u00f6rt die Welt? Sicherlich nicht internationalen Finanzinstitutionen wie Internationalem W\u00e4hrungsfonds und Weltbank. Aber diese geh\u00f6ren zu den wichtigsten und bekanntesten Machtinstrumenten des internationalen Finanzsystems \u2013 auch globalisierter Kapitalismus genannt \u2013 , deren offizielle Aufgabe es ist, f\u00fcr Wirtschaftsstabilit\u00e4t und Entwicklung zu sorgen,\u2026","rel":"","context":"In &quot;Arbeit &amp; Soziales&quot;","block_context":{"text":"Arbeit &amp; Soziales","link":"https:\/\/www.freidenker.org\/?cat=11"},"img":{"alt_text":"","src":"https:\/\/i0.wp.com\/www.freidenker.org\/fw17\/wp-content\/uploads\/2007\/12\/Banco_del_Sur_800x445.jpg?fit=800%2C445&ssl=1&resize=350%2C200","width":350,"height":200,"srcset":"https:\/\/i0.wp.com\/www.freidenker.org\/fw17\/wp-content\/uploads\/2007\/12\/Banco_del_Sur_800x445.jpg?fit=800%2C445&ssl=1&resize=350%2C200 1x, https:\/\/i0.wp.com\/www.freidenker.org\/fw17\/wp-content\/uploads\/2007\/12\/Banco_del_Sur_800x445.jpg?fit=800%2C445&ssl=1&resize=525%2C300 1.5x, https:\/\/i0.wp.com\/www.freidenker.org\/fw17\/wp-content\/uploads\/2007\/12\/Banco_del_Sur_800x445.jpg?fit=800%2C445&ssl=1&resize=700%2C400 2x"},"classes":[]}],"_links":{"self":[{"href":"https:\/\/www.freidenker.org\/index.php?rest_route=\/wp\/v2\/posts\/3076","targetHints":{"allow":["GET"]}}],"collection":[{"href":"https:\/\/www.freidenker.org\/index.php?rest_route=\/wp\/v2\/posts"}],"about":[{"href":"https:\/\/www.freidenker.org\/index.php?rest_route=\/wp\/v2\/types\/post"}],"author":[{"embeddable":true,"href":"https:\/\/www.freidenker.org\/index.php?rest_route=\/wp\/v2\/users\/3"}],"replies":[{"embeddable":true,"href":"https:\/\/www.freidenker.org\/index.php?rest_route=%2Fwp%2Fv2%2Fcomments&post=3076"}],"version-history":[{"count":0,"href":"https:\/\/www.freidenker.org\/index.php?rest_route=\/wp\/v2\/posts\/3076\/revisions"}],"wp:featuredmedia":[{"embeddable":true,"href":"https:\/\/www.freidenker.org\/index.php?rest_route=\/wp\/v2\/media\/3803"}],"wp:attachment":[{"href":"https:\/\/www.freidenker.org\/index.php?rest_route=%2Fwp%2Fv2%2Fmedia&parent=3076"}],"wp:term":[{"taxonomy":"category","embeddable":true,"href":"https:\/\/www.freidenker.org\/index.php?rest_route=%2Fwp%2Fv2%2Fcategories&post=3076"},{"taxonomy":"post_tag","embeddable":true,"href":"https:\/\/www.freidenker.org\/index.php?rest_route=%2Fwp%2Fv2%2Ftags&post=3076"}],"curies":[{"name":"wp","href":"https:\/\/api.w.org\/{rel}","templated":true}]}}