{"id":3073,"date":"2017-04-02T04:21:04","date_gmt":"2017-04-02T02:21:04","guid":{"rendered":"http:\/\/www.freidenker.org\/?p=3073"},"modified":"2025-11-12T11:07:50","modified_gmt":"2025-11-12T10:07:50","slug":"linker-liedersommer-auf-burg-waldeck-hunsrueck-2017","status":"publish","type":"post","link":"https:\/\/www.freidenker.org\/?p=3073","title":{"rendered":"Linker Liedersommer auf Burg Waldeck \/ Hunsr\u00fcck &#8211; 2017"},"content":{"rendered":"<p><img data-recalc-dims=\"1\" loading=\"lazy\" decoding=\"async\" data-attachment-id=\"3074\" data-permalink=\"https:\/\/www.freidenker.org\/?attachment_id=3074\" data-orig-file=\"https:\/\/i0.wp.com\/www.freidenker.org\/fw17\/wp-content\/uploads\/2017\/12\/llso2017_300x590.png?fit=300%2C587&amp;ssl=1\" data-orig-size=\"300,587\" data-comments-opened=\"0\" data-image-meta=\"{&quot;aperture&quot;:&quot;0&quot;,&quot;credit&quot;:&quot;&quot;,&quot;camera&quot;:&quot;&quot;,&quot;caption&quot;:&quot;&quot;,&quot;created_timestamp&quot;:&quot;0&quot;,&quot;copyright&quot;:&quot;&quot;,&quot;focal_length&quot;:&quot;0&quot;,&quot;iso&quot;:&quot;0&quot;,&quot;shutter_speed&quot;:&quot;0&quot;,&quot;title&quot;:&quot;&quot;,&quot;orientation&quot;:&quot;0&quot;}\" data-image-title=\"llso2017_300x590\" data-image-description=\"\" data-image-caption=\"\" data-large-file=\"https:\/\/i0.wp.com\/www.freidenker.org\/fw17\/wp-content\/uploads\/2017\/12\/llso2017_300x590.png?fit=300%2C587&amp;ssl=1\" class=\"alignnone wp-image-3074 size-full\" src=\"https:\/\/i0.wp.com\/www.freidenker.org\/fw17\/wp-content\/uploads\/2017\/12\/llso2017_300x590.png?resize=300%2C587&#038;ssl=1\" alt=\"\" width=\"300\" height=\"587\" srcset=\"https:\/\/i0.wp.com\/www.freidenker.org\/fw17\/wp-content\/uploads\/2017\/12\/llso2017_300x590.png?w=300&amp;ssl=1 300w, https:\/\/i0.wp.com\/www.freidenker.org\/fw17\/wp-content\/uploads\/2017\/12\/llso2017_300x590.png?resize=153%2C300&amp;ssl=1 153w\" sizes=\"auto, (max-width: 300px) 100vw, 300px\" \/><\/p>\n<p><strong>Linker Liedersommer auf Burg Waldeck vom 23. bis 25. Juni 2017 <\/strong>&#8211; Die Veranstaltungswebseite und ein R\u00fcckblick ist auf <a href=\"http:\/\/www.linker-liedersommer.de\" target=\"_blank\" rel=\"noopener\"><strong>http:\/\/www.linker-liedersommer.de<\/strong><\/a> f\u00fcr Euch erreichbar. Organisiert Euch Eure <strong><a href=\"http:\/\/www.linker-liedersommer.de\" target=\"_blank\" rel=\"noopener\">Mitfahrgelegenheit<\/a><\/strong>.<\/p>\n<hr \/>\n<p>Foto: \u00a9 by arbeiterfotografie.com (Liedersommer 2015: Daniel von Musikandes, Saarbr\u00fccken)<\/p>\n","protected":false},"excerpt":{"rendered":"<p><strong>Veranstaltungshinweis<\/strong><br \/>\nSiebtes Kulturseminar auf Burg Waldeck\/Hunsr\u00fcck. 23.-25. Juni 2017. Linker Liedersommer &#8211; F\u00fcr eine solidarische Welt &#8211; Gegen Ausbeutung und Krieg<br \/>\nVeranstalter:<br \/>\n&#8211; Deutscher Freidenker-Verband, Landesverb\u00e4nde Rheinland-Pfalz\/Saar &#038; Hessen, Niedersachsen, Nordrhein-Westfalen, Baden W\u00fcrtemberg<br \/>\n&#8211; Arbeiterfotografie<br \/>\n&#8211; Jenny-Marx-Gesellschaft<\/p>\n","protected":false},"author":3,"featured_media":3703,"comment_status":"closed","ping_status":"closed","sticky":false,"template":"","format":"standard","meta":{"colormag_page_container_layout":"default_layout","colormag_page_sidebar_layout":"default_layout","advanced_seo_description":"","jetpack_seo_html_title":"","jetpack_seo_noindex":false,"jetpack_post_was_ever_published":false,"footnotes":""},"categories":[913,20],"tags":[670,668,1742,669],"class_list":["post-3073","post","type-post","status-publish","format-standard","has-post-thumbnail","hentry","category-kultur-kunst","category-zentrale-veranstaltungen","tag-burg-waldeck","tag-kultur","tag-liedersommer","tag-linker-liedersommer"],"jetpack_featured_media_url":"https:\/\/i0.wp.com\/www.freidenker.org\/fw17\/wp-content\/uploads\/2017\/04\/Liedersommer2015_06-2015-06-20-af-0037.jpg?fit=800%2C445&ssl=1","jetpack_shortlink":"https:\/\/wp.me\/p9stpK-Nz","jetpack-related-posts":[{"id":3079,"url":"https:\/\/www.freidenker.org\/?p=3079","url_meta":{"origin":3073,"position":0},"title":"21. bis 23.6. 2013 &#8211; Linker Liedersommer auf Burg Waldeck \/ Hunsr\u00fcck","author":"Webredaktion","date":"1. M\u00e4rz 2013","format":false,"excerpt":"Die Landesverb\u00e4nde Hessen und Rheinland-Pfalz \/ Saarland des Deutschen Freidenker-Verbandes e.V. laden vom 21. bis 23.6.2013 zum Linken Liedersommer f\u00fcr eine solidarische Welt gegen Ausbeutung und Krieg - F\u00fcnftes Kulturseminar auf Burg Waldeck \/ Hunsr\u00fcck ein. Mitwirkende: Gina Pietsch, Bernd Barbe, Jonas Engelmann, Stephan Hoffmann, Dr. Seltsam, Uli Holzhausen &\u2026","rel":"","context":"In &quot;Kultur &amp; Kunst&quot;","block_context":{"text":"Kultur &amp; Kunst","link":"https:\/\/www.freidenker.org\/?cat=913"},"img":{"alt_text":"","src":"https:\/\/i0.wp.com\/www.freidenker.org\/fw17\/wp-content\/uploads\/2013\/03\/p1140454_kai_degenhardt_800x445.jpg?fit=800%2C445&ssl=1&resize=350%2C200","width":350,"height":200,"srcset":"https:\/\/i0.wp.com\/www.freidenker.org\/fw17\/wp-content\/uploads\/2013\/03\/p1140454_kai_degenhardt_800x445.jpg?fit=800%2C445&ssl=1&resize=350%2C200 1x, https:\/\/i0.wp.com\/www.freidenker.org\/fw17\/wp-content\/uploads\/2013\/03\/p1140454_kai_degenhardt_800x445.jpg?fit=800%2C445&ssl=1&resize=525%2C300 1.5x, https:\/\/i0.wp.com\/www.freidenker.org\/fw17\/wp-content\/uploads\/2013\/03\/p1140454_kai_degenhardt_800x445.jpg?fit=800%2C445&ssl=1&resize=700%2C400 2x"},"classes":[]},{"id":4497,"url":"https:\/\/www.freidenker.org\/?p=4497","url_meta":{"origin":3073,"position":1},"title":"Linker Liedersommer 2017: Der &#8222;Waldeck-Rap&#8220;","author":"Webredaktion","date":"30. Juni 2017","format":false,"excerpt":"Kurzbericht vom 7. Kulturseminar vom 23. bis zum 25. Juni 2017 auf der \u201eLiedermacher\u201c-Burg Waldeck Neben dem traditionellen Singen am Lagerfeuer wurde in acht Workshops und einer Podiumsdikussion \u00fcber das Arbeiterlied gestern und heute, Lieder der Revolution, aktuelle Lieder bei Streiks und Friedensdemos diskutiert ,,, Dort wurden auch Lieder einstudiert\u2026","rel":"","context":"In &quot;Kultur &amp; Kunst&quot;","block_context":{"text":"Kultur &amp; Kunst","link":"https:\/\/www.freidenker.org\/?cat=913"},"img":{"alt_text":"","src":"https:\/\/i0.wp.com\/www.freidenker.org\/fw17\/wp-content\/uploads\/2018\/02\/Liedersommer_05-2015-06-20-1-0353.jpg?fit=800%2C445&ssl=1&resize=350%2C200","width":350,"height":200,"srcset":"https:\/\/i0.wp.com\/www.freidenker.org\/fw17\/wp-content\/uploads\/2018\/02\/Liedersommer_05-2015-06-20-1-0353.jpg?fit=800%2C445&ssl=1&resize=350%2C200 1x, https:\/\/i0.wp.com\/www.freidenker.org\/fw17\/wp-content\/uploads\/2018\/02\/Liedersommer_05-2015-06-20-1-0353.jpg?fit=800%2C445&ssl=1&resize=525%2C300 1.5x, https:\/\/i0.wp.com\/www.freidenker.org\/fw17\/wp-content\/uploads\/2018\/02\/Liedersommer_05-2015-06-20-1-0353.jpg?fit=800%2C445&ssl=1&resize=700%2C400 2x"},"classes":[]},{"id":5381,"url":"https:\/\/www.freidenker.org\/?p=5381","url_meta":{"origin":3073,"position":2},"title":"Linker Liedersommer 2019","author":"Webredaktion","date":"2. September 2018","format":false,"excerpt":"Veranstaltung: Achtes Kulturseminar \/ Linker Liedersommer vom 21.-23. Juni 2019. Auch nach dem Umzug vom Hunsr\u00fcck in die Pfalz kn\u00fcpfen wir mit dem Linken Liedersommer an die Liedermacher-Tradition der APO-Zeiten auf Burg Waldeck an. Wir laden ein zu Musik und gemeinsamem Singen am abendlichen Lagerfeuer, zur Debatte \u00fcber Kunst und\u2026","rel":"","context":"In &quot;Kultur &amp; Kunst&quot;","block_context":{"text":"Kultur &amp; Kunst","link":"https:\/\/www.freidenker.org\/?cat=913"},"img":{"alt_text":"","src":"https:\/\/i0.wp.com\/www.freidenker.org\/fw17\/wp-content\/uploads\/2018\/09\/Linker_Liedersommer_2019_800x445.jpg?fit=800%2C445&ssl=1&resize=350%2C200","width":350,"height":200,"srcset":"https:\/\/i0.wp.com\/www.freidenker.org\/fw17\/wp-content\/uploads\/2018\/09\/Linker_Liedersommer_2019_800x445.jpg?fit=800%2C445&ssl=1&resize=350%2C200 1x, https:\/\/i0.wp.com\/www.freidenker.org\/fw17\/wp-content\/uploads\/2018\/09\/Linker_Liedersommer_2019_800x445.jpg?fit=800%2C445&ssl=1&resize=525%2C300 1.5x, https:\/\/i0.wp.com\/www.freidenker.org\/fw17\/wp-content\/uploads\/2018\/09\/Linker_Liedersommer_2019_800x445.jpg?fit=800%2C445&ssl=1&resize=700%2C400 2x"},"classes":[]},{"id":4282,"url":"https:\/\/www.freidenker.org\/?p=4282","url_meta":{"origin":3073,"position":3},"title":"Der Linke Liedersommer als Stellvertreterkriegsschauplatz","author":"Webredaktion","date":"26. Juni 2013","format":false,"excerpt":"Zu den Versuchen, den Auftritt der Band DIE BANDBREITE beim Liedersommer 2013 zu verhindern Der Linke Liedersommer 2013 auf Burg Waldeck im Hunsr\u00fcck war wie erwartet und erhofft ein H\u00f6hepunkt der Kulturarbeit des Deutschen Freidenker-Verbandes. Die Zahl von gut 130 Teilnehmerinnen und Teilnehmer war ein sch\u00f6ner Erfolg, und diese lobten\u2026","rel":"","context":"In &quot;Demokratie \u2013 Medien \u2013 Aufkl\u00e4rung&quot;","block_context":{"text":"Demokratie \u2013 Medien \u2013 Aufkl\u00e4rung","link":"https:\/\/www.freidenker.org\/?cat=12"},"img":{"alt_text":"","src":"https:\/\/i0.wp.com\/www.freidenker.org\/fw17\/wp-content\/uploads\/2018\/01\/10-2013-06-21-23-af-0869_800x445.jpg?fit=800%2C445&ssl=1&resize=350%2C200","width":350,"height":200,"srcset":"https:\/\/i0.wp.com\/www.freidenker.org\/fw17\/wp-content\/uploads\/2018\/01\/10-2013-06-21-23-af-0869_800x445.jpg?fit=800%2C445&ssl=1&resize=350%2C200 1x, https:\/\/i0.wp.com\/www.freidenker.org\/fw17\/wp-content\/uploads\/2018\/01\/10-2013-06-21-23-af-0869_800x445.jpg?fit=800%2C445&ssl=1&resize=525%2C300 1.5x, https:\/\/i0.wp.com\/www.freidenker.org\/fw17\/wp-content\/uploads\/2018\/01\/10-2013-06-21-23-af-0869_800x445.jpg?fit=800%2C445&ssl=1&resize=700%2C400 2x"},"classes":[]},{"id":12437,"url":"https:\/\/www.freidenker.org\/?p=12437","url_meta":{"origin":3073,"position":4},"title":"Linker Liedersommer 2022","author":"Webredaktion","date":"12. M\u00e4rz 2022","format":false,"excerpt":"Veranstaltungshinweis - Neuntes Kulturseminar - Naturfreundehaus Rahnenhof (Pfalz) - 10.-12. Juni 2022 Auch nach dem Umzug vom Hunsr\u00fcck in die Pfalz kn\u00fcpfen wir mit dem Linken Liedersommer an die Liedermacher-Tradition der APO-Zeiten auf Burg Waldeck an. Wir laden ein zu Musik und gemeinsamem Singen am abendlichen Lagerfeuer, zur Debatte \u00fcber\u2026","rel":"","context":"In &quot;Kultur &amp; Kunst&quot;","block_context":{"text":"Kultur &amp; Kunst","link":"https:\/\/www.freidenker.org\/?cat=913"},"img":{"alt_text":"","src":"https:\/\/i0.wp.com\/www.freidenker.org\/fw17\/wp-content\/uploads\/2022\/03\/Liedersommer_2022_800x450_oO.jpg?fit=800%2C450&ssl=1&resize=350%2C200","width":350,"height":200,"srcset":"https:\/\/i0.wp.com\/www.freidenker.org\/fw17\/wp-content\/uploads\/2022\/03\/Liedersommer_2022_800x450_oO.jpg?fit=800%2C450&ssl=1&resize=350%2C200 1x, https:\/\/i0.wp.com\/www.freidenker.org\/fw17\/wp-content\/uploads\/2022\/03\/Liedersommer_2022_800x450_oO.jpg?fit=800%2C450&ssl=1&resize=525%2C300 1.5x, https:\/\/i0.wp.com\/www.freidenker.org\/fw17\/wp-content\/uploads\/2022\/03\/Liedersommer_2022_800x450_oO.jpg?fit=800%2C450&ssl=1&resize=700%2C400 2x"},"classes":[]},{"id":4276,"url":"https:\/\/www.freidenker.org\/?p=4276","url_meta":{"origin":3073,"position":5},"title":"Videos vom Linken Liedersommer 2017","author":"Webredaktion","date":"30. Juni 2017","format":false,"excerpt":"Ab 1968 wurde die Burg Waldeck zum Markenzeichen linker Protestlieder. Ankn\u00fcpfend an die Tradition der legend\u00e4ren Waldeck-Festivals zu APO Zeiten hatten Freidenker, Arbeiterfotografie, Jenny-Marx-Gesellschaft und Neue Rheinische Zeitung K\u00fcnstler, Musikgruppen, S\u00e4nger und Leute, die im Seminar oder am Lagerfeuer sich mit Gleichgesinnten austauschen m\u00f6chten, zu einem Musik-Treffen auf die Burg\u2026","rel":"","context":"In &quot;Kultur &amp; Kunst&quot;","block_context":{"text":"Kultur &amp; Kunst","link":"https:\/\/www.freidenker.org\/?cat=913"},"img":{"alt_text":"","src":"https:\/\/i0.wp.com\/www.freidenker.org\/fw17\/wp-content\/uploads\/2018\/01\/Liedersommer2017_kh_800x445.jpg?fit=800%2C445&ssl=1&resize=350%2C200","width":350,"height":200,"srcset":"https:\/\/i0.wp.com\/www.freidenker.org\/fw17\/wp-content\/uploads\/2018\/01\/Liedersommer2017_kh_800x445.jpg?fit=800%2C445&ssl=1&resize=350%2C200 1x, https:\/\/i0.wp.com\/www.freidenker.org\/fw17\/wp-content\/uploads\/2018\/01\/Liedersommer2017_kh_800x445.jpg?fit=800%2C445&ssl=1&resize=525%2C300 1.5x, https:\/\/i0.wp.com\/www.freidenker.org\/fw17\/wp-content\/uploads\/2018\/01\/Liedersommer2017_kh_800x445.jpg?fit=800%2C445&ssl=1&resize=700%2C400 2x"},"classes":[]}],"_links":{"self":[{"href":"https:\/\/www.freidenker.org\/index.php?rest_route=\/wp\/v2\/posts\/3073","targetHints":{"allow":["GET"]}}],"collection":[{"href":"https:\/\/www.freidenker.org\/index.php?rest_route=\/wp\/v2\/posts"}],"about":[{"href":"https:\/\/www.freidenker.org\/index.php?rest_route=\/wp\/v2\/types\/post"}],"author":[{"embeddable":true,"href":"https:\/\/www.freidenker.org\/index.php?rest_route=\/wp\/v2\/users\/3"}],"replies":[{"embeddable":true,"href":"https:\/\/www.freidenker.org\/index.php?rest_route=%2Fwp%2Fv2%2Fcomments&post=3073"}],"version-history":[{"count":2,"href":"https:\/\/www.freidenker.org\/index.php?rest_route=\/wp\/v2\/posts\/3073\/revisions"}],"predecessor-version":[{"id":23542,"href":"https:\/\/www.freidenker.org\/index.php?rest_route=\/wp\/v2\/posts\/3073\/revisions\/23542"}],"wp:featuredmedia":[{"embeddable":true,"href":"https:\/\/www.freidenker.org\/index.php?rest_route=\/wp\/v2\/media\/3703"}],"wp:attachment":[{"href":"https:\/\/www.freidenker.org\/index.php?rest_route=%2Fwp%2Fv2%2Fmedia&parent=3073"}],"wp:term":[{"taxonomy":"category","embeddable":true,"href":"https:\/\/www.freidenker.org\/index.php?rest_route=%2Fwp%2Fv2%2Fcategories&post=3073"},{"taxonomy":"post_tag","embeddable":true,"href":"https:\/\/www.freidenker.org\/index.php?rest_route=%2Fwp%2Fv2%2Ftags&post=3073"}],"curies":[{"name":"wp","href":"https:\/\/api.w.org\/{rel}","templated":true}]}}